{"id":890114,"date":"2025-05-22T11:59:09","date_gmt":"2025-05-22T08:59:09","guid":{"rendered":"https:\/\/www.rri.ro\/?p=890114"},"modified":"2025-05-22T12:01:57","modified_gmt":"2025-05-22T09:01:57","slug":"rumaenische-handeslkammer-bukarest-bleibt-nach-wie-vor-pfeiler-der-rumaenischen-wirtschaft","status":"publish","type":"post","link":"https:\/\/www.rri.ro\/de\/aktuell\/rri-aktuell\/rumaenische-handeslkammer-bukarest-bleibt-nach-wie-vor-pfeiler-der-rumaenischen-wirtschaft-id890114.html","title":{"rendered":"Rum\u00e4nische Handeslkammer: &#8222;Bukarest bleibt nach wie vor Pfeiler der rum\u00e4nischen Wirtschaft&#8220;"},"content":{"rendered":"<p>Bukarest ist nach wie vor der stabile Pfeiler der rum\u00e4nischen Wirtschaft. Mehr als die H\u00e4lfte der ausl\u00e4ndischen Direktinvestitionen, die seit 1990 nach Rum\u00e4nien geflossen sind, wurden in der Hauptstadt get\u00e4tigt, so die Rum\u00e4nische Industrie- und Handelskammer. Das Wachstumspotenzial wird jedoch durch b\u00fcrokratische Hindernisse ernsthaft beeintr\u00e4chtigt. Dies war das Hauptthema der Konferenz \u201eFokus Bukarest 2025\u201c, einem Forum, das Vertreter der lokalen Regierung, Unternehmer und internationale Investoren zusammenbrachte. Aus den Daten der Nationalbank geht hervor, dass die Region Bukarest-Ilfov allein im Jahr 2023 ausl\u00e4ndische Investitionen in H\u00f6he von 4,1 Milliarden Euro angezogen hat, doppelt so viel wie jeder andere Landkreis. Dennoch verliert die Hauptstadt jedes Jahr Dutzende von Produktivit\u00e4tsstunden im Verkehr, 97 Stunden pro Fahrer, ein Negativrekord auf europ\u00e4ischer Ebene, und bleibt anf\u00e4llig f\u00fcr Umweltverschmutzung und sozio\u00f6konomische Ungleichheiten.<\/p>\n<p>&nbsp;<\/p>\n<p>&nbsp;<\/p>\n<p>Bei der nachhaltigen Entwicklung der Hauptstadt geht es nicht nur um moderne Geb\u00e4ude, sondern um eine koh\u00e4rente Infrastruktur, eine echte Digitalisierung und eine Kreislaufwirtschaft, betonte der Pr\u00e4sident der Industrie- und Handelskammer in Bukarest, Iuliu Stoclosa: \u201cWir sind an der nachhaltigen Entwicklung der Hauptstadt interessiert, was die Infrastruktur, die Digitalisierung und die Kreislaufwirtschaft angeht. In allen drei Bereichen gehen wir in die richtige Richtung, \u00fcberall haben wir Projekte gestartet, und das Ziel ist es, die lokale Regierung mit dem Gesch\u00e4ftsumfeld zusammenzubringen.. Hier kann ich Ihnen eine Zahl nennen: 56 % der Direktinvestitionen in Rum\u00e4nien werden in Bukarest get\u00e4tigt, was f\u00fcr ausl\u00e4ndische Investoren sehr attraktiv ist, da die Stadt an der Kreuzung zweier paneurop\u00e4ischer Korridore liegt.&#8220; Iuliu Stoclosa sagte im Anschlu\u00df, dass Bukarest bereits die meisten ausl\u00e4ndischen Investitionen konzentriert und im Gegenzug vergleichbare Gesch\u00e4ftsbedingungen wie die gro\u00dfen europ\u00e4ischen Hauptst\u00e4dte zu bieten hat.<\/p>\n<p>&nbsp;<\/p>\n<p>&nbsp;<\/p>\n<p>Costin B\u0103cil\u0103, Leiter des Rechenzentrums, stellte seinerseits zwei Pilotprojekte vor, die zeigen, wie die Digitalisierung Warteschlangen beseitigen kann: &#8222;Wenn man in anderen Hauptst\u00e4dten ein Unternehmen gr\u00fcnden oder eine Investition t\u00e4tigen und innerhalb eines Monats etwas bauen will, hat man alle Dokumente auf dem Tisch und man kann schnell mit der Arbeit beginnen, hier sprechen wir von Monaten oder sogar Jahren, in denen man buchst\u00e4blich mit der B\u00fcrokratie k\u00e4mpft. Wir haben \u00fcber zwei gro\u00dfe Projekte gesprochen, die wir im letzten Jahr umgesetzt haben, den Digitalisierungsprozess bei dem Zentralen Fahrzeugregister RAR, bei dem wir alle Papierkomponenten und physischen Unterschriften ersetzt haben.<\/p>\n<p>&nbsp;<\/p>\n<p>&nbsp;<\/p>\n<p>Von der Programmierung bis zu dem Zeitpunkt, an dem ich zum RAR gehe, l\u00e4uft alles in einer digitalen Umgebung ab. Wir haben auch \u00fcber e-Sigiliu, elektronisches Siegel gesprochen, ein Projekt, das wir mit dem rum\u00e4nischen Zoll und der Generaldirektion f\u00fcr Betrugsbek\u00e4mpfung zur \u00dcberwachung des Transports durch Rum\u00e4nien durchgef\u00fchrt haben\u201d. Die Teilnehmer waren sich einig, dass der B\u00fcrokratieabbau eine Priorit\u00e4t f\u00fcr die k\u00fcnftige Lokalverwaltung sein muss. Aber bis dahin bleibt Bukarest paradoxerweise Meister darin, sowohl Kapital anzuziehen als auch Zeit im Verkehr zu verschwenden.<\/p>\n","protected":false},"excerpt":{"rendered":"<p>Bukarest ist nach wie vor der stabile Pfeiler der rum\u00e4nischen Wirtschaft. Mehr als die H\u00e4lfte der ausl\u00e4ndischen Direktinvestitionen, die seit 1990 nach Rum\u00e4nien geflossen sind, wurden in der Hauptstadt get\u00e4tigt, so die Rum\u00e4nische Industrie- und Handelskammer. Das Wachstumspotenzial wird jedoch durch b\u00fcrokratische Hindernisse ernsthaft beeintr\u00e4chtigt. Dies war das Hauptthema der Konferenz \u201eFokus Bukarest 2025\u201c, einem [&hellip;]<\/p>\n","protected":false},"author":106,"featured_media":890070,"comment_status":"closed","ping_status":"closed","sticky":false,"template":"","format":"standard","meta":{"_acf_changed":false,"footnotes":""},"categories":[99583],"tags":[99587,103426,99847,100858,170494,99757],"coauthors":[113311],"class_list":["post-890114","post","type-post","status-publish","format-standard","has-post-thumbnail","hentry","category-rri-aktuell","tag-bukarest","tag-buerokratieabbau","tag-investitionen","tag-kapital","tag-pfeiler","tag-wirtschaft"],"acf":[],"yoast_head":"<!-- This site is optimized with the Yoast SEO plugin v27.3 - https:\/\/yoast.com\/product\/yoast-seo-wordpress\/ -->\n<title>Rum\u00e4nische Handeslkammer: &quot;Bukarest bleibt nach wie vor Pfeiler der rum\u00e4nischen Wirtschaft&quot; - Radio Rum\u00e4nien International<\/title>\n<meta name=\"robots\" content=\"index, follow, max-snippet:-1, max-image-preview:large, max-video-preview:-1\" \/>\n<link rel=\"canonical\" href=\"https:\/\/www.rri.ro\/de\/aktuell\/rri-aktuell\/rumaenische-handeslkammer-bukarest-bleibt-nach-wie-vor-pfeiler-der-rumaenischen-wirtschaft-id890114.html\" \/>\n<meta property=\"og:locale\" content=\"de_DE\" \/>\n<meta property=\"og:type\" content=\"article\" \/>\n<meta property=\"og:title\" content=\"Rum\u00e4nische Handeslkammer: &quot;Bukarest bleibt nach wie vor Pfeiler der rum\u00e4nischen Wirtschaft&quot; - Radio Rum\u00e4nien International\" \/>\n<meta property=\"og:description\" content=\"Bukarest ist nach wie vor der stabile Pfeiler der rum\u00e4nischen Wirtschaft. Mehr als die H\u00e4lfte der ausl\u00e4ndischen Direktinvestitionen, die seit 1990 nach Rum\u00e4nien geflossen sind, wurden in der Hauptstadt get\u00e4tigt, so die Rum\u00e4nische Industrie- und Handelskammer. Das Wachstumspotenzial wird jedoch durch b\u00fcrokratische Hindernisse ernsthaft beeintr\u00e4chtigt. Dies war das Hauptthema der Konferenz \u201eFokus Bukarest 2025\u201c, einem [&hellip;]\" \/>\n<meta property=\"og:url\" content=\"https:\/\/www.rri.ro\/de\/aktuell\/rri-aktuell\/rumaenische-handeslkammer-bukarest-bleibt-nach-wie-vor-pfeiler-der-rumaenischen-wirtschaft-id890114.html\" \/>\n<meta property=\"og:site_name\" content=\"Radio Rum\u00e4nien International\" \/>\n<meta property=\"article:published_time\" content=\"2025-05-22T08:59:09+00:00\" \/>\n<meta property=\"article:modified_time\" content=\"2025-05-22T09:01:57+00:00\" \/>\n<meta property=\"og:image\" content=\"https:\/\/www.rri.ro\/wp-content\/uploads\/2025\/05\/Conferinta-Focus-Bucuresti-sursa-foto-facebookCCIBucuresti.jpg\" \/>\n\t<meta property=\"og:image:width\" content=\"1200\" \/>\n\t<meta property=\"og:image:height\" content=\"800\" \/>\n\t<meta property=\"og:image:type\" content=\"image\/jpeg\" \/>\n<meta name=\"author\" content=\"Mihai Pelin\" \/>\n<meta name=\"twitter:card\" content=\"summary_large_image\" \/>\n<meta name=\"twitter:label1\" content=\"Verfasst von\" \/>\n\t<meta name=\"twitter:data1\" content=\"Mihai Pelin\" \/>\n\t<meta name=\"twitter:label2\" content=\"Gesch\u00e4tzte Lesezeit\" \/>\n\t<meta name=\"twitter:data2\" content=\"2\u00a0Minuten\" \/>\n\t<meta name=\"twitter:label3\" content=\"Written by\" \/>\n\t<meta name=\"twitter:data3\" content=\"Mihai Pelin\" \/>\n<script type=\"application\/ld+json\" class=\"yoast-schema-graph\">{\"@context\":\"https:\\\/\\\/schema.org\",\"@graph\":[{\"@type\":\"Article\",\"@id\":\"https:\\\/\\\/www.rri.ro\\\/de\\\/aktuell\\\/rri-aktuell\\\/rumaenische-handeslkammer-bukarest-bleibt-nach-wie-vor-pfeiler-der-rumaenischen-wirtschaft-id890114.html#article\",\"isPartOf\":{\"@id\":\"https:\\\/\\\/www.rri.ro\\\/de\\\/aktuell\\\/rri-aktuell\\\/rumaenische-handeslkammer-bukarest-bleibt-nach-wie-vor-pfeiler-der-rumaenischen-wirtschaft-id890114.html\"},\"author\":{\"name\":\"Mihai Pelin\",\"@id\":\"https:\\\/\\\/www.rri.ro\\\/#\\\/schema\\\/person\\\/c6036c822534c855dc3aad41a484f05d\"},\"headline\":\"Rum\u00e4nische Handeslkammer: &#8222;Bukarest bleibt nach wie vor Pfeiler der rum\u00e4nischen Wirtschaft&#8220;\",\"datePublished\":\"2025-05-22T08:59:09+00:00\",\"dateModified\":\"2025-05-22T09:01:57+00:00\",\"mainEntityOfPage\":{\"@id\":\"https:\\\/\\\/www.rri.ro\\\/de\\\/aktuell\\\/rri-aktuell\\\/rumaenische-handeslkammer-bukarest-bleibt-nach-wie-vor-pfeiler-der-rumaenischen-wirtschaft-id890114.html\"},\"wordCount\":507,\"image\":{\"@id\":\"https:\\\/\\\/www.rri.ro\\\/de\\\/aktuell\\\/rri-aktuell\\\/rumaenische-handeslkammer-bukarest-bleibt-nach-wie-vor-pfeiler-der-rumaenischen-wirtschaft-id890114.html#primaryimage\"},\"thumbnailUrl\":\"https:\\\/\\\/www.rri.ro\\\/wp-content\\\/uploads\\\/2025\\\/05\\\/Conferinta-Focus-Bucuresti-sursa-foto-facebookCCIBucuresti.jpg\",\"keywords\":[\"Bukarest\",\"B\u00fcrokratieabbau\",\"Investitionen\",\"Kapital\",\"Pfeiler\",\"Wirtschaft\"],\"articleSection\":[\"RRI Aktuell\"],\"inLanguage\":\"de\"},{\"@type\":\"WebPage\",\"@id\":\"https:\\\/\\\/www.rri.ro\\\/de\\\/aktuell\\\/rri-aktuell\\\/rumaenische-handeslkammer-bukarest-bleibt-nach-wie-vor-pfeiler-der-rumaenischen-wirtschaft-id890114.html\",\"url\":\"https:\\\/\\\/www.rri.ro\\\/de\\\/aktuell\\\/rri-aktuell\\\/rumaenische-handeslkammer-bukarest-bleibt-nach-wie-vor-pfeiler-der-rumaenischen-wirtschaft-id890114.html\",\"name\":\"Rum\u00e4nische Handeslkammer: \\\"Bukarest bleibt nach wie vor Pfeiler der rum\u00e4nischen Wirtschaft\\\" - Radio Rum\u00e4nien International\",\"isPartOf\":{\"@id\":\"https:\\\/\\\/www.rri.ro\\\/#website\"},\"primaryImageOfPage\":{\"@id\":\"https:\\\/\\\/www.rri.ro\\\/de\\\/aktuell\\\/rri-aktuell\\\/rumaenische-handeslkammer-bukarest-bleibt-nach-wie-vor-pfeiler-der-rumaenischen-wirtschaft-id890114.html#primaryimage\"},\"image\":{\"@id\":\"https:\\\/\\\/www.rri.ro\\\/de\\\/aktuell\\\/rri-aktuell\\\/rumaenische-handeslkammer-bukarest-bleibt-nach-wie-vor-pfeiler-der-rumaenischen-wirtschaft-id890114.html#primaryimage\"},\"thumbnailUrl\":\"https:\\\/\\\/www.rri.ro\\\/wp-content\\\/uploads\\\/2025\\\/05\\\/Conferinta-Focus-Bucuresti-sursa-foto-facebookCCIBucuresti.jpg\",\"datePublished\":\"2025-05-22T08:59:09+00:00\",\"dateModified\":\"2025-05-22T09:01:57+00:00\",\"author\":{\"@id\":\"https:\\\/\\\/www.rri.ro\\\/#\\\/schema\\\/person\\\/c6036c822534c855dc3aad41a484f05d\"},\"breadcrumb\":{\"@id\":\"https:\\\/\\\/www.rri.ro\\\/de\\\/aktuell\\\/rri-aktuell\\\/rumaenische-handeslkammer-bukarest-bleibt-nach-wie-vor-pfeiler-der-rumaenischen-wirtschaft-id890114.html#breadcrumb\"},\"inLanguage\":\"de\",\"potentialAction\":[{\"@type\":\"ReadAction\",\"target\":[\"https:\\\/\\\/www.rri.ro\\\/de\\\/aktuell\\\/rri-aktuell\\\/rumaenische-handeslkammer-bukarest-bleibt-nach-wie-vor-pfeiler-der-rumaenischen-wirtschaft-id890114.html\"]}]},{\"@type\":\"ImageObject\",\"inLanguage\":\"de\",\"@id\":\"https:\\\/\\\/www.rri.ro\\\/de\\\/aktuell\\\/rri-aktuell\\\/rumaenische-handeslkammer-bukarest-bleibt-nach-wie-vor-pfeiler-der-rumaenischen-wirtschaft-id890114.html#primaryimage\",\"url\":\"https:\\\/\\\/www.rri.ro\\\/wp-content\\\/uploads\\\/2025\\\/05\\\/Conferinta-Focus-Bucuresti-sursa-foto-facebookCCIBucuresti.jpg\",\"contentUrl\":\"https:\\\/\\\/www.rri.ro\\\/wp-content\\\/uploads\\\/2025\\\/05\\\/Conferinta-Focus-Bucuresti-sursa-foto-facebookCCIBucuresti.jpg\",\"width\":1200,\"height\":800,\"caption\":\"Conferinta Focus Bucuresti (sursa foto: facebook.com\\\/CCIBucuresti)\"},{\"@type\":\"BreadcrumbList\",\"@id\":\"https:\\\/\\\/www.rri.ro\\\/de\\\/aktuell\\\/rri-aktuell\\\/rumaenische-handeslkammer-bukarest-bleibt-nach-wie-vor-pfeiler-der-rumaenischen-wirtschaft-id890114.html#breadcrumb\",\"itemListElement\":[{\"@type\":\"ListItem\",\"position\":1,\"name\":\"Startseite\",\"item\":\"https:\\\/\\\/www.rri.ro\\\/de\"},{\"@type\":\"ListItem\",\"position\":2,\"name\":\"Aktuell\",\"item\":\"https:\\\/\\\/www.rri.ro\\\/de\\\/aktuell\"},{\"@type\":\"ListItem\",\"position\":3,\"name\":\"RRI Aktuell\",\"item\":\"https:\\\/\\\/www.rri.ro\\\/de\\\/aktuell\\\/rri-aktuell\"},{\"@type\":\"ListItem\",\"position\":4,\"name\":\"Rum\u00e4nische Handeslkammer: &#8222;Bukarest bleibt nach wie vor Pfeiler der rum\u00e4nischen Wirtschaft&#8220;\"}]},{\"@type\":\"WebSite\",\"@id\":\"https:\\\/\\\/www.rri.ro\\\/#website\",\"url\":\"https:\\\/\\\/www.rri.ro\\\/\",\"name\":\"Radio Rum\u00e4nien International\",\"description\":\"Totul despre Rom\u00e2nia \u015fi rom\u00e2ni, \u00een 13 limbi\\\/dialecte!\",\"inLanguage\":\"de\"},{\"@type\":\"Person\",\"@id\":\"https:\\\/\\\/www.rri.ro\\\/#\\\/schema\\\/person\\\/c6036c822534c855dc3aad41a484f05d\",\"name\":\"Mihai Pelin\",\"url\":\"https:\\\/\\\/www.rri.ro\\\/de\\\/author\\\/mihai-pelin\"}]}<\/script>\n<!-- \/ Yoast SEO plugin. -->","yoast_head_json":{"title":"Rum\u00e4nische Handeslkammer: \"Bukarest bleibt nach wie vor Pfeiler der rum\u00e4nischen Wirtschaft\" - Radio Rum\u00e4nien International","robots":{"index":"index","follow":"follow","max-snippet":"max-snippet:-1","max-image-preview":"max-image-preview:large","max-video-preview":"max-video-preview:-1"},"canonical":"https:\/\/www.rri.ro\/de\/aktuell\/rri-aktuell\/rumaenische-handeslkammer-bukarest-bleibt-nach-wie-vor-pfeiler-der-rumaenischen-wirtschaft-id890114.html","og_locale":"de_DE","og_type":"article","og_title":"Rum\u00e4nische Handeslkammer: \"Bukarest bleibt nach wie vor Pfeiler der rum\u00e4nischen Wirtschaft\" - Radio Rum\u00e4nien International","og_description":"Bukarest ist nach wie vor der stabile Pfeiler der rum\u00e4nischen Wirtschaft. Mehr als die H\u00e4lfte der ausl\u00e4ndischen Direktinvestitionen, die seit 1990 nach Rum\u00e4nien geflossen sind, wurden in der Hauptstadt get\u00e4tigt, so die Rum\u00e4nische Industrie- und Handelskammer. Das Wachstumspotenzial wird jedoch durch b\u00fcrokratische Hindernisse ernsthaft beeintr\u00e4chtigt. Dies war das Hauptthema der Konferenz \u201eFokus Bukarest 2025\u201c, einem [&hellip;]","og_url":"https:\/\/www.rri.ro\/de\/aktuell\/rri-aktuell\/rumaenische-handeslkammer-bukarest-bleibt-nach-wie-vor-pfeiler-der-rumaenischen-wirtschaft-id890114.html","og_site_name":"Radio Rum\u00e4nien International","article_published_time":"2025-05-22T08:59:09+00:00","article_modified_time":"2025-05-22T09:01:57+00:00","og_image":[{"width":1200,"height":800,"url":"https:\/\/www.rri.ro\/wp-content\/uploads\/2025\/05\/Conferinta-Focus-Bucuresti-sursa-foto-facebookCCIBucuresti.jpg","type":"image\/jpeg"}],"author":"Mihai Pelin","twitter_card":"summary_large_image","twitter_misc":{"Verfasst von":"Mihai Pelin","Gesch\u00e4tzte Lesezeit":"2\u00a0Minuten","Written by":"Mihai Pelin"},"schema":{"@context":"https:\/\/schema.org","@graph":[{"@type":"Article","@id":"https:\/\/www.rri.ro\/de\/aktuell\/rri-aktuell\/rumaenische-handeslkammer-bukarest-bleibt-nach-wie-vor-pfeiler-der-rumaenischen-wirtschaft-id890114.html#article","isPartOf":{"@id":"https:\/\/www.rri.ro\/de\/aktuell\/rri-aktuell\/rumaenische-handeslkammer-bukarest-bleibt-nach-wie-vor-pfeiler-der-rumaenischen-wirtschaft-id890114.html"},"author":{"name":"Mihai Pelin","@id":"https:\/\/www.rri.ro\/#\/schema\/person\/c6036c822534c855dc3aad41a484f05d"},"headline":"Rum\u00e4nische Handeslkammer: &#8222;Bukarest bleibt nach wie vor Pfeiler der rum\u00e4nischen Wirtschaft&#8220;","datePublished":"2025-05-22T08:59:09+00:00","dateModified":"2025-05-22T09:01:57+00:00","mainEntityOfPage":{"@id":"https:\/\/www.rri.ro\/de\/aktuell\/rri-aktuell\/rumaenische-handeslkammer-bukarest-bleibt-nach-wie-vor-pfeiler-der-rumaenischen-wirtschaft-id890114.html"},"wordCount":507,"image":{"@id":"https:\/\/www.rri.ro\/de\/aktuell\/rri-aktuell\/rumaenische-handeslkammer-bukarest-bleibt-nach-wie-vor-pfeiler-der-rumaenischen-wirtschaft-id890114.html#primaryimage"},"thumbnailUrl":"https:\/\/www.rri.ro\/wp-content\/uploads\/2025\/05\/Conferinta-Focus-Bucuresti-sursa-foto-facebookCCIBucuresti.jpg","keywords":["Bukarest","B\u00fcrokratieabbau","Investitionen","Kapital","Pfeiler","Wirtschaft"],"articleSection":["RRI Aktuell"],"inLanguage":"de"},{"@type":"WebPage","@id":"https:\/\/www.rri.ro\/de\/aktuell\/rri-aktuell\/rumaenische-handeslkammer-bukarest-bleibt-nach-wie-vor-pfeiler-der-rumaenischen-wirtschaft-id890114.html","url":"https:\/\/www.rri.ro\/de\/aktuell\/rri-aktuell\/rumaenische-handeslkammer-bukarest-bleibt-nach-wie-vor-pfeiler-der-rumaenischen-wirtschaft-id890114.html","name":"Rum\u00e4nische Handeslkammer: \"Bukarest bleibt nach wie vor Pfeiler der rum\u00e4nischen Wirtschaft\" - Radio Rum\u00e4nien International","isPartOf":{"@id":"https:\/\/www.rri.ro\/#website"},"primaryImageOfPage":{"@id":"https:\/\/www.rri.ro\/de\/aktuell\/rri-aktuell\/rumaenische-handeslkammer-bukarest-bleibt-nach-wie-vor-pfeiler-der-rumaenischen-wirtschaft-id890114.html#primaryimage"},"image":{"@id":"https:\/\/www.rri.ro\/de\/aktuell\/rri-aktuell\/rumaenische-handeslkammer-bukarest-bleibt-nach-wie-vor-pfeiler-der-rumaenischen-wirtschaft-id890114.html#primaryimage"},"thumbnailUrl":"https:\/\/www.rri.ro\/wp-content\/uploads\/2025\/05\/Conferinta-Focus-Bucuresti-sursa-foto-facebookCCIBucuresti.jpg","datePublished":"2025-05-22T08:59:09+00:00","dateModified":"2025-05-22T09:01:57+00:00","author":{"@id":"https:\/\/www.rri.ro\/#\/schema\/person\/c6036c822534c855dc3aad41a484f05d"},"breadcrumb":{"@id":"https:\/\/www.rri.ro\/de\/aktuell\/rri-aktuell\/rumaenische-handeslkammer-bukarest-bleibt-nach-wie-vor-pfeiler-der-rumaenischen-wirtschaft-id890114.html#breadcrumb"},"inLanguage":"de","potentialAction":[{"@type":"ReadAction","target":["https:\/\/www.rri.ro\/de\/aktuell\/rri-aktuell\/rumaenische-handeslkammer-bukarest-bleibt-nach-wie-vor-pfeiler-der-rumaenischen-wirtschaft-id890114.html"]}]},{"@type":"ImageObject","inLanguage":"de","@id":"https:\/\/www.rri.ro\/de\/aktuell\/rri-aktuell\/rumaenische-handeslkammer-bukarest-bleibt-nach-wie-vor-pfeiler-der-rumaenischen-wirtschaft-id890114.html#primaryimage","url":"https:\/\/www.rri.ro\/wp-content\/uploads\/2025\/05\/Conferinta-Focus-Bucuresti-sursa-foto-facebookCCIBucuresti.jpg","contentUrl":"https:\/\/www.rri.ro\/wp-content\/uploads\/2025\/05\/Conferinta-Focus-Bucuresti-sursa-foto-facebookCCIBucuresti.jpg","width":1200,"height":800,"caption":"Conferinta Focus Bucuresti (sursa foto: facebook.com\/CCIBucuresti)"},{"@type":"BreadcrumbList","@id":"https:\/\/www.rri.ro\/de\/aktuell\/rri-aktuell\/rumaenische-handeslkammer-bukarest-bleibt-nach-wie-vor-pfeiler-der-rumaenischen-wirtschaft-id890114.html#breadcrumb","itemListElement":[{"@type":"ListItem","position":1,"name":"Startseite","item":"https:\/\/www.rri.ro\/de"},{"@type":"ListItem","position":2,"name":"Aktuell","item":"https:\/\/www.rri.ro\/de\/aktuell"},{"@type":"ListItem","position":3,"name":"RRI Aktuell","item":"https:\/\/www.rri.ro\/de\/aktuell\/rri-aktuell"},{"@type":"ListItem","position":4,"name":"Rum\u00e4nische Handeslkammer: &#8222;Bukarest bleibt nach wie vor Pfeiler der rum\u00e4nischen Wirtschaft&#8220;"}]},{"@type":"WebSite","@id":"https:\/\/www.rri.ro\/#website","url":"https:\/\/www.rri.ro\/","name":"Radio Rum\u00e4nien International","description":"Totul despre Rom\u00e2nia \u015fi rom\u00e2ni, \u00een 13 limbi\/dialecte!","inLanguage":"de"},{"@type":"Person","@id":"https:\/\/www.rri.ro\/#\/schema\/person\/c6036c822534c855dc3aad41a484f05d","name":"Mihai Pelin","url":"https:\/\/www.rri.ro\/de\/author\/mihai-pelin"}]}},"_links":{"self":[{"href":"https:\/\/www.rri.ro\/de\/wp-json\/wp\/v2\/posts\/890114","targetHints":{"allow":["GET"]}}],"collection":[{"href":"https:\/\/www.rri.ro\/de\/wp-json\/wp\/v2\/posts"}],"about":[{"href":"https:\/\/www.rri.ro\/de\/wp-json\/wp\/v2\/types\/post"}],"author":[{"embeddable":true,"href":"https:\/\/www.rri.ro\/de\/wp-json\/wp\/v2\/users\/106"}],"replies":[{"embeddable":true,"href":"https:\/\/www.rri.ro\/de\/wp-json\/wp\/v2\/comments?post=890114"}],"version-history":[{"count":0,"href":"https:\/\/www.rri.ro\/de\/wp-json\/wp\/v2\/posts\/890114\/revisions"}],"wp:featuredmedia":[{"embeddable":true,"href":"https:\/\/www.rri.ro\/de\/wp-json\/wp\/v2\/media\/890070"}],"wp:attachment":[{"href":"https:\/\/www.rri.ro\/de\/wp-json\/wp\/v2\/media?parent=890114"}],"wp:term":[{"taxonomy":"category","embeddable":true,"href":"https:\/\/www.rri.ro\/de\/wp-json\/wp\/v2\/categories?post=890114"},{"taxonomy":"post_tag","embeddable":true,"href":"https:\/\/www.rri.ro\/de\/wp-json\/wp\/v2\/tags?post=890114"},{"taxonomy":"author","embeddable":true,"href":"https:\/\/www.rri.ro\/de\/wp-json\/wp\/v2\/coauthors?post=890114"}],"curies":[{"name":"wp","href":"https:\/\/api.w.org\/{rel}","templated":true}]}}