{"id":892522,"date":"2025-05-27T14:32:46","date_gmt":"2025-05-27T11:32:46","guid":{"rendered":"https:\/\/www.rri.ro\/?p=892522"},"modified":"2025-05-27T14:32:46","modified_gmt":"2025-05-27T11:32:46","slug":"neuer-praesident-neue-agenda-die-schwerpunkte-von-nicusor-dan","status":"publish","type":"post","link":"https:\/\/www.rri.ro\/de\/aktuell\/rri-aktuell\/neuer-praesident-neue-agenda-die-schwerpunkte-von-nicusor-dan-id892522.html","title":{"rendered":"Neuer Pr\u00e4sident, neue Agenda: Die Schwerpunkte von Nicu\u0219or Dan"},"content":{"rendered":"<p>Nicu\u0219or Dan hat sein Amt als Pr\u00e4sident Rum\u00e4niens angetreten. In einer feierlichen Plenarsitzung des Parlaments legte er den Amtseid ab \u2013 anwesend waren Mitglieder der Regierung, des Verfassungsgerichts, fr\u00fchere Pr\u00e4sidenten, die k\u00f6nigliche Familie sowie Vertreter staatlicher Institutionen und Religionsgemeinschaften. In seiner Antrittsrede bedankte sich Dan bei allen B\u00fcrgerinnen und B\u00fcrgern \u2013 unabh\u00e4ngig davon, welche Anliegen sie zuletzt unterst\u00fctzt haben. Seine Priorit\u00e4ten machte er ebenfalls klar: Im Mittelpunkt der kommenden Monate steht die Haushaltssanierung.<\/p>\n<p><strong><b>\u201e<\/b><\/strong><em><i>Der rum\u00e4nische Staat braucht einen grundlegenden Wandel \u2013 nat\u00fcrlich innerhalb der Grenzen der Rechtsstaatlichkeit. Ich versichere Ihnen: Ich werde ein Pr\u00e4sident sein, der offen ist f\u00fcr die Stimme der Gesellschaft. Ein Partner der Gesellschaft.<\/i><\/em><em><i>\u00a0<\/i><\/em><em><i>Kurzfristig hat Rum\u00e4nien ein Defizitproblem. Der rum\u00e4nische Staat gibt mehr aus, als er sich leisten kann \u2013 und das k\u00f6nnte die finanzielle Stabilit\u00e4t gef\u00e4hrden, auf die wir alle in all den Jahren hingearbeitet haben.<\/i><\/em><em><i>\u00a0<\/i><\/em><em><i>Wir m\u00fcssen unsere transatlantischen Beziehungen st\u00e4rken \u2013 die strategische Partnerschaft mit den Vereinigten Staaten, unsere Rolle in der NATO und unsere Teilnahme am EU-NATO-Dialog.<\/i><\/em><strong><b>\u201c\u00a0<\/b><\/strong><\/p>\n<p>In Bezug auf die Beziehungen zur\u00a0Moldau, das eine mehrheitlich rum\u00e4nischsprachige Bev\u00f6lkerung hat, sprach Nicu\u0219or Dan \u00fcber die Unterst\u00fctzung des europ\u00e4ischen Weges, die Konsolidierung und den Ausbau gemeinsamer Projekte in den Bereichen Energie und Verkehrsinfrastruktur. Er rief alle Rum\u00e4nen im Inland und in der Diaspora auf, sich an den Bem\u00fchungen um eine Reform des Staates zu beteiligen. Seiner Ansicht nach sollten die konsularischen Verfahren vereinfacht und eine spezielle Struktur f\u00fcr diejenigen geschaffen werden, die in ihre Heimat zur\u00fcckkehren wollen. Er glaubt auch, dass die Rum\u00e4nen in der Diaspora eine proportionale Vertretung im Parlament brauchen.<\/p>\n<p>Der Pr\u00e4sident traf sich\u00a0ferner\u00a0kurz mit Ilie Bolojan, der seit dem 12. Februar als Staatschef\u00a0interimistisch\u00a0im Amt war. Au\u00dferdem ver\u00f6ffentlichte Nicu\u0219or Dan seine erste Videobotschaft aus dem Cotroceni-Palast \u2013 auf TikTok.<\/p>\n<p><strong><b>\u201e<\/b><\/strong><em><i>Erster Tag im Cotroceni. Ich wei\u00df, dass ich dank Ihrer Kampagne und Ihrer Stimmen hier bin, wof\u00fcr ich Ihnen nicht genug danken kann. Ich wei\u00df, warum ich hier bin. Ich versichere Ihnen, dass wir unsere Partnerschaft fortsetzen und so kommunizieren werden, wie wir es bisher getan haben.<\/i><\/em><strong><b>\u201d<\/b><\/strong><\/p>\n<p>Nach der Amtseinf\u00fchrung stehen nun Konsultationen mit den politischen Parteien an \u2013 Ziel ist die Bildung einer neuen Exekutive. Pr\u00e4sident Nicu\u0219or Dan betonte, dass Rum\u00e4nien eine Regierung brauche, die auf einer parlamentarischen Mehrheit beruht \u2013 nur so k\u00f6nnten die unvermeidlichen, aber notwendigen Steuerreformen umgesetzt werden.<\/p>\n<p>Au\u00dferdem nannte er zentrale Aufgaben seiner Amtszeit: Steuerhinterziehung, B\u00fcrokratie und Korruption sollen einged\u00e4mmt werden. Gleichzeitig m\u00fcsse in Digitalisierung, Bildung, Gesundheit und Landwirtschaft investiert werden. Auch das Verteidigungssystem des Landes soll gest\u00e4rkt werden.\u00a0Das Rentensystem m\u00fcsse vereinfacht, die Justiz effizienter werden. Vor allem die Staatsanwaltschaften m\u00fcssten sich st\u00e4rker auf die Bek\u00e4mpfung der gro\u00dfen Korruption konzentrieren \u2013 und Verfahren deutlich schneller abschlie\u00dfen.<\/p>\n","protected":false},"excerpt":{"rendered":"<p>Nicu\u0219or Dan hat sein Amt als Pr\u00e4sident Rum\u00e4niens angetreten. In einer feierlichen Plenarsitzung des Parlaments legte er den Amtseid ab \u2013 anwesend waren Mitglieder der Regierung, des Verfassungsgerichts, fr\u00fchere Pr\u00e4sidenten, die k\u00f6nigliche Familie sowie Vertreter staatlicher Institutionen und Religionsgemeinschaften. In seiner Antrittsrede bedankte sich Dan bei allen B\u00fcrgerinnen und B\u00fcrgern \u2013 unabh\u00e4ngig davon, welche Anliegen [&hellip;]<\/p>\n","protected":false},"author":106,"featured_media":892255,"comment_status":"closed","ping_status":"closed","sticky":false,"template":"","format":"standard","meta":{"_acf_changed":false,"footnotes":""},"categories":[99583],"tags":[170786,170787,144346,145379,102114,168904,99589],"coauthors":[113311,113313],"class_list":["post-892522","post","type-post","status-publish","format-standard","has-post-thumbnail","hentry","category-rri-aktuell","tag-antrittsrede","tag-cotroceni-de","tag-nicusor-dan-de","tag-parlament-de","tag-praesident","tag-reform-de","tag-rumaenien"],"acf":[],"yoast_head":"<!-- This site is optimized with the Yoast SEO plugin v27.3 - https:\/\/yoast.com\/product\/yoast-seo-wordpress\/ -->\n<title>Neuer Pr\u00e4sident, neue Agenda: Die Schwerpunkte von Nicu\u0219or Dan - Radio Rum\u00e4nien International<\/title>\n<meta name=\"robots\" content=\"index, follow, max-snippet:-1, max-image-preview:large, max-video-preview:-1\" \/>\n<link rel=\"canonical\" href=\"https:\/\/www.rri.ro\/de\/aktuell\/rri-aktuell\/neuer-praesident-neue-agenda-die-schwerpunkte-von-nicusor-dan-id892522.html\" \/>\n<meta property=\"og:locale\" content=\"de_DE\" \/>\n<meta property=\"og:type\" content=\"article\" \/>\n<meta property=\"og:title\" content=\"Neuer Pr\u00e4sident, neue Agenda: Die Schwerpunkte von Nicu\u0219or Dan - Radio Rum\u00e4nien International\" \/>\n<meta property=\"og:description\" content=\"Nicu\u0219or Dan hat sein Amt als Pr\u00e4sident Rum\u00e4niens angetreten. In einer feierlichen Plenarsitzung des Parlaments legte er den Amtseid ab \u2013 anwesend waren Mitglieder der Regierung, des Verfassungsgerichts, fr\u00fchere Pr\u00e4sidenten, die k\u00f6nigliche Familie sowie Vertreter staatlicher Institutionen und Religionsgemeinschaften. In seiner Antrittsrede bedankte sich Dan bei allen B\u00fcrgerinnen und B\u00fcrgern \u2013 unabh\u00e4ngig davon, welche Anliegen [&hellip;]\" \/>\n<meta property=\"og:url\" content=\"https:\/\/www.rri.ro\/de\/aktuell\/rri-aktuell\/neuer-praesident-neue-agenda-die-schwerpunkte-von-nicusor-dan-id892522.html\" \/>\n<meta property=\"og:site_name\" content=\"Radio Rum\u00e4nien International\" \/>\n<meta property=\"article:published_time\" content=\"2025-05-27T11:32:46+00:00\" \/>\n<meta property=\"og:image\" content=\"https:\/\/www.rri.ro\/wp-content\/uploads\/2025\/05\/Nicusor-Dan-26mai2025-foto-presidency.jpg\" \/>\n\t<meta property=\"og:image:width\" content=\"1200\" \/>\n\t<meta property=\"og:image:height\" content=\"900\" \/>\n\t<meta property=\"og:image:type\" content=\"image\/jpeg\" \/>\n<meta name=\"author\" content=\"Mihai Pelin, Alex Sterescu\" \/>\n<meta name=\"twitter:card\" content=\"summary_large_image\" \/>\n<meta name=\"twitter:label1\" content=\"Verfasst von\" \/>\n\t<meta name=\"twitter:data1\" content=\"Mihai Pelin\" \/>\n\t<meta name=\"twitter:label2\" content=\"Gesch\u00e4tzte Lesezeit\" \/>\n\t<meta name=\"twitter:data2\" content=\"2\u00a0Minuten\" \/>\n\t<meta name=\"twitter:label3\" content=\"Written by\" \/>\n\t<meta name=\"twitter:data3\" content=\"Mihai Pelin, Alex Sterescu\" \/>\n<script type=\"application\/ld+json\" class=\"yoast-schema-graph\">{\"@context\":\"https:\\\/\\\/schema.org\",\"@graph\":[{\"@type\":\"Article\",\"@id\":\"https:\\\/\\\/www.rri.ro\\\/de\\\/aktuell\\\/rri-aktuell\\\/neuer-praesident-neue-agenda-die-schwerpunkte-von-nicusor-dan-id892522.html#article\",\"isPartOf\":{\"@id\":\"https:\\\/\\\/www.rri.ro\\\/de\\\/aktuell\\\/rri-aktuell\\\/neuer-praesident-neue-agenda-die-schwerpunkte-von-nicusor-dan-id892522.html\"},\"author\":{\"name\":\"Mihai Pelin\",\"@id\":\"https:\\\/\\\/www.rri.ro\\\/#\\\/schema\\\/person\\\/c6036c822534c855dc3aad41a484f05d\"},\"headline\":\"Neuer Pr\u00e4sident, neue Agenda: Die Schwerpunkte von Nicu\u0219or Dan\",\"datePublished\":\"2025-05-27T11:32:46+00:00\",\"mainEntityOfPage\":{\"@id\":\"https:\\\/\\\/www.rri.ro\\\/de\\\/aktuell\\\/rri-aktuell\\\/neuer-praesident-neue-agenda-die-schwerpunkte-von-nicusor-dan-id892522.html\"},\"wordCount\":498,\"image\":{\"@id\":\"https:\\\/\\\/www.rri.ro\\\/de\\\/aktuell\\\/rri-aktuell\\\/neuer-praesident-neue-agenda-die-schwerpunkte-von-nicusor-dan-id892522.html#primaryimage\"},\"thumbnailUrl\":\"https:\\\/\\\/www.rri.ro\\\/wp-content\\\/uploads\\\/2025\\\/05\\\/Nicusor-Dan-26mai2025-foto-presidency.jpg\",\"keywords\":[\"Antrittsrede\",\"Cotroceni\",\"Nicusor Dan\",\"Parlament\",\"Pr\u00e4sident\",\"reform\",\"Rum\u00e4nien\"],\"articleSection\":[\"RRI Aktuell\"],\"inLanguage\":\"de\"},{\"@type\":\"WebPage\",\"@id\":\"https:\\\/\\\/www.rri.ro\\\/de\\\/aktuell\\\/rri-aktuell\\\/neuer-praesident-neue-agenda-die-schwerpunkte-von-nicusor-dan-id892522.html\",\"url\":\"https:\\\/\\\/www.rri.ro\\\/de\\\/aktuell\\\/rri-aktuell\\\/neuer-praesident-neue-agenda-die-schwerpunkte-von-nicusor-dan-id892522.html\",\"name\":\"Neuer Pr\u00e4sident, neue Agenda: Die Schwerpunkte von Nicu\u0219or Dan - Radio Rum\u00e4nien International\",\"isPartOf\":{\"@id\":\"https:\\\/\\\/www.rri.ro\\\/#website\"},\"primaryImageOfPage\":{\"@id\":\"https:\\\/\\\/www.rri.ro\\\/de\\\/aktuell\\\/rri-aktuell\\\/neuer-praesident-neue-agenda-die-schwerpunkte-von-nicusor-dan-id892522.html#primaryimage\"},\"image\":{\"@id\":\"https:\\\/\\\/www.rri.ro\\\/de\\\/aktuell\\\/rri-aktuell\\\/neuer-praesident-neue-agenda-die-schwerpunkte-von-nicusor-dan-id892522.html#primaryimage\"},\"thumbnailUrl\":\"https:\\\/\\\/www.rri.ro\\\/wp-content\\\/uploads\\\/2025\\\/05\\\/Nicusor-Dan-26mai2025-foto-presidency.jpg\",\"datePublished\":\"2025-05-27T11:32:46+00:00\",\"author\":{\"@id\":\"https:\\\/\\\/www.rri.ro\\\/#\\\/schema\\\/person\\\/c6036c822534c855dc3aad41a484f05d\"},\"breadcrumb\":{\"@id\":\"https:\\\/\\\/www.rri.ro\\\/de\\\/aktuell\\\/rri-aktuell\\\/neuer-praesident-neue-agenda-die-schwerpunkte-von-nicusor-dan-id892522.html#breadcrumb\"},\"inLanguage\":\"de\",\"potentialAction\":[{\"@type\":\"ReadAction\",\"target\":[\"https:\\\/\\\/www.rri.ro\\\/de\\\/aktuell\\\/rri-aktuell\\\/neuer-praesident-neue-agenda-die-schwerpunkte-von-nicusor-dan-id892522.html\"]}]},{\"@type\":\"ImageObject\",\"inLanguage\":\"de\",\"@id\":\"https:\\\/\\\/www.rri.ro\\\/de\\\/aktuell\\\/rri-aktuell\\\/neuer-praesident-neue-agenda-die-schwerpunkte-von-nicusor-dan-id892522.html#primaryimage\",\"url\":\"https:\\\/\\\/www.rri.ro\\\/wp-content\\\/uploads\\\/2025\\\/05\\\/Nicusor-Dan-26mai2025-foto-presidency.jpg\",\"contentUrl\":\"https:\\\/\\\/www.rri.ro\\\/wp-content\\\/uploads\\\/2025\\\/05\\\/Nicusor-Dan-26mai2025-foto-presidency.jpg\",\"width\":1200,\"height\":900,\"caption\":\"Nicu\u0219or Dan, the president of Romania (photo presidency.ro)\"},{\"@type\":\"BreadcrumbList\",\"@id\":\"https:\\\/\\\/www.rri.ro\\\/de\\\/aktuell\\\/rri-aktuell\\\/neuer-praesident-neue-agenda-die-schwerpunkte-von-nicusor-dan-id892522.html#breadcrumb\",\"itemListElement\":[{\"@type\":\"ListItem\",\"position\":1,\"name\":\"Startseite\",\"item\":\"https:\\\/\\\/www.rri.ro\\\/de\"},{\"@type\":\"ListItem\",\"position\":2,\"name\":\"Aktuell\",\"item\":\"https:\\\/\\\/www.rri.ro\\\/de\\\/aktuell\"},{\"@type\":\"ListItem\",\"position\":3,\"name\":\"RRI Aktuell\",\"item\":\"https:\\\/\\\/www.rri.ro\\\/de\\\/aktuell\\\/rri-aktuell\"},{\"@type\":\"ListItem\",\"position\":4,\"name\":\"Neuer Pr\u00e4sident, neue Agenda: Die Schwerpunkte von Nicu\u0219or Dan\"}]},{\"@type\":\"WebSite\",\"@id\":\"https:\\\/\\\/www.rri.ro\\\/#website\",\"url\":\"https:\\\/\\\/www.rri.ro\\\/\",\"name\":\"Radio Rum\u00e4nien International\",\"description\":\"Totul despre Rom\u00e2nia \u015fi rom\u00e2ni, \u00een 13 limbi\\\/dialecte!\",\"inLanguage\":\"de\"},{\"@type\":\"Person\",\"@id\":\"https:\\\/\\\/www.rri.ro\\\/#\\\/schema\\\/person\\\/c6036c822534c855dc3aad41a484f05d\",\"name\":\"Mihai Pelin\",\"url\":\"https:\\\/\\\/www.rri.ro\\\/de\\\/author\\\/mihai-pelin\"}]}<\/script>\n<!-- \/ Yoast SEO plugin. -->","yoast_head_json":{"title":"Neuer Pr\u00e4sident, neue Agenda: Die Schwerpunkte von Nicu\u0219or Dan - Radio Rum\u00e4nien International","robots":{"index":"index","follow":"follow","max-snippet":"max-snippet:-1","max-image-preview":"max-image-preview:large","max-video-preview":"max-video-preview:-1"},"canonical":"https:\/\/www.rri.ro\/de\/aktuell\/rri-aktuell\/neuer-praesident-neue-agenda-die-schwerpunkte-von-nicusor-dan-id892522.html","og_locale":"de_DE","og_type":"article","og_title":"Neuer Pr\u00e4sident, neue Agenda: Die Schwerpunkte von Nicu\u0219or Dan - Radio Rum\u00e4nien International","og_description":"Nicu\u0219or Dan hat sein Amt als Pr\u00e4sident Rum\u00e4niens angetreten. In einer feierlichen Plenarsitzung des Parlaments legte er den Amtseid ab \u2013 anwesend waren Mitglieder der Regierung, des Verfassungsgerichts, fr\u00fchere Pr\u00e4sidenten, die k\u00f6nigliche Familie sowie Vertreter staatlicher Institutionen und Religionsgemeinschaften. In seiner Antrittsrede bedankte sich Dan bei allen B\u00fcrgerinnen und B\u00fcrgern \u2013 unabh\u00e4ngig davon, welche Anliegen [&hellip;]","og_url":"https:\/\/www.rri.ro\/de\/aktuell\/rri-aktuell\/neuer-praesident-neue-agenda-die-schwerpunkte-von-nicusor-dan-id892522.html","og_site_name":"Radio Rum\u00e4nien International","article_published_time":"2025-05-27T11:32:46+00:00","og_image":[{"width":1200,"height":900,"url":"https:\/\/www.rri.ro\/wp-content\/uploads\/2025\/05\/Nicusor-Dan-26mai2025-foto-presidency.jpg","type":"image\/jpeg"}],"author":"Mihai Pelin, Alex Sterescu","twitter_card":"summary_large_image","twitter_misc":{"Verfasst von":"Mihai Pelin","Gesch\u00e4tzte Lesezeit":"2\u00a0Minuten","Written by":"Mihai Pelin, Alex Sterescu"},"schema":{"@context":"https:\/\/schema.org","@graph":[{"@type":"Article","@id":"https:\/\/www.rri.ro\/de\/aktuell\/rri-aktuell\/neuer-praesident-neue-agenda-die-schwerpunkte-von-nicusor-dan-id892522.html#article","isPartOf":{"@id":"https:\/\/www.rri.ro\/de\/aktuell\/rri-aktuell\/neuer-praesident-neue-agenda-die-schwerpunkte-von-nicusor-dan-id892522.html"},"author":{"name":"Mihai Pelin","@id":"https:\/\/www.rri.ro\/#\/schema\/person\/c6036c822534c855dc3aad41a484f05d"},"headline":"Neuer Pr\u00e4sident, neue Agenda: Die Schwerpunkte von Nicu\u0219or Dan","datePublished":"2025-05-27T11:32:46+00:00","mainEntityOfPage":{"@id":"https:\/\/www.rri.ro\/de\/aktuell\/rri-aktuell\/neuer-praesident-neue-agenda-die-schwerpunkte-von-nicusor-dan-id892522.html"},"wordCount":498,"image":{"@id":"https:\/\/www.rri.ro\/de\/aktuell\/rri-aktuell\/neuer-praesident-neue-agenda-die-schwerpunkte-von-nicusor-dan-id892522.html#primaryimage"},"thumbnailUrl":"https:\/\/www.rri.ro\/wp-content\/uploads\/2025\/05\/Nicusor-Dan-26mai2025-foto-presidency.jpg","keywords":["Antrittsrede","Cotroceni","Nicusor Dan","Parlament","Pr\u00e4sident","reform","Rum\u00e4nien"],"articleSection":["RRI Aktuell"],"inLanguage":"de"},{"@type":"WebPage","@id":"https:\/\/www.rri.ro\/de\/aktuell\/rri-aktuell\/neuer-praesident-neue-agenda-die-schwerpunkte-von-nicusor-dan-id892522.html","url":"https:\/\/www.rri.ro\/de\/aktuell\/rri-aktuell\/neuer-praesident-neue-agenda-die-schwerpunkte-von-nicusor-dan-id892522.html","name":"Neuer Pr\u00e4sident, neue Agenda: Die Schwerpunkte von Nicu\u0219or Dan - Radio Rum\u00e4nien International","isPartOf":{"@id":"https:\/\/www.rri.ro\/#website"},"primaryImageOfPage":{"@id":"https:\/\/www.rri.ro\/de\/aktuell\/rri-aktuell\/neuer-praesident-neue-agenda-die-schwerpunkte-von-nicusor-dan-id892522.html#primaryimage"},"image":{"@id":"https:\/\/www.rri.ro\/de\/aktuell\/rri-aktuell\/neuer-praesident-neue-agenda-die-schwerpunkte-von-nicusor-dan-id892522.html#primaryimage"},"thumbnailUrl":"https:\/\/www.rri.ro\/wp-content\/uploads\/2025\/05\/Nicusor-Dan-26mai2025-foto-presidency.jpg","datePublished":"2025-05-27T11:32:46+00:00","author":{"@id":"https:\/\/www.rri.ro\/#\/schema\/person\/c6036c822534c855dc3aad41a484f05d"},"breadcrumb":{"@id":"https:\/\/www.rri.ro\/de\/aktuell\/rri-aktuell\/neuer-praesident-neue-agenda-die-schwerpunkte-von-nicusor-dan-id892522.html#breadcrumb"},"inLanguage":"de","potentialAction":[{"@type":"ReadAction","target":["https:\/\/www.rri.ro\/de\/aktuell\/rri-aktuell\/neuer-praesident-neue-agenda-die-schwerpunkte-von-nicusor-dan-id892522.html"]}]},{"@type":"ImageObject","inLanguage":"de","@id":"https:\/\/www.rri.ro\/de\/aktuell\/rri-aktuell\/neuer-praesident-neue-agenda-die-schwerpunkte-von-nicusor-dan-id892522.html#primaryimage","url":"https:\/\/www.rri.ro\/wp-content\/uploads\/2025\/05\/Nicusor-Dan-26mai2025-foto-presidency.jpg","contentUrl":"https:\/\/www.rri.ro\/wp-content\/uploads\/2025\/05\/Nicusor-Dan-26mai2025-foto-presidency.jpg","width":1200,"height":900,"caption":"Nicu\u0219or Dan, the president of Romania (photo presidency.ro)"},{"@type":"BreadcrumbList","@id":"https:\/\/www.rri.ro\/de\/aktuell\/rri-aktuell\/neuer-praesident-neue-agenda-die-schwerpunkte-von-nicusor-dan-id892522.html#breadcrumb","itemListElement":[{"@type":"ListItem","position":1,"name":"Startseite","item":"https:\/\/www.rri.ro\/de"},{"@type":"ListItem","position":2,"name":"Aktuell","item":"https:\/\/www.rri.ro\/de\/aktuell"},{"@type":"ListItem","position":3,"name":"RRI Aktuell","item":"https:\/\/www.rri.ro\/de\/aktuell\/rri-aktuell"},{"@type":"ListItem","position":4,"name":"Neuer Pr\u00e4sident, neue Agenda: Die Schwerpunkte von Nicu\u0219or Dan"}]},{"@type":"WebSite","@id":"https:\/\/www.rri.ro\/#website","url":"https:\/\/www.rri.ro\/","name":"Radio Rum\u00e4nien International","description":"Totul despre Rom\u00e2nia \u015fi rom\u00e2ni, \u00een 13 limbi\/dialecte!","inLanguage":"de"},{"@type":"Person","@id":"https:\/\/www.rri.ro\/#\/schema\/person\/c6036c822534c855dc3aad41a484f05d","name":"Mihai Pelin","url":"https:\/\/www.rri.ro\/de\/author\/mihai-pelin"}]}},"_links":{"self":[{"href":"https:\/\/www.rri.ro\/de\/wp-json\/wp\/v2\/posts\/892522","targetHints":{"allow":["GET"]}}],"collection":[{"href":"https:\/\/www.rri.ro\/de\/wp-json\/wp\/v2\/posts"}],"about":[{"href":"https:\/\/www.rri.ro\/de\/wp-json\/wp\/v2\/types\/post"}],"author":[{"embeddable":true,"href":"https:\/\/www.rri.ro\/de\/wp-json\/wp\/v2\/users\/106"}],"replies":[{"embeddable":true,"href":"https:\/\/www.rri.ro\/de\/wp-json\/wp\/v2\/comments?post=892522"}],"version-history":[{"count":0,"href":"https:\/\/www.rri.ro\/de\/wp-json\/wp\/v2\/posts\/892522\/revisions"}],"wp:featuredmedia":[{"embeddable":true,"href":"https:\/\/www.rri.ro\/de\/wp-json\/wp\/v2\/media\/892255"}],"wp:attachment":[{"href":"https:\/\/www.rri.ro\/de\/wp-json\/wp\/v2\/media?parent=892522"}],"wp:term":[{"taxonomy":"category","embeddable":true,"href":"https:\/\/www.rri.ro\/de\/wp-json\/wp\/v2\/categories?post=892522"},{"taxonomy":"post_tag","embeddable":true,"href":"https:\/\/www.rri.ro\/de\/wp-json\/wp\/v2\/tags?post=892522"},{"taxonomy":"author","embeddable":true,"href":"https:\/\/www.rri.ro\/de\/wp-json\/wp\/v2\/coauthors?post=892522"}],"curies":[{"name":"wp","href":"https:\/\/api.w.org\/{rel}","templated":true}]}}