{"id":893021,"date":"2025-05-28T18:23:00","date_gmt":"2025-05-28T15:23:00","guid":{"rendered":"https:\/\/www.rri.ro\/?p=893021"},"modified":"2025-05-28T18:30:12","modified_gmt":"2025-05-28T15:30:12","slug":"nachrichten-28-05-2025","status":"publish","type":"post","link":"https:\/\/www.rri.ro\/de\/aktuell\/newsflash-de\/nachrichten-28-05-2025-id893021.html","title":{"rendered":"Nachrichten 28.05.2025"},"content":{"rendered":"<p>In Bukarest fanden am Mittwoch informelle Konsultationen zwischen dem rum\u00e4nischen Pr\u00e4sidenten, Nicu\u0219or Dan, und den im Parlament vertretenen Parteien statt. Der Pr\u00e4sident erkl\u00e4rte, dass die Gespr\u00e4che darauf abzielen, den Staatshaushalt auszugleichen und eine neue Regierung zu bilden. Nicu\u0219or Dan bekr\u00e4ftigte seinen Wunsch, dass die vier pro-westlichen Parteien eine neue Exekutive bilden, um eine stabile Mehrheit im Parlament zu sichern \u2013 ein Signal an die Wirtschaft, dass Rum\u00e4nien Stabilit\u00e4t bietet. Der Pr\u00e4sident traf sich mit den Spitzen von PSD, PNL, USR, UDMR sowie Vertretern der Minderheitengruppe. Der kommissarische Vorsitzende der Sozialdemokraten, Sorin Grindeanu, erkl\u00e4rte, man habe ausf\u00fchrlich \u00fcber die wirtschaftliche Lage des Landes gesprochen. Namen und \u00c4mter seien bei diesem Treffen nicht zur Sprache gekommen. Auch Dominic Fritz, Interimspr\u00e4sident der USR, \u00e4u\u00dferte sich nach dem Treffen. Seine Partei lehne derzeit Steuererh\u00f6hungen oder neue Abgaben ab. UDMR-Chef Kelemen Hunor betonte nach dem Gespr\u00e4ch, dass das Haushaltsdefizit mit gro\u00dfer Ernsthaftigkeit angegangen werden m\u00fcsse. Es gelte, ausgewogene Ma\u00dfnahmen zu finden, durch die der Gesellschaft verdeutlicht werde, dass jedes Opfer zur Reduzierung des Defizits langfristig Wohlstand bringe. Aus der Opposition erkl\u00e4rten Vertreter von AUR und S.O.S. Rom\u00e2nia, dass sie an den Konsultationen nicht teilnehmen werden. Die Partei POT hingegen best\u00e4tigte ihre Anwesenheit.<\/p>\n<p>&nbsp;<\/p>\n<p>Unwetter mit starkem Regen und Gewittern haben in mehreren Teilen Rum\u00e4niens Sch\u00e4den angerichtet. H\u00f6fe wurden \u00fcberflutet, B\u00e4ume st\u00fcrzten um, eine Bahnlinie wurde besch\u00e4digt. In einigen Regionen brachen Br\u00fccken und Grundst\u00fccke ein, mehrere D\u00f6rfer sind derzeit von der Au\u00dfenwelt abgeschnitten. Im nord\u00f6stlichen Kreis Boto\u0219ani mussten Menschen evakuiert werden. Auch die Salzmine von Praid in der Mitte des Landes ist betroffen. Wegen massiver Wassereinbr\u00fcche wurde der Betrieb vor\u00fcbergehend eingestellt \u2013 sowohl Produktion als auch Tourismus. Die Saline geh\u00f6rt zu den beliebtesten Sehensw\u00fcrdigkeiten des Landes. In rund 120 Metern Tiefe gibt es dort Spielpl\u00e4tze, Ruhezonen, eine Kapelle und sogar ein Kino. Das Mikroklima der Mine gilt als besonders gesundheitsf\u00f6rdernd. Umweltminister Mircea Fechet nennt die Lage \u201ebesorgniserregend\u201c. Der Mai, so seine Einsch\u00e4tzung, k\u00f6nnte einer der nassesten Monate in der Geschichte Rum\u00e4niens werden.<\/p>\n<p>&nbsp;<\/p>\n<p>Zwei Ukrainer sind am Dienstagabend aus dem Maramure\u0219-Gebirge im Norden Rum\u00e4niens gerettet worden. Sie hatten bei schlechtem Wetter illegal die Grenze \u00fcberquert \u2013 das teilte der Chef des \u00f6rtlichen Bergrettungsdienstes, Dan Benga, mit.Die M\u00e4nner wurden den Beh\u00f6rden \u00fcbergeben. Dort sollen nun die \u00fcblichen Verfahren eingeleitet werden. Nach Angaben des ukrainischen Grenzschutzes wurden seit Beginn des Kriegsrechts im Jahr 2022 mehr als 49.000 Menschen beim Versuch gestoppt, das Land illegal zu verlassen. Ukrainischen M\u00e4nnern zwischen 18 und 60 Jahren ist die Ausreise in der Regel verboten \u2013 viele fliehen trotzdem, um der Einberufung zu entgehen. Besonders gef\u00e4hrlich ist die Route \u00fcber das Gebirge in der Westukraine, entlang der Grenze zu Rum\u00e4nien und Ungarn. Immer wieder kommen Menschen dabei ums Leben \u2013 andere \u00fcberleben nur dank der Hilfe von Bergrettern.<\/p>\n<p>&nbsp;<\/p>\n<p>In Bukarest hat heute die 18. Ausgabe der Internationalen Buchmesse Bookfest begonnen. Bis Sonntag laden 155 Aussteller und 150 Verlage aus Rum\u00e4nien und Portugal \u2013 dem diesj\u00e4hrigen Ehrengast \u2013 zu rund 450 Veranstaltungen ein. Neben Lesungen, Debatten und Signierstunden gibt es auch Sonderaktionen, Rabatte und viele \u00dcberraschungen f\u00fcr B\u00fccherfans. Auch der Verlag Casa Radio des rum\u00e4nischen Rundfunks ist mit dabei \u2013 mit \u00fcber 150 Titeln, vor allem H\u00f6rb\u00fcchern und Musikalben.<\/p>\n<p>&nbsp;<\/p>\n<p>SPORT-Tennis: In Runde zwei der French Open trifft Jaquelin Cristian auf die Nummer 188 der Weltrangliste, die Tschechin Sara Bejlek. Die zweite Rum\u00e4nin, die noch dabei ist, Gabriela Ruse, bekommt es mit der Favoritin Nummer 10 des Turniers zu tun, der Spanierin Paula Badosa. Zuvor war Anca Todoni in der Auftaktrunde gegen die an Nummer drei gesetzte US-Amerikanerin Jessiga Pegula ausgeschieden.\u00a0 Irina Begu musste sich gegen die Franz\u00f6sin Leolia Jeanjean wegen einer Verletzung zur\u00fcckziehen.\u00a0 Sorana C\u00eerstea trat wegen gesundheitlicher Probleme gar nicht erst an.<\/p>\n<p>&nbsp;<\/p>\n<p>Heute bleibt es in der Nordosth\u00e4lfte Rum\u00e4niens weiterhin k\u00fchl. Im Rest des Landes liegen die Temperaturen im Bereich der Jahreszeit. Der Himmel zeigt sich meist bew\u00f6lkt. Vor allem im Osten, in der Mitte und im Norden ist mit kr\u00e4ftigen Schauern zu rechnen \u2013 stellenweise fallen \u00fcber 30 Liter Regen pro Quadratmeter. Auch im S\u00fcden und S\u00fcdosten kann es regnen, vereinzelt sogar im Westen und S\u00fcdwesten.<\/p>\n<p>Am Nachmittag sind teils Gewitter m\u00f6glich. Der Wind weht meist schwach bis m\u00e4\u00dfig, kann aber vor\u00fcbergehend auffrischen \u2013 mit B\u00f6en von 40 bis 50 Kilometern pro Stunde. In den S\u00fcdkarpaten sind in hohen Lagen auch Sturmb\u00f6en \u00fcber 80 Stundenkilometer m\u00f6glich. Die H\u00f6chstwerte liegen heute zwischen 13 und 25 Grad.<\/p>\n","protected":false},"excerpt":{"rendered":"<p>In Bukarest fanden am Mittwoch informelle Konsultationen zwischen dem rum\u00e4nischen Pr\u00e4sidenten, Nicu\u0219or Dan, und den im Parlament vertretenen Parteien statt. Der Pr\u00e4sident erkl\u00e4rte, dass die Gespr\u00e4che darauf abzielen, den Staatshaushalt auszugleichen und eine neue Regierung zu bilden. Nicu\u0219or Dan bekr\u00e4ftigte seinen Wunsch, dass die vier pro-westlichen Parteien eine neue Exekutive bilden, um eine stabile Mehrheit [&hellip;]<\/p>\n","protected":false},"author":113,"featured_media":723386,"comment_status":"closed","ping_status":"closed","sticky":false,"template":"","format":"standard","meta":{"_acf_changed":false,"footnotes":""},"categories":[116753],"tags":[170876,144346,101846,144540,99721],"coauthors":[116091],"class_list":["post-893021","post","type-post","status-publish","format-standard","has-post-thumbnail","hentry","category-newsflash-de","tag-bookfest-de","tag-nicusor-dan-de","tag-parlamentsparteien","tag-tennis-de","tag-unwetter"],"acf":[],"yoast_head":"<!-- This site is optimized with the Yoast SEO plugin v27.3 - https:\/\/yoast.com\/product\/yoast-seo-wordpress\/ -->\n<title>Nachrichten 28.05.2025 - Radio Rum\u00e4nien International<\/title>\n<meta name=\"robots\" content=\"index, follow, max-snippet:-1, max-image-preview:large, max-video-preview:-1\" \/>\n<link rel=\"canonical\" href=\"https:\/\/www.rri.ro\/de\/aktuell\/newsflash-de\/nachrichten-28-05-2025-id893021.html\" \/>\n<meta property=\"og:locale\" content=\"de_DE\" \/>\n<meta property=\"og:type\" content=\"article\" \/>\n<meta property=\"og:title\" content=\"Nachrichten 28.05.2025 - Radio Rum\u00e4nien International\" \/>\n<meta property=\"og:description\" content=\"In Bukarest fanden am Mittwoch informelle Konsultationen zwischen dem rum\u00e4nischen Pr\u00e4sidenten, Nicu\u0219or Dan, und den im Parlament vertretenen Parteien statt. Der Pr\u00e4sident erkl\u00e4rte, dass die Gespr\u00e4che darauf abzielen, den Staatshaushalt auszugleichen und eine neue Regierung zu bilden. Nicu\u0219or Dan bekr\u00e4ftigte seinen Wunsch, dass die vier pro-westlichen Parteien eine neue Exekutive bilden, um eine stabile Mehrheit [&hellip;]\" \/>\n<meta property=\"og:url\" content=\"https:\/\/www.rri.ro\/de\/aktuell\/newsflash-de\/nachrichten-28-05-2025-id893021.html\" \/>\n<meta property=\"og:site_name\" content=\"Radio Rum\u00e4nien International\" \/>\n<meta property=\"article:published_time\" content=\"2025-05-28T15:23:00+00:00\" \/>\n<meta property=\"article:modified_time\" content=\"2025-05-28T15:30:12+00:00\" \/>\n<meta property=\"og:image\" content=\"https:\/\/www.rri.ro\/wp-content\/uploads\/2024\/03\/RRI-960x540-Nachrichten-2-NOU.jpg\" \/>\n\t<meta property=\"og:image:width\" content=\"960\" \/>\n\t<meta property=\"og:image:height\" content=\"540\" \/>\n\t<meta property=\"og:image:type\" content=\"image\/jpeg\" \/>\n<meta name=\"author\" content=\"Newsroom\" \/>\n<meta name=\"twitter:card\" content=\"summary_large_image\" \/>\n<meta name=\"twitter:label1\" content=\"Verfasst von\" \/>\n\t<meta name=\"twitter:data1\" content=\"Newsroom\" \/>\n\t<meta name=\"twitter:label2\" content=\"Gesch\u00e4tzte Lesezeit\" \/>\n\t<meta name=\"twitter:data2\" content=\"4\u00a0Minuten\" \/>\n\t<meta name=\"twitter:label3\" content=\"Written by\" \/>\n\t<meta name=\"twitter:data3\" content=\"Newsroom\" \/>\n<script type=\"application\/ld+json\" class=\"yoast-schema-graph\">{\"@context\":\"https:\\\/\\\/schema.org\",\"@graph\":[{\"@type\":\"Article\",\"@id\":\"https:\\\/\\\/www.rri.ro\\\/de\\\/aktuell\\\/newsflash-de\\\/nachrichten-28-05-2025-id893021.html#article\",\"isPartOf\":{\"@id\":\"https:\\\/\\\/www.rri.ro\\\/de\\\/aktuell\\\/newsflash-de\\\/nachrichten-28-05-2025-id893021.html\"},\"author\":{\"name\":\"Newsroom\",\"@id\":\"https:\\\/\\\/www.rri.ro\\\/#\\\/schema\\\/person\\\/4a479940371b9fdefd194f561e8a7f88\"},\"headline\":\"Nachrichten 28.05.2025\",\"datePublished\":\"2025-05-28T15:23:00+00:00\",\"dateModified\":\"2025-05-28T15:30:12+00:00\",\"mainEntityOfPage\":{\"@id\":\"https:\\\/\\\/www.rri.ro\\\/de\\\/aktuell\\\/newsflash-de\\\/nachrichten-28-05-2025-id893021.html\"},\"wordCount\":780,\"image\":{\"@id\":\"https:\\\/\\\/www.rri.ro\\\/de\\\/aktuell\\\/newsflash-de\\\/nachrichten-28-05-2025-id893021.html#primaryimage\"},\"thumbnailUrl\":\"https:\\\/\\\/www.rri.ro\\\/wp-content\\\/uploads\\\/2024\\\/03\\\/RRI-960x540-Nachrichten-2-NOU.jpg\",\"keywords\":[\"Bookfest\",\"Nicusor Dan\",\"Parlamentsparteien\",\"tennis\",\"Unwetter\"],\"articleSection\":[\"Newsflash\"],\"inLanguage\":\"de\"},{\"@type\":\"WebPage\",\"@id\":\"https:\\\/\\\/www.rri.ro\\\/de\\\/aktuell\\\/newsflash-de\\\/nachrichten-28-05-2025-id893021.html\",\"url\":\"https:\\\/\\\/www.rri.ro\\\/de\\\/aktuell\\\/newsflash-de\\\/nachrichten-28-05-2025-id893021.html\",\"name\":\"Nachrichten 28.05.2025 - Radio Rum\u00e4nien International\",\"isPartOf\":{\"@id\":\"https:\\\/\\\/www.rri.ro\\\/#website\"},\"primaryImageOfPage\":{\"@id\":\"https:\\\/\\\/www.rri.ro\\\/de\\\/aktuell\\\/newsflash-de\\\/nachrichten-28-05-2025-id893021.html#primaryimage\"},\"image\":{\"@id\":\"https:\\\/\\\/www.rri.ro\\\/de\\\/aktuell\\\/newsflash-de\\\/nachrichten-28-05-2025-id893021.html#primaryimage\"},\"thumbnailUrl\":\"https:\\\/\\\/www.rri.ro\\\/wp-content\\\/uploads\\\/2024\\\/03\\\/RRI-960x540-Nachrichten-2-NOU.jpg\",\"datePublished\":\"2025-05-28T15:23:00+00:00\",\"dateModified\":\"2025-05-28T15:30:12+00:00\",\"author\":{\"@id\":\"https:\\\/\\\/www.rri.ro\\\/#\\\/schema\\\/person\\\/4a479940371b9fdefd194f561e8a7f88\"},\"breadcrumb\":{\"@id\":\"https:\\\/\\\/www.rri.ro\\\/de\\\/aktuell\\\/newsflash-de\\\/nachrichten-28-05-2025-id893021.html#breadcrumb\"},\"inLanguage\":\"de\",\"potentialAction\":[{\"@type\":\"ReadAction\",\"target\":[\"https:\\\/\\\/www.rri.ro\\\/de\\\/aktuell\\\/newsflash-de\\\/nachrichten-28-05-2025-id893021.html\"]}]},{\"@type\":\"ImageObject\",\"inLanguage\":\"de\",\"@id\":\"https:\\\/\\\/www.rri.ro\\\/de\\\/aktuell\\\/newsflash-de\\\/nachrichten-28-05-2025-id893021.html#primaryimage\",\"url\":\"https:\\\/\\\/www.rri.ro\\\/wp-content\\\/uploads\\\/2024\\\/03\\\/RRI-960x540-Nachrichten-2-NOU.jpg\",\"contentUrl\":\"https:\\\/\\\/www.rri.ro\\\/wp-content\\\/uploads\\\/2024\\\/03\\\/RRI-960x540-Nachrichten-2-NOU.jpg\",\"width\":960,\"height\":540},{\"@type\":\"BreadcrumbList\",\"@id\":\"https:\\\/\\\/www.rri.ro\\\/de\\\/aktuell\\\/newsflash-de\\\/nachrichten-28-05-2025-id893021.html#breadcrumb\",\"itemListElement\":[{\"@type\":\"ListItem\",\"position\":1,\"name\":\"Startseite\",\"item\":\"https:\\\/\\\/www.rri.ro\\\/de\"},{\"@type\":\"ListItem\",\"position\":2,\"name\":\"Aktuell\",\"item\":\"https:\\\/\\\/www.rri.ro\\\/de\\\/aktuell\"},{\"@type\":\"ListItem\",\"position\":3,\"name\":\"Newsflash\",\"item\":\"https:\\\/\\\/www.rri.ro\\\/de\\\/aktuell\\\/newsflash-de\"},{\"@type\":\"ListItem\",\"position\":4,\"name\":\"Nachrichten 28.05.2025\"}]},{\"@type\":\"WebSite\",\"@id\":\"https:\\\/\\\/www.rri.ro\\\/#website\",\"url\":\"https:\\\/\\\/www.rri.ro\\\/\",\"name\":\"Radio Rum\u00e4nien International\",\"description\":\"Totul despre Rom\u00e2nia \u015fi rom\u00e2ni, \u00een 13 limbi\\\/dialecte!\",\"inLanguage\":\"de\"},{\"@type\":\"Person\",\"@id\":\"https:\\\/\\\/www.rri.ro\\\/#\\\/schema\\\/person\\\/4a479940371b9fdefd194f561e8a7f88\",\"name\":\"Newsroom\",\"url\":\"https:\\\/\\\/www.rri.ro\\\/de\\\/author\\\/newsroom\"}]}<\/script>\n<!-- \/ Yoast SEO plugin. -->","yoast_head_json":{"title":"Nachrichten 28.05.2025 - Radio Rum\u00e4nien International","robots":{"index":"index","follow":"follow","max-snippet":"max-snippet:-1","max-image-preview":"max-image-preview:large","max-video-preview":"max-video-preview:-1"},"canonical":"https:\/\/www.rri.ro\/de\/aktuell\/newsflash-de\/nachrichten-28-05-2025-id893021.html","og_locale":"de_DE","og_type":"article","og_title":"Nachrichten 28.05.2025 - Radio Rum\u00e4nien International","og_description":"In Bukarest fanden am Mittwoch informelle Konsultationen zwischen dem rum\u00e4nischen Pr\u00e4sidenten, Nicu\u0219or Dan, und den im Parlament vertretenen Parteien statt. Der Pr\u00e4sident erkl\u00e4rte, dass die Gespr\u00e4che darauf abzielen, den Staatshaushalt auszugleichen und eine neue Regierung zu bilden. Nicu\u0219or Dan bekr\u00e4ftigte seinen Wunsch, dass die vier pro-westlichen Parteien eine neue Exekutive bilden, um eine stabile Mehrheit [&hellip;]","og_url":"https:\/\/www.rri.ro\/de\/aktuell\/newsflash-de\/nachrichten-28-05-2025-id893021.html","og_site_name":"Radio Rum\u00e4nien International","article_published_time":"2025-05-28T15:23:00+00:00","article_modified_time":"2025-05-28T15:30:12+00:00","og_image":[{"width":960,"height":540,"url":"https:\/\/www.rri.ro\/wp-content\/uploads\/2024\/03\/RRI-960x540-Nachrichten-2-NOU.jpg","type":"image\/jpeg"}],"author":"Newsroom","twitter_card":"summary_large_image","twitter_misc":{"Verfasst von":"Newsroom","Gesch\u00e4tzte Lesezeit":"4\u00a0Minuten","Written by":"Newsroom"},"schema":{"@context":"https:\/\/schema.org","@graph":[{"@type":"Article","@id":"https:\/\/www.rri.ro\/de\/aktuell\/newsflash-de\/nachrichten-28-05-2025-id893021.html#article","isPartOf":{"@id":"https:\/\/www.rri.ro\/de\/aktuell\/newsflash-de\/nachrichten-28-05-2025-id893021.html"},"author":{"name":"Newsroom","@id":"https:\/\/www.rri.ro\/#\/schema\/person\/4a479940371b9fdefd194f561e8a7f88"},"headline":"Nachrichten 28.05.2025","datePublished":"2025-05-28T15:23:00+00:00","dateModified":"2025-05-28T15:30:12+00:00","mainEntityOfPage":{"@id":"https:\/\/www.rri.ro\/de\/aktuell\/newsflash-de\/nachrichten-28-05-2025-id893021.html"},"wordCount":780,"image":{"@id":"https:\/\/www.rri.ro\/de\/aktuell\/newsflash-de\/nachrichten-28-05-2025-id893021.html#primaryimage"},"thumbnailUrl":"https:\/\/www.rri.ro\/wp-content\/uploads\/2024\/03\/RRI-960x540-Nachrichten-2-NOU.jpg","keywords":["Bookfest","Nicusor Dan","Parlamentsparteien","tennis","Unwetter"],"articleSection":["Newsflash"],"inLanguage":"de"},{"@type":"WebPage","@id":"https:\/\/www.rri.ro\/de\/aktuell\/newsflash-de\/nachrichten-28-05-2025-id893021.html","url":"https:\/\/www.rri.ro\/de\/aktuell\/newsflash-de\/nachrichten-28-05-2025-id893021.html","name":"Nachrichten 28.05.2025 - Radio Rum\u00e4nien International","isPartOf":{"@id":"https:\/\/www.rri.ro\/#website"},"primaryImageOfPage":{"@id":"https:\/\/www.rri.ro\/de\/aktuell\/newsflash-de\/nachrichten-28-05-2025-id893021.html#primaryimage"},"image":{"@id":"https:\/\/www.rri.ro\/de\/aktuell\/newsflash-de\/nachrichten-28-05-2025-id893021.html#primaryimage"},"thumbnailUrl":"https:\/\/www.rri.ro\/wp-content\/uploads\/2024\/03\/RRI-960x540-Nachrichten-2-NOU.jpg","datePublished":"2025-05-28T15:23:00+00:00","dateModified":"2025-05-28T15:30:12+00:00","author":{"@id":"https:\/\/www.rri.ro\/#\/schema\/person\/4a479940371b9fdefd194f561e8a7f88"},"breadcrumb":{"@id":"https:\/\/www.rri.ro\/de\/aktuell\/newsflash-de\/nachrichten-28-05-2025-id893021.html#breadcrumb"},"inLanguage":"de","potentialAction":[{"@type":"ReadAction","target":["https:\/\/www.rri.ro\/de\/aktuell\/newsflash-de\/nachrichten-28-05-2025-id893021.html"]}]},{"@type":"ImageObject","inLanguage":"de","@id":"https:\/\/www.rri.ro\/de\/aktuell\/newsflash-de\/nachrichten-28-05-2025-id893021.html#primaryimage","url":"https:\/\/www.rri.ro\/wp-content\/uploads\/2024\/03\/RRI-960x540-Nachrichten-2-NOU.jpg","contentUrl":"https:\/\/www.rri.ro\/wp-content\/uploads\/2024\/03\/RRI-960x540-Nachrichten-2-NOU.jpg","width":960,"height":540},{"@type":"BreadcrumbList","@id":"https:\/\/www.rri.ro\/de\/aktuell\/newsflash-de\/nachrichten-28-05-2025-id893021.html#breadcrumb","itemListElement":[{"@type":"ListItem","position":1,"name":"Startseite","item":"https:\/\/www.rri.ro\/de"},{"@type":"ListItem","position":2,"name":"Aktuell","item":"https:\/\/www.rri.ro\/de\/aktuell"},{"@type":"ListItem","position":3,"name":"Newsflash","item":"https:\/\/www.rri.ro\/de\/aktuell\/newsflash-de"},{"@type":"ListItem","position":4,"name":"Nachrichten 28.05.2025"}]},{"@type":"WebSite","@id":"https:\/\/www.rri.ro\/#website","url":"https:\/\/www.rri.ro\/","name":"Radio Rum\u00e4nien International","description":"Totul despre Rom\u00e2nia \u015fi rom\u00e2ni, \u00een 13 limbi\/dialecte!","inLanguage":"de"},{"@type":"Person","@id":"https:\/\/www.rri.ro\/#\/schema\/person\/4a479940371b9fdefd194f561e8a7f88","name":"Newsroom","url":"https:\/\/www.rri.ro\/de\/author\/newsroom"}]}},"_links":{"self":[{"href":"https:\/\/www.rri.ro\/de\/wp-json\/wp\/v2\/posts\/893021","targetHints":{"allow":["GET"]}}],"collection":[{"href":"https:\/\/www.rri.ro\/de\/wp-json\/wp\/v2\/posts"}],"about":[{"href":"https:\/\/www.rri.ro\/de\/wp-json\/wp\/v2\/types\/post"}],"author":[{"embeddable":true,"href":"https:\/\/www.rri.ro\/de\/wp-json\/wp\/v2\/users\/113"}],"replies":[{"embeddable":true,"href":"https:\/\/www.rri.ro\/de\/wp-json\/wp\/v2\/comments?post=893021"}],"version-history":[{"count":0,"href":"https:\/\/www.rri.ro\/de\/wp-json\/wp\/v2\/posts\/893021\/revisions"}],"wp:featuredmedia":[{"embeddable":true,"href":"https:\/\/www.rri.ro\/de\/wp-json\/wp\/v2\/media\/723386"}],"wp:attachment":[{"href":"https:\/\/www.rri.ro\/de\/wp-json\/wp\/v2\/media?parent=893021"}],"wp:term":[{"taxonomy":"category","embeddable":true,"href":"https:\/\/www.rri.ro\/de\/wp-json\/wp\/v2\/categories?post=893021"},{"taxonomy":"post_tag","embeddable":true,"href":"https:\/\/www.rri.ro\/de\/wp-json\/wp\/v2\/tags?post=893021"},{"taxonomy":"author","embeddable":true,"href":"https:\/\/www.rri.ro\/de\/wp-json\/wp\/v2\/coauthors?post=893021"}],"curies":[{"name":"wp","href":"https:\/\/api.w.org\/{rel}","templated":true}]}}