{"id":893826,"date":"2025-05-30T17:56:42","date_gmt":"2025-05-30T14:56:42","guid":{"rendered":"https:\/\/www.rri.ro\/?p=893826"},"modified":"2025-05-30T18:43:29","modified_gmt":"2025-05-30T15:43:29","slug":"nachrichten-30-05-2025","status":"publish","type":"post","link":"https:\/\/www.rri.ro\/de\/aktuell\/newsflash-de\/nachrichten-30-05-2025-id893826.html","title":{"rendered":"Nachrichten 30.05.2025"},"content":{"rendered":"<p>Der rum\u00e4nische Senat wird k\u00fcnftig j\u00e4hrlich rund 3,5 Millionen Euro einsparen \u2013 dank einer umfassenden Neuorganisierung, bei der etwa 150 Stellen abgebaut wurden. Ilie Bolojan, Pr\u00e4sident des Senats und Mitglied der Nationalliberalen Partei, erkl\u00e4rte in einem Online-Beitrag, dass die Reduzierung durch eine effizientere Personalplanung und eine Verringerung der Anzahl von Beratern bei den Aussch\u00fcssen sowie in den Abgeordnetenb\u00fcros erreicht wurde. Laut Bolojan arbeitet der Senat auch mit der neuen, kleineren Struktur reibungslos weiter. Zudem wurde ein elektronisches Anwesenheitssystem f\u00fcr die Mitarbeiter eingef\u00fchrt. Zu Jahresbeginn hatte es im Senat Proteste gegeben \u2013 Mitarbeiter reagierten mit einem spontanen Streik auf die angek\u00fcndigten Reformen.<\/p>\n<p>&nbsp;<\/p>\n<p>In Bukarest starten am Montag die pro-europ\u00e4ischen Parteien PSD, PNL, USR und UDMR Verhandlungen \u00fcber die Bildung einer neuen Regierung sowie ein Wirtschaftsprogramm zur Senkung des Haushaltsdefizits. Heute trafen sich die vier Parteichefs im Pr\u00e4sidentenpalast Cotroceni mit Staatspr\u00e4sident Nicu\u0219or Dan. Dieser erkl\u00e4rte, dass das neue Kabinett innerhalb der n\u00e4chsten zwei bis drei Wochen stehen soll. Besonders wichtig sei, so Dan, dass der k\u00fcnftige Premierminister glaubw\u00fcrdig ist \u2013 angesichts der bevorstehenden, strengen Sparma\u00dfnahmen. Nach dem Treffen betonte der Interims-Vorsitzende der USR, Dominic Fritz, dass die Gespr\u00e4che offen und konstruktiv verlaufen seien. Alle Parteien seien sich ihrer Verantwortung bewusst, eine stabile Regierung zu bilden, die Rum\u00e4nien aus der Haushaltskrise f\u00fchren kann. Fritz zeigte sich zudem optimistisch und erkl\u00e4rte, dass sich eine pro-europ\u00e4ische Regierungsmehrheit abzeichne.<\/p>\n<p>&nbsp;<\/p>\n<p>Rum\u00e4nien erh\u00e4lt von der Europ\u00e4ischen Kommission rund 1,3 Milliarden Euro aus der dritten Zahlungstranche des Nationalen Plans f\u00fcr Wiederaufbau und Resilienz. Dies gab der Minister f\u00fcr Investitionen und europ\u00e4ische Projekte, Marcel Bolo\u0219, bekannt. Die Mittel wurden vor zwei Tagen von Br\u00fcssel genehmigt und sollen bis zum 10. Juni ausgezahlt werden. Die dritte Zahlungsetappe umfasst Reformen in den Bereichen gr\u00fcne und digitale Transformation, nachhaltiger Verkehr, energetische Sanierung, Besteuerung und Renten, Wirtschaftsumfeld sowie gute Regierungsf\u00fchrung. Allerdings hat die Europ\u00e4ische Kommission die Auszahlung von 869 Millionen Euro bis Ende November ausgesetzt, da einige vereinbarte Ziele nicht erreicht wurden. Betroffen sind unter anderem die Einrichtung der \u00dcberwachungsbeh\u00f6rde f\u00fcr die Leistungsindikatoren \u00f6ffentlicher Unternehmen, Regelungen zu den Gesch\u00e4ftsf\u00fchrern der Unternehmen unter dem Energieministerium sowie Ma\u00dfnahmen im Bereich der Sonderrenten. Minister Bolo\u0219 teilte zudem mit, dass die Verhandlungen \u00fcber die vierte Zahlungsanforderung mit Br\u00fcssel laufen. Bukarest strebt an, deren Volumen von fast 2,7 Milliarden auf 5,7 Milliarden Euro zu erh\u00f6hen. Diese neue Forderung beinhaltet Steuerreformen, eine Umweltabgabe f\u00fcr Verkehrsmittel, das Energierecht, Justizgesetze sowie die Einf\u00fchrung eines einheitlichen Gehaltsgesetzes<\/p>\n<p>&nbsp;<\/p>\n<p>Schwere Regenf\u00e4lle haben in Rum\u00e4nien in den letzten Tagen in 200 Orten in 30 Landkreisen zu Problemen gef\u00fchrt. Nach dem letzten offiziellen Bericht wurden \u00fcber 500 Menschen evakuiert. Die gr\u00f6\u00dften Probleme gab es in den Landkreisen Bra\u015fov und Covasna (Zentrum), Boto\u015fani und Neam\u0163 (Nordosten), Vrancea und Bac\u0103u (Osten). Teams der rum\u00e4nischen Wasserbeh\u00f6rde sowie Feuerwehrleute waren in den betroffenen Gebieten im Einsatz, um die Situation zu bew\u00e4ltigen. Bilder vom Ort zeigen ausgedehnte \u00fcberflutete Gebiete, Menschen, die durch das Wasser laufen oder mit Booten versuchen, ihr Eigentum zu retten. Die Meteorologen sagen, dass sich das Wetter inzwischen gebessert hat. Die Regenf\u00e4lle werden jedoch anhalten, wenn auch mit geringerer Intensit\u00e4t.<\/p>\n<p>&nbsp;<\/p>\n<p>Das rum\u00e4nische Verfassungsgericht (CCR) muss rasch eine Begr\u00fcndung f\u00fcr die Entscheidung \u00fcber die Verm\u00f6genserkl\u00e4rung der W\u00fcrdentr\u00e4gern ausarbeiten und das Parlament muss das Gesetz \u00e4ndern, hat Pr\u00e4sident Nicu\u015for Dan heute gesagt. Er f\u00fcgte hinzu, dass seine Verm\u00f6genserkl\u00e4rung \u00f6ffentlich gemacht wird. Am Donnerstag beschloss das Verfassungsgericht, dass die Verm\u00f6genserkl\u00e4rungen von W\u00fcrdentr\u00e4gern nicht mehr auf der Website der Nationalen Integrit\u00e4tsbeh\u00f6rde oder auf den Online-Seiten anderer \u00f6ffentlicher Einrichtungen ver\u00f6ffentlicht werden d\u00fcrfen. Gleichzeitig wurde beschlossen, dass diese Erkl\u00e4rungen nicht mehr die Eink\u00fcnfte und Verm\u00f6genswerte der Ehepartner und Kinder enthalten d\u00fcrfen.<\/p>\n<p>&nbsp;<\/p>\n<p>Die Bev\u00f6lkerung des Landkreises Tulcea im S\u00fcdosten Rum\u00e4niens hat gestern Abend vor dem Hintergrund des russischen Krieges im Nachbarland Ukraine erneut eine RO-ALERT-Meldung \u00fcber die M\u00f6glichkeit herabfallender Objekte im Luftraum erhalten. Der Luftalarm dauerte 90 Minuten, aber nach Angaben der Beh\u00f6rden gab es keine Hilferufe an die Bev\u00f6lkerung. Seit September 2023 wurden fast 20 Drohnenfragmente auf rum\u00e4nischem Gebiet gefunden, die meisten davon im Landkreis Tulcea.<\/p>\n<p>&nbsp;<\/p>\n<p>Die rum\u00e4nischen Tennisspielerinnen Monica Niculescu und Jaqueline Cristian haben am Donnerstag ihre \u00a0\u00a0im Damendoppel in Roland Garros in Paris verloren. Monica Niculescu und die Polin Katarzyna Piter wurden von Leylah Fernandez (Kanada)\/Iulia Putin\u021beva (Kasachstan) mit 6:0, 6:2 besiegt. Und Jaqueline Cristian und Alexandra Panova (Russland) gaben in ihrem Match gegen die an Nummer sechs gesetzten Favoritinnen Veronika Kudermetova (Russland)\/Elise Mertens (Belgien) beim 6:0, 6:0 kein einziges Break ab. Jaqueline Cristian ist die einzige verbliebene Rum\u00e4nin in Roland Garros und spielt heute in der dritten Runde des Dameneinzels gegen Titelverteidigerin Iga Swiatek aus Polen.<\/p>\n","protected":false},"excerpt":{"rendered":"<p>Der rum\u00e4nische Senat wird k\u00fcnftig j\u00e4hrlich rund 3,5 Millionen Euro einsparen \u2013 dank einer umfassenden Neuorganisierung, bei der etwa 150 Stellen abgebaut wurden. Ilie Bolojan, Pr\u00e4sident des Senats und Mitglied der Nationalliberalen Partei, erkl\u00e4rte in einem Online-Beitrag, dass die Reduzierung durch eine effizientere Personalplanung und eine Verringerung der Anzahl von Beratern bei den Aussch\u00fcssen sowie [&hellip;]<\/p>\n","protected":false},"author":113,"featured_media":723386,"comment_status":"closed","ping_status":"closed","sticky":false,"template":"","format":"standard","meta":{"_acf_changed":false,"footnotes":""},"categories":[116753],"tags":[104239,171084,99586,154406,144540,99721,171085],"coauthors":[116091],"class_list":["post-893826","post","type-post","status-publish","format-standard","has-post-thumbnail","hentry","category-newsflash-de","tag-europaeischen-kommission","tag-haushaltskrise","tag-regierung","tag-senat-de","tag-tennis-de","tag-unwetter","tag-vermoegenserklaerung"],"acf":[],"yoast_head":"<!-- This site is optimized with the Yoast SEO plugin v27.3 - https:\/\/yoast.com\/product\/yoast-seo-wordpress\/ -->\n<title>Nachrichten 30.05.2025 - Radio Rum\u00e4nien International<\/title>\n<meta name=\"robots\" content=\"index, follow, max-snippet:-1, max-image-preview:large, max-video-preview:-1\" \/>\n<link rel=\"canonical\" href=\"https:\/\/www.rri.ro\/de\/aktuell\/newsflash-de\/nachrichten-30-05-2025-id893826.html\" \/>\n<meta property=\"og:locale\" content=\"de_DE\" \/>\n<meta property=\"og:type\" content=\"article\" \/>\n<meta property=\"og:title\" content=\"Nachrichten 30.05.2025 - Radio Rum\u00e4nien International\" \/>\n<meta property=\"og:description\" content=\"Der rum\u00e4nische Senat wird k\u00fcnftig j\u00e4hrlich rund 3,5 Millionen Euro einsparen \u2013 dank einer umfassenden Neuorganisierung, bei der etwa 150 Stellen abgebaut wurden. Ilie Bolojan, Pr\u00e4sident des Senats und Mitglied der Nationalliberalen Partei, erkl\u00e4rte in einem Online-Beitrag, dass die Reduzierung durch eine effizientere Personalplanung und eine Verringerung der Anzahl von Beratern bei den Aussch\u00fcssen sowie [&hellip;]\" \/>\n<meta property=\"og:url\" content=\"https:\/\/www.rri.ro\/de\/aktuell\/newsflash-de\/nachrichten-30-05-2025-id893826.html\" \/>\n<meta property=\"og:site_name\" content=\"Radio Rum\u00e4nien International\" \/>\n<meta property=\"article:published_time\" content=\"2025-05-30T14:56:42+00:00\" \/>\n<meta property=\"article:modified_time\" content=\"2025-05-30T15:43:29+00:00\" \/>\n<meta property=\"og:image\" content=\"https:\/\/www.rri.ro\/wp-content\/uploads\/2024\/03\/RRI-960x540-Nachrichten-2-NOU.jpg\" \/>\n\t<meta property=\"og:image:width\" content=\"960\" \/>\n\t<meta property=\"og:image:height\" content=\"540\" \/>\n\t<meta property=\"og:image:type\" content=\"image\/jpeg\" \/>\n<meta name=\"author\" content=\"Newsroom\" \/>\n<meta name=\"twitter:card\" content=\"summary_large_image\" \/>\n<meta name=\"twitter:label1\" content=\"Verfasst von\" \/>\n\t<meta name=\"twitter:data1\" content=\"Newsroom\" \/>\n\t<meta name=\"twitter:label2\" content=\"Gesch\u00e4tzte Lesezeit\" \/>\n\t<meta name=\"twitter:data2\" content=\"4\u00a0Minuten\" \/>\n\t<meta name=\"twitter:label3\" content=\"Written by\" \/>\n\t<meta name=\"twitter:data3\" content=\"Newsroom\" \/>\n<script type=\"application\/ld+json\" class=\"yoast-schema-graph\">{\"@context\":\"https:\\\/\\\/schema.org\",\"@graph\":[{\"@type\":\"Article\",\"@id\":\"https:\\\/\\\/www.rri.ro\\\/de\\\/aktuell\\\/newsflash-de\\\/nachrichten-30-05-2025-id893826.html#article\",\"isPartOf\":{\"@id\":\"https:\\\/\\\/www.rri.ro\\\/de\\\/aktuell\\\/newsflash-de\\\/nachrichten-30-05-2025-id893826.html\"},\"author\":{\"name\":\"Newsroom\",\"@id\":\"https:\\\/\\\/www.rri.ro\\\/#\\\/schema\\\/person\\\/4a479940371b9fdefd194f561e8a7f88\"},\"headline\":\"Nachrichten 30.05.2025\",\"datePublished\":\"2025-05-30T14:56:42+00:00\",\"dateModified\":\"2025-05-30T15:43:29+00:00\",\"mainEntityOfPage\":{\"@id\":\"https:\\\/\\\/www.rri.ro\\\/de\\\/aktuell\\\/newsflash-de\\\/nachrichten-30-05-2025-id893826.html\"},\"wordCount\":822,\"image\":{\"@id\":\"https:\\\/\\\/www.rri.ro\\\/de\\\/aktuell\\\/newsflash-de\\\/nachrichten-30-05-2025-id893826.html#primaryimage\"},\"thumbnailUrl\":\"https:\\\/\\\/www.rri.ro\\\/wp-content\\\/uploads\\\/2024\\\/03\\\/RRI-960x540-Nachrichten-2-NOU.jpg\",\"keywords\":[\"Europ\u00e4ischen Kommission\",\"Haushaltskrise\",\"Regierung\",\"Senat\",\"tennis\",\"Unwetter\",\"Verm\u00f6genserkl\u00e4rung\"],\"articleSection\":[\"Newsflash\"],\"inLanguage\":\"de\"},{\"@type\":\"WebPage\",\"@id\":\"https:\\\/\\\/www.rri.ro\\\/de\\\/aktuell\\\/newsflash-de\\\/nachrichten-30-05-2025-id893826.html\",\"url\":\"https:\\\/\\\/www.rri.ro\\\/de\\\/aktuell\\\/newsflash-de\\\/nachrichten-30-05-2025-id893826.html\",\"name\":\"Nachrichten 30.05.2025 - Radio Rum\u00e4nien International\",\"isPartOf\":{\"@id\":\"https:\\\/\\\/www.rri.ro\\\/#website\"},\"primaryImageOfPage\":{\"@id\":\"https:\\\/\\\/www.rri.ro\\\/de\\\/aktuell\\\/newsflash-de\\\/nachrichten-30-05-2025-id893826.html#primaryimage\"},\"image\":{\"@id\":\"https:\\\/\\\/www.rri.ro\\\/de\\\/aktuell\\\/newsflash-de\\\/nachrichten-30-05-2025-id893826.html#primaryimage\"},\"thumbnailUrl\":\"https:\\\/\\\/www.rri.ro\\\/wp-content\\\/uploads\\\/2024\\\/03\\\/RRI-960x540-Nachrichten-2-NOU.jpg\",\"datePublished\":\"2025-05-30T14:56:42+00:00\",\"dateModified\":\"2025-05-30T15:43:29+00:00\",\"author\":{\"@id\":\"https:\\\/\\\/www.rri.ro\\\/#\\\/schema\\\/person\\\/4a479940371b9fdefd194f561e8a7f88\"},\"breadcrumb\":{\"@id\":\"https:\\\/\\\/www.rri.ro\\\/de\\\/aktuell\\\/newsflash-de\\\/nachrichten-30-05-2025-id893826.html#breadcrumb\"},\"inLanguage\":\"de\",\"potentialAction\":[{\"@type\":\"ReadAction\",\"target\":[\"https:\\\/\\\/www.rri.ro\\\/de\\\/aktuell\\\/newsflash-de\\\/nachrichten-30-05-2025-id893826.html\"]}]},{\"@type\":\"ImageObject\",\"inLanguage\":\"de\",\"@id\":\"https:\\\/\\\/www.rri.ro\\\/de\\\/aktuell\\\/newsflash-de\\\/nachrichten-30-05-2025-id893826.html#primaryimage\",\"url\":\"https:\\\/\\\/www.rri.ro\\\/wp-content\\\/uploads\\\/2024\\\/03\\\/RRI-960x540-Nachrichten-2-NOU.jpg\",\"contentUrl\":\"https:\\\/\\\/www.rri.ro\\\/wp-content\\\/uploads\\\/2024\\\/03\\\/RRI-960x540-Nachrichten-2-NOU.jpg\",\"width\":960,\"height\":540},{\"@type\":\"BreadcrumbList\",\"@id\":\"https:\\\/\\\/www.rri.ro\\\/de\\\/aktuell\\\/newsflash-de\\\/nachrichten-30-05-2025-id893826.html#breadcrumb\",\"itemListElement\":[{\"@type\":\"ListItem\",\"position\":1,\"name\":\"Startseite\",\"item\":\"https:\\\/\\\/www.rri.ro\\\/de\"},{\"@type\":\"ListItem\",\"position\":2,\"name\":\"Aktuell\",\"item\":\"https:\\\/\\\/www.rri.ro\\\/de\\\/aktuell\"},{\"@type\":\"ListItem\",\"position\":3,\"name\":\"Newsflash\",\"item\":\"https:\\\/\\\/www.rri.ro\\\/de\\\/aktuell\\\/newsflash-de\"},{\"@type\":\"ListItem\",\"position\":4,\"name\":\"Nachrichten 30.05.2025\"}]},{\"@type\":\"WebSite\",\"@id\":\"https:\\\/\\\/www.rri.ro\\\/#website\",\"url\":\"https:\\\/\\\/www.rri.ro\\\/\",\"name\":\"Radio Rum\u00e4nien International\",\"description\":\"Totul despre Rom\u00e2nia \u015fi rom\u00e2ni, \u00een 13 limbi\\\/dialecte!\",\"inLanguage\":\"de\"},{\"@type\":\"Person\",\"@id\":\"https:\\\/\\\/www.rri.ro\\\/#\\\/schema\\\/person\\\/4a479940371b9fdefd194f561e8a7f88\",\"name\":\"Newsroom\",\"url\":\"https:\\\/\\\/www.rri.ro\\\/de\\\/author\\\/newsroom\"}]}<\/script>\n<!-- \/ Yoast SEO plugin. -->","yoast_head_json":{"title":"Nachrichten 30.05.2025 - Radio Rum\u00e4nien International","robots":{"index":"index","follow":"follow","max-snippet":"max-snippet:-1","max-image-preview":"max-image-preview:large","max-video-preview":"max-video-preview:-1"},"canonical":"https:\/\/www.rri.ro\/de\/aktuell\/newsflash-de\/nachrichten-30-05-2025-id893826.html","og_locale":"de_DE","og_type":"article","og_title":"Nachrichten 30.05.2025 - Radio Rum\u00e4nien International","og_description":"Der rum\u00e4nische Senat wird k\u00fcnftig j\u00e4hrlich rund 3,5 Millionen Euro einsparen \u2013 dank einer umfassenden Neuorganisierung, bei der etwa 150 Stellen abgebaut wurden. Ilie Bolojan, Pr\u00e4sident des Senats und Mitglied der Nationalliberalen Partei, erkl\u00e4rte in einem Online-Beitrag, dass die Reduzierung durch eine effizientere Personalplanung und eine Verringerung der Anzahl von Beratern bei den Aussch\u00fcssen sowie [&hellip;]","og_url":"https:\/\/www.rri.ro\/de\/aktuell\/newsflash-de\/nachrichten-30-05-2025-id893826.html","og_site_name":"Radio Rum\u00e4nien International","article_published_time":"2025-05-30T14:56:42+00:00","article_modified_time":"2025-05-30T15:43:29+00:00","og_image":[{"width":960,"height":540,"url":"https:\/\/www.rri.ro\/wp-content\/uploads\/2024\/03\/RRI-960x540-Nachrichten-2-NOU.jpg","type":"image\/jpeg"}],"author":"Newsroom","twitter_card":"summary_large_image","twitter_misc":{"Verfasst von":"Newsroom","Gesch\u00e4tzte Lesezeit":"4\u00a0Minuten","Written by":"Newsroom"},"schema":{"@context":"https:\/\/schema.org","@graph":[{"@type":"Article","@id":"https:\/\/www.rri.ro\/de\/aktuell\/newsflash-de\/nachrichten-30-05-2025-id893826.html#article","isPartOf":{"@id":"https:\/\/www.rri.ro\/de\/aktuell\/newsflash-de\/nachrichten-30-05-2025-id893826.html"},"author":{"name":"Newsroom","@id":"https:\/\/www.rri.ro\/#\/schema\/person\/4a479940371b9fdefd194f561e8a7f88"},"headline":"Nachrichten 30.05.2025","datePublished":"2025-05-30T14:56:42+00:00","dateModified":"2025-05-30T15:43:29+00:00","mainEntityOfPage":{"@id":"https:\/\/www.rri.ro\/de\/aktuell\/newsflash-de\/nachrichten-30-05-2025-id893826.html"},"wordCount":822,"image":{"@id":"https:\/\/www.rri.ro\/de\/aktuell\/newsflash-de\/nachrichten-30-05-2025-id893826.html#primaryimage"},"thumbnailUrl":"https:\/\/www.rri.ro\/wp-content\/uploads\/2024\/03\/RRI-960x540-Nachrichten-2-NOU.jpg","keywords":["Europ\u00e4ischen Kommission","Haushaltskrise","Regierung","Senat","tennis","Unwetter","Verm\u00f6genserkl\u00e4rung"],"articleSection":["Newsflash"],"inLanguage":"de"},{"@type":"WebPage","@id":"https:\/\/www.rri.ro\/de\/aktuell\/newsflash-de\/nachrichten-30-05-2025-id893826.html","url":"https:\/\/www.rri.ro\/de\/aktuell\/newsflash-de\/nachrichten-30-05-2025-id893826.html","name":"Nachrichten 30.05.2025 - Radio Rum\u00e4nien International","isPartOf":{"@id":"https:\/\/www.rri.ro\/#website"},"primaryImageOfPage":{"@id":"https:\/\/www.rri.ro\/de\/aktuell\/newsflash-de\/nachrichten-30-05-2025-id893826.html#primaryimage"},"image":{"@id":"https:\/\/www.rri.ro\/de\/aktuell\/newsflash-de\/nachrichten-30-05-2025-id893826.html#primaryimage"},"thumbnailUrl":"https:\/\/www.rri.ro\/wp-content\/uploads\/2024\/03\/RRI-960x540-Nachrichten-2-NOU.jpg","datePublished":"2025-05-30T14:56:42+00:00","dateModified":"2025-05-30T15:43:29+00:00","author":{"@id":"https:\/\/www.rri.ro\/#\/schema\/person\/4a479940371b9fdefd194f561e8a7f88"},"breadcrumb":{"@id":"https:\/\/www.rri.ro\/de\/aktuell\/newsflash-de\/nachrichten-30-05-2025-id893826.html#breadcrumb"},"inLanguage":"de","potentialAction":[{"@type":"ReadAction","target":["https:\/\/www.rri.ro\/de\/aktuell\/newsflash-de\/nachrichten-30-05-2025-id893826.html"]}]},{"@type":"ImageObject","inLanguage":"de","@id":"https:\/\/www.rri.ro\/de\/aktuell\/newsflash-de\/nachrichten-30-05-2025-id893826.html#primaryimage","url":"https:\/\/www.rri.ro\/wp-content\/uploads\/2024\/03\/RRI-960x540-Nachrichten-2-NOU.jpg","contentUrl":"https:\/\/www.rri.ro\/wp-content\/uploads\/2024\/03\/RRI-960x540-Nachrichten-2-NOU.jpg","width":960,"height":540},{"@type":"BreadcrumbList","@id":"https:\/\/www.rri.ro\/de\/aktuell\/newsflash-de\/nachrichten-30-05-2025-id893826.html#breadcrumb","itemListElement":[{"@type":"ListItem","position":1,"name":"Startseite","item":"https:\/\/www.rri.ro\/de"},{"@type":"ListItem","position":2,"name":"Aktuell","item":"https:\/\/www.rri.ro\/de\/aktuell"},{"@type":"ListItem","position":3,"name":"Newsflash","item":"https:\/\/www.rri.ro\/de\/aktuell\/newsflash-de"},{"@type":"ListItem","position":4,"name":"Nachrichten 30.05.2025"}]},{"@type":"WebSite","@id":"https:\/\/www.rri.ro\/#website","url":"https:\/\/www.rri.ro\/","name":"Radio Rum\u00e4nien International","description":"Totul despre Rom\u00e2nia \u015fi rom\u00e2ni, \u00een 13 limbi\/dialecte!","inLanguage":"de"},{"@type":"Person","@id":"https:\/\/www.rri.ro\/#\/schema\/person\/4a479940371b9fdefd194f561e8a7f88","name":"Newsroom","url":"https:\/\/www.rri.ro\/de\/author\/newsroom"}]}},"_links":{"self":[{"href":"https:\/\/www.rri.ro\/de\/wp-json\/wp\/v2\/posts\/893826","targetHints":{"allow":["GET"]}}],"collection":[{"href":"https:\/\/www.rri.ro\/de\/wp-json\/wp\/v2\/posts"}],"about":[{"href":"https:\/\/www.rri.ro\/de\/wp-json\/wp\/v2\/types\/post"}],"author":[{"embeddable":true,"href":"https:\/\/www.rri.ro\/de\/wp-json\/wp\/v2\/users\/113"}],"replies":[{"embeddable":true,"href":"https:\/\/www.rri.ro\/de\/wp-json\/wp\/v2\/comments?post=893826"}],"version-history":[{"count":0,"href":"https:\/\/www.rri.ro\/de\/wp-json\/wp\/v2\/posts\/893826\/revisions"}],"wp:featuredmedia":[{"embeddable":true,"href":"https:\/\/www.rri.ro\/de\/wp-json\/wp\/v2\/media\/723386"}],"wp:attachment":[{"href":"https:\/\/www.rri.ro\/de\/wp-json\/wp\/v2\/media?parent=893826"}],"wp:term":[{"taxonomy":"category","embeddable":true,"href":"https:\/\/www.rri.ro\/de\/wp-json\/wp\/v2\/categories?post=893826"},{"taxonomy":"post_tag","embeddable":true,"href":"https:\/\/www.rri.ro\/de\/wp-json\/wp\/v2\/tags?post=893826"},{"taxonomy":"author","embeddable":true,"href":"https:\/\/www.rri.ro\/de\/wp-json\/wp\/v2\/coauthors?post=893826"}],"curies":[{"name":"wp","href":"https:\/\/api.w.org\/{rel}","templated":true}]}}