{"id":894440,"date":"2025-06-02T14:16:40","date_gmt":"2025-06-02T11:16:40","guid":{"rendered":"https:\/\/www.rri.ro\/?p=894440"},"modified":"2025-06-02T14:16:40","modified_gmt":"2025-06-02T11:16:40","slug":"hochwasser-in-der-salzmine-praid-noteinsaetze-und-lagebericht","status":"publish","type":"post","link":"https:\/\/www.rri.ro\/de\/aktuell\/rri-aktuell\/hochwasser-in-der-salzmine-praid-noteinsaetze-und-lagebericht-id894440.html","title":{"rendered":"Hochwasser in der Salzmine Praid: Noteins\u00e4tze und Lagebericht"},"content":{"rendered":"<p>Die j\u00fcngsten \u00dcberschwemmungen im Kreis Harghita haben die Struktur der Salinen von Praid besch\u00e4digt \u2013 eines der beliebtesten Touristenziele Rum\u00e4niens. Ausgel\u00f6st wurden die Sch\u00e4den durch anhaltend starke Regenf\u00e4lle.\u00a0Die Salzvorkommen von Praid reichen bis in die R\u00f6merzeit zur\u00fcck und z\u00e4hlen zu den gr\u00f6\u00dften in Europa. Sie gelten als strategisch wichtig f\u00fcr die rum\u00e4nische Wirtschaft. Das staatliche Unternehmen, das die Salinen betreibt, verzeichnet j\u00e4hrlich steigende Gewinne \u2013 nicht zuletzt durch den Export in immer mehr europ\u00e4ische L\u00e4nder.<\/p>\n<p>Die Lage ist ernst. Die \u00dcberschwemmung betrifft die gesamte Bev\u00f6lkerung rund um die Salzmine von Praid \u2013 viele sind direkt von ihr abh\u00e4ngig.\u00a0Einsatzkr\u00e4fte, Polizei, Gendarmerie und zahlreiche Freiwillige sind vor Ort. Sie haben Schutzw\u00e4nde errichtet und Sands\u00e4cke gestapelt, um den Wasserdruck zu verringern und Geb\u00e4ude sowie Infrastruktur in der N\u00e4he zu sch\u00fctzen.<\/p>\n<p>Die Beh\u00f6rden haben die Lage neu bewertet \u2013 und reagieren. Zum Schutz der Bev\u00f6lkerung hat das Notfallkomitee im Kreis Harghita den Evakuierungsbereich erweitert.\u00a0Wie die Generalinspektion f\u00fcr Notfallsituationen mitteilt, wurden inzwischen Dutzende Haushalte in der N\u00e4he der Salinen ger\u00e4umt \u2013 darunter auch Wohnheime. Grund ist die Gefahr, dass der durch das viele Wasser aufgeweichte Boden einst\u00fcrzen k\u00f6nnte.<\/p>\n<p>Die Regierung reagiert jetzt auch finanziell auf die Krise im Salzbergwerk von Praid. Das Wirtschafts- und das Umweltministerium stellen gemeinsam 300 Millionen Lei \u2013 umgerechnet rund 60 Millionen Euro \u2013 als Notinvestition bereit.\u00a0Wirtschaftsminister Bogdan Ivan erkl\u00e4rte, mit dem Geld sollen Sofortma\u00dfnahmen finanziert werden \u2013 unter anderem die Umleitung des Flusses Corund und Arbeiten in der Mine selbst, damit die unterirdischen Zug\u00e4nge wieder sicher genutzt werden k\u00f6nnen.<\/p>\n<p>Auch das rum\u00e4nische Patriarchat beteiligt sich an der Hilfe f\u00fcr die Flutopfer in Harghita und Covasna. Es stellt 100.000 Lei Soforthilfe bereit \u2013 rund 20.000 Euro.\u00a0Gleichzeitig ruft die Kirche Klerus und Gl\u00e4ubige in allen Di\u00f6zesen auf, den Betroffenen sowohl materiell als auch seelisch beizustehen.<\/p>\n<p>Auch die Europ\u00e4ische Union hat ihre Hilfe angeboten \u2013 allerdings nur, wenn die Beh\u00f6rden in Bukarest\u00a0offiziell um Unterst\u00fctzung bitten.\u00a0Das erkl\u00e4rte EU-Kommissarin Hadja Lahbib auf eine Anfrage des Europaabgeordneten Victor Negrescu. Er hatte eine schnelle Soforthilfe f\u00fcr die Flutopfer in Praid und Umgebung gefordert.<\/p>\n","protected":false},"excerpt":{"rendered":"<p>Die j\u00fcngsten \u00dcberschwemmungen im Kreis Harghita haben die Struktur der Salinen von Praid besch\u00e4digt \u2013 eines der beliebtesten Touristenziele Rum\u00e4niens. Ausgel\u00f6st wurden die Sch\u00e4den durch anhaltend starke Regenf\u00e4lle.\u00a0Die Salzvorkommen von Praid reichen bis in die R\u00f6merzeit zur\u00fcck und z\u00e4hlen zu den gr\u00f6\u00dften in Europa. Sie gelten als strategisch wichtig f\u00fcr die rum\u00e4nische Wirtschaft. Das staatliche [&hellip;]<\/p>\n","protected":false},"author":46,"featured_media":894273,"comment_status":"closed","ping_status":"closed","sticky":false,"template":"","format":"standard","meta":{"_acf_changed":false,"footnotes":""},"categories":[99583],"tags":[99722,100977,171092,99589,121381,99723,153413],"coauthors":[115852,113313],"class_list":["post-894440","post","type-post","status-publish","format-standard","has-post-thumbnail","hentry","category-rri-aktuell","tag-hochwasser","tag-noteinsatz","tag-praid-de","tag-rumaenien","tag-salzbergwerk","tag-ueberschwemmungen","tag-victor-negrescu-de"],"acf":[],"yoast_head":"<!-- This site is optimized with the Yoast SEO plugin v27.3 - https:\/\/yoast.com\/product\/yoast-seo-wordpress\/ -->\n<title>Hochwasser in der Salzmine Praid: Noteins\u00e4tze und Lagebericht - Radio Rum\u00e4nien International<\/title>\n<meta name=\"robots\" content=\"index, follow, max-snippet:-1, max-image-preview:large, max-video-preview:-1\" \/>\n<link rel=\"canonical\" href=\"https:\/\/www.rri.ro\/de\/aktuell\/rri-aktuell\/hochwasser-in-der-salzmine-praid-noteinsaetze-und-lagebericht-id894440.html\" \/>\n<meta property=\"og:locale\" content=\"de_DE\" \/>\n<meta property=\"og:type\" content=\"article\" \/>\n<meta property=\"og:title\" content=\"Hochwasser in der Salzmine Praid: Noteins\u00e4tze und Lagebericht - Radio Rum\u00e4nien International\" \/>\n<meta property=\"og:description\" content=\"Die j\u00fcngsten \u00dcberschwemmungen im Kreis Harghita haben die Struktur der Salinen von Praid besch\u00e4digt \u2013 eines der beliebtesten Touristenziele Rum\u00e4niens. Ausgel\u00f6st wurden die Sch\u00e4den durch anhaltend starke Regenf\u00e4lle.\u00a0Die Salzvorkommen von Praid reichen bis in die R\u00f6merzeit zur\u00fcck und z\u00e4hlen zu den gr\u00f6\u00dften in Europa. Sie gelten als strategisch wichtig f\u00fcr die rum\u00e4nische Wirtschaft. Das staatliche [&hellip;]\" \/>\n<meta property=\"og:url\" content=\"https:\/\/www.rri.ro\/de\/aktuell\/rri-aktuell\/hochwasser-in-der-salzmine-praid-noteinsaetze-und-lagebericht-id894440.html\" \/>\n<meta property=\"og:site_name\" content=\"Radio Rum\u00e4nien International\" \/>\n<meta property=\"article:published_time\" content=\"2025-06-02T11:16:40+00:00\" \/>\n<meta property=\"og:image\" content=\"https:\/\/www.rri.ro\/wp-content\/uploads\/2025\/06\/inundatii-Praid-foto-fb-Nicusor-Dan.jpg\" \/>\n\t<meta property=\"og:image:width\" content=\"1200\" \/>\n\t<meta property=\"og:image:height\" content=\"800\" \/>\n\t<meta property=\"og:image:type\" content=\"image\/jpeg\" \/>\n<meta name=\"author\" content=\"Leyla Cheamil, Alex Sterescu\" \/>\n<meta name=\"twitter:card\" content=\"summary_large_image\" \/>\n<meta name=\"twitter:label1\" content=\"Verfasst von\" \/>\n\t<meta name=\"twitter:data1\" content=\"Leyla Cheamil\" \/>\n\t<meta name=\"twitter:label2\" content=\"Gesch\u00e4tzte Lesezeit\" \/>\n\t<meta name=\"twitter:data2\" content=\"2\u00a0Minuten\" \/>\n\t<meta name=\"twitter:label3\" content=\"Written by\" \/>\n\t<meta name=\"twitter:data3\" content=\"Leyla Cheamil, Alex Sterescu\" \/>\n<script type=\"application\/ld+json\" class=\"yoast-schema-graph\">{\"@context\":\"https:\\\/\\\/schema.org\",\"@graph\":[{\"@type\":\"Article\",\"@id\":\"https:\\\/\\\/www.rri.ro\\\/de\\\/aktuell\\\/rri-aktuell\\\/hochwasser-in-der-salzmine-praid-noteinsaetze-und-lagebericht-id894440.html#article\",\"isPartOf\":{\"@id\":\"https:\\\/\\\/www.rri.ro\\\/de\\\/aktuell\\\/rri-aktuell\\\/hochwasser-in-der-salzmine-praid-noteinsaetze-und-lagebericht-id894440.html\"},\"author\":{\"name\":\"Leyla Cheamil\",\"@id\":\"https:\\\/\\\/www.rri.ro\\\/#\\\/schema\\\/person\\\/e6364ed2d4b6af207a82ca66000d07e0\"},\"headline\":\"Hochwasser in der Salzmine Praid: Noteins\u00e4tze und Lagebericht\",\"datePublished\":\"2025-06-02T11:16:40+00:00\",\"mainEntityOfPage\":{\"@id\":\"https:\\\/\\\/www.rri.ro\\\/de\\\/aktuell\\\/rri-aktuell\\\/hochwasser-in-der-salzmine-praid-noteinsaetze-und-lagebericht-id894440.html\"},\"wordCount\":381,\"image\":{\"@id\":\"https:\\\/\\\/www.rri.ro\\\/de\\\/aktuell\\\/rri-aktuell\\\/hochwasser-in-der-salzmine-praid-noteinsaetze-und-lagebericht-id894440.html#primaryimage\"},\"thumbnailUrl\":\"https:\\\/\\\/www.rri.ro\\\/wp-content\\\/uploads\\\/2025\\\/06\\\/inundatii-Praid-foto-fb-Nicusor-Dan.jpg\",\"keywords\":[\"Hochwasser\",\"Noteinsatz\",\"Praid\",\"Rum\u00e4nien\",\"Salzbergwerk\",\"\u00dcberschwemmungen\",\"Victor Negrescu\"],\"articleSection\":[\"RRI Aktuell\"],\"inLanguage\":\"de\"},{\"@type\":\"WebPage\",\"@id\":\"https:\\\/\\\/www.rri.ro\\\/de\\\/aktuell\\\/rri-aktuell\\\/hochwasser-in-der-salzmine-praid-noteinsaetze-und-lagebericht-id894440.html\",\"url\":\"https:\\\/\\\/www.rri.ro\\\/de\\\/aktuell\\\/rri-aktuell\\\/hochwasser-in-der-salzmine-praid-noteinsaetze-und-lagebericht-id894440.html\",\"name\":\"Hochwasser in der Salzmine Praid: Noteins\u00e4tze und Lagebericht - Radio Rum\u00e4nien International\",\"isPartOf\":{\"@id\":\"https:\\\/\\\/www.rri.ro\\\/#website\"},\"primaryImageOfPage\":{\"@id\":\"https:\\\/\\\/www.rri.ro\\\/de\\\/aktuell\\\/rri-aktuell\\\/hochwasser-in-der-salzmine-praid-noteinsaetze-und-lagebericht-id894440.html#primaryimage\"},\"image\":{\"@id\":\"https:\\\/\\\/www.rri.ro\\\/de\\\/aktuell\\\/rri-aktuell\\\/hochwasser-in-der-salzmine-praid-noteinsaetze-und-lagebericht-id894440.html#primaryimage\"},\"thumbnailUrl\":\"https:\\\/\\\/www.rri.ro\\\/wp-content\\\/uploads\\\/2025\\\/06\\\/inundatii-Praid-foto-fb-Nicusor-Dan.jpg\",\"datePublished\":\"2025-06-02T11:16:40+00:00\",\"author\":{\"@id\":\"https:\\\/\\\/www.rri.ro\\\/#\\\/schema\\\/person\\\/e6364ed2d4b6af207a82ca66000d07e0\"},\"breadcrumb\":{\"@id\":\"https:\\\/\\\/www.rri.ro\\\/de\\\/aktuell\\\/rri-aktuell\\\/hochwasser-in-der-salzmine-praid-noteinsaetze-und-lagebericht-id894440.html#breadcrumb\"},\"inLanguage\":\"de\",\"potentialAction\":[{\"@type\":\"ReadAction\",\"target\":[\"https:\\\/\\\/www.rri.ro\\\/de\\\/aktuell\\\/rri-aktuell\\\/hochwasser-in-der-salzmine-praid-noteinsaetze-und-lagebericht-id894440.html\"]}]},{\"@type\":\"ImageObject\",\"inLanguage\":\"de\",\"@id\":\"https:\\\/\\\/www.rri.ro\\\/de\\\/aktuell\\\/rri-aktuell\\\/hochwasser-in-der-salzmine-praid-noteinsaetze-und-lagebericht-id894440.html#primaryimage\",\"url\":\"https:\\\/\\\/www.rri.ro\\\/wp-content\\\/uploads\\\/2025\\\/06\\\/inundatii-Praid-foto-fb-Nicusor-Dan.jpg\",\"contentUrl\":\"https:\\\/\\\/www.rri.ro\\\/wp-content\\\/uploads\\\/2025\\\/06\\\/inundatii-Praid-foto-fb-Nicusor-Dan.jpg\",\"width\":1200,\"height\":800,\"caption\":\"Inunda\u0163ii la Praid\"},{\"@type\":\"BreadcrumbList\",\"@id\":\"https:\\\/\\\/www.rri.ro\\\/de\\\/aktuell\\\/rri-aktuell\\\/hochwasser-in-der-salzmine-praid-noteinsaetze-und-lagebericht-id894440.html#breadcrumb\",\"itemListElement\":[{\"@type\":\"ListItem\",\"position\":1,\"name\":\"Startseite\",\"item\":\"https:\\\/\\\/www.rri.ro\\\/de\"},{\"@type\":\"ListItem\",\"position\":2,\"name\":\"Aktuell\",\"item\":\"https:\\\/\\\/www.rri.ro\\\/de\\\/aktuell\"},{\"@type\":\"ListItem\",\"position\":3,\"name\":\"RRI Aktuell\",\"item\":\"https:\\\/\\\/www.rri.ro\\\/de\\\/aktuell\\\/rri-aktuell\"},{\"@type\":\"ListItem\",\"position\":4,\"name\":\"Hochwasser in der Salzmine Praid: Noteins\u00e4tze und Lagebericht\"}]},{\"@type\":\"WebSite\",\"@id\":\"https:\\\/\\\/www.rri.ro\\\/#website\",\"url\":\"https:\\\/\\\/www.rri.ro\\\/\",\"name\":\"Radio Rum\u00e4nien International\",\"description\":\"Totul despre Rom\u00e2nia \u015fi rom\u00e2ni, \u00een 13 limbi\\\/dialecte!\",\"inLanguage\":\"de\"},{\"@type\":\"Person\",\"@id\":\"https:\\\/\\\/www.rri.ro\\\/#\\\/schema\\\/person\\\/e6364ed2d4b6af207a82ca66000d07e0\",\"name\":\"Leyla Cheamil\",\"url\":\"https:\\\/\\\/www.rri.ro\\\/de\\\/author\\\/leyla-cheamil\"}]}<\/script>\n<!-- \/ Yoast SEO plugin. -->","yoast_head_json":{"title":"Hochwasser in der Salzmine Praid: Noteins\u00e4tze und Lagebericht - Radio Rum\u00e4nien International","robots":{"index":"index","follow":"follow","max-snippet":"max-snippet:-1","max-image-preview":"max-image-preview:large","max-video-preview":"max-video-preview:-1"},"canonical":"https:\/\/www.rri.ro\/de\/aktuell\/rri-aktuell\/hochwasser-in-der-salzmine-praid-noteinsaetze-und-lagebericht-id894440.html","og_locale":"de_DE","og_type":"article","og_title":"Hochwasser in der Salzmine Praid: Noteins\u00e4tze und Lagebericht - Radio Rum\u00e4nien International","og_description":"Die j\u00fcngsten \u00dcberschwemmungen im Kreis Harghita haben die Struktur der Salinen von Praid besch\u00e4digt \u2013 eines der beliebtesten Touristenziele Rum\u00e4niens. Ausgel\u00f6st wurden die Sch\u00e4den durch anhaltend starke Regenf\u00e4lle.\u00a0Die Salzvorkommen von Praid reichen bis in die R\u00f6merzeit zur\u00fcck und z\u00e4hlen zu den gr\u00f6\u00dften in Europa. Sie gelten als strategisch wichtig f\u00fcr die rum\u00e4nische Wirtschaft. Das staatliche [&hellip;]","og_url":"https:\/\/www.rri.ro\/de\/aktuell\/rri-aktuell\/hochwasser-in-der-salzmine-praid-noteinsaetze-und-lagebericht-id894440.html","og_site_name":"Radio Rum\u00e4nien International","article_published_time":"2025-06-02T11:16:40+00:00","og_image":[{"width":1200,"height":800,"url":"https:\/\/www.rri.ro\/wp-content\/uploads\/2025\/06\/inundatii-Praid-foto-fb-Nicusor-Dan.jpg","type":"image\/jpeg"}],"author":"Leyla Cheamil, Alex Sterescu","twitter_card":"summary_large_image","twitter_misc":{"Verfasst von":"Leyla Cheamil","Gesch\u00e4tzte Lesezeit":"2\u00a0Minuten","Written by":"Leyla Cheamil, Alex Sterescu"},"schema":{"@context":"https:\/\/schema.org","@graph":[{"@type":"Article","@id":"https:\/\/www.rri.ro\/de\/aktuell\/rri-aktuell\/hochwasser-in-der-salzmine-praid-noteinsaetze-und-lagebericht-id894440.html#article","isPartOf":{"@id":"https:\/\/www.rri.ro\/de\/aktuell\/rri-aktuell\/hochwasser-in-der-salzmine-praid-noteinsaetze-und-lagebericht-id894440.html"},"author":{"name":"Leyla Cheamil","@id":"https:\/\/www.rri.ro\/#\/schema\/person\/e6364ed2d4b6af207a82ca66000d07e0"},"headline":"Hochwasser in der Salzmine Praid: Noteins\u00e4tze und Lagebericht","datePublished":"2025-06-02T11:16:40+00:00","mainEntityOfPage":{"@id":"https:\/\/www.rri.ro\/de\/aktuell\/rri-aktuell\/hochwasser-in-der-salzmine-praid-noteinsaetze-und-lagebericht-id894440.html"},"wordCount":381,"image":{"@id":"https:\/\/www.rri.ro\/de\/aktuell\/rri-aktuell\/hochwasser-in-der-salzmine-praid-noteinsaetze-und-lagebericht-id894440.html#primaryimage"},"thumbnailUrl":"https:\/\/www.rri.ro\/wp-content\/uploads\/2025\/06\/inundatii-Praid-foto-fb-Nicusor-Dan.jpg","keywords":["Hochwasser","Noteinsatz","Praid","Rum\u00e4nien","Salzbergwerk","\u00dcberschwemmungen","Victor Negrescu"],"articleSection":["RRI Aktuell"],"inLanguage":"de"},{"@type":"WebPage","@id":"https:\/\/www.rri.ro\/de\/aktuell\/rri-aktuell\/hochwasser-in-der-salzmine-praid-noteinsaetze-und-lagebericht-id894440.html","url":"https:\/\/www.rri.ro\/de\/aktuell\/rri-aktuell\/hochwasser-in-der-salzmine-praid-noteinsaetze-und-lagebericht-id894440.html","name":"Hochwasser in der Salzmine Praid: Noteins\u00e4tze und Lagebericht - Radio Rum\u00e4nien International","isPartOf":{"@id":"https:\/\/www.rri.ro\/#website"},"primaryImageOfPage":{"@id":"https:\/\/www.rri.ro\/de\/aktuell\/rri-aktuell\/hochwasser-in-der-salzmine-praid-noteinsaetze-und-lagebericht-id894440.html#primaryimage"},"image":{"@id":"https:\/\/www.rri.ro\/de\/aktuell\/rri-aktuell\/hochwasser-in-der-salzmine-praid-noteinsaetze-und-lagebericht-id894440.html#primaryimage"},"thumbnailUrl":"https:\/\/www.rri.ro\/wp-content\/uploads\/2025\/06\/inundatii-Praid-foto-fb-Nicusor-Dan.jpg","datePublished":"2025-06-02T11:16:40+00:00","author":{"@id":"https:\/\/www.rri.ro\/#\/schema\/person\/e6364ed2d4b6af207a82ca66000d07e0"},"breadcrumb":{"@id":"https:\/\/www.rri.ro\/de\/aktuell\/rri-aktuell\/hochwasser-in-der-salzmine-praid-noteinsaetze-und-lagebericht-id894440.html#breadcrumb"},"inLanguage":"de","potentialAction":[{"@type":"ReadAction","target":["https:\/\/www.rri.ro\/de\/aktuell\/rri-aktuell\/hochwasser-in-der-salzmine-praid-noteinsaetze-und-lagebericht-id894440.html"]}]},{"@type":"ImageObject","inLanguage":"de","@id":"https:\/\/www.rri.ro\/de\/aktuell\/rri-aktuell\/hochwasser-in-der-salzmine-praid-noteinsaetze-und-lagebericht-id894440.html#primaryimage","url":"https:\/\/www.rri.ro\/wp-content\/uploads\/2025\/06\/inundatii-Praid-foto-fb-Nicusor-Dan.jpg","contentUrl":"https:\/\/www.rri.ro\/wp-content\/uploads\/2025\/06\/inundatii-Praid-foto-fb-Nicusor-Dan.jpg","width":1200,"height":800,"caption":"Inunda\u0163ii la Praid"},{"@type":"BreadcrumbList","@id":"https:\/\/www.rri.ro\/de\/aktuell\/rri-aktuell\/hochwasser-in-der-salzmine-praid-noteinsaetze-und-lagebericht-id894440.html#breadcrumb","itemListElement":[{"@type":"ListItem","position":1,"name":"Startseite","item":"https:\/\/www.rri.ro\/de"},{"@type":"ListItem","position":2,"name":"Aktuell","item":"https:\/\/www.rri.ro\/de\/aktuell"},{"@type":"ListItem","position":3,"name":"RRI Aktuell","item":"https:\/\/www.rri.ro\/de\/aktuell\/rri-aktuell"},{"@type":"ListItem","position":4,"name":"Hochwasser in der Salzmine Praid: Noteins\u00e4tze und Lagebericht"}]},{"@type":"WebSite","@id":"https:\/\/www.rri.ro\/#website","url":"https:\/\/www.rri.ro\/","name":"Radio Rum\u00e4nien International","description":"Totul despre Rom\u00e2nia \u015fi rom\u00e2ni, \u00een 13 limbi\/dialecte!","inLanguage":"de"},{"@type":"Person","@id":"https:\/\/www.rri.ro\/#\/schema\/person\/e6364ed2d4b6af207a82ca66000d07e0","name":"Leyla Cheamil","url":"https:\/\/www.rri.ro\/de\/author\/leyla-cheamil"}]}},"_links":{"self":[{"href":"https:\/\/www.rri.ro\/de\/wp-json\/wp\/v2\/posts\/894440","targetHints":{"allow":["GET"]}}],"collection":[{"href":"https:\/\/www.rri.ro\/de\/wp-json\/wp\/v2\/posts"}],"about":[{"href":"https:\/\/www.rri.ro\/de\/wp-json\/wp\/v2\/types\/post"}],"author":[{"embeddable":true,"href":"https:\/\/www.rri.ro\/de\/wp-json\/wp\/v2\/users\/46"}],"replies":[{"embeddable":true,"href":"https:\/\/www.rri.ro\/de\/wp-json\/wp\/v2\/comments?post=894440"}],"version-history":[{"count":0,"href":"https:\/\/www.rri.ro\/de\/wp-json\/wp\/v2\/posts\/894440\/revisions"}],"wp:featuredmedia":[{"embeddable":true,"href":"https:\/\/www.rri.ro\/de\/wp-json\/wp\/v2\/media\/894273"}],"wp:attachment":[{"href":"https:\/\/www.rri.ro\/de\/wp-json\/wp\/v2\/media?parent=894440"}],"wp:term":[{"taxonomy":"category","embeddable":true,"href":"https:\/\/www.rri.ro\/de\/wp-json\/wp\/v2\/categories?post=894440"},{"taxonomy":"post_tag","embeddable":true,"href":"https:\/\/www.rri.ro\/de\/wp-json\/wp\/v2\/tags?post=894440"},{"taxonomy":"author","embeddable":true,"href":"https:\/\/www.rri.ro\/de\/wp-json\/wp\/v2\/coauthors?post=894440"}],"curies":[{"name":"wp","href":"https:\/\/api.w.org\/{rel}","templated":true}]}}