{"id":895417,"date":"2025-06-04T13:22:54","date_gmt":"2025-06-04T10:22:54","guid":{"rendered":"https:\/\/www.rri.ro\/?p=895417"},"modified":"2025-06-04T13:22:54","modified_gmt":"2025-06-04T10:22:54","slug":"gewalt-gegen-frauen-im-fokus","status":"publish","type":"post","link":"https:\/\/www.rri.ro\/de\/aktuell\/rri-aktuell\/gewalt-gegen-frauen-im-fokus-id895417.html","title":{"rendered":"Gewalt gegen Frauen im Fokus"},"content":{"rendered":"<p>Tausende Menschen protestierten am Dienstagabend im Zentrum von Bukarest gegen Gewalt gegen Frauen und forderten von der Regierung wirksame Ma\u00dfnahmen zu ihrem Schutz. Sie machten darauf aufmerksam, dass die rum\u00e4nische Gesellschaft dazu neigt, Gewalt und Missbrauch jeglicher Art, insbesondere gegen Frauen, zu verharmlosen. Die Aktion fand statt, nachdem eine 23-j\u00e4hrige schwangere Frau von ihrem Ex-Partner auf offener Stra\u00dfe vor den Augen ihrer dreij\u00e4hrigen Tochter erschossen worden war. Der T\u00e4ter ist ein Wiederholungst\u00e4ter, und trotz zahlreicher Schutzanordnungen und Anzeigen bei der Polizei hat das System versagt, das Opfer zu sch\u00fctzen.<\/p>\n<p>Die Demonstranten sind der Meinung, dass Gewalt gegen Frauen nicht ausreichend geahndet, sondern sogar von den Beh\u00f6rden toleriert wird und dass letztendlich auch das Opfer f\u00fcr die entstandene Situation verantwortlich gemacht wird. Die vom FILIA-Zentrum, dem Zentrum f\u00fcr Rechtsressourcen und Feminismus Rum\u00e4nien, organisierte Demonstration macht darauf aufmerksam, dass dies seit Jahresbeginn das 25. Opfer von Femizid in Rum\u00e4nien ist. Dar\u00fcber hinaus gab es laut Angaben des Innenministeriums allein in den ersten vier Monaten dieses Jahres \u00fcber 40.000 F\u00e4lle von h\u00e4uslicher Gewalt in Rum\u00e4nien. Die vor der Regierung in Bukarest versammelten NGOs forderten, dass Femizid, also die T\u00f6tung einer Frau aus geschlechtsspezifischen Gr\u00fcnden, als eigenst\u00e4ndiger Straftatbestand in das Strafgesetzbuch aufgenommen wird.<\/p>\n<p>In einem privaten Fernsehsender erkl\u00e4rte Innenminister C\u0103t\u0103lin Predoiu, dass die bestehenden Instrumente in diesem Bereich denen in Europa \u00e4hneln, r\u00e4umte jedoch ein, dass in Rum\u00e4nien wahrscheinlich strengere Ma\u00dfnahmen erforderlich sind. Er erkl\u00e4rte au\u00dferdem, dass F\u00e4lle von h\u00e4uslicher Gewalt derzeit genauso ernst genommen werden wie jede andere Art von Straftat. Vorl\u00e4ufig haben die Liberalen dem Parlament einen Gesetzentwurf vorgelegt, der eine Befreiung von der Zahlung der Gerichtsgeb\u00fchren f\u00fcr Scheidungs- und Verm\u00f6gensaufteilungsantr\u00e4ge vorsieht. Die Initiatorin des Entwurfs, die Abgeordnete Alina Gorghiu, behauptet, dass die Ma\u00dfnahme Opfern h\u00e4uslicher Gewalt dabei hilft, Traumata zu \u00fcberwinden und wieder ein unabh\u00e4ngiges Leben zu f\u00fchren.<\/p>\n<p>Am Montag debattierten die Abgeordneten \u00fcber einen Gesetzentwurf mit dem Titel \u201eRum\u00e4nien ohne Gewalt\u201c, der eine Versch\u00e4rfung der Strafen f\u00fcr Gewalttaten vorsieht. Der Gesetzentwurf sieht Freiheitsstrafen von sechs Monaten bis zu drei Jahren oder eine Geldstrafe f\u00fcr Schl\u00e4ge oder andere Gewalttaten vor, die k\u00f6rperliches Leid verursachen. Es sollte auch erw\u00e4hnt werden, dass h\u00e4usliche und geschlechtsspezifische Gewalt in ganz Europa weit verbreitet sind. Das geht zumindest aus der j\u00fcngsten Eurostat-Studie hervor, die auf der Website des Europ\u00e4ischen Parlaments ver\u00f6ffentlicht wurde. Demnach hat jede dritte Frau in der EU seit ihrem 15. Lebensjahr geschlechtsspezifische Gewalt erlebt, und rund 17 % der Frauen wurden von einem Intimpartner Gewalt angetan.<\/p>\n<p>Die meisten EU-L\u00e4nder haben Gesetze zur Bek\u00e4mpfung von Gewalt aufgrund des Geschlechts oder der sexuellen Orientierung einer Person, aber das Fehlen einer gemeinsamen Definition von geschlechtsspezifischer Gewalt und gemeinsamer Regeln gegen dieses \u00dcbel tr\u00e4gt dazu bei, dass es weiterbesteht \u2013 so die Auffassung des europ\u00e4ischen Gesetzgebers. Aus diesem Grund hat das Europ\u00e4ische Parlament wiederholt neue EU-Rechtsvorschriften in diesem Bereich gefordert und zu mehr Ma\u00dfnahmen zu ihrer Bek\u00e4mpfung aufgerufen.<\/p>\n","protected":false},"excerpt":{"rendered":"<p>Tausende Menschen protestierten am Dienstagabend im Zentrum von Bukarest gegen Gewalt gegen Frauen und forderten von der Regierung wirksame Ma\u00dfnahmen zu ihrem Schutz. Sie machten darauf aufmerksam, dass die rum\u00e4nische Gesellschaft dazu neigt, Gewalt und Missbrauch jeglicher Art, insbesondere gegen Frauen, zu verharmlosen. Die Aktion fand statt, nachdem eine 23-j\u00e4hrige schwangere Frau von ihrem Ex-Partner [&hellip;]<\/p>\n","protected":false},"author":107,"featured_media":895310,"comment_status":"closed","ping_status":"closed","sticky":false,"template":"","format":"standard","meta":{"_acf_changed":false,"footnotes":""},"categories":[99583],"tags":[102860,120590,119661,143895],"coauthors":[113282,113301],"class_list":["post-895417","post","type-post","status-publish","format-standard","has-post-thumbnail","hentry","category-rri-aktuell","tag-demonstration","tag-gewalt-gegen-frauen","tag-haeusliche-gewalt","tag-proteste-de"],"acf":[],"yoast_head":"<!-- This site is optimized with the Yoast SEO plugin v27.5 - https:\/\/yoast.com\/product\/yoast-seo-wordpress\/ -->\n<title>Gewalt gegen Frauen im Fokus - Radio Rum\u00e4nien International<\/title>\n<meta name=\"robots\" content=\"index, follow, max-snippet:-1, max-image-preview:large, max-video-preview:-1\" \/>\n<link rel=\"canonical\" href=\"https:\/\/www.rri.ro\/de\/aktuell\/rri-aktuell\/gewalt-gegen-frauen-im-fokus-id895417.html\" \/>\n<meta property=\"og:locale\" content=\"de_DE\" \/>\n<meta property=\"og:type\" content=\"article\" \/>\n<meta property=\"og:title\" content=\"Gewalt gegen Frauen im Fokus - Radio Rum\u00e4nien International\" \/>\n<meta property=\"og:description\" content=\"Tausende Menschen protestierten am Dienstagabend im Zentrum von Bukarest gegen Gewalt gegen Frauen und forderten von der Regierung wirksame Ma\u00dfnahmen zu ihrem Schutz. Sie machten darauf aufmerksam, dass die rum\u00e4nische Gesellschaft dazu neigt, Gewalt und Missbrauch jeglicher Art, insbesondere gegen Frauen, zu verharmlosen. Die Aktion fand statt, nachdem eine 23-j\u00e4hrige schwangere Frau von ihrem Ex-Partner [&hellip;]\" \/>\n<meta property=\"og:url\" content=\"https:\/\/www.rri.ro\/de\/aktuell\/rri-aktuell\/gewalt-gegen-frauen-im-fokus-id895417.html\" \/>\n<meta property=\"og:site_name\" content=\"Radio Rum\u00e4nien International\" \/>\n<meta property=\"article:published_time\" content=\"2025-06-04T10:22:54+00:00\" \/>\n<meta property=\"og:image\" content=\"https:\/\/www.rri.ro\/wp-content\/uploads\/2025\/06\/femeie-agresata-foto-pixabay.jpg\" \/>\n\t<meta property=\"og:image:width\" content=\"853\" \/>\n\t<meta property=\"og:image:height\" content=\"1118\" \/>\n\t<meta property=\"og:image:type\" content=\"image\/jpeg\" \/>\n<meta name=\"author\" content=\"Daniela Budu, Florin Lungu\" \/>\n<meta name=\"twitter:card\" content=\"summary_large_image\" \/>\n<meta name=\"twitter:label1\" content=\"Verfasst von\" \/>\n\t<meta name=\"twitter:data1\" content=\"Daniela Budu\" \/>\n\t<meta name=\"twitter:label2\" content=\"Gesch\u00e4tzte Lesezeit\" \/>\n\t<meta name=\"twitter:data2\" content=\"3\u00a0Minuten\" \/>\n\t<meta name=\"twitter:label3\" content=\"Written by\" \/>\n\t<meta name=\"twitter:data3\" content=\"Daniela Budu, Florin Lungu\" \/>\n<script type=\"application\/ld+json\" class=\"yoast-schema-graph\">{\"@context\":\"https:\\\/\\\/schema.org\",\"@graph\":[{\"@type\":\"Article\",\"@id\":\"https:\\\/\\\/www.rri.ro\\\/de\\\/aktuell\\\/rri-aktuell\\\/gewalt-gegen-frauen-im-fokus-id895417.html#article\",\"isPartOf\":{\"@id\":\"https:\\\/\\\/www.rri.ro\\\/de\\\/aktuell\\\/rri-aktuell\\\/gewalt-gegen-frauen-im-fokus-id895417.html\"},\"author\":{\"name\":\"Daniela Budu\",\"@id\":\"https:\\\/\\\/www.rri.ro\\\/#\\\/schema\\\/person\\\/b46b8f80d7d6e4b5ac9f14f0acbad0c4\"},\"headline\":\"Gewalt gegen Frauen im Fokus\",\"datePublished\":\"2025-06-04T10:22:54+00:00\",\"mainEntityOfPage\":{\"@id\":\"https:\\\/\\\/www.rri.ro\\\/de\\\/aktuell\\\/rri-aktuell\\\/gewalt-gegen-frauen-im-fokus-id895417.html\"},\"wordCount\":527,\"image\":{\"@id\":\"https:\\\/\\\/www.rri.ro\\\/de\\\/aktuell\\\/rri-aktuell\\\/gewalt-gegen-frauen-im-fokus-id895417.html#primaryimage\"},\"thumbnailUrl\":\"https:\\\/\\\/www.rri.ro\\\/wp-content\\\/uploads\\\/2025\\\/06\\\/femeie-agresata-foto-pixabay.jpg\",\"keywords\":[\"Demonstration\",\"Gewalt gegen Frauen\",\"h\u00e4usliche Gewalt\",\"proteste\"],\"articleSection\":[\"RRI Aktuell\"],\"inLanguage\":\"de\"},{\"@type\":\"WebPage\",\"@id\":\"https:\\\/\\\/www.rri.ro\\\/de\\\/aktuell\\\/rri-aktuell\\\/gewalt-gegen-frauen-im-fokus-id895417.html\",\"url\":\"https:\\\/\\\/www.rri.ro\\\/de\\\/aktuell\\\/rri-aktuell\\\/gewalt-gegen-frauen-im-fokus-id895417.html\",\"name\":\"Gewalt gegen Frauen im Fokus - Radio Rum\u00e4nien International\",\"isPartOf\":{\"@id\":\"https:\\\/\\\/www.rri.ro\\\/#website\"},\"primaryImageOfPage\":{\"@id\":\"https:\\\/\\\/www.rri.ro\\\/de\\\/aktuell\\\/rri-aktuell\\\/gewalt-gegen-frauen-im-fokus-id895417.html#primaryimage\"},\"image\":{\"@id\":\"https:\\\/\\\/www.rri.ro\\\/de\\\/aktuell\\\/rri-aktuell\\\/gewalt-gegen-frauen-im-fokus-id895417.html#primaryimage\"},\"thumbnailUrl\":\"https:\\\/\\\/www.rri.ro\\\/wp-content\\\/uploads\\\/2025\\\/06\\\/femeie-agresata-foto-pixabay.jpg\",\"datePublished\":\"2025-06-04T10:22:54+00:00\",\"author\":{\"@id\":\"https:\\\/\\\/www.rri.ro\\\/#\\\/schema\\\/person\\\/b46b8f80d7d6e4b5ac9f14f0acbad0c4\"},\"breadcrumb\":{\"@id\":\"https:\\\/\\\/www.rri.ro\\\/de\\\/aktuell\\\/rri-aktuell\\\/gewalt-gegen-frauen-im-fokus-id895417.html#breadcrumb\"},\"inLanguage\":\"de\",\"potentialAction\":[{\"@type\":\"ReadAction\",\"target\":[\"https:\\\/\\\/www.rri.ro\\\/de\\\/aktuell\\\/rri-aktuell\\\/gewalt-gegen-frauen-im-fokus-id895417.html\"]}]},{\"@type\":\"ImageObject\",\"inLanguage\":\"de\",\"@id\":\"https:\\\/\\\/www.rri.ro\\\/de\\\/aktuell\\\/rri-aktuell\\\/gewalt-gegen-frauen-im-fokus-id895417.html#primaryimage\",\"url\":\"https:\\\/\\\/www.rri.ro\\\/wp-content\\\/uploads\\\/2025\\\/06\\\/femeie-agresata-foto-pixabay.jpg\",\"contentUrl\":\"https:\\\/\\\/www.rri.ro\\\/wp-content\\\/uploads\\\/2025\\\/06\\\/femeie-agresata-foto-pixabay.jpg\",\"width\":853,\"height\":1118,\"caption\":\"Photo: pixabay.com\"},{\"@type\":\"BreadcrumbList\",\"@id\":\"https:\\\/\\\/www.rri.ro\\\/de\\\/aktuell\\\/rri-aktuell\\\/gewalt-gegen-frauen-im-fokus-id895417.html#breadcrumb\",\"itemListElement\":[{\"@type\":\"ListItem\",\"position\":1,\"name\":\"Startseite\",\"item\":\"https:\\\/\\\/www.rri.ro\\\/de\"},{\"@type\":\"ListItem\",\"position\":2,\"name\":\"Aktuell\",\"item\":\"https:\\\/\\\/www.rri.ro\\\/de\\\/aktuell\"},{\"@type\":\"ListItem\",\"position\":3,\"name\":\"RRI Aktuell\",\"item\":\"https:\\\/\\\/www.rri.ro\\\/de\\\/aktuell\\\/rri-aktuell\"},{\"@type\":\"ListItem\",\"position\":4,\"name\":\"Gewalt gegen Frauen im Fokus\"}]},{\"@type\":\"WebSite\",\"@id\":\"https:\\\/\\\/www.rri.ro\\\/#website\",\"url\":\"https:\\\/\\\/www.rri.ro\\\/\",\"name\":\"Radio Rum\u00e4nien International\",\"description\":\"Totul despre Rom\u00e2nia \u015fi rom\u00e2ni, \u00een 13 limbi\\\/dialecte!\",\"inLanguage\":\"de\"},{\"@type\":\"Person\",\"@id\":\"https:\\\/\\\/www.rri.ro\\\/#\\\/schema\\\/person\\\/b46b8f80d7d6e4b5ac9f14f0acbad0c4\",\"name\":\"Daniela Budu\",\"url\":\"https:\\\/\\\/www.rri.ro\\\/de\\\/author\\\/daniela-budu\"}]}<\/script>\n<!-- \/ Yoast SEO plugin. -->","yoast_head_json":{"title":"Gewalt gegen Frauen im Fokus - Radio Rum\u00e4nien International","robots":{"index":"index","follow":"follow","max-snippet":"max-snippet:-1","max-image-preview":"max-image-preview:large","max-video-preview":"max-video-preview:-1"},"canonical":"https:\/\/www.rri.ro\/de\/aktuell\/rri-aktuell\/gewalt-gegen-frauen-im-fokus-id895417.html","og_locale":"de_DE","og_type":"article","og_title":"Gewalt gegen Frauen im Fokus - Radio Rum\u00e4nien International","og_description":"Tausende Menschen protestierten am Dienstagabend im Zentrum von Bukarest gegen Gewalt gegen Frauen und forderten von der Regierung wirksame Ma\u00dfnahmen zu ihrem Schutz. Sie machten darauf aufmerksam, dass die rum\u00e4nische Gesellschaft dazu neigt, Gewalt und Missbrauch jeglicher Art, insbesondere gegen Frauen, zu verharmlosen. Die Aktion fand statt, nachdem eine 23-j\u00e4hrige schwangere Frau von ihrem Ex-Partner [&hellip;]","og_url":"https:\/\/www.rri.ro\/de\/aktuell\/rri-aktuell\/gewalt-gegen-frauen-im-fokus-id895417.html","og_site_name":"Radio Rum\u00e4nien International","article_published_time":"2025-06-04T10:22:54+00:00","og_image":[{"width":853,"height":1118,"url":"https:\/\/www.rri.ro\/wp-content\/uploads\/2025\/06\/femeie-agresata-foto-pixabay.jpg","type":"image\/jpeg"}],"author":"Daniela Budu, Florin Lungu","twitter_card":"summary_large_image","twitter_misc":{"Verfasst von":"Daniela Budu","Gesch\u00e4tzte Lesezeit":"3\u00a0Minuten","Written by":"Daniela Budu, Florin Lungu"},"schema":{"@context":"https:\/\/schema.org","@graph":[{"@type":"Article","@id":"https:\/\/www.rri.ro\/de\/aktuell\/rri-aktuell\/gewalt-gegen-frauen-im-fokus-id895417.html#article","isPartOf":{"@id":"https:\/\/www.rri.ro\/de\/aktuell\/rri-aktuell\/gewalt-gegen-frauen-im-fokus-id895417.html"},"author":{"name":"Daniela Budu","@id":"https:\/\/www.rri.ro\/#\/schema\/person\/b46b8f80d7d6e4b5ac9f14f0acbad0c4"},"headline":"Gewalt gegen Frauen im Fokus","datePublished":"2025-06-04T10:22:54+00:00","mainEntityOfPage":{"@id":"https:\/\/www.rri.ro\/de\/aktuell\/rri-aktuell\/gewalt-gegen-frauen-im-fokus-id895417.html"},"wordCount":527,"image":{"@id":"https:\/\/www.rri.ro\/de\/aktuell\/rri-aktuell\/gewalt-gegen-frauen-im-fokus-id895417.html#primaryimage"},"thumbnailUrl":"https:\/\/www.rri.ro\/wp-content\/uploads\/2025\/06\/femeie-agresata-foto-pixabay.jpg","keywords":["Demonstration","Gewalt gegen Frauen","h\u00e4usliche Gewalt","proteste"],"articleSection":["RRI Aktuell"],"inLanguage":"de"},{"@type":"WebPage","@id":"https:\/\/www.rri.ro\/de\/aktuell\/rri-aktuell\/gewalt-gegen-frauen-im-fokus-id895417.html","url":"https:\/\/www.rri.ro\/de\/aktuell\/rri-aktuell\/gewalt-gegen-frauen-im-fokus-id895417.html","name":"Gewalt gegen Frauen im Fokus - Radio Rum\u00e4nien International","isPartOf":{"@id":"https:\/\/www.rri.ro\/#website"},"primaryImageOfPage":{"@id":"https:\/\/www.rri.ro\/de\/aktuell\/rri-aktuell\/gewalt-gegen-frauen-im-fokus-id895417.html#primaryimage"},"image":{"@id":"https:\/\/www.rri.ro\/de\/aktuell\/rri-aktuell\/gewalt-gegen-frauen-im-fokus-id895417.html#primaryimage"},"thumbnailUrl":"https:\/\/www.rri.ro\/wp-content\/uploads\/2025\/06\/femeie-agresata-foto-pixabay.jpg","datePublished":"2025-06-04T10:22:54+00:00","author":{"@id":"https:\/\/www.rri.ro\/#\/schema\/person\/b46b8f80d7d6e4b5ac9f14f0acbad0c4"},"breadcrumb":{"@id":"https:\/\/www.rri.ro\/de\/aktuell\/rri-aktuell\/gewalt-gegen-frauen-im-fokus-id895417.html#breadcrumb"},"inLanguage":"de","potentialAction":[{"@type":"ReadAction","target":["https:\/\/www.rri.ro\/de\/aktuell\/rri-aktuell\/gewalt-gegen-frauen-im-fokus-id895417.html"]}]},{"@type":"ImageObject","inLanguage":"de","@id":"https:\/\/www.rri.ro\/de\/aktuell\/rri-aktuell\/gewalt-gegen-frauen-im-fokus-id895417.html#primaryimage","url":"https:\/\/www.rri.ro\/wp-content\/uploads\/2025\/06\/femeie-agresata-foto-pixabay.jpg","contentUrl":"https:\/\/www.rri.ro\/wp-content\/uploads\/2025\/06\/femeie-agresata-foto-pixabay.jpg","width":853,"height":1118,"caption":"Photo: pixabay.com"},{"@type":"BreadcrumbList","@id":"https:\/\/www.rri.ro\/de\/aktuell\/rri-aktuell\/gewalt-gegen-frauen-im-fokus-id895417.html#breadcrumb","itemListElement":[{"@type":"ListItem","position":1,"name":"Startseite","item":"https:\/\/www.rri.ro\/de"},{"@type":"ListItem","position":2,"name":"Aktuell","item":"https:\/\/www.rri.ro\/de\/aktuell"},{"@type":"ListItem","position":3,"name":"RRI Aktuell","item":"https:\/\/www.rri.ro\/de\/aktuell\/rri-aktuell"},{"@type":"ListItem","position":4,"name":"Gewalt gegen Frauen im Fokus"}]},{"@type":"WebSite","@id":"https:\/\/www.rri.ro\/#website","url":"https:\/\/www.rri.ro\/","name":"Radio Rum\u00e4nien International","description":"Totul despre Rom\u00e2nia \u015fi rom\u00e2ni, \u00een 13 limbi\/dialecte!","inLanguage":"de"},{"@type":"Person","@id":"https:\/\/www.rri.ro\/#\/schema\/person\/b46b8f80d7d6e4b5ac9f14f0acbad0c4","name":"Daniela Budu","url":"https:\/\/www.rri.ro\/de\/author\/daniela-budu"}]}},"_links":{"self":[{"href":"https:\/\/www.rri.ro\/de\/wp-json\/wp\/v2\/posts\/895417","targetHints":{"allow":["GET"]}}],"collection":[{"href":"https:\/\/www.rri.ro\/de\/wp-json\/wp\/v2\/posts"}],"about":[{"href":"https:\/\/www.rri.ro\/de\/wp-json\/wp\/v2\/types\/post"}],"author":[{"embeddable":true,"href":"https:\/\/www.rri.ro\/de\/wp-json\/wp\/v2\/users\/107"}],"replies":[{"embeddable":true,"href":"https:\/\/www.rri.ro\/de\/wp-json\/wp\/v2\/comments?post=895417"}],"version-history":[{"count":0,"href":"https:\/\/www.rri.ro\/de\/wp-json\/wp\/v2\/posts\/895417\/revisions"}],"wp:featuredmedia":[{"embeddable":true,"href":"https:\/\/www.rri.ro\/de\/wp-json\/wp\/v2\/media\/895310"}],"wp:attachment":[{"href":"https:\/\/www.rri.ro\/de\/wp-json\/wp\/v2\/media?parent=895417"}],"wp:term":[{"taxonomy":"category","embeddable":true,"href":"https:\/\/www.rri.ro\/de\/wp-json\/wp\/v2\/categories?post=895417"},{"taxonomy":"post_tag","embeddable":true,"href":"https:\/\/www.rri.ro\/de\/wp-json\/wp\/v2\/tags?post=895417"},{"taxonomy":"author","embeddable":true,"href":"https:\/\/www.rri.ro\/de\/wp-json\/wp\/v2\/coauthors?post=895417"}],"curies":[{"name":"wp","href":"https:\/\/api.w.org\/{rel}","templated":true}]}}