{"id":906130,"date":"2025-07-05T17:39:45","date_gmt":"2025-07-05T14:39:45","guid":{"rendered":"https:\/\/www.rri.ro\/?p=906130"},"modified":"2025-07-05T17:41:56","modified_gmt":"2025-07-05T14:41:56","slug":"nachrichten-05-07-2025","status":"publish","type":"post","link":"https:\/\/www.rri.ro\/de\/aktuell\/newsflash-de\/nachrichten-05-07-2025-id906130.html","title":{"rendered":"Nachrichten 05.07.2025"},"content":{"rendered":"<p><span style=\"font-size: 14pt;\"><strong>Haushaltsdefizit:<\/strong> Das rum\u00e4nische Parlament tritt am Montag zu einer Abstimmung \u00fcber ein erstes Ma\u00dfnahmenpaket zur Senkung des Haushaltsdefizits zusammen. Das Paket war zuvor von der Regierung vorgelegt worden. Bis dahin k\u00f6nnen die Abgeordneten \u00c4nderungsantr\u00e4ge einreichen. Das Gesetzespaket sieht unter anderem Steuer- und Abgabenerh\u00f6hungen vor und betrifft auch Geh\u00e4lter und Renten. Die meisten Ma\u00dfnahmen sollen ab dem 1. August in Kraft treten. Geplant sind unter anderem eine Anhebung der Mehrwertsteuer von 19 auf 21\u202fProzent, der Wegfall von Krankenversicherungsverg\u00fcnstigungen f\u00fcr Rentner mit einem Einkommen von \u00fcber 3\u00a0000 Lei (etwa 600\u202fEuro), h\u00f6here Verbrauchssteuern auf Tabak, Alkohol und Kraftstoffe, eine Zusatzabgabe auf Gl\u00fccksspiele sowie zus\u00e4tzliche Steuern f\u00fcr Banken. Damit sollen im Gesamthaushalt in diesem Jahr rund 1,8\u202fMilliarden Euro an Mehreinnahmen und Einsparungen von \u00fcber 220\u202fMillionen Euro erzielt werden. Der Wirtschafts- und Sozialrat \u00e4u\u00dferte sich ablehnend zu dem Gesetz und warnte vor einem R\u00fcckgang der Kaufkraft sowie einem Verlust an Stabilit\u00e4t und Planungssicherheit f\u00fcr die B\u00fcrger.<\/span><\/p>\n<p>&nbsp;<\/p>\n<p><span style=\"font-size: 14pt;\"><strong>Proteste:<\/strong> Am Freitag ist es erneut zu Protesten von Besch\u00e4ftigten \u00f6ffentlicher Einrichtungen gegen die geplanten Ma\u00dfnahmen der Regierung gekommen. Die Bildungsgewerkschaften k\u00fcndigten f\u00fcr Montag eine Kundgebung vor dem Parlament an \u2013 zeitgleich mit der geplanten Abstimmung. Der Gewerkschaftsbund Columna\u2013SCOR der Besch\u00e4ftigten in der Verwaltung und dem Sozialbereich plant am Dienstag ebenfalls eine Protestaktion vor dem Parlament, w\u00e4hrend Bedienstete in \u00fcber 1\u00a0300 Kommunalbeh\u00f6rden im ganzen Land in einen Warnstreik treten wollen. Am Freitag hatten f\u00fchrende Gewerkschaftsverb\u00e4nde und Arbeitgeberorganisationen weitere Gespr\u00e4che mit Premierminister Ilie Bolojan gef\u00fchrt. Die Arbeitgeber lehnen insbesondere die geplante Mehrwertsteuererh\u00f6hung ab, da sie Preissteigerungen, sinkenden Konsum und Betriebsschlie\u00dfungen bef\u00fcrchten. Die Gewerkschaften forderten unter anderem die Streichung der Parteienfinanzierung sowie die Verlagerung von f\u00fcnf Prozentpunkten der Lohnnebenkosten vom Arbeitnehmer auf den Arbeitgeber. Die Regierung schlug vor, dass die Sozialpartner Vertreter in Arbeitsgruppen entsenden, um weitere Ma\u00dfnahmen zur Haushaltskonsolidierung zu erarbeiten.<\/span><\/p>\n<p>&nbsp;<\/p>\n<p><span style=\"font-size: 14pt;\"><strong>EU\u2013Moldau:<\/strong> Die Europ\u00e4ische Union hat am Freitag im Rahmen eines Gipfeltreffens in Chi\u0219in\u0103u eine erste Zahlung von 270\u202fMillionen Euro aus einem Finanzhilfepaket zur Unterst\u00fctzung der Republik Moldau freigegeben. An dem Gipfel nahmen auch EU-Kommissionspr\u00e4sidentin Ursula von der Leyen und der Pr\u00e4sident des Europ\u00e4ischen Rates, Ant\u00f3nio Costa, teil. Die Gelder sollen vor allem in das Gesundheitssystem und die Fernw\u00e4rmeinfrastruktur in den gr\u00f6\u00dften St\u00e4dten der Republik Moldau flie\u00dfen. Insgesamt plant die EU, in den n\u00e4chsten drei Jahren 1,9\u202fMilliarden Euro in das Land zu investieren. Pr\u00e4sidentin Maia Sandu hob die Bedeutung der engen Zusammenarbeit hervor und betonte die Fortschritte ihres Landes im EU-Beitrittsprozess. Die Moldau sei bereit f\u00fcr die n\u00e4chsten Schritte in den Beitrittsverhandlungen, sagte von der Leyen. Sie sicherte der Republik Moldau Unterst\u00fctzung gegen hybride und energetische Bedrohungen zu und verwies dabei indirekt auf Russland. Moldau soll auch an den EU-Energiemarkt angeschlossen und bis Oktober in den einheitlichen Euro-Zahlungsraum (SEPA) integriert werden. Zudem k\u00fcndigte von der Leyen die vollst\u00e4ndige Abschaffung der Roaming-Geb\u00fchren zwischen der Republik Moldau und den EU-Mitgliedstaaten an und bekr\u00e4ftigte die volle politische Unterst\u00fctzung durch die Union.<\/span><\/p>\n<p>&nbsp;<\/p>\n<p><span style=\"font-size: 14pt;\"><strong>Rugby:<\/strong> Die rum\u00e4nische Rugby-Nationalmannschaft trifft heute in einem Testspiel auf Chile. Es ist das erste Spiel der Sommertour in S\u00fcdamerika. Weitere Partien sind gegen Uruguay (am 12. Juli) und Argentinien (am 18. Juli) geplant. Rum\u00e4nien belegt aktuell Rang 20 der Weltrangliste, Chile Rang 21. Es ist das dritte Aufeinandertreffen der beiden Teams \u2013 zuletzt gewann Rum\u00e4nien im November 2022 in Bukarest mit 30:23. Die Mannschaft ist bereits f\u00fcr die Rugby-Weltmeisterschaft 2027 in Australien qualifiziert.<\/span><\/p>\n<p>&nbsp;<\/p>\n<p><span style=\"font-size: 14pt;\"><strong>Wetter:<\/strong> Ein hei\u00dfes Wochenende steht Rum\u00e4nien bevor \u2013 auch wenn die Temperaturen leicht unter denen der Vortage liegen. Am Samstag herrscht in Teilen des S\u00fcdens, S\u00fcdwestens und Zentrums weiterhin eine Hitzewelle. Gelbe und orangefarbene Warnstufen gelten bis Sonntag in mehreren Landesteilen. Gleichzeitig werden starke Regenf\u00e4lle in den S\u00fcdkarpaten sowie vereinzelt in den Ostkarpaten erwartet. Die H\u00f6chsttemperaturen liegen zwischen 26 und 40\u202fGrad \u2013 in Bukarest wurden gegen Mittag rund 31\u202fGrad Celsius gemessen.<\/span><\/p>\n","protected":false},"excerpt":{"rendered":"<p>Haushaltsdefizit: Das rum\u00e4nische Parlament tritt am Montag zu einer Abstimmung \u00fcber ein erstes Ma\u00dfnahmenpaket zur Senkung des Haushaltsdefizits zusammen. Das Paket war zuvor von der Regierung vorgelegt worden. Bis dahin k\u00f6nnen die Abgeordneten \u00c4nderungsantr\u00e4ge einreichen. Das Gesetzespaket sieht unter anderem Steuer- und Abgabenerh\u00f6hungen vor und betrifft auch Geh\u00e4lter und Renten. Die meisten Ma\u00dfnahmen sollen ab [&hellip;]<\/p>\n","protected":false},"author":113,"featured_media":723386,"comment_status":"closed","ping_status":"closed","sticky":false,"template":"","format":"standard","meta":{"_acf_changed":false,"footnotes":""},"categories":[116753],"tags":[125978,116921],"coauthors":[116091,115354],"class_list":["post-906130","post","type-post","status-publish","format-standard","has-post-thumbnail","hentry","category-newsflash-de","tag-nachrichten","tag-radio-rumaenien-international"],"acf":[],"yoast_head":"<!-- This site is optimized with the Yoast SEO plugin v27.3 - https:\/\/yoast.com\/product\/yoast-seo-wordpress\/ -->\n<title>Nachrichten 05.07.2025 - Radio Rum\u00e4nien International<\/title>\n<meta name=\"robots\" content=\"index, follow, max-snippet:-1, max-image-preview:large, max-video-preview:-1\" \/>\n<link rel=\"canonical\" href=\"https:\/\/www.rri.ro\/de\/aktuell\/newsflash-de\/nachrichten-05-07-2025-id906130.html\" \/>\n<meta property=\"og:locale\" content=\"de_DE\" \/>\n<meta property=\"og:type\" content=\"article\" \/>\n<meta property=\"og:title\" content=\"Nachrichten 05.07.2025 - Radio Rum\u00e4nien International\" \/>\n<meta property=\"og:description\" content=\"Haushaltsdefizit: Das rum\u00e4nische Parlament tritt am Montag zu einer Abstimmung \u00fcber ein erstes Ma\u00dfnahmenpaket zur Senkung des Haushaltsdefizits zusammen. Das Paket war zuvor von der Regierung vorgelegt worden. Bis dahin k\u00f6nnen die Abgeordneten \u00c4nderungsantr\u00e4ge einreichen. Das Gesetzespaket sieht unter anderem Steuer- und Abgabenerh\u00f6hungen vor und betrifft auch Geh\u00e4lter und Renten. Die meisten Ma\u00dfnahmen sollen ab [&hellip;]\" \/>\n<meta property=\"og:url\" content=\"https:\/\/www.rri.ro\/de\/aktuell\/newsflash-de\/nachrichten-05-07-2025-id906130.html\" \/>\n<meta property=\"og:site_name\" content=\"Radio Rum\u00e4nien International\" \/>\n<meta property=\"article:published_time\" content=\"2025-07-05T14:39:45+00:00\" \/>\n<meta property=\"article:modified_time\" content=\"2025-07-05T14:41:56+00:00\" \/>\n<meta property=\"og:image\" content=\"https:\/\/www.rri.ro\/wp-content\/uploads\/2024\/03\/RRI-960x540-Nachrichten-2-NOU.jpg\" \/>\n\t<meta property=\"og:image:width\" content=\"960\" \/>\n\t<meta property=\"og:image:height\" content=\"540\" \/>\n\t<meta property=\"og:image:type\" content=\"image\/jpeg\" \/>\n<meta name=\"author\" content=\"Newsroom, Sorin Georgescu\" \/>\n<meta name=\"twitter:card\" content=\"summary_large_image\" \/>\n<meta name=\"twitter:label1\" content=\"Verfasst von\" \/>\n\t<meta name=\"twitter:data1\" content=\"Newsroom\" \/>\n\t<meta name=\"twitter:label2\" content=\"Gesch\u00e4tzte Lesezeit\" \/>\n\t<meta name=\"twitter:data2\" content=\"3\u00a0Minuten\" \/>\n\t<meta name=\"twitter:label3\" content=\"Written by\" \/>\n\t<meta name=\"twitter:data3\" content=\"Newsroom, Sorin Georgescu\" \/>\n<script type=\"application\/ld+json\" class=\"yoast-schema-graph\">{\"@context\":\"https:\\\/\\\/schema.org\",\"@graph\":[{\"@type\":\"Article\",\"@id\":\"https:\\\/\\\/www.rri.ro\\\/de\\\/aktuell\\\/newsflash-de\\\/nachrichten-05-07-2025-id906130.html#article\",\"isPartOf\":{\"@id\":\"https:\\\/\\\/www.rri.ro\\\/de\\\/aktuell\\\/newsflash-de\\\/nachrichten-05-07-2025-id906130.html\"},\"author\":{\"name\":\"Newsroom\",\"@id\":\"https:\\\/\\\/www.rri.ro\\\/#\\\/schema\\\/person\\\/4a479940371b9fdefd194f561e8a7f88\"},\"headline\":\"Nachrichten 05.07.2025\",\"datePublished\":\"2025-07-05T14:39:45+00:00\",\"dateModified\":\"2025-07-05T14:41:56+00:00\",\"mainEntityOfPage\":{\"@id\":\"https:\\\/\\\/www.rri.ro\\\/de\\\/aktuell\\\/newsflash-de\\\/nachrichten-05-07-2025-id906130.html\"},\"wordCount\":672,\"image\":{\"@id\":\"https:\\\/\\\/www.rri.ro\\\/de\\\/aktuell\\\/newsflash-de\\\/nachrichten-05-07-2025-id906130.html#primaryimage\"},\"thumbnailUrl\":\"https:\\\/\\\/www.rri.ro\\\/wp-content\\\/uploads\\\/2024\\\/03\\\/RRI-960x540-Nachrichten-2-NOU.jpg\",\"keywords\":[\"Nachrichten\",\"Radio Rum\u00e4nien International\"],\"articleSection\":[\"Newsflash\"],\"inLanguage\":\"de\"},{\"@type\":\"WebPage\",\"@id\":\"https:\\\/\\\/www.rri.ro\\\/de\\\/aktuell\\\/newsflash-de\\\/nachrichten-05-07-2025-id906130.html\",\"url\":\"https:\\\/\\\/www.rri.ro\\\/de\\\/aktuell\\\/newsflash-de\\\/nachrichten-05-07-2025-id906130.html\",\"name\":\"Nachrichten 05.07.2025 - Radio Rum\u00e4nien International\",\"isPartOf\":{\"@id\":\"https:\\\/\\\/www.rri.ro\\\/#website\"},\"primaryImageOfPage\":{\"@id\":\"https:\\\/\\\/www.rri.ro\\\/de\\\/aktuell\\\/newsflash-de\\\/nachrichten-05-07-2025-id906130.html#primaryimage\"},\"image\":{\"@id\":\"https:\\\/\\\/www.rri.ro\\\/de\\\/aktuell\\\/newsflash-de\\\/nachrichten-05-07-2025-id906130.html#primaryimage\"},\"thumbnailUrl\":\"https:\\\/\\\/www.rri.ro\\\/wp-content\\\/uploads\\\/2024\\\/03\\\/RRI-960x540-Nachrichten-2-NOU.jpg\",\"datePublished\":\"2025-07-05T14:39:45+00:00\",\"dateModified\":\"2025-07-05T14:41:56+00:00\",\"author\":{\"@id\":\"https:\\\/\\\/www.rri.ro\\\/#\\\/schema\\\/person\\\/4a479940371b9fdefd194f561e8a7f88\"},\"breadcrumb\":{\"@id\":\"https:\\\/\\\/www.rri.ro\\\/de\\\/aktuell\\\/newsflash-de\\\/nachrichten-05-07-2025-id906130.html#breadcrumb\"},\"inLanguage\":\"de\",\"potentialAction\":[{\"@type\":\"ReadAction\",\"target\":[\"https:\\\/\\\/www.rri.ro\\\/de\\\/aktuell\\\/newsflash-de\\\/nachrichten-05-07-2025-id906130.html\"]}]},{\"@type\":\"ImageObject\",\"inLanguage\":\"de\",\"@id\":\"https:\\\/\\\/www.rri.ro\\\/de\\\/aktuell\\\/newsflash-de\\\/nachrichten-05-07-2025-id906130.html#primaryimage\",\"url\":\"https:\\\/\\\/www.rri.ro\\\/wp-content\\\/uploads\\\/2024\\\/03\\\/RRI-960x540-Nachrichten-2-NOU.jpg\",\"contentUrl\":\"https:\\\/\\\/www.rri.ro\\\/wp-content\\\/uploads\\\/2024\\\/03\\\/RRI-960x540-Nachrichten-2-NOU.jpg\",\"width\":960,\"height\":540},{\"@type\":\"BreadcrumbList\",\"@id\":\"https:\\\/\\\/www.rri.ro\\\/de\\\/aktuell\\\/newsflash-de\\\/nachrichten-05-07-2025-id906130.html#breadcrumb\",\"itemListElement\":[{\"@type\":\"ListItem\",\"position\":1,\"name\":\"Startseite\",\"item\":\"https:\\\/\\\/www.rri.ro\\\/de\"},{\"@type\":\"ListItem\",\"position\":2,\"name\":\"Aktuell\",\"item\":\"https:\\\/\\\/www.rri.ro\\\/de\\\/aktuell\"},{\"@type\":\"ListItem\",\"position\":3,\"name\":\"Newsflash\",\"item\":\"https:\\\/\\\/www.rri.ro\\\/de\\\/aktuell\\\/newsflash-de\"},{\"@type\":\"ListItem\",\"position\":4,\"name\":\"Nachrichten 05.07.2025\"}]},{\"@type\":\"WebSite\",\"@id\":\"https:\\\/\\\/www.rri.ro\\\/#website\",\"url\":\"https:\\\/\\\/www.rri.ro\\\/\",\"name\":\"Radio Rum\u00e4nien International\",\"description\":\"Totul despre Rom\u00e2nia \u015fi rom\u00e2ni, \u00een 13 limbi\\\/dialecte!\",\"inLanguage\":\"de\"},{\"@type\":\"Person\",\"@id\":\"https:\\\/\\\/www.rri.ro\\\/#\\\/schema\\\/person\\\/4a479940371b9fdefd194f561e8a7f88\",\"name\":\"Newsroom\",\"url\":\"https:\\\/\\\/www.rri.ro\\\/de\\\/author\\\/newsroom\"}]}<\/script>\n<!-- \/ Yoast SEO plugin. -->","yoast_head_json":{"title":"Nachrichten 05.07.2025 - Radio Rum\u00e4nien International","robots":{"index":"index","follow":"follow","max-snippet":"max-snippet:-1","max-image-preview":"max-image-preview:large","max-video-preview":"max-video-preview:-1"},"canonical":"https:\/\/www.rri.ro\/de\/aktuell\/newsflash-de\/nachrichten-05-07-2025-id906130.html","og_locale":"de_DE","og_type":"article","og_title":"Nachrichten 05.07.2025 - Radio Rum\u00e4nien International","og_description":"Haushaltsdefizit: Das rum\u00e4nische Parlament tritt am Montag zu einer Abstimmung \u00fcber ein erstes Ma\u00dfnahmenpaket zur Senkung des Haushaltsdefizits zusammen. Das Paket war zuvor von der Regierung vorgelegt worden. Bis dahin k\u00f6nnen die Abgeordneten \u00c4nderungsantr\u00e4ge einreichen. Das Gesetzespaket sieht unter anderem Steuer- und Abgabenerh\u00f6hungen vor und betrifft auch Geh\u00e4lter und Renten. Die meisten Ma\u00dfnahmen sollen ab [&hellip;]","og_url":"https:\/\/www.rri.ro\/de\/aktuell\/newsflash-de\/nachrichten-05-07-2025-id906130.html","og_site_name":"Radio Rum\u00e4nien International","article_published_time":"2025-07-05T14:39:45+00:00","article_modified_time":"2025-07-05T14:41:56+00:00","og_image":[{"width":960,"height":540,"url":"https:\/\/www.rri.ro\/wp-content\/uploads\/2024\/03\/RRI-960x540-Nachrichten-2-NOU.jpg","type":"image\/jpeg"}],"author":"Newsroom, Sorin Georgescu","twitter_card":"summary_large_image","twitter_misc":{"Verfasst von":"Newsroom","Gesch\u00e4tzte Lesezeit":"3\u00a0Minuten","Written by":"Newsroom, Sorin Georgescu"},"schema":{"@context":"https:\/\/schema.org","@graph":[{"@type":"Article","@id":"https:\/\/www.rri.ro\/de\/aktuell\/newsflash-de\/nachrichten-05-07-2025-id906130.html#article","isPartOf":{"@id":"https:\/\/www.rri.ro\/de\/aktuell\/newsflash-de\/nachrichten-05-07-2025-id906130.html"},"author":{"name":"Newsroom","@id":"https:\/\/www.rri.ro\/#\/schema\/person\/4a479940371b9fdefd194f561e8a7f88"},"headline":"Nachrichten 05.07.2025","datePublished":"2025-07-05T14:39:45+00:00","dateModified":"2025-07-05T14:41:56+00:00","mainEntityOfPage":{"@id":"https:\/\/www.rri.ro\/de\/aktuell\/newsflash-de\/nachrichten-05-07-2025-id906130.html"},"wordCount":672,"image":{"@id":"https:\/\/www.rri.ro\/de\/aktuell\/newsflash-de\/nachrichten-05-07-2025-id906130.html#primaryimage"},"thumbnailUrl":"https:\/\/www.rri.ro\/wp-content\/uploads\/2024\/03\/RRI-960x540-Nachrichten-2-NOU.jpg","keywords":["Nachrichten","Radio Rum\u00e4nien International"],"articleSection":["Newsflash"],"inLanguage":"de"},{"@type":"WebPage","@id":"https:\/\/www.rri.ro\/de\/aktuell\/newsflash-de\/nachrichten-05-07-2025-id906130.html","url":"https:\/\/www.rri.ro\/de\/aktuell\/newsflash-de\/nachrichten-05-07-2025-id906130.html","name":"Nachrichten 05.07.2025 - Radio Rum\u00e4nien International","isPartOf":{"@id":"https:\/\/www.rri.ro\/#website"},"primaryImageOfPage":{"@id":"https:\/\/www.rri.ro\/de\/aktuell\/newsflash-de\/nachrichten-05-07-2025-id906130.html#primaryimage"},"image":{"@id":"https:\/\/www.rri.ro\/de\/aktuell\/newsflash-de\/nachrichten-05-07-2025-id906130.html#primaryimage"},"thumbnailUrl":"https:\/\/www.rri.ro\/wp-content\/uploads\/2024\/03\/RRI-960x540-Nachrichten-2-NOU.jpg","datePublished":"2025-07-05T14:39:45+00:00","dateModified":"2025-07-05T14:41:56+00:00","author":{"@id":"https:\/\/www.rri.ro\/#\/schema\/person\/4a479940371b9fdefd194f561e8a7f88"},"breadcrumb":{"@id":"https:\/\/www.rri.ro\/de\/aktuell\/newsflash-de\/nachrichten-05-07-2025-id906130.html#breadcrumb"},"inLanguage":"de","potentialAction":[{"@type":"ReadAction","target":["https:\/\/www.rri.ro\/de\/aktuell\/newsflash-de\/nachrichten-05-07-2025-id906130.html"]}]},{"@type":"ImageObject","inLanguage":"de","@id":"https:\/\/www.rri.ro\/de\/aktuell\/newsflash-de\/nachrichten-05-07-2025-id906130.html#primaryimage","url":"https:\/\/www.rri.ro\/wp-content\/uploads\/2024\/03\/RRI-960x540-Nachrichten-2-NOU.jpg","contentUrl":"https:\/\/www.rri.ro\/wp-content\/uploads\/2024\/03\/RRI-960x540-Nachrichten-2-NOU.jpg","width":960,"height":540},{"@type":"BreadcrumbList","@id":"https:\/\/www.rri.ro\/de\/aktuell\/newsflash-de\/nachrichten-05-07-2025-id906130.html#breadcrumb","itemListElement":[{"@type":"ListItem","position":1,"name":"Startseite","item":"https:\/\/www.rri.ro\/de"},{"@type":"ListItem","position":2,"name":"Aktuell","item":"https:\/\/www.rri.ro\/de\/aktuell"},{"@type":"ListItem","position":3,"name":"Newsflash","item":"https:\/\/www.rri.ro\/de\/aktuell\/newsflash-de"},{"@type":"ListItem","position":4,"name":"Nachrichten 05.07.2025"}]},{"@type":"WebSite","@id":"https:\/\/www.rri.ro\/#website","url":"https:\/\/www.rri.ro\/","name":"Radio Rum\u00e4nien International","description":"Totul despre Rom\u00e2nia \u015fi rom\u00e2ni, \u00een 13 limbi\/dialecte!","inLanguage":"de"},{"@type":"Person","@id":"https:\/\/www.rri.ro\/#\/schema\/person\/4a479940371b9fdefd194f561e8a7f88","name":"Newsroom","url":"https:\/\/www.rri.ro\/de\/author\/newsroom"}]}},"_links":{"self":[{"href":"https:\/\/www.rri.ro\/de\/wp-json\/wp\/v2\/posts\/906130","targetHints":{"allow":["GET"]}}],"collection":[{"href":"https:\/\/www.rri.ro\/de\/wp-json\/wp\/v2\/posts"}],"about":[{"href":"https:\/\/www.rri.ro\/de\/wp-json\/wp\/v2\/types\/post"}],"author":[{"embeddable":true,"href":"https:\/\/www.rri.ro\/de\/wp-json\/wp\/v2\/users\/113"}],"replies":[{"embeddable":true,"href":"https:\/\/www.rri.ro\/de\/wp-json\/wp\/v2\/comments?post=906130"}],"version-history":[{"count":0,"href":"https:\/\/www.rri.ro\/de\/wp-json\/wp\/v2\/posts\/906130\/revisions"}],"wp:featuredmedia":[{"embeddable":true,"href":"https:\/\/www.rri.ro\/de\/wp-json\/wp\/v2\/media\/723386"}],"wp:attachment":[{"href":"https:\/\/www.rri.ro\/de\/wp-json\/wp\/v2\/media?parent=906130"}],"wp:term":[{"taxonomy":"category","embeddable":true,"href":"https:\/\/www.rri.ro\/de\/wp-json\/wp\/v2\/categories?post=906130"},{"taxonomy":"post_tag","embeddable":true,"href":"https:\/\/www.rri.ro\/de\/wp-json\/wp\/v2\/tags?post=906130"},{"taxonomy":"author","embeddable":true,"href":"https:\/\/www.rri.ro\/de\/wp-json\/wp\/v2\/coauthors?post=906130"}],"curies":[{"name":"wp","href":"https:\/\/api.w.org\/{rel}","templated":true}]}}