{"id":910259,"date":"2025-07-18T14:21:26","date_gmt":"2025-07-18T11:21:26","guid":{"rendered":"https:\/\/www.rri.ro\/?p=910259"},"modified":"2025-07-18T14:21:26","modified_gmt":"2025-07-18T11:21:26","slug":"unwetterserie-ueber-rumaenien-behoerden-rufen-hoechste-alarmstufe-aus","status":"publish","type":"post","link":"https:\/\/www.rri.ro\/de\/aktuell\/rri-aktuell\/unwetterserie-ueber-rumaenien-behoerden-rufen-hoechste-alarmstufe-aus-id910259.html","title":{"rendered":"Unwetterserie \u00fcber Rum\u00e4nien: Beh\u00f6rden rufen h\u00f6chste Alarmstufe aus"},"content":{"rendered":"<p>In Rum\u00e4nien sorgt das Wetter weiter f\u00fcr Chaos.\u00a0Gewitter, Hagel und Starkregen haben in Bukarest und mehreren Landesteilen erhebliche Sch\u00e4den angerichtet. Die Meteorologen warnten mit gelben, orangen und sogar roten Wetteralarmen vor extremen Bedingungen. Die h\u00f6chste Warnstufe \u2013 Rot \u2013 wurde ausgerufen, begleitet von Ro-Alert-Meldungen\u00a0auf Handys. Darin rufen die Beh\u00f6rden die Bev\u00f6lkerung auf, Schutzma\u00dfnahmen zu ergreifen und sich nicht unn\u00f6tig im Freien aufzuhalten.<\/p>\n<p>Am Donnerstagabend hat ein schweres Unwetter in Bukarest eine Frau das Leben gekostet.\u00a0Sturmb\u00f6en mit \u00fcber 90 Stundenkilometern rissen Teile von D\u00e4chern ab. In Otopeni wurde eine 49-j\u00e4hrige Frau von herabfallenden Tr\u00fcmmern t\u00f6dlich getroffen. Zwei weitere Personen erlitten Verletzungen und kamen bei Bewusstsein ins Krankenhaus.\u00a0Dutzende B\u00e4ume st\u00fcrzten um, besch\u00e4digten Autos und Stromleitungen. Auch Geb\u00e4udeteile st\u00fcrzten auf die Stra\u00dfen \u2013 die Sch\u00e4den sind erheblich.<\/p>\n<p>Die Einsatzkr\u00e4fte standen stundenlang im Dauereinsatz.\u00a0Sie pumpten Wasser aus \u00fcberfluteten H\u00e4usern und H\u00f6fen, r\u00e4umten Tr\u00fcmmer von D\u00e4chern \u2013 auch zwei \u00f6ffentliche Geb\u00e4ude waren betroffen \u2013 und beseitigten umgest\u00fcrzte B\u00e4ume sowie Dutzende Strommasten von den Stra\u00dfen.\u00a0Sogar an der Polizeiakademie \u201eAlexandru Ioan Cuza\u201c wurde das Dach besch\u00e4digt, mehrere Unterrichtsr\u00e4ume standen unter Wasser.\u00a0Auch der Verkehr war betroffen: 15 Flugzeuge mussten am Flughafen \u201eHenri Coand\u0103\u201c in der Luft kreisen, bevor sie versp\u00e4tet landen konnten. Drei weitere Maschinen wurden zu Ausweichflugh\u00e4fen umgeleitet.<\/p>\n<p>Auch im S\u00fcden Rum\u00e4niens w\u00fcteten die Unwetter.\u00a0Im Kreis Ialomi\u021ba wurden \u00fcber 30 H\u00e4user \u00fcberflutet, in Slobozia stand sogar das Erdgeschoss eines Wohnblocks unter Wasser.\u00a0Im Kreis Prahova waren rund 30.000 Menschen in 40 Ortschaften ohne Strom. In Mizil geriet ein Strommast in Brand, auf der Autobahn st\u00fcrzte eine gro\u00dfe Werbetafel um.<\/p>\n<p>Sturm und Starkregen richteten auch in vielen anderen Landesteilen Sch\u00e4den an.\u00a0In den Kreisen Br\u0103ila, Buz\u0103u, C\u0103l\u0103ra\u0219i, Constan\u021ba, Tulcea, Arge\u0219, Giurgiu und Teleorman mussten Feuerwehrleute abgedeckte D\u00e4cher sichern und umgest\u00fcrzte B\u00e4ume von Autos und Stromleitungen entfernen.\u00a0Auch im Nordosten Rum\u00e4niens herrschten extreme Wetterbedingungen. Dort galten Warnstufen in Orange und Gelb wegen heftiger Regenf\u00e4lle.\u00a0Hydrologen warnten zudem vor Hochwasser \u2013 betroffen sind Fl\u00fcsse in fast drei Vierteln des Landes.<\/p>\n","protected":false},"excerpt":{"rendered":"<p>In Rum\u00e4nien sorgt das Wetter weiter f\u00fcr Chaos.\u00a0Gewitter, Hagel und Starkregen haben in Bukarest und mehreren Landesteilen erhebliche Sch\u00e4den angerichtet. Die Meteorologen warnten mit gelben, orangen und sogar roten Wetteralarmen vor extremen Bedingungen. Die h\u00f6chste Warnstufe \u2013 Rot \u2013 wurde ausgerufen, begleitet von Ro-Alert-Meldungen\u00a0auf Handys. Darin rufen die Beh\u00f6rden die Bev\u00f6lkerung auf, Schutzma\u00dfnahmen zu ergreifen [&hellip;]<\/p>\n","protected":false},"author":46,"featured_media":910165,"comment_status":"closed","ping_status":"closed","sticky":false,"template":"","format":"standard","meta":{"_acf_changed":false,"footnotes":""},"categories":[99583],"tags":[99587,99722,100759,99589,103369,104649,99721],"coauthors":[115852,113313],"class_list":["post-910259","post","type-post","status-publish","format-standard","has-post-thumbnail","hentry","category-rri-aktuell","tag-bukarest","tag-hochwasser","tag-opfer","tag-rumaenien","tag-starkregen","tag-stuerme","tag-unwetter"],"acf":[],"yoast_head":"<!-- This site is optimized with the Yoast SEO plugin v27.3 - https:\/\/yoast.com\/product\/yoast-seo-wordpress\/ -->\n<title>Unwetterserie \u00fcber Rum\u00e4nien: Beh\u00f6rden rufen h\u00f6chste Alarmstufe aus - Radio Rum\u00e4nien International<\/title>\n<meta name=\"robots\" content=\"index, follow, max-snippet:-1, max-image-preview:large, max-video-preview:-1\" \/>\n<link rel=\"canonical\" href=\"https:\/\/www.rri.ro\/de\/aktuell\/rri-aktuell\/unwetterserie-ueber-rumaenien-behoerden-rufen-hoechste-alarmstufe-aus-id910259.html\" \/>\n<meta property=\"og:locale\" content=\"de_DE\" \/>\n<meta property=\"og:type\" content=\"article\" \/>\n<meta property=\"og:title\" content=\"Unwetterserie \u00fcber Rum\u00e4nien: Beh\u00f6rden rufen h\u00f6chste Alarmstufe aus - Radio Rum\u00e4nien International\" \/>\n<meta property=\"og:description\" content=\"In Rum\u00e4nien sorgt das Wetter weiter f\u00fcr Chaos.\u00a0Gewitter, Hagel und Starkregen haben in Bukarest und mehreren Landesteilen erhebliche Sch\u00e4den angerichtet. Die Meteorologen warnten mit gelben, orangen und sogar roten Wetteralarmen vor extremen Bedingungen. Die h\u00f6chste Warnstufe \u2013 Rot \u2013 wurde ausgerufen, begleitet von Ro-Alert-Meldungen\u00a0auf Handys. Darin rufen die Beh\u00f6rden die Bev\u00f6lkerung auf, Schutzma\u00dfnahmen zu ergreifen [&hellip;]\" \/>\n<meta property=\"og:url\" content=\"https:\/\/www.rri.ro\/de\/aktuell\/rri-aktuell\/unwetterserie-ueber-rumaenien-behoerden-rufen-hoechste-alarmstufe-aus-id910259.html\" \/>\n<meta property=\"og:site_name\" content=\"Radio Rum\u00e4nien International\" \/>\n<meta property=\"article:published_time\" content=\"2025-07-18T11:21:26+00:00\" \/>\n<meta property=\"og:image\" content=\"https:\/\/www.rri.ro\/wp-content\/uploads\/2025\/07\/furtuna-Bucuresti-17iulie2025-foto-facebook-igsu-situatiideurgenta.jpg\" \/>\n\t<meta property=\"og:image:width\" content=\"1200\" \/>\n\t<meta property=\"og:image:height\" content=\"900\" \/>\n\t<meta property=\"og:image:type\" content=\"image\/jpeg\" \/>\n<meta name=\"author\" content=\"Leyla Cheamil, Alex Sterescu\" \/>\n<meta name=\"twitter:card\" content=\"summary_large_image\" \/>\n<meta name=\"twitter:label1\" content=\"Verfasst von\" \/>\n\t<meta name=\"twitter:data1\" content=\"Leyla Cheamil\" \/>\n\t<meta name=\"twitter:label2\" content=\"Gesch\u00e4tzte Lesezeit\" \/>\n\t<meta name=\"twitter:data2\" content=\"2\u00a0Minuten\" \/>\n\t<meta name=\"twitter:label3\" content=\"Written by\" \/>\n\t<meta name=\"twitter:data3\" content=\"Leyla Cheamil, Alex Sterescu\" \/>\n<script type=\"application\/ld+json\" class=\"yoast-schema-graph\">{\"@context\":\"https:\\\/\\\/schema.org\",\"@graph\":[{\"@type\":\"Article\",\"@id\":\"https:\\\/\\\/www.rri.ro\\\/de\\\/aktuell\\\/rri-aktuell\\\/unwetterserie-ueber-rumaenien-behoerden-rufen-hoechste-alarmstufe-aus-id910259.html#article\",\"isPartOf\":{\"@id\":\"https:\\\/\\\/www.rri.ro\\\/de\\\/aktuell\\\/rri-aktuell\\\/unwetterserie-ueber-rumaenien-behoerden-rufen-hoechste-alarmstufe-aus-id910259.html\"},\"author\":{\"name\":\"Leyla Cheamil\",\"@id\":\"https:\\\/\\\/www.rri.ro\\\/#\\\/schema\\\/person\\\/e6364ed2d4b6af207a82ca66000d07e0\"},\"headline\":\"Unwetterserie \u00fcber Rum\u00e4nien: Beh\u00f6rden rufen h\u00f6chste Alarmstufe aus\",\"datePublished\":\"2025-07-18T11:21:26+00:00\",\"mainEntityOfPage\":{\"@id\":\"https:\\\/\\\/www.rri.ro\\\/de\\\/aktuell\\\/rri-aktuell\\\/unwetterserie-ueber-rumaenien-behoerden-rufen-hoechste-alarmstufe-aus-id910259.html\"},\"wordCount\":382,\"image\":{\"@id\":\"https:\\\/\\\/www.rri.ro\\\/de\\\/aktuell\\\/rri-aktuell\\\/unwetterserie-ueber-rumaenien-behoerden-rufen-hoechste-alarmstufe-aus-id910259.html#primaryimage\"},\"thumbnailUrl\":\"https:\\\/\\\/www.rri.ro\\\/wp-content\\\/uploads\\\/2025\\\/07\\\/furtuna-Bucuresti-17iulie2025-foto-facebook-igsu-situatiideurgenta.jpg\",\"keywords\":[\"Bukarest\",\"Hochwasser\",\"Opfer\",\"Rum\u00e4nien\",\"Starkregen\",\"St\u00fcrme\",\"Unwetter\"],\"articleSection\":[\"RRI Aktuell\"],\"inLanguage\":\"de\"},{\"@type\":\"WebPage\",\"@id\":\"https:\\\/\\\/www.rri.ro\\\/de\\\/aktuell\\\/rri-aktuell\\\/unwetterserie-ueber-rumaenien-behoerden-rufen-hoechste-alarmstufe-aus-id910259.html\",\"url\":\"https:\\\/\\\/www.rri.ro\\\/de\\\/aktuell\\\/rri-aktuell\\\/unwetterserie-ueber-rumaenien-behoerden-rufen-hoechste-alarmstufe-aus-id910259.html\",\"name\":\"Unwetterserie \u00fcber Rum\u00e4nien: Beh\u00f6rden rufen h\u00f6chste Alarmstufe aus - Radio Rum\u00e4nien International\",\"isPartOf\":{\"@id\":\"https:\\\/\\\/www.rri.ro\\\/#website\"},\"primaryImageOfPage\":{\"@id\":\"https:\\\/\\\/www.rri.ro\\\/de\\\/aktuell\\\/rri-aktuell\\\/unwetterserie-ueber-rumaenien-behoerden-rufen-hoechste-alarmstufe-aus-id910259.html#primaryimage\"},\"image\":{\"@id\":\"https:\\\/\\\/www.rri.ro\\\/de\\\/aktuell\\\/rri-aktuell\\\/unwetterserie-ueber-rumaenien-behoerden-rufen-hoechste-alarmstufe-aus-id910259.html#primaryimage\"},\"thumbnailUrl\":\"https:\\\/\\\/www.rri.ro\\\/wp-content\\\/uploads\\\/2025\\\/07\\\/furtuna-Bucuresti-17iulie2025-foto-facebook-igsu-situatiideurgenta.jpg\",\"datePublished\":\"2025-07-18T11:21:26+00:00\",\"author\":{\"@id\":\"https:\\\/\\\/www.rri.ro\\\/#\\\/schema\\\/person\\\/e6364ed2d4b6af207a82ca66000d07e0\"},\"breadcrumb\":{\"@id\":\"https:\\\/\\\/www.rri.ro\\\/de\\\/aktuell\\\/rri-aktuell\\\/unwetterserie-ueber-rumaenien-behoerden-rufen-hoechste-alarmstufe-aus-id910259.html#breadcrumb\"},\"inLanguage\":\"de\",\"potentialAction\":[{\"@type\":\"ReadAction\",\"target\":[\"https:\\\/\\\/www.rri.ro\\\/de\\\/aktuell\\\/rri-aktuell\\\/unwetterserie-ueber-rumaenien-behoerden-rufen-hoechste-alarmstufe-aus-id910259.html\"]}]},{\"@type\":\"ImageObject\",\"inLanguage\":\"de\",\"@id\":\"https:\\\/\\\/www.rri.ro\\\/de\\\/aktuell\\\/rri-aktuell\\\/unwetterserie-ueber-rumaenien-behoerden-rufen-hoechste-alarmstufe-aus-id910259.html#primaryimage\",\"url\":\"https:\\\/\\\/www.rri.ro\\\/wp-content\\\/uploads\\\/2025\\\/07\\\/furtuna-Bucuresti-17iulie2025-foto-facebook-igsu-situatiideurgenta.jpg\",\"contentUrl\":\"https:\\\/\\\/www.rri.ro\\\/wp-content\\\/uploads\\\/2025\\\/07\\\/furtuna-Bucuresti-17iulie2025-foto-facebook-igsu-situatiideurgenta.jpg\",\"width\":1200,\"height\":900,\"caption\":\"\u0411\u0443\u0440\u0435\u0432\u0456\u0457 \u0437 \u043b\u044e\u0434\u0441\u044c\u043a\u0438\u043c\u0438 \u0436\u0435\u0440\u0442\u0432\u0430\u043c\u0438 \u0432 \u0420\u0443\u043c\u0443\u043d\u0456\u0457\"},{\"@type\":\"BreadcrumbList\",\"@id\":\"https:\\\/\\\/www.rri.ro\\\/de\\\/aktuell\\\/rri-aktuell\\\/unwetterserie-ueber-rumaenien-behoerden-rufen-hoechste-alarmstufe-aus-id910259.html#breadcrumb\",\"itemListElement\":[{\"@type\":\"ListItem\",\"position\":1,\"name\":\"Startseite\",\"item\":\"https:\\\/\\\/www.rri.ro\\\/de\"},{\"@type\":\"ListItem\",\"position\":2,\"name\":\"Aktuell\",\"item\":\"https:\\\/\\\/www.rri.ro\\\/de\\\/aktuell\"},{\"@type\":\"ListItem\",\"position\":3,\"name\":\"RRI Aktuell\",\"item\":\"https:\\\/\\\/www.rri.ro\\\/de\\\/aktuell\\\/rri-aktuell\"},{\"@type\":\"ListItem\",\"position\":4,\"name\":\"Unwetterserie \u00fcber Rum\u00e4nien: Beh\u00f6rden rufen h\u00f6chste Alarmstufe aus\"}]},{\"@type\":\"WebSite\",\"@id\":\"https:\\\/\\\/www.rri.ro\\\/#website\",\"url\":\"https:\\\/\\\/www.rri.ro\\\/\",\"name\":\"Radio Rum\u00e4nien International\",\"description\":\"Totul despre Rom\u00e2nia \u015fi rom\u00e2ni, \u00een 13 limbi\\\/dialecte!\",\"inLanguage\":\"de\"},{\"@type\":\"Person\",\"@id\":\"https:\\\/\\\/www.rri.ro\\\/#\\\/schema\\\/person\\\/e6364ed2d4b6af207a82ca66000d07e0\",\"name\":\"Leyla Cheamil\",\"url\":\"https:\\\/\\\/www.rri.ro\\\/de\\\/author\\\/leyla-cheamil\"}]}<\/script>\n<!-- \/ Yoast SEO plugin. -->","yoast_head_json":{"title":"Unwetterserie \u00fcber Rum\u00e4nien: Beh\u00f6rden rufen h\u00f6chste Alarmstufe aus - Radio Rum\u00e4nien International","robots":{"index":"index","follow":"follow","max-snippet":"max-snippet:-1","max-image-preview":"max-image-preview:large","max-video-preview":"max-video-preview:-1"},"canonical":"https:\/\/www.rri.ro\/de\/aktuell\/rri-aktuell\/unwetterserie-ueber-rumaenien-behoerden-rufen-hoechste-alarmstufe-aus-id910259.html","og_locale":"de_DE","og_type":"article","og_title":"Unwetterserie \u00fcber Rum\u00e4nien: Beh\u00f6rden rufen h\u00f6chste Alarmstufe aus - Radio Rum\u00e4nien International","og_description":"In Rum\u00e4nien sorgt das Wetter weiter f\u00fcr Chaos.\u00a0Gewitter, Hagel und Starkregen haben in Bukarest und mehreren Landesteilen erhebliche Sch\u00e4den angerichtet. Die Meteorologen warnten mit gelben, orangen und sogar roten Wetteralarmen vor extremen Bedingungen. Die h\u00f6chste Warnstufe \u2013 Rot \u2013 wurde ausgerufen, begleitet von Ro-Alert-Meldungen\u00a0auf Handys. Darin rufen die Beh\u00f6rden die Bev\u00f6lkerung auf, Schutzma\u00dfnahmen zu ergreifen [&hellip;]","og_url":"https:\/\/www.rri.ro\/de\/aktuell\/rri-aktuell\/unwetterserie-ueber-rumaenien-behoerden-rufen-hoechste-alarmstufe-aus-id910259.html","og_site_name":"Radio Rum\u00e4nien International","article_published_time":"2025-07-18T11:21:26+00:00","og_image":[{"width":1200,"height":900,"url":"https:\/\/www.rri.ro\/wp-content\/uploads\/2025\/07\/furtuna-Bucuresti-17iulie2025-foto-facebook-igsu-situatiideurgenta.jpg","type":"image\/jpeg"}],"author":"Leyla Cheamil, Alex Sterescu","twitter_card":"summary_large_image","twitter_misc":{"Verfasst von":"Leyla Cheamil","Gesch\u00e4tzte Lesezeit":"2\u00a0Minuten","Written by":"Leyla Cheamil, Alex Sterescu"},"schema":{"@context":"https:\/\/schema.org","@graph":[{"@type":"Article","@id":"https:\/\/www.rri.ro\/de\/aktuell\/rri-aktuell\/unwetterserie-ueber-rumaenien-behoerden-rufen-hoechste-alarmstufe-aus-id910259.html#article","isPartOf":{"@id":"https:\/\/www.rri.ro\/de\/aktuell\/rri-aktuell\/unwetterserie-ueber-rumaenien-behoerden-rufen-hoechste-alarmstufe-aus-id910259.html"},"author":{"name":"Leyla Cheamil","@id":"https:\/\/www.rri.ro\/#\/schema\/person\/e6364ed2d4b6af207a82ca66000d07e0"},"headline":"Unwetterserie \u00fcber Rum\u00e4nien: Beh\u00f6rden rufen h\u00f6chste Alarmstufe aus","datePublished":"2025-07-18T11:21:26+00:00","mainEntityOfPage":{"@id":"https:\/\/www.rri.ro\/de\/aktuell\/rri-aktuell\/unwetterserie-ueber-rumaenien-behoerden-rufen-hoechste-alarmstufe-aus-id910259.html"},"wordCount":382,"image":{"@id":"https:\/\/www.rri.ro\/de\/aktuell\/rri-aktuell\/unwetterserie-ueber-rumaenien-behoerden-rufen-hoechste-alarmstufe-aus-id910259.html#primaryimage"},"thumbnailUrl":"https:\/\/www.rri.ro\/wp-content\/uploads\/2025\/07\/furtuna-Bucuresti-17iulie2025-foto-facebook-igsu-situatiideurgenta.jpg","keywords":["Bukarest","Hochwasser","Opfer","Rum\u00e4nien","Starkregen","St\u00fcrme","Unwetter"],"articleSection":["RRI Aktuell"],"inLanguage":"de"},{"@type":"WebPage","@id":"https:\/\/www.rri.ro\/de\/aktuell\/rri-aktuell\/unwetterserie-ueber-rumaenien-behoerden-rufen-hoechste-alarmstufe-aus-id910259.html","url":"https:\/\/www.rri.ro\/de\/aktuell\/rri-aktuell\/unwetterserie-ueber-rumaenien-behoerden-rufen-hoechste-alarmstufe-aus-id910259.html","name":"Unwetterserie \u00fcber Rum\u00e4nien: Beh\u00f6rden rufen h\u00f6chste Alarmstufe aus - Radio Rum\u00e4nien International","isPartOf":{"@id":"https:\/\/www.rri.ro\/#website"},"primaryImageOfPage":{"@id":"https:\/\/www.rri.ro\/de\/aktuell\/rri-aktuell\/unwetterserie-ueber-rumaenien-behoerden-rufen-hoechste-alarmstufe-aus-id910259.html#primaryimage"},"image":{"@id":"https:\/\/www.rri.ro\/de\/aktuell\/rri-aktuell\/unwetterserie-ueber-rumaenien-behoerden-rufen-hoechste-alarmstufe-aus-id910259.html#primaryimage"},"thumbnailUrl":"https:\/\/www.rri.ro\/wp-content\/uploads\/2025\/07\/furtuna-Bucuresti-17iulie2025-foto-facebook-igsu-situatiideurgenta.jpg","datePublished":"2025-07-18T11:21:26+00:00","author":{"@id":"https:\/\/www.rri.ro\/#\/schema\/person\/e6364ed2d4b6af207a82ca66000d07e0"},"breadcrumb":{"@id":"https:\/\/www.rri.ro\/de\/aktuell\/rri-aktuell\/unwetterserie-ueber-rumaenien-behoerden-rufen-hoechste-alarmstufe-aus-id910259.html#breadcrumb"},"inLanguage":"de","potentialAction":[{"@type":"ReadAction","target":["https:\/\/www.rri.ro\/de\/aktuell\/rri-aktuell\/unwetterserie-ueber-rumaenien-behoerden-rufen-hoechste-alarmstufe-aus-id910259.html"]}]},{"@type":"ImageObject","inLanguage":"de","@id":"https:\/\/www.rri.ro\/de\/aktuell\/rri-aktuell\/unwetterserie-ueber-rumaenien-behoerden-rufen-hoechste-alarmstufe-aus-id910259.html#primaryimage","url":"https:\/\/www.rri.ro\/wp-content\/uploads\/2025\/07\/furtuna-Bucuresti-17iulie2025-foto-facebook-igsu-situatiideurgenta.jpg","contentUrl":"https:\/\/www.rri.ro\/wp-content\/uploads\/2025\/07\/furtuna-Bucuresti-17iulie2025-foto-facebook-igsu-situatiideurgenta.jpg","width":1200,"height":900,"caption":"\u0411\u0443\u0440\u0435\u0432\u0456\u0457 \u0437 \u043b\u044e\u0434\u0441\u044c\u043a\u0438\u043c\u0438 \u0436\u0435\u0440\u0442\u0432\u0430\u043c\u0438 \u0432 \u0420\u0443\u043c\u0443\u043d\u0456\u0457"},{"@type":"BreadcrumbList","@id":"https:\/\/www.rri.ro\/de\/aktuell\/rri-aktuell\/unwetterserie-ueber-rumaenien-behoerden-rufen-hoechste-alarmstufe-aus-id910259.html#breadcrumb","itemListElement":[{"@type":"ListItem","position":1,"name":"Startseite","item":"https:\/\/www.rri.ro\/de"},{"@type":"ListItem","position":2,"name":"Aktuell","item":"https:\/\/www.rri.ro\/de\/aktuell"},{"@type":"ListItem","position":3,"name":"RRI Aktuell","item":"https:\/\/www.rri.ro\/de\/aktuell\/rri-aktuell"},{"@type":"ListItem","position":4,"name":"Unwetterserie \u00fcber Rum\u00e4nien: Beh\u00f6rden rufen h\u00f6chste Alarmstufe aus"}]},{"@type":"WebSite","@id":"https:\/\/www.rri.ro\/#website","url":"https:\/\/www.rri.ro\/","name":"Radio Rum\u00e4nien International","description":"Totul despre Rom\u00e2nia \u015fi rom\u00e2ni, \u00een 13 limbi\/dialecte!","inLanguage":"de"},{"@type":"Person","@id":"https:\/\/www.rri.ro\/#\/schema\/person\/e6364ed2d4b6af207a82ca66000d07e0","name":"Leyla Cheamil","url":"https:\/\/www.rri.ro\/de\/author\/leyla-cheamil"}]}},"_links":{"self":[{"href":"https:\/\/www.rri.ro\/de\/wp-json\/wp\/v2\/posts\/910259","targetHints":{"allow":["GET"]}}],"collection":[{"href":"https:\/\/www.rri.ro\/de\/wp-json\/wp\/v2\/posts"}],"about":[{"href":"https:\/\/www.rri.ro\/de\/wp-json\/wp\/v2\/types\/post"}],"author":[{"embeddable":true,"href":"https:\/\/www.rri.ro\/de\/wp-json\/wp\/v2\/users\/46"}],"replies":[{"embeddable":true,"href":"https:\/\/www.rri.ro\/de\/wp-json\/wp\/v2\/comments?post=910259"}],"version-history":[{"count":0,"href":"https:\/\/www.rri.ro\/de\/wp-json\/wp\/v2\/posts\/910259\/revisions"}],"wp:featuredmedia":[{"embeddable":true,"href":"https:\/\/www.rri.ro\/de\/wp-json\/wp\/v2\/media\/910165"}],"wp:attachment":[{"href":"https:\/\/www.rri.ro\/de\/wp-json\/wp\/v2\/media?parent=910259"}],"wp:term":[{"taxonomy":"category","embeddable":true,"href":"https:\/\/www.rri.ro\/de\/wp-json\/wp\/v2\/categories?post=910259"},{"taxonomy":"post_tag","embeddable":true,"href":"https:\/\/www.rri.ro\/de\/wp-json\/wp\/v2\/tags?post=910259"},{"taxonomy":"author","embeddable":true,"href":"https:\/\/www.rri.ro\/de\/wp-json\/wp\/v2\/coauthors?post=910259"}],"curies":[{"name":"wp","href":"https:\/\/api.w.org\/{rel}","templated":true}]}}