{"id":912164,"date":"2025-07-24T17:30:26","date_gmt":"2025-07-24T14:30:26","guid":{"rendered":"https:\/\/www.rri.ro\/?p=912164"},"modified":"2025-07-25T15:35:07","modified_gmt":"2025-07-25T12:35:07","slug":"journalistin-marianna-prysiazhniuk-der-krieg-hat-zur-vertiefung-der-beziehungen-zwischen-der-ukraine-und-rumaenien-gefuehrt","status":"publish","type":"post","link":"https:\/\/www.rri.ro\/de\/rubriken\/neue-heimat-neues-leben\/journalistin-marianna-prysiazhniuk-der-krieg-hat-zur-vertiefung-der-beziehungen-zwischen-der-ukraine-und-rumaenien-gefuehrt-id912164.html","title":{"rendered":"Journalistin Marianna Prysiazhniuk: \u201eDer Krieg hat zur Vertiefung der Beziehungen zwischen der Ukraine und Rum\u00e4nien gef\u00fchrt\u201c"},"content":{"rendered":"<p>&nbsp;<\/p>\n<p><iframe loading=\"lazy\" src=\"https:\/\/w.soundcloud.com\/player\/?url=https%3A\/\/api.soundcloud.com\/tracks\/2136355287&amp;color=%2300b7f1&amp;inverse=false&amp;auto_play=false&amp;show_user=true\" width=\"100%\" height=\"20\" frameborder=\"no\" scrolling=\"no\"><\/iframe><\/p>\n<div style=\"font-size: 10px; color: #cccccc; line-break: anywhere; word-break: normal; overflow: hidden; white-space: nowrap; text-overflow: ellipsis; font-family: Interstate,Lucida Grande,Lucida Sans Unicode,Lucida Sans,Garuda,Verdana,Tahoma,sans-serif; font-weight: 100;\"><a style=\"color: #cccccc; text-decoration: none;\" title=\"RadioRomaniaInternational\" href=\"https:\/\/soundcloud.com\/radioromaniainternational\" target=\"_blank\" rel=\"noopener\">RadioRomaniaInternational<\/a> \u00b7 <a style=\"color: #cccccc; text-decoration: none;\" title=\"Journalistin Marianna Prysiazhniuk: \u201eDer Krieg hat zur Vertiefung der Beziehungen zwischen der Ukraine und Rum\u00e4nien gef\u00fchrt\u201c\" href=\"https:\/\/soundcloud.com\/radioromaniainternational\/journalistin-marianna-prysiazhniuk-der-krieg-hat-zur-vertiefung-der-beziehungen-zwischen-der-ukraine-und-rumanien-gefuhrt\" target=\"_blank\" rel=\"noopener\">Journalistin Marianna Prysiazhniuk: \u201eDer Krieg hat zur Vertiefung der Beziehungen zwischen der Ukraine und Rum\u00e4nien gef\u00fchrt\u201c<\/a><\/div>\n<p>&nbsp;<\/p>\n<p class=\"western\" align=\"left\"><span style=\"font-size: 14pt;\">\u201e<span lang=\"de-DE\"><i>Zun\u00e4chst einmal danke ich f\u00fcr die Einladung, in Ihrer Sendung auftreten zu d\u00fcrfen. Ich habe mehrere Abschl\u00fcsse \u2013 der erste war im Bereich Bildung, dann habe ich Psychologie studiert. Danach habe ich beschlossen, ins Ausland zu gehen, und ich habe mich entschieden, nach Rum\u00e4nien zu kommen. Meine Entscheidung war interessant, weil die meisten Ukrainer nach Polen gehen \u2013 zumindest f\u00fcr die erste Auslandserfahrung w\u00e4hrend der Studienzeit. Ich habe entschieden, nicht dorthin zu gehen, wo alle hingehen, damit ich in Ruhe studieren kann. Ich war 26 Jahre alt, als ich diese Entscheidung getroffen habe, und ich war sehr ernsthaft in meinem Vorhaben, etwas zu lernen und neue Erfahrungen zu sammeln. Jetzt sind wir viele Ukrainer hier und ich danke f\u00fcr die Hilfe, f\u00fcr alles, was ihr f\u00fcr meine Landsleute tut \u2013 sowohl im Bereich der Hochschulbildung als auch im Bereich humanit\u00e4rer Unterst\u00fctzung.<\/i><\/span><\/span><\/p>\n<p class=\"western\" align=\"left\"><span lang=\"de-DE\" style=\"font-size: 14pt;\"><i>F\u00fcr mich war Rum\u00e4nien schon vor dem Krieg mein zweites Zuhause, aber jetzt ist es das zweite Zuhause f\u00fcr viele Ukrainer geworden, und das macht mich gl\u00fccklich. Das ist sozusagen der positive Effekt der Trag\u00f6die, die sich in der Ukraine abspielt.\u201c<\/i><\/span><\/p>\n<p>&nbsp;<\/p>\n<p class=\"western\" align=\"left\"><span style=\"font-size: 14pt;\"><span lang=\"en-US\">Nach ihrer Ankunft in <\/span><span lang=\"de-DE\">Rum\u00e4nien<\/span><span lang=\"en-US\"> hat <\/span><span lang=\"de-DE\">sich Marianna Prysiazhniuk f\u00fcr ein Studium an der Bukarester Hochschule f\u00fcr Politik- und Verwaltungswissenschaften (SNSPA) entschieden. Dort hat sie einen Master belegt und ist derzeit Doktorandin in Politikwissenschaft und internationalen Beziehungen. Sie arbeitet schon seit einiger Zeit im Fachgebiet, ist Analystin f\u00fcr das Projekt Atena im Bereich Cybersicherheit und Koordinatorin des Projekts Delta, das sich mit der regionalen Zusammenarbeit zwischen der Ukraine, Moldawien und Rum\u00e4nien besch\u00e4ftigt. Au\u00dferdem ist sie als Politikexpertin Mitglied eines ukrainischen Thinktanks und arbeitet aktiv im Bereich der Bek\u00e4mpfung von Fake News in der Ukraine und in Rum\u00e4nien. Sie schreibt f\u00fcr zahlreiche Publikationen in der Ukraine, in Rum\u00e4nien und in der Republik Moldau, ist Sonderreporterin und wurde f\u00fcr ihre Arbeit bereits mehrfach ausgezeichnet.<\/span><\/span><\/p>\n<p class=\"western\" align=\"left\"><span lang=\"de-DE\" style=\"font-size: 14pt;\">Wir fragten sie weiter, wann sie nach Rum\u00e4nien gekommen ist und warum sie das Land als zweites Zuhause betrachtet.<\/span><\/p>\n<p class=\"western\" align=\"left\"><span style=\"font-size: 14pt;\"> \u00a0<\/span><\/p>\n<p class=\"western\" align=\"left\"><span style=\"font-size: 14pt;\"><em>\u201e<\/em><span lang=\"de-DE\"><em>Ehrlich gesagt bin ich in allen drei L\u00e4ndern ans\u00e4ssig<\/em><i> \u2013 denn auch wenn ich verschiedene Projekte habe, dreht sich jedes einzelne um das, was in unserer Region passiert \u2013 in Rum\u00e4nien, Moldawien und der Ukraine \u2013 sowie um gemeinsame und unterschiedliche Interessen. Alles, was mit regionaler Entwicklung, Sicherheit, Informationsresilienz usw. zu tun hat. Deshalb reise ich viel, aber ich habe hier meinen Hauptstandort und auch in Kiew. Ich h\u00e4tte 2018 nicht gedacht, dass ich mich so sehr mit Rum\u00e4nien verbunden f\u00fchlen w\u00fcrde. Dieses Land ist ein Teil meiner Identit\u00e4t geworden \u2013 zumindest meiner beruflichen Identit\u00e4t \u2013, weil ich mir meine Arbeit heute ohne die rum\u00e4nische Sprache oder ohne diese Region nicht mehr vorstellen kann. <\/i><\/span><\/span><\/p>\n<p class=\"western\" align=\"left\"><span lang=\"de-DE\" style=\"font-size: 14pt;\"><i>Ich beobachte und analysiere sehr genau, was hier politisch passiert, und ich bin geehrt, die Journalistin aus der Ukraine zu sein, die wenigstens ein bisschen versteht, was bei euch vor sich geht \u2013 denn manchmal sind eure politischen Situationen sehr kompliziert, selbst f\u00fcr erfahrene Journalisten in Rum\u00e4nien. Besonders im letzten Jahr mit gleich vier Wahlk\u00e4mpfen. Das ist mein t\u00e4gliches Leben. Ich arbeite sehr viel, ich schreibe sehr viel, und ich glaube, ich bin die einzige Journalistin in Kiew, die Rum\u00e4nisch spricht und \u00fcber Rum\u00e4nien schreibt. Ich m\u00f6chte mich auf diesem Gebiet weiterentwickeln. Ich mag Rum\u00e4nien, und ich sehe dieses Land und unsere Region als einen Raum guter Nachbarschaft und zur F\u00f6rderung europ\u00e4ischer Prinzipien \u2013 \u00fcber die wir alle reden, aber weniger handeln. Und daf\u00fcr m\u00f6chte ich mich einbringen.\u201c<\/i><\/span><\/p>\n<p>&nbsp;<\/p>\n<p class=\"western\" align=\"left\"><span style=\"font-size: 14pt;\"><span lang=\"de-DE\">Was gef\u00e4llt der jungen ukrainischen Journalistin und Politikwissenschaftlerin am meisten in Rum\u00e4nien?<\/span><\/span><\/p>\n<p>&nbsp;<\/p>\n<p class=\"western\" align=\"left\"><span style=\"font-size: 14pt;\"><em>\u201e<span lang=\"de-DE\"><i>Ich liebe die rum\u00e4nische Sprache sehr. Ich lese auf Rum\u00e4nisch und habe 2018 angefangen, die Sprache zu lernen. An der Universit\u00e4t in Pite\u0219ti hatte ich ein sehr intensives Vorbereitungsjahr, in dem ich Rum\u00e4nisch gelernt habe. Ich lerne auch heute noch privat mit einer Lehrerin weiter. Ich liebe die rum\u00e4nische Sprache sehr und auch diesen kulturellen Raum sowie die gesellschaftliche Haltung gegen\u00fcber bestimmten Ph\u00e4nomenen. Ich w\u00fcrde sagen, dass die rum\u00e4nische Gesellschaft \u00fcberhaupt nicht konfliktgeladen ist, und das gef\u00e4llt mir.<\/i><\/span><\/em><\/span><\/p>\n<p class=\"western\" align=\"left\"><span lang=\"de-DE\" style=\"font-size: 14pt;\"><i>Ich habe in vielen L\u00e4ndern gearbeitet, und wenn es in einer Gesellschaft zu viel Radikalisierung und emotionale Spannungen gibt, ist es psychisch sehr schwer, es dort auszuhalten. Hier ist es ruhiger, und ich wei\u00df, dass ich nach Rum\u00e4nien nicht nur zum Arbeiten, sondern auch zur Erholung kommen kann. Und das gef\u00e4llt mir sehr. Es ist mein zweites Zuhause.\u201c<\/i><\/span><\/p>\n<p>&nbsp;<\/p>\n<p class=\"western\" align=\"left\"><span lang=\"de-DE\" style=\"font-size: 14pt;\">Doch was vermisst sie aus der Ukraine, ihrer ersten Heimat?<\/span><\/p>\n<p>&nbsp;<\/p>\n<p class=\"western\" align=\"left\"><span style=\"font-size: 14pt;\">\u201e<span lang=\"de-DE\"><i>Ich liebe meine Landsleute, ich mag, dass sie mutig und stark sind, und manchmal vermisse ich diese gegenseitige Unterst\u00fctzung, die Ukrainer einander geben. Das ist etwas Besonderes an unserer Mentalit\u00e4t.\u201c <\/i><\/span><\/span><\/p>\n<p>&nbsp;<\/p>\n<p class=\"western\" align=\"left\"><span lang=\"de-DE\" style=\"font-size: 14pt;\">Gibt es eine Entwicklung in den rum\u00e4nisch-ukrainischen Beziehungen, die erst durch den Krieg entstanden ist? Das wollten wir zum Schluss unseres Gespr\u00e4chs von der ukrainischen Journalistin und Politikwissenschaftlerin Marianna Prysiazhniuk erfahren.<\/span><\/p>\n<p>&nbsp;<\/p>\n<p class=\"western\" align=\"left\"><span style=\"font-size: 14pt;\">\u201e<span lang=\"de-DE\"><i>Ich w\u00fcrde sagen, seit Beginn dieses gro\u00df angelegten Krieges hat Rum\u00e4nien angefangen, die Ukraine zu entdecken \u2013 und die Ukraine entdeckt Rum\u00e4nien. Als ich herkam, h\u00e4tte niemand in Rum\u00e4nien f\u00fcnf St\u00e4dte in der Ukraine aufz\u00e4hlen k\u00f6nnen.<\/i><\/span><\/span><\/p>\n<p class=\"western\" align=\"left\"><span lang=\"de-DE\" style=\"font-size: 14pt;\"><i>Jetzt wissen alle sehr gut, was im Osten passiert, was im Westen geschieht \u2013 zumindest diejenigen Rum\u00e4nen, die sich f\u00fcr die Situation in der Ukraine interessieren. Genauso in der Ukraine \u2013 alle wissen, wo sich die Fl\u00fcchtlinge konzentrieren, wo sich alternative Routen f\u00fcr den Getreidetransport aus der Ukraine befinden. Diese ganzen technischen Dinge haben uns geholfen, einander besser kennenzulernen \u2013 und das ist sehr gut. Wir sollten diese Situation nutzen, um die Beziehungen zu vertiefen \u2013 nicht nur politisch, nicht nur wirtschaftlich, sondern auch kulturell, \u00fcber die Menschen, die gemeinsame Geschichte und vieles mehr.\u201c<\/i><\/span><\/p>\n","protected":false},"excerpt":{"rendered":"<p>&nbsp; RadioRomaniaInternational \u00b7 Journalistin Marianna Prysiazhniuk: \u201eDer Krieg hat zur Vertiefung der Beziehungen zwischen der Ukraine und Rum\u00e4nien gef\u00fchrt\u201c &nbsp; \u201eZun\u00e4chst einmal danke ich f\u00fcr die Einladung, in Ihrer Sendung auftreten zu d\u00fcrfen. Ich habe mehrere Abschl\u00fcsse \u2013 der erste war im Bereich Bildung, dann habe ich Psychologie studiert. Danach habe ich beschlossen, ins Ausland [&hellip;]<\/p>\n","protected":false},"author":68,"featured_media":898182,"comment_status":"closed","ping_status":"closed","sticky":false,"template":"","format":"audio","meta":{"_acf_changed":false,"footnotes":""},"categories":[116785],"tags":[122012,174157,174156,174158,100115,99589,134268],"coauthors":[116457,115354],"class_list":["post-912164","post","type-post","status-publish","format-audio","has-post-thumbnail","hentry","category-neue-heimat-neues-leben","tag-journalistin","tag-kommunikationsexpertin","tag-marianna-prysiazhniuk","tag-politikwissenschaftlerin","tag-republik-moldau","tag-rumaenien","tag-ukraine-de","post_format-post-format-audio"],"acf":[],"yoast_head":"<!-- This site is optimized with the Yoast SEO plugin v27.3 - https:\/\/yoast.com\/product\/yoast-seo-wordpress\/ -->\n<title>Journalistin Marianna Prysiazhniuk: \u201eDer Krieg hat zur Vertiefung der Beziehungen zwischen der Ukraine und Rum\u00e4nien gef\u00fchrt\u201c - Radio Rum\u00e4nien International<\/title>\n<meta name=\"robots\" content=\"index, follow, max-snippet:-1, max-image-preview:large, max-video-preview:-1\" \/>\n<link rel=\"canonical\" href=\"https:\/\/www.rri.ro\/de\/rubriken\/neue-heimat-neues-leben\/journalistin-marianna-prysiazhniuk-der-krieg-hat-zur-vertiefung-der-beziehungen-zwischen-der-ukraine-und-rumaenien-gefuehrt-id912164.html\" \/>\n<meta property=\"og:locale\" content=\"de_DE\" \/>\n<meta property=\"og:type\" content=\"article\" \/>\n<meta property=\"og:title\" content=\"Journalistin Marianna Prysiazhniuk: \u201eDer Krieg hat zur Vertiefung der Beziehungen zwischen der Ukraine und Rum\u00e4nien gef\u00fchrt\u201c - Radio Rum\u00e4nien International\" \/>\n<meta property=\"og:description\" content=\"&nbsp; RadioRomaniaInternational \u00b7 Journalistin Marianna Prysiazhniuk: \u201eDer Krieg hat zur Vertiefung der Beziehungen zwischen der Ukraine und Rum\u00e4nien gef\u00fchrt\u201c &nbsp; \u201eZun\u00e4chst einmal danke ich f\u00fcr die Einladung, in Ihrer Sendung auftreten zu d\u00fcrfen. Ich habe mehrere Abschl\u00fcsse \u2013 der erste war im Bereich Bildung, dann habe ich Psychologie studiert. Danach habe ich beschlossen, ins Ausland [&hellip;]\" \/>\n<meta property=\"og:url\" content=\"https:\/\/www.rri.ro\/de\/rubriken\/neue-heimat-neues-leben\/journalistin-marianna-prysiazhniuk-der-krieg-hat-zur-vertiefung-der-beziehungen-zwischen-der-ukraine-und-rumaenien-gefuehrt-id912164.html\" \/>\n<meta property=\"og:site_name\" content=\"Radio Rum\u00e4nien International\" \/>\n<meta property=\"article:published_time\" content=\"2025-07-24T14:30:26+00:00\" \/>\n<meta property=\"article:modified_time\" content=\"2025-07-25T12:35:07+00:00\" \/>\n<meta property=\"og:image\" content=\"https:\/\/www.rri.ro\/wp-content\/uploads\/2025\/06\/expat-Marianna-Prysiazhniuk-arhiva-personala.jpg\" \/>\n\t<meta property=\"og:image:width\" content=\"1200\" \/>\n\t<meta property=\"og:image:height\" content=\"801\" \/>\n\t<meta property=\"og:image:type\" content=\"image\/jpeg\" \/>\n<meta name=\"author\" content=\"Hildegard Ign\u0103tescu, Sorin Georgescu\" \/>\n<meta name=\"twitter:card\" content=\"summary_large_image\" \/>\n<meta name=\"twitter:label1\" content=\"Verfasst von\" \/>\n\t<meta name=\"twitter:data1\" content=\"Hildegard Ign\u0103tescu\" \/>\n\t<meta name=\"twitter:label2\" content=\"Gesch\u00e4tzte Lesezeit\" \/>\n\t<meta name=\"twitter:data2\" content=\"5\u00a0Minuten\" \/>\n\t<meta name=\"twitter:label3\" content=\"Written by\" \/>\n\t<meta name=\"twitter:data3\" content=\"Hildegard Ign\u0103tescu, Sorin Georgescu\" \/>\n<script type=\"application\/ld+json\" class=\"yoast-schema-graph\">{\"@context\":\"https:\\\/\\\/schema.org\",\"@graph\":[{\"@type\":\"Article\",\"@id\":\"https:\\\/\\\/www.rri.ro\\\/de\\\/rubriken\\\/neue-heimat-neues-leben\\\/journalistin-marianna-prysiazhniuk-der-krieg-hat-zur-vertiefung-der-beziehungen-zwischen-der-ukraine-und-rumaenien-gefuehrt-id912164.html#article\",\"isPartOf\":{\"@id\":\"https:\\\/\\\/www.rri.ro\\\/de\\\/rubriken\\\/neue-heimat-neues-leben\\\/journalistin-marianna-prysiazhniuk-der-krieg-hat-zur-vertiefung-der-beziehungen-zwischen-der-ukraine-und-rumaenien-gefuehrt-id912164.html\"},\"author\":{\"name\":\"Hildegard Ign\u0103tescu\",\"@id\":\"https:\\\/\\\/www.rri.ro\\\/#\\\/schema\\\/person\\\/6ca599fe15d6eefdf1eb5d12c5708ffc\"},\"headline\":\"Journalistin Marianna Prysiazhniuk: \u201eDer Krieg hat zur Vertiefung der Beziehungen zwischen der Ukraine und Rum\u00e4nien gef\u00fchrt\u201c\",\"datePublished\":\"2025-07-24T14:30:26+00:00\",\"dateModified\":\"2025-07-25T12:35:07+00:00\",\"mainEntityOfPage\":{\"@id\":\"https:\\\/\\\/www.rri.ro\\\/de\\\/rubriken\\\/neue-heimat-neues-leben\\\/journalistin-marianna-prysiazhniuk-der-krieg-hat-zur-vertiefung-der-beziehungen-zwischen-der-ukraine-und-rumaenien-gefuehrt-id912164.html\"},\"wordCount\":1027,\"image\":{\"@id\":\"https:\\\/\\\/www.rri.ro\\\/de\\\/rubriken\\\/neue-heimat-neues-leben\\\/journalistin-marianna-prysiazhniuk-der-krieg-hat-zur-vertiefung-der-beziehungen-zwischen-der-ukraine-und-rumaenien-gefuehrt-id912164.html#primaryimage\"},\"thumbnailUrl\":\"https:\\\/\\\/www.rri.ro\\\/wp-content\\\/uploads\\\/2025\\\/06\\\/expat-Marianna-Prysiazhniuk-arhiva-personala.jpg\",\"keywords\":[\"Journalistin\",\"Kommunikationsexpertin\",\"Marianna Prysiazhniuk\",\"Politikwissenschaftlerin\",\"Republik Moldau\",\"Rum\u00e4nien\",\"Ukraine\"],\"articleSection\":[\"Neue Heimat, neues Leben\"],\"inLanguage\":\"de\"},{\"@type\":\"WebPage\",\"@id\":\"https:\\\/\\\/www.rri.ro\\\/de\\\/rubriken\\\/neue-heimat-neues-leben\\\/journalistin-marianna-prysiazhniuk-der-krieg-hat-zur-vertiefung-der-beziehungen-zwischen-der-ukraine-und-rumaenien-gefuehrt-id912164.html\",\"url\":\"https:\\\/\\\/www.rri.ro\\\/de\\\/rubriken\\\/neue-heimat-neues-leben\\\/journalistin-marianna-prysiazhniuk-der-krieg-hat-zur-vertiefung-der-beziehungen-zwischen-der-ukraine-und-rumaenien-gefuehrt-id912164.html\",\"name\":\"Journalistin Marianna Prysiazhniuk: \u201eDer Krieg hat zur Vertiefung der Beziehungen zwischen der Ukraine und Rum\u00e4nien gef\u00fchrt\u201c - Radio Rum\u00e4nien International\",\"isPartOf\":{\"@id\":\"https:\\\/\\\/www.rri.ro\\\/#website\"},\"primaryImageOfPage\":{\"@id\":\"https:\\\/\\\/www.rri.ro\\\/de\\\/rubriken\\\/neue-heimat-neues-leben\\\/journalistin-marianna-prysiazhniuk-der-krieg-hat-zur-vertiefung-der-beziehungen-zwischen-der-ukraine-und-rumaenien-gefuehrt-id912164.html#primaryimage\"},\"image\":{\"@id\":\"https:\\\/\\\/www.rri.ro\\\/de\\\/rubriken\\\/neue-heimat-neues-leben\\\/journalistin-marianna-prysiazhniuk-der-krieg-hat-zur-vertiefung-der-beziehungen-zwischen-der-ukraine-und-rumaenien-gefuehrt-id912164.html#primaryimage\"},\"thumbnailUrl\":\"https:\\\/\\\/www.rri.ro\\\/wp-content\\\/uploads\\\/2025\\\/06\\\/expat-Marianna-Prysiazhniuk-arhiva-personala.jpg\",\"datePublished\":\"2025-07-24T14:30:26+00:00\",\"dateModified\":\"2025-07-25T12:35:07+00:00\",\"author\":{\"@id\":\"https:\\\/\\\/www.rri.ro\\\/#\\\/schema\\\/person\\\/6ca599fe15d6eefdf1eb5d12c5708ffc\"},\"breadcrumb\":{\"@id\":\"https:\\\/\\\/www.rri.ro\\\/de\\\/rubriken\\\/neue-heimat-neues-leben\\\/journalistin-marianna-prysiazhniuk-der-krieg-hat-zur-vertiefung-der-beziehungen-zwischen-der-ukraine-und-rumaenien-gefuehrt-id912164.html#breadcrumb\"},\"inLanguage\":\"de\",\"potentialAction\":[{\"@type\":\"ReadAction\",\"target\":[\"https:\\\/\\\/www.rri.ro\\\/de\\\/rubriken\\\/neue-heimat-neues-leben\\\/journalistin-marianna-prysiazhniuk-der-krieg-hat-zur-vertiefung-der-beziehungen-zwischen-der-ukraine-und-rumaenien-gefuehrt-id912164.html\"]}]},{\"@type\":\"ImageObject\",\"inLanguage\":\"de\",\"@id\":\"https:\\\/\\\/www.rri.ro\\\/de\\\/rubriken\\\/neue-heimat-neues-leben\\\/journalistin-marianna-prysiazhniuk-der-krieg-hat-zur-vertiefung-der-beziehungen-zwischen-der-ukraine-und-rumaenien-gefuehrt-id912164.html#primaryimage\",\"url\":\"https:\\\/\\\/www.rri.ro\\\/wp-content\\\/uploads\\\/2025\\\/06\\\/expat-Marianna-Prysiazhniuk-arhiva-personala.jpg\",\"contentUrl\":\"https:\\\/\\\/www.rri.ro\\\/wp-content\\\/uploads\\\/2025\\\/06\\\/expat-Marianna-Prysiazhniuk-arhiva-personala.jpg\",\"width\":1200,\"height\":801,\"caption\":\"Marianna Prysiazhniuk\"},{\"@type\":\"BreadcrumbList\",\"@id\":\"https:\\\/\\\/www.rri.ro\\\/de\\\/rubriken\\\/neue-heimat-neues-leben\\\/journalistin-marianna-prysiazhniuk-der-krieg-hat-zur-vertiefung-der-beziehungen-zwischen-der-ukraine-und-rumaenien-gefuehrt-id912164.html#breadcrumb\",\"itemListElement\":[{\"@type\":\"ListItem\",\"position\":1,\"name\":\"Startseite\",\"item\":\"https:\\\/\\\/www.rri.ro\\\/de\"},{\"@type\":\"ListItem\",\"position\":2,\"name\":\"Rubriken\",\"item\":\"https:\\\/\\\/www.rri.ro\\\/de\\\/rubriken\"},{\"@type\":\"ListItem\",\"position\":3,\"name\":\"Neue Heimat, neues Leben\",\"item\":\"https:\\\/\\\/www.rri.ro\\\/de\\\/rubriken\\\/neue-heimat-neues-leben\"},{\"@type\":\"ListItem\",\"position\":4,\"name\":\"Journalistin Marianna Prysiazhniuk: \u201eDer Krieg hat zur Vertiefung der Beziehungen zwischen der Ukraine und Rum\u00e4nien gef\u00fchrt\u201c\"}]},{\"@type\":\"WebSite\",\"@id\":\"https:\\\/\\\/www.rri.ro\\\/#website\",\"url\":\"https:\\\/\\\/www.rri.ro\\\/\",\"name\":\"Radio Rum\u00e4nien International\",\"description\":\"Totul despre Rom\u00e2nia \u015fi rom\u00e2ni, \u00een 13 limbi\\\/dialecte!\",\"inLanguage\":\"de\"},{\"@type\":\"Person\",\"@id\":\"https:\\\/\\\/www.rri.ro\\\/#\\\/schema\\\/person\\\/6ca599fe15d6eefdf1eb5d12c5708ffc\",\"name\":\"Hildegard Ign\u0103tescu\",\"url\":\"https:\\\/\\\/www.rri.ro\\\/de\\\/author\\\/hildegard-ignatescu\"}]}<\/script>\n<!-- \/ Yoast SEO plugin. -->","yoast_head_json":{"title":"Journalistin Marianna Prysiazhniuk: \u201eDer Krieg hat zur Vertiefung der Beziehungen zwischen der Ukraine und Rum\u00e4nien gef\u00fchrt\u201c - Radio Rum\u00e4nien International","robots":{"index":"index","follow":"follow","max-snippet":"max-snippet:-1","max-image-preview":"max-image-preview:large","max-video-preview":"max-video-preview:-1"},"canonical":"https:\/\/www.rri.ro\/de\/rubriken\/neue-heimat-neues-leben\/journalistin-marianna-prysiazhniuk-der-krieg-hat-zur-vertiefung-der-beziehungen-zwischen-der-ukraine-und-rumaenien-gefuehrt-id912164.html","og_locale":"de_DE","og_type":"article","og_title":"Journalistin Marianna Prysiazhniuk: \u201eDer Krieg hat zur Vertiefung der Beziehungen zwischen der Ukraine und Rum\u00e4nien gef\u00fchrt\u201c - Radio Rum\u00e4nien International","og_description":"&nbsp; RadioRomaniaInternational \u00b7 Journalistin Marianna Prysiazhniuk: \u201eDer Krieg hat zur Vertiefung der Beziehungen zwischen der Ukraine und Rum\u00e4nien gef\u00fchrt\u201c &nbsp; \u201eZun\u00e4chst einmal danke ich f\u00fcr die Einladung, in Ihrer Sendung auftreten zu d\u00fcrfen. Ich habe mehrere Abschl\u00fcsse \u2013 der erste war im Bereich Bildung, dann habe ich Psychologie studiert. Danach habe ich beschlossen, ins Ausland [&hellip;]","og_url":"https:\/\/www.rri.ro\/de\/rubriken\/neue-heimat-neues-leben\/journalistin-marianna-prysiazhniuk-der-krieg-hat-zur-vertiefung-der-beziehungen-zwischen-der-ukraine-und-rumaenien-gefuehrt-id912164.html","og_site_name":"Radio Rum\u00e4nien International","article_published_time":"2025-07-24T14:30:26+00:00","article_modified_time":"2025-07-25T12:35:07+00:00","og_image":[{"width":1200,"height":801,"url":"https:\/\/www.rri.ro\/wp-content\/uploads\/2025\/06\/expat-Marianna-Prysiazhniuk-arhiva-personala.jpg","type":"image\/jpeg"}],"author":"Hildegard Ign\u0103tescu, Sorin Georgescu","twitter_card":"summary_large_image","twitter_misc":{"Verfasst von":"Hildegard Ign\u0103tescu","Gesch\u00e4tzte Lesezeit":"5\u00a0Minuten","Written by":"Hildegard Ign\u0103tescu, Sorin Georgescu"},"schema":{"@context":"https:\/\/schema.org","@graph":[{"@type":"Article","@id":"https:\/\/www.rri.ro\/de\/rubriken\/neue-heimat-neues-leben\/journalistin-marianna-prysiazhniuk-der-krieg-hat-zur-vertiefung-der-beziehungen-zwischen-der-ukraine-und-rumaenien-gefuehrt-id912164.html#article","isPartOf":{"@id":"https:\/\/www.rri.ro\/de\/rubriken\/neue-heimat-neues-leben\/journalistin-marianna-prysiazhniuk-der-krieg-hat-zur-vertiefung-der-beziehungen-zwischen-der-ukraine-und-rumaenien-gefuehrt-id912164.html"},"author":{"name":"Hildegard Ign\u0103tescu","@id":"https:\/\/www.rri.ro\/#\/schema\/person\/6ca599fe15d6eefdf1eb5d12c5708ffc"},"headline":"Journalistin Marianna Prysiazhniuk: \u201eDer Krieg hat zur Vertiefung der Beziehungen zwischen der Ukraine und Rum\u00e4nien gef\u00fchrt\u201c","datePublished":"2025-07-24T14:30:26+00:00","dateModified":"2025-07-25T12:35:07+00:00","mainEntityOfPage":{"@id":"https:\/\/www.rri.ro\/de\/rubriken\/neue-heimat-neues-leben\/journalistin-marianna-prysiazhniuk-der-krieg-hat-zur-vertiefung-der-beziehungen-zwischen-der-ukraine-und-rumaenien-gefuehrt-id912164.html"},"wordCount":1027,"image":{"@id":"https:\/\/www.rri.ro\/de\/rubriken\/neue-heimat-neues-leben\/journalistin-marianna-prysiazhniuk-der-krieg-hat-zur-vertiefung-der-beziehungen-zwischen-der-ukraine-und-rumaenien-gefuehrt-id912164.html#primaryimage"},"thumbnailUrl":"https:\/\/www.rri.ro\/wp-content\/uploads\/2025\/06\/expat-Marianna-Prysiazhniuk-arhiva-personala.jpg","keywords":["Journalistin","Kommunikationsexpertin","Marianna Prysiazhniuk","Politikwissenschaftlerin","Republik Moldau","Rum\u00e4nien","Ukraine"],"articleSection":["Neue Heimat, neues Leben"],"inLanguage":"de"},{"@type":"WebPage","@id":"https:\/\/www.rri.ro\/de\/rubriken\/neue-heimat-neues-leben\/journalistin-marianna-prysiazhniuk-der-krieg-hat-zur-vertiefung-der-beziehungen-zwischen-der-ukraine-und-rumaenien-gefuehrt-id912164.html","url":"https:\/\/www.rri.ro\/de\/rubriken\/neue-heimat-neues-leben\/journalistin-marianna-prysiazhniuk-der-krieg-hat-zur-vertiefung-der-beziehungen-zwischen-der-ukraine-und-rumaenien-gefuehrt-id912164.html","name":"Journalistin Marianna Prysiazhniuk: \u201eDer Krieg hat zur Vertiefung der Beziehungen zwischen der Ukraine und Rum\u00e4nien gef\u00fchrt\u201c - Radio Rum\u00e4nien International","isPartOf":{"@id":"https:\/\/www.rri.ro\/#website"},"primaryImageOfPage":{"@id":"https:\/\/www.rri.ro\/de\/rubriken\/neue-heimat-neues-leben\/journalistin-marianna-prysiazhniuk-der-krieg-hat-zur-vertiefung-der-beziehungen-zwischen-der-ukraine-und-rumaenien-gefuehrt-id912164.html#primaryimage"},"image":{"@id":"https:\/\/www.rri.ro\/de\/rubriken\/neue-heimat-neues-leben\/journalistin-marianna-prysiazhniuk-der-krieg-hat-zur-vertiefung-der-beziehungen-zwischen-der-ukraine-und-rumaenien-gefuehrt-id912164.html#primaryimage"},"thumbnailUrl":"https:\/\/www.rri.ro\/wp-content\/uploads\/2025\/06\/expat-Marianna-Prysiazhniuk-arhiva-personala.jpg","datePublished":"2025-07-24T14:30:26+00:00","dateModified":"2025-07-25T12:35:07+00:00","author":{"@id":"https:\/\/www.rri.ro\/#\/schema\/person\/6ca599fe15d6eefdf1eb5d12c5708ffc"},"breadcrumb":{"@id":"https:\/\/www.rri.ro\/de\/rubriken\/neue-heimat-neues-leben\/journalistin-marianna-prysiazhniuk-der-krieg-hat-zur-vertiefung-der-beziehungen-zwischen-der-ukraine-und-rumaenien-gefuehrt-id912164.html#breadcrumb"},"inLanguage":"de","potentialAction":[{"@type":"ReadAction","target":["https:\/\/www.rri.ro\/de\/rubriken\/neue-heimat-neues-leben\/journalistin-marianna-prysiazhniuk-der-krieg-hat-zur-vertiefung-der-beziehungen-zwischen-der-ukraine-und-rumaenien-gefuehrt-id912164.html"]}]},{"@type":"ImageObject","inLanguage":"de","@id":"https:\/\/www.rri.ro\/de\/rubriken\/neue-heimat-neues-leben\/journalistin-marianna-prysiazhniuk-der-krieg-hat-zur-vertiefung-der-beziehungen-zwischen-der-ukraine-und-rumaenien-gefuehrt-id912164.html#primaryimage","url":"https:\/\/www.rri.ro\/wp-content\/uploads\/2025\/06\/expat-Marianna-Prysiazhniuk-arhiva-personala.jpg","contentUrl":"https:\/\/www.rri.ro\/wp-content\/uploads\/2025\/06\/expat-Marianna-Prysiazhniuk-arhiva-personala.jpg","width":1200,"height":801,"caption":"Marianna Prysiazhniuk"},{"@type":"BreadcrumbList","@id":"https:\/\/www.rri.ro\/de\/rubriken\/neue-heimat-neues-leben\/journalistin-marianna-prysiazhniuk-der-krieg-hat-zur-vertiefung-der-beziehungen-zwischen-der-ukraine-und-rumaenien-gefuehrt-id912164.html#breadcrumb","itemListElement":[{"@type":"ListItem","position":1,"name":"Startseite","item":"https:\/\/www.rri.ro\/de"},{"@type":"ListItem","position":2,"name":"Rubriken","item":"https:\/\/www.rri.ro\/de\/rubriken"},{"@type":"ListItem","position":3,"name":"Neue Heimat, neues Leben","item":"https:\/\/www.rri.ro\/de\/rubriken\/neue-heimat-neues-leben"},{"@type":"ListItem","position":4,"name":"Journalistin Marianna Prysiazhniuk: \u201eDer Krieg hat zur Vertiefung der Beziehungen zwischen der Ukraine und Rum\u00e4nien gef\u00fchrt\u201c"}]},{"@type":"WebSite","@id":"https:\/\/www.rri.ro\/#website","url":"https:\/\/www.rri.ro\/","name":"Radio Rum\u00e4nien International","description":"Totul despre Rom\u00e2nia \u015fi rom\u00e2ni, \u00een 13 limbi\/dialecte!","inLanguage":"de"},{"@type":"Person","@id":"https:\/\/www.rri.ro\/#\/schema\/person\/6ca599fe15d6eefdf1eb5d12c5708ffc","name":"Hildegard Ign\u0103tescu","url":"https:\/\/www.rri.ro\/de\/author\/hildegard-ignatescu"}]}},"_links":{"self":[{"href":"https:\/\/www.rri.ro\/de\/wp-json\/wp\/v2\/posts\/912164","targetHints":{"allow":["GET"]}}],"collection":[{"href":"https:\/\/www.rri.ro\/de\/wp-json\/wp\/v2\/posts"}],"about":[{"href":"https:\/\/www.rri.ro\/de\/wp-json\/wp\/v2\/types\/post"}],"author":[{"embeddable":true,"href":"https:\/\/www.rri.ro\/de\/wp-json\/wp\/v2\/users\/68"}],"replies":[{"embeddable":true,"href":"https:\/\/www.rri.ro\/de\/wp-json\/wp\/v2\/comments?post=912164"}],"version-history":[{"count":0,"href":"https:\/\/www.rri.ro\/de\/wp-json\/wp\/v2\/posts\/912164\/revisions"}],"wp:featuredmedia":[{"embeddable":true,"href":"https:\/\/www.rri.ro\/de\/wp-json\/wp\/v2\/media\/898182"}],"wp:attachment":[{"href":"https:\/\/www.rri.ro\/de\/wp-json\/wp\/v2\/media?parent=912164"}],"wp:term":[{"taxonomy":"category","embeddable":true,"href":"https:\/\/www.rri.ro\/de\/wp-json\/wp\/v2\/categories?post=912164"},{"taxonomy":"post_tag","embeddable":true,"href":"https:\/\/www.rri.ro\/de\/wp-json\/wp\/v2\/tags?post=912164"},{"taxonomy":"author","embeddable":true,"href":"https:\/\/www.rri.ro\/de\/wp-json\/wp\/v2\/coauthors?post=912164"}],"curies":[{"name":"wp","href":"https:\/\/api.w.org\/{rel}","templated":true}]}}