{"id":912280,"date":"2025-07-25T20:35:15","date_gmt":"2025-07-25T17:35:15","guid":{"rendered":"https:\/\/www.rri.ro\/?p=912280"},"modified":"2025-07-25T20:35:15","modified_gmt":"2025-07-25T17:35:15","slug":"25-07-2025","status":"publish","type":"post","link":"https:\/\/www.rri.ro\/de\/aktuell\/newsflash-de\/25-07-2025-id912280.html","title":{"rendered":"25.07.2025"},"content":{"rendered":"<p>Der rum\u00e4nische Pr\u00e4sident Nicu\u015for Dan ist auf Staatsbesuch in \u00d6sterreich, wo er sich mit seinem Amtskollegen Alexander Van der Bellen und Bundeskanzler Christian Stocker trifft und eine Rede auf dem Wirtschaftsforum \u201eSalzburg Summit 2025\u201c h\u00e4lt. Themen sind unter anderem die Lage der rum\u00e4nischen Gemeinschaft in \u00d6sterreich, die Zusammenarbeit in den Bereichen Inneres, Bildung und Kultur sowie aktuelle europ\u00e4ische Fragen wie der EU-Finanzrahmen nach 2027, Migration und die EU-Erweiterung um die Republik Moldau und die Ukraine. Auch die Donau-Strategie bleibt ein zentrales Element der regionalen Kooperation. \u00d6sterreich z\u00e4hlt zu den wichtigsten Investoren in Rum\u00e4nien, insbesondere in den Bereichen Energie, Banken, Infrastruktur und Landwirtschaft.<\/p>\n<p>Die Ratingagentur Standard &amp; Poor\u2019s hat das Kreditrating Rum\u00e4niens in der Kategorie \u201eInvestment Grade\u201c best\u00e4tigt, gleichzeitig aber die negative Bewertung beibehalten. Hintergrund ist das erste Ma\u00dfnahmenpaket der rum\u00e4nischen Regierung zur Reduzierung des Haushaltsdefizits. Finanzminister Alexandru Nazare sieht in der Bewertung ein Zeichen des Vertrauens der internationalen M\u00e4rkte. 2024 lag das Defizit bei rund 31 Milliarden Euro, mehr als 8 Prozent des BIP. Die Staatsverschuldung stieg auf rund 226 Milliarden Euro.<\/p>\n<p>Rum\u00e4niens Bildungsgewerkschaften fordern Pr\u00e4sident Nicu\u015for Dan in einem Appell auf, das neue Spargesetz nicht zu unterzeichnen. Die Gewerkschaften warnen vor negativen Folgen f\u00fcr Lehrer, Sch\u00fcler und Studenten. Ein Bericht des Instituts f\u00fcr Bildungsforschung widerspricht der geplanten Erh\u00f6hung der Lehrerpensen. \u2028Auch gr\u00f6\u00dfere Klassen w\u00fcrden die Unterrichtsqualit\u00e4t gef\u00e4hrden. Angestellte aus vielen Bereichen haben zuletzt gegen die Sparpl\u00e4ne protestiert. Sollte es keine Kurskorrektur geben, droht im September ein Generalstreik. Ein weiteres Ma\u00dfnahmenpaket wird kommende Woche erwartet.<\/p>\n<p>Au\u00dfenministerin Oana \u0162oiu hat mit OECD-Generalsekret\u00e4r Mathias Cormann \u00fcber Rum\u00e4niens Beitritt zur Organisation gesprochen. Rum\u00e4nien strebt eine Mitgliedschaft im Jahr 2026 an und betont seinen Willen zu weiteren Reformen. Themen waren auch die geopolitische Lage und die Zusammenarbeit mit der Republik Moldau, der Ukraine und den Westbalkan-Staaten. Der Beitrittsprozess begann 2022 und setzt eine umfassende Angleichung an OECD-Standards voraus.<\/p>\n<p>Mehrere europ\u00e4ische Pharma- und Kosmetikunternehmen, darunter auch rum\u00e4nische, kritisieren die geplante EU-Richtlinie zur Abwasserbehandlung. Diese sieht vor, dass Verursacher von Mikroschadstoffen \u2013 darunter die Industrie \u2013 k\u00fcnftig mehr zahlen m\u00fcssen. Die rum\u00e4nischen Verb\u00e4nde warnen vor deutlichen Preissteigerungen f\u00fcr Medikamente um das F\u00fcnf- bis Achtfache. Sie fordern eine \u00dcberarbeitung der Methodik und eine neue Folgenabsch\u00e4tzung. 16 EU-Staaten, darunter Rum\u00e4nien, unterst\u00fctzen diesen Vorsto\u00df.<\/p>\n<p>In der Europa League hat CFR Cluj in der Schweiz 0:0 gegen den dortigen FC Lugano gespielt. In der Conference League verlor Universitatea Craiova 1:2 gegen FK Sarajevo, w\u00e4hrend Universitatea Cluj gegen FC Ararat-Armenia torlos blieb. Die FCSB aus Bukarest unterlag zuvor in der Champions-League-Qualifikation KF Shkendija mit 0:1. Die R\u00fcckspiele aller rum\u00e4nischen Teams finden n\u00e4chste Woche im eigenen Land statt.<\/p>\n","protected":false},"excerpt":{"rendered":"<p>Der rum\u00e4nische Pr\u00e4sident Nicu\u015for Dan ist auf Staatsbesuch in \u00d6sterreich, wo er sich mit seinem Amtskollegen Alexander Van der Bellen und Bundeskanzler Christian Stocker trifft und eine Rede auf dem Wirtschaftsforum \u201eSalzburg Summit 2025\u201c h\u00e4lt. Themen sind unter anderem die Lage der rum\u00e4nischen Gemeinschaft in \u00d6sterreich, die Zusammenarbeit in den Bereichen Inneres, Bildung und Kultur [&hellip;]<\/p>\n","protected":false},"author":113,"featured_media":723386,"comment_status":"closed","ping_status":"closed","sticky":false,"template":"","format":"standard","meta":{"_acf_changed":false,"footnotes":""},"categories":[116753],"tags":[174170,174172,174174,99619,144346,174171,99781,174173,99589],"coauthors":[116091],"class_list":["post-912280","post","type-post","status-publish","format-standard","has-post-thumbnail","hentry","category-newsflash-de","tag-bildungsproteste","tag-eu-abwasserrichtlinie","tag-europa-cup-rumaenische-klubs","tag-haushaltsdefizit","tag-nicusor-dan-de","tag-oecd-beitritt","tag-oesterreich","tag-pharmapreise","tag-rumaenien"],"acf":[],"yoast_head":"<!-- This site is optimized with the Yoast SEO plugin v27.5 - https:\/\/yoast.com\/product\/yoast-seo-wordpress\/ -->\n<title>25.07.2025 - Radio Rum\u00e4nien International<\/title>\n<meta name=\"robots\" content=\"index, follow, max-snippet:-1, max-image-preview:large, max-video-preview:-1\" \/>\n<link rel=\"canonical\" href=\"https:\/\/www.rri.ro\/de\/aktuell\/newsflash-de\/25-07-2025-id912280.html\" \/>\n<meta property=\"og:locale\" content=\"de_DE\" \/>\n<meta property=\"og:type\" content=\"article\" \/>\n<meta property=\"og:title\" content=\"25.07.2025 - Radio Rum\u00e4nien International\" \/>\n<meta property=\"og:description\" content=\"Der rum\u00e4nische Pr\u00e4sident Nicu\u015for Dan ist auf Staatsbesuch in \u00d6sterreich, wo er sich mit seinem Amtskollegen Alexander Van der Bellen und Bundeskanzler Christian Stocker trifft und eine Rede auf dem Wirtschaftsforum \u201eSalzburg Summit 2025\u201c h\u00e4lt. Themen sind unter anderem die Lage der rum\u00e4nischen Gemeinschaft in \u00d6sterreich, die Zusammenarbeit in den Bereichen Inneres, Bildung und Kultur [&hellip;]\" \/>\n<meta property=\"og:url\" content=\"https:\/\/www.rri.ro\/de\/aktuell\/newsflash-de\/25-07-2025-id912280.html\" \/>\n<meta property=\"og:site_name\" content=\"Radio Rum\u00e4nien International\" \/>\n<meta property=\"article:published_time\" content=\"2025-07-25T17:35:15+00:00\" \/>\n<meta property=\"og:image\" content=\"https:\/\/www.rri.ro\/wp-content\/uploads\/2024\/03\/RRI-960x540-Nachrichten-2-NOU.jpg\" \/>\n\t<meta property=\"og:image:width\" content=\"960\" \/>\n\t<meta property=\"og:image:height\" content=\"540\" \/>\n\t<meta property=\"og:image:type\" content=\"image\/jpeg\" \/>\n<meta name=\"author\" content=\"Newsroom\" \/>\n<meta name=\"twitter:card\" content=\"summary_large_image\" \/>\n<meta name=\"twitter:label1\" content=\"Verfasst von\" \/>\n\t<meta name=\"twitter:data1\" content=\"Newsroom\" \/>\n\t<meta name=\"twitter:label2\" content=\"Gesch\u00e4tzte Lesezeit\" \/>\n\t<meta name=\"twitter:data2\" content=\"2\u00a0Minuten\" \/>\n\t<meta name=\"twitter:label3\" content=\"Written by\" \/>\n\t<meta name=\"twitter:data3\" content=\"Newsroom\" \/>\n<script type=\"application\/ld+json\" class=\"yoast-schema-graph\">{\"@context\":\"https:\\\/\\\/schema.org\",\"@graph\":[{\"@type\":\"Article\",\"@id\":\"https:\\\/\\\/www.rri.ro\\\/de\\\/aktuell\\\/newsflash-de\\\/25-07-2025-id912280.html#article\",\"isPartOf\":{\"@id\":\"https:\\\/\\\/www.rri.ro\\\/de\\\/aktuell\\\/newsflash-de\\\/25-07-2025-id912280.html\"},\"author\":{\"name\":\"Newsroom\",\"@id\":\"https:\\\/\\\/www.rri.ro\\\/#\\\/schema\\\/person\\\/4a479940371b9fdefd194f561e8a7f88\"},\"headline\":\"25.07.2025\",\"datePublished\":\"2025-07-25T17:35:15+00:00\",\"mainEntityOfPage\":{\"@id\":\"https:\\\/\\\/www.rri.ro\\\/de\\\/aktuell\\\/newsflash-de\\\/25-07-2025-id912280.html\"},\"wordCount\":458,\"image\":{\"@id\":\"https:\\\/\\\/www.rri.ro\\\/de\\\/aktuell\\\/newsflash-de\\\/25-07-2025-id912280.html#primaryimage\"},\"thumbnailUrl\":\"https:\\\/\\\/www.rri.ro\\\/wp-content\\\/uploads\\\/2024\\\/03\\\/RRI-960x540-Nachrichten-2-NOU.jpg\",\"keywords\":[\"Bildungsproteste\",\"EU-Abwasserrichtlinie\",\"Europa-Cup rum\u00e4nische Klubs\",\"Haushaltsdefizit\",\"Nicusor Dan\",\"OECD-Beitritt\",\"\u00d6sterreich\",\"Pharmapreise\",\"Rum\u00e4nien\"],\"articleSection\":[\"Newsflash\"],\"inLanguage\":\"de\"},{\"@type\":\"WebPage\",\"@id\":\"https:\\\/\\\/www.rri.ro\\\/de\\\/aktuell\\\/newsflash-de\\\/25-07-2025-id912280.html\",\"url\":\"https:\\\/\\\/www.rri.ro\\\/de\\\/aktuell\\\/newsflash-de\\\/25-07-2025-id912280.html\",\"name\":\"25.07.2025 - Radio Rum\u00e4nien International\",\"isPartOf\":{\"@id\":\"https:\\\/\\\/www.rri.ro\\\/#website\"},\"primaryImageOfPage\":{\"@id\":\"https:\\\/\\\/www.rri.ro\\\/de\\\/aktuell\\\/newsflash-de\\\/25-07-2025-id912280.html#primaryimage\"},\"image\":{\"@id\":\"https:\\\/\\\/www.rri.ro\\\/de\\\/aktuell\\\/newsflash-de\\\/25-07-2025-id912280.html#primaryimage\"},\"thumbnailUrl\":\"https:\\\/\\\/www.rri.ro\\\/wp-content\\\/uploads\\\/2024\\\/03\\\/RRI-960x540-Nachrichten-2-NOU.jpg\",\"datePublished\":\"2025-07-25T17:35:15+00:00\",\"author\":{\"@id\":\"https:\\\/\\\/www.rri.ro\\\/#\\\/schema\\\/person\\\/4a479940371b9fdefd194f561e8a7f88\"},\"breadcrumb\":{\"@id\":\"https:\\\/\\\/www.rri.ro\\\/de\\\/aktuell\\\/newsflash-de\\\/25-07-2025-id912280.html#breadcrumb\"},\"inLanguage\":\"de\",\"potentialAction\":[{\"@type\":\"ReadAction\",\"target\":[\"https:\\\/\\\/www.rri.ro\\\/de\\\/aktuell\\\/newsflash-de\\\/25-07-2025-id912280.html\"]}]},{\"@type\":\"ImageObject\",\"inLanguage\":\"de\",\"@id\":\"https:\\\/\\\/www.rri.ro\\\/de\\\/aktuell\\\/newsflash-de\\\/25-07-2025-id912280.html#primaryimage\",\"url\":\"https:\\\/\\\/www.rri.ro\\\/wp-content\\\/uploads\\\/2024\\\/03\\\/RRI-960x540-Nachrichten-2-NOU.jpg\",\"contentUrl\":\"https:\\\/\\\/www.rri.ro\\\/wp-content\\\/uploads\\\/2024\\\/03\\\/RRI-960x540-Nachrichten-2-NOU.jpg\",\"width\":960,\"height\":540},{\"@type\":\"BreadcrumbList\",\"@id\":\"https:\\\/\\\/www.rri.ro\\\/de\\\/aktuell\\\/newsflash-de\\\/25-07-2025-id912280.html#breadcrumb\",\"itemListElement\":[{\"@type\":\"ListItem\",\"position\":1,\"name\":\"Startseite\",\"item\":\"https:\\\/\\\/www.rri.ro\\\/de\"},{\"@type\":\"ListItem\",\"position\":2,\"name\":\"Aktuell\",\"item\":\"https:\\\/\\\/www.rri.ro\\\/de\\\/aktuell\"},{\"@type\":\"ListItem\",\"position\":3,\"name\":\"Newsflash\",\"item\":\"https:\\\/\\\/www.rri.ro\\\/de\\\/aktuell\\\/newsflash-de\"},{\"@type\":\"ListItem\",\"position\":4,\"name\":\"25.07.2025\"}]},{\"@type\":\"WebSite\",\"@id\":\"https:\\\/\\\/www.rri.ro\\\/#website\",\"url\":\"https:\\\/\\\/www.rri.ro\\\/\",\"name\":\"Radio Rum\u00e4nien International\",\"description\":\"Totul despre Rom\u00e2nia \u015fi rom\u00e2ni, \u00een 13 limbi\\\/dialecte!\",\"inLanguage\":\"de\"},{\"@type\":\"Person\",\"@id\":\"https:\\\/\\\/www.rri.ro\\\/#\\\/schema\\\/person\\\/4a479940371b9fdefd194f561e8a7f88\",\"name\":\"Newsroom\",\"url\":\"https:\\\/\\\/www.rri.ro\\\/de\\\/author\\\/newsroom\"}]}<\/script>\n<!-- \/ Yoast SEO plugin. -->","yoast_head_json":{"title":"25.07.2025 - Radio Rum\u00e4nien International","robots":{"index":"index","follow":"follow","max-snippet":"max-snippet:-1","max-image-preview":"max-image-preview:large","max-video-preview":"max-video-preview:-1"},"canonical":"https:\/\/www.rri.ro\/de\/aktuell\/newsflash-de\/25-07-2025-id912280.html","og_locale":"de_DE","og_type":"article","og_title":"25.07.2025 - Radio Rum\u00e4nien International","og_description":"Der rum\u00e4nische Pr\u00e4sident Nicu\u015for Dan ist auf Staatsbesuch in \u00d6sterreich, wo er sich mit seinem Amtskollegen Alexander Van der Bellen und Bundeskanzler Christian Stocker trifft und eine Rede auf dem Wirtschaftsforum \u201eSalzburg Summit 2025\u201c h\u00e4lt. Themen sind unter anderem die Lage der rum\u00e4nischen Gemeinschaft in \u00d6sterreich, die Zusammenarbeit in den Bereichen Inneres, Bildung und Kultur [&hellip;]","og_url":"https:\/\/www.rri.ro\/de\/aktuell\/newsflash-de\/25-07-2025-id912280.html","og_site_name":"Radio Rum\u00e4nien International","article_published_time":"2025-07-25T17:35:15+00:00","og_image":[{"width":960,"height":540,"url":"https:\/\/www.rri.ro\/wp-content\/uploads\/2024\/03\/RRI-960x540-Nachrichten-2-NOU.jpg","type":"image\/jpeg"}],"author":"Newsroom","twitter_card":"summary_large_image","twitter_misc":{"Verfasst von":"Newsroom","Gesch\u00e4tzte Lesezeit":"2\u00a0Minuten","Written by":"Newsroom"},"schema":{"@context":"https:\/\/schema.org","@graph":[{"@type":"Article","@id":"https:\/\/www.rri.ro\/de\/aktuell\/newsflash-de\/25-07-2025-id912280.html#article","isPartOf":{"@id":"https:\/\/www.rri.ro\/de\/aktuell\/newsflash-de\/25-07-2025-id912280.html"},"author":{"name":"Newsroom","@id":"https:\/\/www.rri.ro\/#\/schema\/person\/4a479940371b9fdefd194f561e8a7f88"},"headline":"25.07.2025","datePublished":"2025-07-25T17:35:15+00:00","mainEntityOfPage":{"@id":"https:\/\/www.rri.ro\/de\/aktuell\/newsflash-de\/25-07-2025-id912280.html"},"wordCount":458,"image":{"@id":"https:\/\/www.rri.ro\/de\/aktuell\/newsflash-de\/25-07-2025-id912280.html#primaryimage"},"thumbnailUrl":"https:\/\/www.rri.ro\/wp-content\/uploads\/2024\/03\/RRI-960x540-Nachrichten-2-NOU.jpg","keywords":["Bildungsproteste","EU-Abwasserrichtlinie","Europa-Cup rum\u00e4nische Klubs","Haushaltsdefizit","Nicusor Dan","OECD-Beitritt","\u00d6sterreich","Pharmapreise","Rum\u00e4nien"],"articleSection":["Newsflash"],"inLanguage":"de"},{"@type":"WebPage","@id":"https:\/\/www.rri.ro\/de\/aktuell\/newsflash-de\/25-07-2025-id912280.html","url":"https:\/\/www.rri.ro\/de\/aktuell\/newsflash-de\/25-07-2025-id912280.html","name":"25.07.2025 - Radio Rum\u00e4nien International","isPartOf":{"@id":"https:\/\/www.rri.ro\/#website"},"primaryImageOfPage":{"@id":"https:\/\/www.rri.ro\/de\/aktuell\/newsflash-de\/25-07-2025-id912280.html#primaryimage"},"image":{"@id":"https:\/\/www.rri.ro\/de\/aktuell\/newsflash-de\/25-07-2025-id912280.html#primaryimage"},"thumbnailUrl":"https:\/\/www.rri.ro\/wp-content\/uploads\/2024\/03\/RRI-960x540-Nachrichten-2-NOU.jpg","datePublished":"2025-07-25T17:35:15+00:00","author":{"@id":"https:\/\/www.rri.ro\/#\/schema\/person\/4a479940371b9fdefd194f561e8a7f88"},"breadcrumb":{"@id":"https:\/\/www.rri.ro\/de\/aktuell\/newsflash-de\/25-07-2025-id912280.html#breadcrumb"},"inLanguage":"de","potentialAction":[{"@type":"ReadAction","target":["https:\/\/www.rri.ro\/de\/aktuell\/newsflash-de\/25-07-2025-id912280.html"]}]},{"@type":"ImageObject","inLanguage":"de","@id":"https:\/\/www.rri.ro\/de\/aktuell\/newsflash-de\/25-07-2025-id912280.html#primaryimage","url":"https:\/\/www.rri.ro\/wp-content\/uploads\/2024\/03\/RRI-960x540-Nachrichten-2-NOU.jpg","contentUrl":"https:\/\/www.rri.ro\/wp-content\/uploads\/2024\/03\/RRI-960x540-Nachrichten-2-NOU.jpg","width":960,"height":540},{"@type":"BreadcrumbList","@id":"https:\/\/www.rri.ro\/de\/aktuell\/newsflash-de\/25-07-2025-id912280.html#breadcrumb","itemListElement":[{"@type":"ListItem","position":1,"name":"Startseite","item":"https:\/\/www.rri.ro\/de"},{"@type":"ListItem","position":2,"name":"Aktuell","item":"https:\/\/www.rri.ro\/de\/aktuell"},{"@type":"ListItem","position":3,"name":"Newsflash","item":"https:\/\/www.rri.ro\/de\/aktuell\/newsflash-de"},{"@type":"ListItem","position":4,"name":"25.07.2025"}]},{"@type":"WebSite","@id":"https:\/\/www.rri.ro\/#website","url":"https:\/\/www.rri.ro\/","name":"Radio Rum\u00e4nien International","description":"Totul despre Rom\u00e2nia \u015fi rom\u00e2ni, \u00een 13 limbi\/dialecte!","inLanguage":"de"},{"@type":"Person","@id":"https:\/\/www.rri.ro\/#\/schema\/person\/4a479940371b9fdefd194f561e8a7f88","name":"Newsroom","url":"https:\/\/www.rri.ro\/de\/author\/newsroom"}]}},"_links":{"self":[{"href":"https:\/\/www.rri.ro\/de\/wp-json\/wp\/v2\/posts\/912280","targetHints":{"allow":["GET"]}}],"collection":[{"href":"https:\/\/www.rri.ro\/de\/wp-json\/wp\/v2\/posts"}],"about":[{"href":"https:\/\/www.rri.ro\/de\/wp-json\/wp\/v2\/types\/post"}],"author":[{"embeddable":true,"href":"https:\/\/www.rri.ro\/de\/wp-json\/wp\/v2\/users\/113"}],"replies":[{"embeddable":true,"href":"https:\/\/www.rri.ro\/de\/wp-json\/wp\/v2\/comments?post=912280"}],"version-history":[{"count":0,"href":"https:\/\/www.rri.ro\/de\/wp-json\/wp\/v2\/posts\/912280\/revisions"}],"wp:featuredmedia":[{"embeddable":true,"href":"https:\/\/www.rri.ro\/de\/wp-json\/wp\/v2\/media\/723386"}],"wp:attachment":[{"href":"https:\/\/www.rri.ro\/de\/wp-json\/wp\/v2\/media?parent=912280"}],"wp:term":[{"taxonomy":"category","embeddable":true,"href":"https:\/\/www.rri.ro\/de\/wp-json\/wp\/v2\/categories?post=912280"},{"taxonomy":"post_tag","embeddable":true,"href":"https:\/\/www.rri.ro\/de\/wp-json\/wp\/v2\/tags?post=912280"},{"taxonomy":"author","embeddable":true,"href":"https:\/\/www.rri.ro\/de\/wp-json\/wp\/v2\/coauthors?post=912280"}],"curies":[{"name":"wp","href":"https:\/\/api.w.org\/{rel}","templated":true}]}}