{"id":912407,"date":"2025-07-26T17:00:25","date_gmt":"2025-07-26T14:00:25","guid":{"rendered":"https:\/\/www.rri.ro\/?p=912407"},"modified":"2025-07-27T01:46:51","modified_gmt":"2025-07-26T22:46:51","slug":"nachrichten-26-07-2025","status":"publish","type":"post","link":"https:\/\/www.rri.ro\/de\/aktuell\/newsflash-de\/nachrichten-26-07-2025-id912407.html","title":{"rendered":"Nachrichten 26.07.2025"},"content":{"rendered":"<p>In Rum\u00e4nien tritt am 1. August ein erstes Ma\u00dfnahmenpaket zum Abbau des Haushaltsdefizits in Kraft. Pr\u00e4sident Nicu\u0219or Dan hat das Gesetz am Freitag verk\u00fcndet \u2013 es wurde zuvor von der Regierungskoalition im Parlament eingebracht.\u00a0Das Paket sieht unter anderem h\u00f6here Mehrwert- und Verbrauchssteuern vor, einen Krankenversicherungsbeitrag f\u00fcr Renten \u00fcber 3.000 Lei \u2013 also rund 600 Euro \u2013 sowie ein Einfrieren der Renten und Geh\u00e4lter im \u00f6ffentlichen Sektor. Auch Pr\u00e4mien und Neueinstellungen beim Staat werden eingeschr\u00e4nkt.\u00a0Nach der Ank\u00fcndigung kam es in mehreren Bereichen zu Protesten. Gewerkschaften drohen mit einem Generalstreik im September, sollte es keine \u00c4nderungen an den Reformen geben.\u00a0Im August will die Regierung ein zweites Ma\u00dfnahmenpaket vorlegen.<\/p>\n<p>Der rum\u00e4nische Pr\u00e4sident Nicu\u0219or Dan hat am Samstag\u00a0in Salzburg den \u00f6sterreichischen Bundeskanzler Christian Stocker\u00a0getroffen.\u00a0Am Vormittag nahm\u00a0er an der Er\u00f6ffnung der Salzburger Festspiele teil, am Abend besucht er die Premiere von Georg Friedrich H\u00e4ndels Oper Julius C\u00e4sar in \u00c4gypten.\u00a0Bereits am Freitag hatte Dan ein Gespr\u00e4ch mit dem \u00f6sterreichischen Bundespr\u00e4sidenten Alexander Van der Bellen. Themen waren die bilateralen Beziehungen, die Unterst\u00fctzung der Ukraine im Krieg gegen Russland sowie die EU-Erweiterung \u2013 insbesondere um den Westbalkan, die Republik Moldau und die Ukraine. Auch die Situation der rum\u00e4nischen Gemeinschaft in \u00d6sterreich wurde angesprochen.\u00a0Der Pr\u00e4sident ist zu einem zweit\u00e4gigen offiziellen Besuch gemeinsam mit seiner Familie in \u00d6sterreich.<\/p>\n<p>Umweltministerin Diana Buzoianu hat ihrem deutschen Amtskollegen Carsten Schneider am Samstag den Naturpark V\u0103c\u0103re\u0219ti in Bukarest vorgestellt.\u00a0Der Park gilt als Beispiel f\u00fcr erfolgreiche \u00f6kologische Regeneration mitten in der Stadt. Auf dem Gel\u00e4nde leben mehr als 150 Vogelarten sowie gesch\u00fctzte Amphibien, Reptilien und S\u00e4ugetiere. Das Feuchtgebiet ist zugleich ein wertvoller Lernort f\u00fcr Umweltbildung, Klimaschutz und urbane Lebensqualit\u00e4t.\u00a0Beim Besuch sprachen die beiden Minister \u00fcber die Rolle solcher gr\u00fcner Stadtr\u00e4ume f\u00fcr die \u00f6ffentliche Gesundheit, die Biodiversit\u00e4t und die Bildung.\u00a0Sie betonten, dass Naturfl\u00e4chen in St\u00e4dten st\u00e4rker in die Klima- und Stadtentwicklungspolitik der EU integriert werden sollten.\u00a0Der deutsche Umweltminister hielt sich vom 24. bis 26. Juli in Rum\u00e4nien auf.<\/p>\n<p>Gute Nachrichten f\u00fcr Reisende aus der Republik Moldau: Ab dem 1. Januar kommenden Jahres entfallen die Roaming-Geb\u00fchren innerhalb der Europ\u00e4ischen Union. Die Ma\u00dfnahme soll die schrittweise Integration der Republik Moldau in den EU-Binnenmarkt unterst\u00fctzen \u2013 ein Ziel des Assoziierungsabkommens von 2016.\u00a0Auch f\u00fcr die Ukraine wurde die Abschaffung der Roaming-Geb\u00fchren k\u00fcrzlich beschlossen.\u00a0B\u00fcrgerinnen und B\u00fcrger beider L\u00e4nder k\u00f6nnen k\u00fcnftig in der EU ohne Zusatzkosten telefonieren, simsen und mobil surfen.\u00a0Sowohl die Republik Moldau als auch die Ukraine haben den Status von EU-Beitrittskandidaten.<\/p>\n<p>SPORT: Bei den Schwimmweltmeisterschaften in Singapur haben sich Constantin Popovici und C\u0103t\u0103lin Preda am Freitag f\u00fcr das Finale im Turmspringen aus 27 Metern H\u00f6he qualifiziert.\u00a0Popovici, der Titelverteidiger von 2023, liegt nach vier Vorrundenspr\u00fcngen auf Platz eins. Preda erreichte Rang vier. Das Finale findet am Sonntag statt.\u00a0Auch beim Europ\u00e4ischen Olympischen Jugend-Sommerfestival gab es weitere Erfolge:\u00a0Rum\u00e4nien holte am Freitag sechs zus\u00e4tzliche Medaillen \u2013 insgesamt stehen nun elf zu Buche: zwei Mal Gold, zwei Mal Silber und sieben Mal Bronze.\u00a0Und bei den World University Games in der Rhein-Ruhr-Region in Deutschland gewann Rum\u00e4nien vier Bronzemedaillen. Die Spiele enden am Sonntag.<\/p>\n<p>WETTER: Rum\u00e4nien erlebt ab Samstag eine extreme Hitzewelle \u2013 vor allem im S\u00fcden des Landes. F\u00fcr gro\u00dfe Teile der Region, darunter auch Bukarest, gilt die h\u00f6chste Warnstufe Rot. Die Temperaturen k\u00f6nnen \u00f6rtlich bis zu 43 Grad Celsius erreichen. In der Hauptstadt wurden mittags bereits 35 Grad gemessen. Das Unbehagen ist vielerorts gro\u00df. Im \u00fcbrigen Land gelten Hitzewarnungen der Stufen Orange und Gelb.<br \/>\nAb Sonntagnachmittag wird ein Wetterumschwung erwartet: Eine k\u00fchlere Luftmasse trifft auf die Hitze \u2013 es kann zu heftigen Schauern, Gewittern und lokalem Hagel kommen. Wegen der hohen Temperaturen wurden am Samstag Verkehrsbeschr\u00e4nkungen verh\u00e4ngt: Schwerfahrzeuge \u00fcber 7,5 Tonnen d\u00fcrfen zwischen 12 und 20 Uhr nicht auf Autobahnen, Schnellstra\u00dfen und Bundesstra\u00dfen in den Rot-Zonen fahren. Ausgenommen sind Transporte von Personen, lebenden Tieren, verderblichen Waren und Fahrzeuge im Einsatz bei Notlagen.<\/p>\n","protected":false},"excerpt":{"rendered":"<p>In Rum\u00e4nien tritt am 1. August ein erstes Ma\u00dfnahmenpaket zum Abbau des Haushaltsdefizits in Kraft. Pr\u00e4sident Nicu\u0219or Dan hat das Gesetz am Freitag verk\u00fcndet \u2013 es wurde zuvor von der Regierungskoalition im Parlament eingebracht.\u00a0Das Paket sieht unter anderem h\u00f6here Mehrwert- und Verbrauchssteuern vor, einen Krankenversicherungsbeitrag f\u00fcr Renten \u00fcber 3.000 Lei \u2013 also rund 600 Euro [&hellip;]<\/p>\n","protected":false},"author":113,"featured_media":723386,"comment_status":"closed","ping_status":"closed","sticky":false,"template":"","format":"standard","meta":{"_acf_changed":false,"footnotes":""},"categories":[116753],"tags":[99619,174210,100576,144346,99781,174211,99589,117536,129004,174212,123998,101806],"coauthors":[116091],"class_list":["post-912407","post","type-post","status-publish","format-standard","has-post-thumbnail","hentry","category-newsflash-de","tag-haushaltsdefizit","tag-kanzler-stocker","tag-moldau","tag-nicusor-dan-de","tag-oesterreich","tag-roaminggebuehren","tag-rumaenien","tag-schwimmen","tag-steuerpaket","tag-turmspringen","tag-umweltministerin","tag-wetter"],"acf":[],"yoast_head":"<!-- This site is optimized with the Yoast SEO plugin v27.5 - https:\/\/yoast.com\/product\/yoast-seo-wordpress\/ -->\n<title>Nachrichten 26.07.2025 - Radio Rum\u00e4nien International<\/title>\n<meta name=\"robots\" content=\"index, follow, max-snippet:-1, max-image-preview:large, max-video-preview:-1\" \/>\n<link rel=\"canonical\" href=\"https:\/\/www.rri.ro\/de\/aktuell\/newsflash-de\/nachrichten-26-07-2025-id912407.html\" \/>\n<meta property=\"og:locale\" content=\"de_DE\" \/>\n<meta property=\"og:type\" content=\"article\" \/>\n<meta property=\"og:title\" content=\"Nachrichten 26.07.2025 - Radio Rum\u00e4nien International\" \/>\n<meta property=\"og:description\" content=\"In Rum\u00e4nien tritt am 1. August ein erstes Ma\u00dfnahmenpaket zum Abbau des Haushaltsdefizits in Kraft. Pr\u00e4sident Nicu\u0219or Dan hat das Gesetz am Freitag verk\u00fcndet \u2013 es wurde zuvor von der Regierungskoalition im Parlament eingebracht.\u00a0Das Paket sieht unter anderem h\u00f6here Mehrwert- und Verbrauchssteuern vor, einen Krankenversicherungsbeitrag f\u00fcr Renten \u00fcber 3.000 Lei \u2013 also rund 600 Euro [&hellip;]\" \/>\n<meta property=\"og:url\" content=\"https:\/\/www.rri.ro\/de\/aktuell\/newsflash-de\/nachrichten-26-07-2025-id912407.html\" \/>\n<meta property=\"og:site_name\" content=\"Radio Rum\u00e4nien International\" \/>\n<meta property=\"article:published_time\" content=\"2025-07-26T14:00:25+00:00\" \/>\n<meta property=\"article:modified_time\" content=\"2025-07-26T22:46:51+00:00\" \/>\n<meta property=\"og:image\" content=\"https:\/\/www.rri.ro\/wp-content\/uploads\/2024\/03\/RRI-960x540-Nachrichten-2-NOU.jpg\" \/>\n\t<meta property=\"og:image:width\" content=\"960\" \/>\n\t<meta property=\"og:image:height\" content=\"540\" \/>\n\t<meta property=\"og:image:type\" content=\"image\/jpeg\" \/>\n<meta name=\"author\" content=\"Newsroom\" \/>\n<meta name=\"twitter:card\" content=\"summary_large_image\" \/>\n<meta name=\"twitter:label1\" content=\"Verfasst von\" \/>\n\t<meta name=\"twitter:data1\" content=\"Newsroom\" \/>\n\t<meta name=\"twitter:label2\" content=\"Gesch\u00e4tzte Lesezeit\" \/>\n\t<meta name=\"twitter:data2\" content=\"3\u00a0Minuten\" \/>\n\t<meta name=\"twitter:label3\" content=\"Written by\" \/>\n\t<meta name=\"twitter:data3\" content=\"Newsroom\" \/>\n<script type=\"application\/ld+json\" class=\"yoast-schema-graph\">{\"@context\":\"https:\\\/\\\/schema.org\",\"@graph\":[{\"@type\":\"Article\",\"@id\":\"https:\\\/\\\/www.rri.ro\\\/de\\\/aktuell\\\/newsflash-de\\\/nachrichten-26-07-2025-id912407.html#article\",\"isPartOf\":{\"@id\":\"https:\\\/\\\/www.rri.ro\\\/de\\\/aktuell\\\/newsflash-de\\\/nachrichten-26-07-2025-id912407.html\"},\"author\":{\"name\":\"Newsroom\",\"@id\":\"https:\\\/\\\/www.rri.ro\\\/#\\\/schema\\\/person\\\/4a479940371b9fdefd194f561e8a7f88\"},\"headline\":\"Nachrichten 26.07.2025\",\"datePublished\":\"2025-07-26T14:00:25+00:00\",\"dateModified\":\"2025-07-26T22:46:51+00:00\",\"mainEntityOfPage\":{\"@id\":\"https:\\\/\\\/www.rri.ro\\\/de\\\/aktuell\\\/newsflash-de\\\/nachrichten-26-07-2025-id912407.html\"},\"wordCount\":690,\"image\":{\"@id\":\"https:\\\/\\\/www.rri.ro\\\/de\\\/aktuell\\\/newsflash-de\\\/nachrichten-26-07-2025-id912407.html#primaryimage\"},\"thumbnailUrl\":\"https:\\\/\\\/www.rri.ro\\\/wp-content\\\/uploads\\\/2024\\\/03\\\/RRI-960x540-Nachrichten-2-NOU.jpg\",\"keywords\":[\"Haushaltsdefizit\",\"Kanzler Stocker\",\"Moldau\",\"Nicusor Dan\",\"\u00d6sterreich\",\"Roaminggeb\u00fchren\",\"Rum\u00e4nien\",\"Schwimmen\",\"Steuerpaket\",\"Turmspringen\",\"Umweltministerin\",\"Wetter\"],\"articleSection\":[\"Newsflash\"],\"inLanguage\":\"de\"},{\"@type\":\"WebPage\",\"@id\":\"https:\\\/\\\/www.rri.ro\\\/de\\\/aktuell\\\/newsflash-de\\\/nachrichten-26-07-2025-id912407.html\",\"url\":\"https:\\\/\\\/www.rri.ro\\\/de\\\/aktuell\\\/newsflash-de\\\/nachrichten-26-07-2025-id912407.html\",\"name\":\"Nachrichten 26.07.2025 - Radio Rum\u00e4nien International\",\"isPartOf\":{\"@id\":\"https:\\\/\\\/www.rri.ro\\\/#website\"},\"primaryImageOfPage\":{\"@id\":\"https:\\\/\\\/www.rri.ro\\\/de\\\/aktuell\\\/newsflash-de\\\/nachrichten-26-07-2025-id912407.html#primaryimage\"},\"image\":{\"@id\":\"https:\\\/\\\/www.rri.ro\\\/de\\\/aktuell\\\/newsflash-de\\\/nachrichten-26-07-2025-id912407.html#primaryimage\"},\"thumbnailUrl\":\"https:\\\/\\\/www.rri.ro\\\/wp-content\\\/uploads\\\/2024\\\/03\\\/RRI-960x540-Nachrichten-2-NOU.jpg\",\"datePublished\":\"2025-07-26T14:00:25+00:00\",\"dateModified\":\"2025-07-26T22:46:51+00:00\",\"author\":{\"@id\":\"https:\\\/\\\/www.rri.ro\\\/#\\\/schema\\\/person\\\/4a479940371b9fdefd194f561e8a7f88\"},\"breadcrumb\":{\"@id\":\"https:\\\/\\\/www.rri.ro\\\/de\\\/aktuell\\\/newsflash-de\\\/nachrichten-26-07-2025-id912407.html#breadcrumb\"},\"inLanguage\":\"de\",\"potentialAction\":[{\"@type\":\"ReadAction\",\"target\":[\"https:\\\/\\\/www.rri.ro\\\/de\\\/aktuell\\\/newsflash-de\\\/nachrichten-26-07-2025-id912407.html\"]}]},{\"@type\":\"ImageObject\",\"inLanguage\":\"de\",\"@id\":\"https:\\\/\\\/www.rri.ro\\\/de\\\/aktuell\\\/newsflash-de\\\/nachrichten-26-07-2025-id912407.html#primaryimage\",\"url\":\"https:\\\/\\\/www.rri.ro\\\/wp-content\\\/uploads\\\/2024\\\/03\\\/RRI-960x540-Nachrichten-2-NOU.jpg\",\"contentUrl\":\"https:\\\/\\\/www.rri.ro\\\/wp-content\\\/uploads\\\/2024\\\/03\\\/RRI-960x540-Nachrichten-2-NOU.jpg\",\"width\":960,\"height\":540},{\"@type\":\"BreadcrumbList\",\"@id\":\"https:\\\/\\\/www.rri.ro\\\/de\\\/aktuell\\\/newsflash-de\\\/nachrichten-26-07-2025-id912407.html#breadcrumb\",\"itemListElement\":[{\"@type\":\"ListItem\",\"position\":1,\"name\":\"Startseite\",\"item\":\"https:\\\/\\\/www.rri.ro\\\/de\"},{\"@type\":\"ListItem\",\"position\":2,\"name\":\"Aktuell\",\"item\":\"https:\\\/\\\/www.rri.ro\\\/de\\\/aktuell\"},{\"@type\":\"ListItem\",\"position\":3,\"name\":\"Newsflash\",\"item\":\"https:\\\/\\\/www.rri.ro\\\/de\\\/aktuell\\\/newsflash-de\"},{\"@type\":\"ListItem\",\"position\":4,\"name\":\"Nachrichten 26.07.2025\"}]},{\"@type\":\"WebSite\",\"@id\":\"https:\\\/\\\/www.rri.ro\\\/#website\",\"url\":\"https:\\\/\\\/www.rri.ro\\\/\",\"name\":\"Radio Rum\u00e4nien International\",\"description\":\"Totul despre Rom\u00e2nia \u015fi rom\u00e2ni, \u00een 13 limbi\\\/dialecte!\",\"inLanguage\":\"de\"},{\"@type\":\"Person\",\"@id\":\"https:\\\/\\\/www.rri.ro\\\/#\\\/schema\\\/person\\\/4a479940371b9fdefd194f561e8a7f88\",\"name\":\"Newsroom\",\"url\":\"https:\\\/\\\/www.rri.ro\\\/de\\\/author\\\/newsroom\"}]}<\/script>\n<!-- \/ Yoast SEO plugin. -->","yoast_head_json":{"title":"Nachrichten 26.07.2025 - Radio Rum\u00e4nien International","robots":{"index":"index","follow":"follow","max-snippet":"max-snippet:-1","max-image-preview":"max-image-preview:large","max-video-preview":"max-video-preview:-1"},"canonical":"https:\/\/www.rri.ro\/de\/aktuell\/newsflash-de\/nachrichten-26-07-2025-id912407.html","og_locale":"de_DE","og_type":"article","og_title":"Nachrichten 26.07.2025 - Radio Rum\u00e4nien International","og_description":"In Rum\u00e4nien tritt am 1. August ein erstes Ma\u00dfnahmenpaket zum Abbau des Haushaltsdefizits in Kraft. Pr\u00e4sident Nicu\u0219or Dan hat das Gesetz am Freitag verk\u00fcndet \u2013 es wurde zuvor von der Regierungskoalition im Parlament eingebracht.\u00a0Das Paket sieht unter anderem h\u00f6here Mehrwert- und Verbrauchssteuern vor, einen Krankenversicherungsbeitrag f\u00fcr Renten \u00fcber 3.000 Lei \u2013 also rund 600 Euro [&hellip;]","og_url":"https:\/\/www.rri.ro\/de\/aktuell\/newsflash-de\/nachrichten-26-07-2025-id912407.html","og_site_name":"Radio Rum\u00e4nien International","article_published_time":"2025-07-26T14:00:25+00:00","article_modified_time":"2025-07-26T22:46:51+00:00","og_image":[{"width":960,"height":540,"url":"https:\/\/www.rri.ro\/wp-content\/uploads\/2024\/03\/RRI-960x540-Nachrichten-2-NOU.jpg","type":"image\/jpeg"}],"author":"Newsroom","twitter_card":"summary_large_image","twitter_misc":{"Verfasst von":"Newsroom","Gesch\u00e4tzte Lesezeit":"3\u00a0Minuten","Written by":"Newsroom"},"schema":{"@context":"https:\/\/schema.org","@graph":[{"@type":"Article","@id":"https:\/\/www.rri.ro\/de\/aktuell\/newsflash-de\/nachrichten-26-07-2025-id912407.html#article","isPartOf":{"@id":"https:\/\/www.rri.ro\/de\/aktuell\/newsflash-de\/nachrichten-26-07-2025-id912407.html"},"author":{"name":"Newsroom","@id":"https:\/\/www.rri.ro\/#\/schema\/person\/4a479940371b9fdefd194f561e8a7f88"},"headline":"Nachrichten 26.07.2025","datePublished":"2025-07-26T14:00:25+00:00","dateModified":"2025-07-26T22:46:51+00:00","mainEntityOfPage":{"@id":"https:\/\/www.rri.ro\/de\/aktuell\/newsflash-de\/nachrichten-26-07-2025-id912407.html"},"wordCount":690,"image":{"@id":"https:\/\/www.rri.ro\/de\/aktuell\/newsflash-de\/nachrichten-26-07-2025-id912407.html#primaryimage"},"thumbnailUrl":"https:\/\/www.rri.ro\/wp-content\/uploads\/2024\/03\/RRI-960x540-Nachrichten-2-NOU.jpg","keywords":["Haushaltsdefizit","Kanzler Stocker","Moldau","Nicusor Dan","\u00d6sterreich","Roaminggeb\u00fchren","Rum\u00e4nien","Schwimmen","Steuerpaket","Turmspringen","Umweltministerin","Wetter"],"articleSection":["Newsflash"],"inLanguage":"de"},{"@type":"WebPage","@id":"https:\/\/www.rri.ro\/de\/aktuell\/newsflash-de\/nachrichten-26-07-2025-id912407.html","url":"https:\/\/www.rri.ro\/de\/aktuell\/newsflash-de\/nachrichten-26-07-2025-id912407.html","name":"Nachrichten 26.07.2025 - Radio Rum\u00e4nien International","isPartOf":{"@id":"https:\/\/www.rri.ro\/#website"},"primaryImageOfPage":{"@id":"https:\/\/www.rri.ro\/de\/aktuell\/newsflash-de\/nachrichten-26-07-2025-id912407.html#primaryimage"},"image":{"@id":"https:\/\/www.rri.ro\/de\/aktuell\/newsflash-de\/nachrichten-26-07-2025-id912407.html#primaryimage"},"thumbnailUrl":"https:\/\/www.rri.ro\/wp-content\/uploads\/2024\/03\/RRI-960x540-Nachrichten-2-NOU.jpg","datePublished":"2025-07-26T14:00:25+00:00","dateModified":"2025-07-26T22:46:51+00:00","author":{"@id":"https:\/\/www.rri.ro\/#\/schema\/person\/4a479940371b9fdefd194f561e8a7f88"},"breadcrumb":{"@id":"https:\/\/www.rri.ro\/de\/aktuell\/newsflash-de\/nachrichten-26-07-2025-id912407.html#breadcrumb"},"inLanguage":"de","potentialAction":[{"@type":"ReadAction","target":["https:\/\/www.rri.ro\/de\/aktuell\/newsflash-de\/nachrichten-26-07-2025-id912407.html"]}]},{"@type":"ImageObject","inLanguage":"de","@id":"https:\/\/www.rri.ro\/de\/aktuell\/newsflash-de\/nachrichten-26-07-2025-id912407.html#primaryimage","url":"https:\/\/www.rri.ro\/wp-content\/uploads\/2024\/03\/RRI-960x540-Nachrichten-2-NOU.jpg","contentUrl":"https:\/\/www.rri.ro\/wp-content\/uploads\/2024\/03\/RRI-960x540-Nachrichten-2-NOU.jpg","width":960,"height":540},{"@type":"BreadcrumbList","@id":"https:\/\/www.rri.ro\/de\/aktuell\/newsflash-de\/nachrichten-26-07-2025-id912407.html#breadcrumb","itemListElement":[{"@type":"ListItem","position":1,"name":"Startseite","item":"https:\/\/www.rri.ro\/de"},{"@type":"ListItem","position":2,"name":"Aktuell","item":"https:\/\/www.rri.ro\/de\/aktuell"},{"@type":"ListItem","position":3,"name":"Newsflash","item":"https:\/\/www.rri.ro\/de\/aktuell\/newsflash-de"},{"@type":"ListItem","position":4,"name":"Nachrichten 26.07.2025"}]},{"@type":"WebSite","@id":"https:\/\/www.rri.ro\/#website","url":"https:\/\/www.rri.ro\/","name":"Radio Rum\u00e4nien International","description":"Totul despre Rom\u00e2nia \u015fi rom\u00e2ni, \u00een 13 limbi\/dialecte!","inLanguage":"de"},{"@type":"Person","@id":"https:\/\/www.rri.ro\/#\/schema\/person\/4a479940371b9fdefd194f561e8a7f88","name":"Newsroom","url":"https:\/\/www.rri.ro\/de\/author\/newsroom"}]}},"_links":{"self":[{"href":"https:\/\/www.rri.ro\/de\/wp-json\/wp\/v2\/posts\/912407","targetHints":{"allow":["GET"]}}],"collection":[{"href":"https:\/\/www.rri.ro\/de\/wp-json\/wp\/v2\/posts"}],"about":[{"href":"https:\/\/www.rri.ro\/de\/wp-json\/wp\/v2\/types\/post"}],"author":[{"embeddable":true,"href":"https:\/\/www.rri.ro\/de\/wp-json\/wp\/v2\/users\/113"}],"replies":[{"embeddable":true,"href":"https:\/\/www.rri.ro\/de\/wp-json\/wp\/v2\/comments?post=912407"}],"version-history":[{"count":0,"href":"https:\/\/www.rri.ro\/de\/wp-json\/wp\/v2\/posts\/912407\/revisions"}],"wp:featuredmedia":[{"embeddable":true,"href":"https:\/\/www.rri.ro\/de\/wp-json\/wp\/v2\/media\/723386"}],"wp:attachment":[{"href":"https:\/\/www.rri.ro\/de\/wp-json\/wp\/v2\/media?parent=912407"}],"wp:term":[{"taxonomy":"category","embeddable":true,"href":"https:\/\/www.rri.ro\/de\/wp-json\/wp\/v2\/categories?post=912407"},{"taxonomy":"post_tag","embeddable":true,"href":"https:\/\/www.rri.ro\/de\/wp-json\/wp\/v2\/tags?post=912407"},{"taxonomy":"author","embeddable":true,"href":"https:\/\/www.rri.ro\/de\/wp-json\/wp\/v2\/coauthors?post=912407"}],"curies":[{"name":"wp","href":"https:\/\/api.w.org\/{rel}","templated":true}]}}