{"id":912472,"date":"2025-07-27T17:25:51","date_gmt":"2025-07-27T14:25:51","guid":{"rendered":"https:\/\/www.rri.ro\/?p=912472"},"modified":"2025-07-27T17:25:51","modified_gmt":"2025-07-27T14:25:51","slug":"nachrichten-27-07-2025","status":"publish","type":"post","link":"https:\/\/www.rri.ro\/de\/aktuell\/newsflash-de\/nachrichten-27-07-2025-id912472.html","title":{"rendered":"Nachrichten 27.07.2025"},"content":{"rendered":"<p>Die Hitzewelle h\u00e4lt am Sonntag\u00a0in der \u00f6stlichen Landesh\u00e4lfte Rum\u00e4niens an. In Bukarest und mehreren s\u00fcdlichen Bezirken galt\u00a0weiterhin Alarmstufe Rot \u2013 hier wurden bis zu 41 Grad Celsius erwartet. F\u00fcr den \u00fcbrigen Osten des Landes galten die Warnstufen Orange und Gelb, mit Temperaturen zwischen 33 und 39 Grad.\u00a0Am Samstag wurde im S\u00fcden der bislang hei\u00dfeste Tag der vergangenen 50 Jahre gemessen \u2013 Spitzenwert: 43,4 Grad in Calafat an der Donau.\u00a0Im Westen dagegen sorgten schwere Unwetter f\u00fcr Chaos: 27 Ortschaften in acht Kreisen wurden besch\u00e4digt. In Timi\u0219oara wurden mehrere Menschen verletzt \u2013 unter anderem, als ein Baum umst\u00fcrzte und ein Sturm ein Musikfestival traf.\u00a0*\u00a0Pre\u015fedintele Rom\u00e2niei, Nicu\u015for Dan, spune c\u0103 implicarea \u00een trecut a vicepremierului Drago\u015f Anastasiu \u00eentr-un dosar de corup\u0163ie este o problem\u0103 mare.<\/p>\n<p>Rum\u00e4niens Pr\u00e4sident Nicu\u0219or Dan nennt die fr\u00fchere Verwicklung von Vizepremier Drago\u0219 Anastasiu in einen Korruptionsfall ein \u201egro\u00dfes Problem\u201c. Er betonte, er habe dar\u00fcber nicht mit Regierungschef Ilie Bolojan gesprochen.\u00a0Laut Medienberichten war Anastasiu als Unternehmer Zeuge in einem Ermittlungsverfahren\u00a0der Antikorruptionsbeh\u00f6rde DNA. In dem Verfahren wird\u00a0gegen die fr\u00fchere Finanzamt-Inspektorin Angela Burlacu\u00a0ermittelt. Anastasiu\u00a0soll einger\u00e4umt haben, \u00fcber einen fingierten Vertrag acht Jahre lang Zahlungen an die Beamtin geleistet zu haben.\u00a0Allerdings\u00a0weist der Vizepremier die Vorw\u00fcrfe zur\u00fcck und erkl\u00e4rt, er sei lediglich als Zeuge befragt worden. Die Antikorruptionsbeh\u00f6rde best\u00e4tigte am Samstag, dass er offiziell als Zeuge gef\u00fchrt wird \u2013 auch wenn er keine Anzeige unterschrieben hat.<\/p>\n<p>Im September startet die Europ\u00e4ische Kommission eine Ausschreibung f\u00fcr private Investoren, die zur wirtschaftlichen Entwicklung der Republik Moldau beitragen wollen.\u00a0Die Initiative ist Teil eines EU-Wachstumsplans f\u00fcr das mehrheitlich rum\u00e4nischsprachige Land, das fr\u00fcher zur Sowjetunion geh\u00f6rte. Das Gesamtpaket hat ein Volumen von 1,9 Milliarden Euro und soll Strukturreformen voranbringen und die wirtschaftliche Angleichung an EU-Standards beschleunigen.\u00a0Gesucht werden Investitionen in Schl\u00fcsselbereiche wie Energie, Landwirtschaft, Industrie, IT, Verkehr, Logistik und Gesundheit.\u00a0Teilnahmeberechtigt sind Unternehmen aus der EU, dem Europ\u00e4ischen Wirtschaftsraum und aus der Republik Moldau. Die vorgeschlagenen Projekte m\u00fcssen mindestens 10 Millionen Euro wert sein und eine Eigenkapitalquote von mindestens 15 Prozent aufweisen.\u00a0Unterst\u00fctzt werden sie durch Darlehen, Garantien, Zusch\u00fcsse und technische Hilfe der EU-Kommission und ihrer Partnerfinanzinstitute.<\/p>\n<p>Das rum\u00e4nische Au\u00dfenministerium warnt vor erh\u00f6hter Brandgefahr im S\u00fcden Frankreichs. Die dortigen Beh\u00f6rden haben einen Wald- und Vegetationsbrandalarm ausgerufen. Rum\u00e4nische Staatsb\u00fcrger, die sich in der Region aufhalten, sie durchqueren oder eine Reise dorthin planen, werden zu besonderer Vorsicht aufgerufen.\u00a0Das Au\u00dfenministerium empfiehlt, Br\u00e4nde umgehend \u00fcber die lokalen Notrufnummern 18 oder 112 zu melden.\u00a0Im Fall von Schwierigkeiten k\u00f6nnen sich rum\u00e4nische B\u00fcrger auch an die Botschaft in Paris wenden. Konsularischer Beistand ist unter mehreren Telefonnummern rund um die Uhr erreichbar. Die Gespr\u00e4che werden an das Kontakt- und Unterst\u00fctzungszentrum f\u00fcr Rum\u00e4nen im Ausland weitergeleitet und dort durchgehend bearbeitet.\u00a0Zudem stehen in akuten Notf\u00e4llen auch die Hotlines der Generalkonsulate in Marseille, Lyon und Stra\u00dfburg zur Verf\u00fcgung.<\/p>\n<p>SPORT: Der rum\u00e4nische Klippenspringer Constantin Popovici hat bei den Schwimmweltmeisterschaften in Singapur die Bronzemedaille im 27-Meter-Springen gewonnen.\u00a0Der amtierende Weltmeister, der 2023 in Fukuoka Gold geholt hatte, lag nach der Vorrunde noch in F\u00fchrung, wurde am Ende aber Dritter mit 408,70 Punkten.<br \/>\nGold ging an den US-Amerikaner James Lichtenstein mit 428,90 Punkten, Silber an den Spanier Carlos Gimeno mit 425,30 Punkten.\u00a0C\u0103t\u0103lin Preda, der zweite rum\u00e4nische Starter und Medaillengewinner der letzten beiden Weltmeisterschaften, landete mit 405,25 Punkten auf Rang f\u00fcnf.<\/p>\n","protected":false},"excerpt":{"rendered":"<p>Die Hitzewelle h\u00e4lt am Sonntag\u00a0in der \u00f6stlichen Landesh\u00e4lfte Rum\u00e4niens an. In Bukarest und mehreren s\u00fcdlichen Bezirken galt\u00a0weiterhin Alarmstufe Rot \u2013 hier wurden bis zu 41 Grad Celsius erwartet. F\u00fcr den \u00fcbrigen Osten des Landes galten die Warnstufen Orange und Gelb, mit Temperaturen zwischen 33 und 39 Grad.\u00a0Am Samstag wurde im S\u00fcden der bislang hei\u00dfeste Tag [&hellip;]<\/p>\n","protected":false},"author":113,"featured_media":723386,"comment_status":"closed","ping_status":"closed","sticky":false,"template":"","format":"standard","meta":{"_acf_changed":false,"footnotes":""},"categories":[116753],"tags":[100281,174218,99617,103289,99633,102804,174217,99702,100576,99589,100441,127530],"coauthors":[116091],"class_list":["post-912472","post","type-post","status-publish","format-standard","has-post-thumbnail","hentry","category-newsflash-de","tag-ausschreibung","tag-constantin-popovici-de","tag-eu-kommission","tag-finanzamt","tag-frankreich","tag-hitzewelle","tag-klippenspringen","tag-korruption","tag-moldau","tag-rumaenien","tag-vizepremier","tag-waldbrand"],"acf":[],"yoast_head":"<!-- This site is optimized with the Yoast SEO plugin v27.3 - https:\/\/yoast.com\/product\/yoast-seo-wordpress\/ -->\n<title>Nachrichten 27.07.2025 - Radio Rum\u00e4nien International<\/title>\n<meta name=\"robots\" content=\"index, follow, max-snippet:-1, max-image-preview:large, max-video-preview:-1\" \/>\n<link rel=\"canonical\" href=\"https:\/\/www.rri.ro\/de\/aktuell\/newsflash-de\/nachrichten-27-07-2025-id912472.html\" \/>\n<meta property=\"og:locale\" content=\"de_DE\" \/>\n<meta property=\"og:type\" content=\"article\" \/>\n<meta property=\"og:title\" content=\"Nachrichten 27.07.2025 - Radio Rum\u00e4nien International\" \/>\n<meta property=\"og:description\" content=\"Die Hitzewelle h\u00e4lt am Sonntag\u00a0in der \u00f6stlichen Landesh\u00e4lfte Rum\u00e4niens an. In Bukarest und mehreren s\u00fcdlichen Bezirken galt\u00a0weiterhin Alarmstufe Rot \u2013 hier wurden bis zu 41 Grad Celsius erwartet. F\u00fcr den \u00fcbrigen Osten des Landes galten die Warnstufen Orange und Gelb, mit Temperaturen zwischen 33 und 39 Grad.\u00a0Am Samstag wurde im S\u00fcden der bislang hei\u00dfeste Tag [&hellip;]\" \/>\n<meta property=\"og:url\" content=\"https:\/\/www.rri.ro\/de\/aktuell\/newsflash-de\/nachrichten-27-07-2025-id912472.html\" \/>\n<meta property=\"og:site_name\" content=\"Radio Rum\u00e4nien International\" \/>\n<meta property=\"article:published_time\" content=\"2025-07-27T14:25:51+00:00\" \/>\n<meta property=\"og:image\" content=\"https:\/\/www.rri.ro\/wp-content\/uploads\/2024\/03\/RRI-960x540-Nachrichten-2-NOU.jpg\" \/>\n\t<meta property=\"og:image:width\" content=\"960\" \/>\n\t<meta property=\"og:image:height\" content=\"540\" \/>\n\t<meta property=\"og:image:type\" content=\"image\/jpeg\" \/>\n<meta name=\"author\" content=\"Newsroom\" \/>\n<meta name=\"twitter:card\" content=\"summary_large_image\" \/>\n<meta name=\"twitter:label1\" content=\"Verfasst von\" \/>\n\t<meta name=\"twitter:data1\" content=\"Newsroom\" \/>\n\t<meta name=\"twitter:label2\" content=\"Gesch\u00e4tzte Lesezeit\" \/>\n\t<meta name=\"twitter:data2\" content=\"3\u00a0Minuten\" \/>\n\t<meta name=\"twitter:label3\" content=\"Written by\" \/>\n\t<meta name=\"twitter:data3\" content=\"Newsroom\" \/>\n<script type=\"application\/ld+json\" class=\"yoast-schema-graph\">{\"@context\":\"https:\\\/\\\/schema.org\",\"@graph\":[{\"@type\":\"Article\",\"@id\":\"https:\\\/\\\/www.rri.ro\\\/de\\\/aktuell\\\/newsflash-de\\\/nachrichten-27-07-2025-id912472.html#article\",\"isPartOf\":{\"@id\":\"https:\\\/\\\/www.rri.ro\\\/de\\\/aktuell\\\/newsflash-de\\\/nachrichten-27-07-2025-id912472.html\"},\"author\":{\"name\":\"Newsroom\",\"@id\":\"https:\\\/\\\/www.rri.ro\\\/#\\\/schema\\\/person\\\/4a479940371b9fdefd194f561e8a7f88\"},\"headline\":\"Nachrichten 27.07.2025\",\"datePublished\":\"2025-07-27T14:25:51+00:00\",\"mainEntityOfPage\":{\"@id\":\"https:\\\/\\\/www.rri.ro\\\/de\\\/aktuell\\\/newsflash-de\\\/nachrichten-27-07-2025-id912472.html\"},\"wordCount\":591,\"image\":{\"@id\":\"https:\\\/\\\/www.rri.ro\\\/de\\\/aktuell\\\/newsflash-de\\\/nachrichten-27-07-2025-id912472.html#primaryimage\"},\"thumbnailUrl\":\"https:\\\/\\\/www.rri.ro\\\/wp-content\\\/uploads\\\/2024\\\/03\\\/RRI-960x540-Nachrichten-2-NOU.jpg\",\"keywords\":[\"Ausschreibung\",\"Constantin Popovici&#013;\",\"EU-Kommission\",\"Finanzamt\",\"Frankreich\",\"Hitzewelle\",\"Klippenspringen\",\"Korruption\",\"Moldau\",\"Rum\u00e4nien\",\"Vizepremier\",\"Waldbrand\"],\"articleSection\":[\"Newsflash\"],\"inLanguage\":\"de\"},{\"@type\":\"WebPage\",\"@id\":\"https:\\\/\\\/www.rri.ro\\\/de\\\/aktuell\\\/newsflash-de\\\/nachrichten-27-07-2025-id912472.html\",\"url\":\"https:\\\/\\\/www.rri.ro\\\/de\\\/aktuell\\\/newsflash-de\\\/nachrichten-27-07-2025-id912472.html\",\"name\":\"Nachrichten 27.07.2025 - Radio Rum\u00e4nien International\",\"isPartOf\":{\"@id\":\"https:\\\/\\\/www.rri.ro\\\/#website\"},\"primaryImageOfPage\":{\"@id\":\"https:\\\/\\\/www.rri.ro\\\/de\\\/aktuell\\\/newsflash-de\\\/nachrichten-27-07-2025-id912472.html#primaryimage\"},\"image\":{\"@id\":\"https:\\\/\\\/www.rri.ro\\\/de\\\/aktuell\\\/newsflash-de\\\/nachrichten-27-07-2025-id912472.html#primaryimage\"},\"thumbnailUrl\":\"https:\\\/\\\/www.rri.ro\\\/wp-content\\\/uploads\\\/2024\\\/03\\\/RRI-960x540-Nachrichten-2-NOU.jpg\",\"datePublished\":\"2025-07-27T14:25:51+00:00\",\"author\":{\"@id\":\"https:\\\/\\\/www.rri.ro\\\/#\\\/schema\\\/person\\\/4a479940371b9fdefd194f561e8a7f88\"},\"breadcrumb\":{\"@id\":\"https:\\\/\\\/www.rri.ro\\\/de\\\/aktuell\\\/newsflash-de\\\/nachrichten-27-07-2025-id912472.html#breadcrumb\"},\"inLanguage\":\"de\",\"potentialAction\":[{\"@type\":\"ReadAction\",\"target\":[\"https:\\\/\\\/www.rri.ro\\\/de\\\/aktuell\\\/newsflash-de\\\/nachrichten-27-07-2025-id912472.html\"]}]},{\"@type\":\"ImageObject\",\"inLanguage\":\"de\",\"@id\":\"https:\\\/\\\/www.rri.ro\\\/de\\\/aktuell\\\/newsflash-de\\\/nachrichten-27-07-2025-id912472.html#primaryimage\",\"url\":\"https:\\\/\\\/www.rri.ro\\\/wp-content\\\/uploads\\\/2024\\\/03\\\/RRI-960x540-Nachrichten-2-NOU.jpg\",\"contentUrl\":\"https:\\\/\\\/www.rri.ro\\\/wp-content\\\/uploads\\\/2024\\\/03\\\/RRI-960x540-Nachrichten-2-NOU.jpg\",\"width\":960,\"height\":540},{\"@type\":\"BreadcrumbList\",\"@id\":\"https:\\\/\\\/www.rri.ro\\\/de\\\/aktuell\\\/newsflash-de\\\/nachrichten-27-07-2025-id912472.html#breadcrumb\",\"itemListElement\":[{\"@type\":\"ListItem\",\"position\":1,\"name\":\"Startseite\",\"item\":\"https:\\\/\\\/www.rri.ro\\\/de\"},{\"@type\":\"ListItem\",\"position\":2,\"name\":\"Aktuell\",\"item\":\"https:\\\/\\\/www.rri.ro\\\/de\\\/aktuell\"},{\"@type\":\"ListItem\",\"position\":3,\"name\":\"Newsflash\",\"item\":\"https:\\\/\\\/www.rri.ro\\\/de\\\/aktuell\\\/newsflash-de\"},{\"@type\":\"ListItem\",\"position\":4,\"name\":\"Nachrichten 27.07.2025\"}]},{\"@type\":\"WebSite\",\"@id\":\"https:\\\/\\\/www.rri.ro\\\/#website\",\"url\":\"https:\\\/\\\/www.rri.ro\\\/\",\"name\":\"Radio Rum\u00e4nien International\",\"description\":\"Totul despre Rom\u00e2nia \u015fi rom\u00e2ni, \u00een 13 limbi\\\/dialecte!\",\"inLanguage\":\"de\"},{\"@type\":\"Person\",\"@id\":\"https:\\\/\\\/www.rri.ro\\\/#\\\/schema\\\/person\\\/4a479940371b9fdefd194f561e8a7f88\",\"name\":\"Newsroom\",\"url\":\"https:\\\/\\\/www.rri.ro\\\/de\\\/author\\\/newsroom\"}]}<\/script>\n<!-- \/ Yoast SEO plugin. -->","yoast_head_json":{"title":"Nachrichten 27.07.2025 - Radio Rum\u00e4nien International","robots":{"index":"index","follow":"follow","max-snippet":"max-snippet:-1","max-image-preview":"max-image-preview:large","max-video-preview":"max-video-preview:-1"},"canonical":"https:\/\/www.rri.ro\/de\/aktuell\/newsflash-de\/nachrichten-27-07-2025-id912472.html","og_locale":"de_DE","og_type":"article","og_title":"Nachrichten 27.07.2025 - Radio Rum\u00e4nien International","og_description":"Die Hitzewelle h\u00e4lt am Sonntag\u00a0in der \u00f6stlichen Landesh\u00e4lfte Rum\u00e4niens an. In Bukarest und mehreren s\u00fcdlichen Bezirken galt\u00a0weiterhin Alarmstufe Rot \u2013 hier wurden bis zu 41 Grad Celsius erwartet. F\u00fcr den \u00fcbrigen Osten des Landes galten die Warnstufen Orange und Gelb, mit Temperaturen zwischen 33 und 39 Grad.\u00a0Am Samstag wurde im S\u00fcden der bislang hei\u00dfeste Tag [&hellip;]","og_url":"https:\/\/www.rri.ro\/de\/aktuell\/newsflash-de\/nachrichten-27-07-2025-id912472.html","og_site_name":"Radio Rum\u00e4nien International","article_published_time":"2025-07-27T14:25:51+00:00","og_image":[{"width":960,"height":540,"url":"https:\/\/www.rri.ro\/wp-content\/uploads\/2024\/03\/RRI-960x540-Nachrichten-2-NOU.jpg","type":"image\/jpeg"}],"author":"Newsroom","twitter_card":"summary_large_image","twitter_misc":{"Verfasst von":"Newsroom","Gesch\u00e4tzte Lesezeit":"3\u00a0Minuten","Written by":"Newsroom"},"schema":{"@context":"https:\/\/schema.org","@graph":[{"@type":"Article","@id":"https:\/\/www.rri.ro\/de\/aktuell\/newsflash-de\/nachrichten-27-07-2025-id912472.html#article","isPartOf":{"@id":"https:\/\/www.rri.ro\/de\/aktuell\/newsflash-de\/nachrichten-27-07-2025-id912472.html"},"author":{"name":"Newsroom","@id":"https:\/\/www.rri.ro\/#\/schema\/person\/4a479940371b9fdefd194f561e8a7f88"},"headline":"Nachrichten 27.07.2025","datePublished":"2025-07-27T14:25:51+00:00","mainEntityOfPage":{"@id":"https:\/\/www.rri.ro\/de\/aktuell\/newsflash-de\/nachrichten-27-07-2025-id912472.html"},"wordCount":591,"image":{"@id":"https:\/\/www.rri.ro\/de\/aktuell\/newsflash-de\/nachrichten-27-07-2025-id912472.html#primaryimage"},"thumbnailUrl":"https:\/\/www.rri.ro\/wp-content\/uploads\/2024\/03\/RRI-960x540-Nachrichten-2-NOU.jpg","keywords":["Ausschreibung","Constantin Popovici&#013;","EU-Kommission","Finanzamt","Frankreich","Hitzewelle","Klippenspringen","Korruption","Moldau","Rum\u00e4nien","Vizepremier","Waldbrand"],"articleSection":["Newsflash"],"inLanguage":"de"},{"@type":"WebPage","@id":"https:\/\/www.rri.ro\/de\/aktuell\/newsflash-de\/nachrichten-27-07-2025-id912472.html","url":"https:\/\/www.rri.ro\/de\/aktuell\/newsflash-de\/nachrichten-27-07-2025-id912472.html","name":"Nachrichten 27.07.2025 - Radio Rum\u00e4nien International","isPartOf":{"@id":"https:\/\/www.rri.ro\/#website"},"primaryImageOfPage":{"@id":"https:\/\/www.rri.ro\/de\/aktuell\/newsflash-de\/nachrichten-27-07-2025-id912472.html#primaryimage"},"image":{"@id":"https:\/\/www.rri.ro\/de\/aktuell\/newsflash-de\/nachrichten-27-07-2025-id912472.html#primaryimage"},"thumbnailUrl":"https:\/\/www.rri.ro\/wp-content\/uploads\/2024\/03\/RRI-960x540-Nachrichten-2-NOU.jpg","datePublished":"2025-07-27T14:25:51+00:00","author":{"@id":"https:\/\/www.rri.ro\/#\/schema\/person\/4a479940371b9fdefd194f561e8a7f88"},"breadcrumb":{"@id":"https:\/\/www.rri.ro\/de\/aktuell\/newsflash-de\/nachrichten-27-07-2025-id912472.html#breadcrumb"},"inLanguage":"de","potentialAction":[{"@type":"ReadAction","target":["https:\/\/www.rri.ro\/de\/aktuell\/newsflash-de\/nachrichten-27-07-2025-id912472.html"]}]},{"@type":"ImageObject","inLanguage":"de","@id":"https:\/\/www.rri.ro\/de\/aktuell\/newsflash-de\/nachrichten-27-07-2025-id912472.html#primaryimage","url":"https:\/\/www.rri.ro\/wp-content\/uploads\/2024\/03\/RRI-960x540-Nachrichten-2-NOU.jpg","contentUrl":"https:\/\/www.rri.ro\/wp-content\/uploads\/2024\/03\/RRI-960x540-Nachrichten-2-NOU.jpg","width":960,"height":540},{"@type":"BreadcrumbList","@id":"https:\/\/www.rri.ro\/de\/aktuell\/newsflash-de\/nachrichten-27-07-2025-id912472.html#breadcrumb","itemListElement":[{"@type":"ListItem","position":1,"name":"Startseite","item":"https:\/\/www.rri.ro\/de"},{"@type":"ListItem","position":2,"name":"Aktuell","item":"https:\/\/www.rri.ro\/de\/aktuell"},{"@type":"ListItem","position":3,"name":"Newsflash","item":"https:\/\/www.rri.ro\/de\/aktuell\/newsflash-de"},{"@type":"ListItem","position":4,"name":"Nachrichten 27.07.2025"}]},{"@type":"WebSite","@id":"https:\/\/www.rri.ro\/#website","url":"https:\/\/www.rri.ro\/","name":"Radio Rum\u00e4nien International","description":"Totul despre Rom\u00e2nia \u015fi rom\u00e2ni, \u00een 13 limbi\/dialecte!","inLanguage":"de"},{"@type":"Person","@id":"https:\/\/www.rri.ro\/#\/schema\/person\/4a479940371b9fdefd194f561e8a7f88","name":"Newsroom","url":"https:\/\/www.rri.ro\/de\/author\/newsroom"}]}},"_links":{"self":[{"href":"https:\/\/www.rri.ro\/de\/wp-json\/wp\/v2\/posts\/912472","targetHints":{"allow":["GET"]}}],"collection":[{"href":"https:\/\/www.rri.ro\/de\/wp-json\/wp\/v2\/posts"}],"about":[{"href":"https:\/\/www.rri.ro\/de\/wp-json\/wp\/v2\/types\/post"}],"author":[{"embeddable":true,"href":"https:\/\/www.rri.ro\/de\/wp-json\/wp\/v2\/users\/113"}],"replies":[{"embeddable":true,"href":"https:\/\/www.rri.ro\/de\/wp-json\/wp\/v2\/comments?post=912472"}],"version-history":[{"count":0,"href":"https:\/\/www.rri.ro\/de\/wp-json\/wp\/v2\/posts\/912472\/revisions"}],"wp:featuredmedia":[{"embeddable":true,"href":"https:\/\/www.rri.ro\/de\/wp-json\/wp\/v2\/media\/723386"}],"wp:attachment":[{"href":"https:\/\/www.rri.ro\/de\/wp-json\/wp\/v2\/media?parent=912472"}],"wp:term":[{"taxonomy":"category","embeddable":true,"href":"https:\/\/www.rri.ro\/de\/wp-json\/wp\/v2\/categories?post=912472"},{"taxonomy":"post_tag","embeddable":true,"href":"https:\/\/www.rri.ro\/de\/wp-json\/wp\/v2\/tags?post=912472"},{"taxonomy":"author","embeddable":true,"href":"https:\/\/www.rri.ro\/de\/wp-json\/wp\/v2\/coauthors?post=912472"}],"curies":[{"name":"wp","href":"https:\/\/api.w.org\/{rel}","templated":true}]}}