{"id":923734,"date":"2025-09-02T17:00:55","date_gmt":"2025-09-02T14:00:55","guid":{"rendered":"https:\/\/www.rri.ro\/?p=923734"},"modified":"2025-09-02T15:45:30","modified_gmt":"2025-09-02T12:45:30","slug":"nachrichten-02-09-2025","status":"publish","type":"post","link":"https:\/\/www.rri.ro\/de\/aktuell\/newsflash-de\/nachrichten-02-09-2025-id923734.html","title":{"rendered":"Nachrichten 02.09.2025"},"content":{"rendered":"<p>\u201eRum\u00e4nien hat eine beeindruckende Resilienz seiner Demokratie gezeigt\u201c<strong> \u2013<\/strong> das erkl\u00e4rte heute EU-Kommissionspr\u00e4sidentin Ursula von der Leyen bei einem Treffen mit dem rum\u00e4nischen Pr\u00e4sidenten Nicu\u0219or Dan auf dem Milit\u00e4rst\u00fctzpunkt Mihail Kog\u0103lniceanu im S\u00fcdosten des Landes, im Landkreis Constan\u021ba. Im Rahmen ihrer Rundreise, die den EU-Beistand f\u00fcr Mitgliedstaaten unterstreichen soll, die geografisch nahe an Russland oder Belarus liegen und daher besonderen Herausforderungen ausgesetzt sind, betonte von der Leyen die sicherheitspolitische Lage und die Notwendigkeit erh\u00f6hter Investitionen in den Bereich Verteidigung. Der rum\u00e4nische Pr\u00e4sident Nicu\u0219or Dan hob hervor, wie wichtig europ\u00e4ische Solidarit\u00e4t in dieser schwierigen Zeit ist \u2013 angesichts des zunehmenden Drucks von Seiten der Russischen F\u00f6deration.<\/p>\n<p>&nbsp;<\/p>\n<p>Der rum\u00e4nische Premierminister Ilie Bolojan hat den Koalitionspartnern mitgeteilt, dass es ihm schwerfalle, seine Rolle als Regierungschef wahrzunehmen, wenn die bei der Regierungsbildung getroffenen Vereinbarungen nicht eingehalten werden. Er betonte jedoch, dass der Dialog mit Staatspr\u00e4sident Nicu\u0219or Dan weiterhin normal verlaufe. Im Pr\u00e4sidentenpalast Cotroceni finden derzeit Gespr\u00e4che zwischen Pr\u00e4sident Dan und den Parteif\u00fchrern der Regierungskoalition statt. Gestern erkl\u00e4rte der Vorsitzende der ungarischen Minderheitenpartei UDMR, Kelemen Hunor, es handle sich um ein routinem\u00e4\u00dfiges Treffen zum Auftakt der neuen Parlamentsperiode. Auf die Frage, ob die Gespr\u00e4che mit den internen Spannungen in der Koalition in Zusammenhang stehen \u2013 insbesondere wegen der aufgeschobenen Reform der Kommunalverwaltung \u2013 sagte Hunor, der Dialog sei selbstverst\u00e4ndlich, vor allem angesichts der vermittelnden Rolle des Pr\u00e4sidenten.<\/p>\n<p>&nbsp;<\/p>\n<p>Der rum\u00e4nische Energieminister Bogdan Ivan hat neue Ma\u00dfnahmen angek\u00fcndigt, um die Strompreise zu senken. Geplant sind der Ausbau der Produktionskapazit\u00e4ten, klare Marktregeln sowie direkte Investitionen in den Transport und die Verteilung von Energie. Gleichzeitig k\u00fcndigte der Minister an, die Fristen f\u00fcr die Stilllegung der Kohlekraftwerke um mindestens f\u00fcnf Jahre neu zu verhandeln. Rum\u00e4nien wird somit die Kohlekapazit\u00e4ten des Energiekomplexes Oltenia nicht \u2013 wie urspr\u00fcnglich zugesagt \u2013 am 31. Dezember 2025 schlie\u00dfen, solange keine neuen Gaskraftwerke in Betrieb genommen werden und keine ausreichenden Speicherl\u00f6sungen f\u00fcr Solar- und Windenergie entwickelt sind. Dar\u00fcber hinaus bereitet die Regierung in Bukarest f\u00fcnf grundlegende Reformma\u00dfnahmen f\u00fcr den Energiemarkt vor. Staatsunternehmen sollen eine aktivere Rolle bei der Preisstabilit\u00e4t spielen, Transaktionen besser absichern, Transportkosten senken und die Energieeffizienz in der Wirtschaft, in \u00f6ffentlichen Einrichtungen \u2013 und besonders im Wohnbereich \u2013 verbessern. Ein weiterer Schwerpunkt: intelligente Strommessung und dynamische Tarife. In der vergangenen Woche hatte Minister Ivan die Energieversorger sogar gewarnt: Sollten die Preise weiter steigen, k\u00f6nne das Thema im Obersten Verteidigungsrat des Landes behandelt werden. Er rief au\u00dferdem die Bev\u00f6lkerung auf, Missst\u00e4nde bei der Verbraucherzentrale zu melden.<\/p>\n<p>&nbsp;<\/p>\n<p>In der Nacht von Montag auf Dienstag hat die rum\u00e4nische Generalinspektion f\u00fcr Notfallsituationen eine neue RO-ALERT-Warnmeldung f\u00fcr den Norden des Kreises Tulcea im S\u00fcdosten des Landes herausgegeben. Die Bev\u00f6lkerung wurde gewarnt, dass es m\u00f6glicherweise zum Absturz von Objekten aus dem Luftraum kommen k\u00f6nnte, und aufgefordert, Schutzma\u00dfnahmen zu ergreifen. Der Luftalarm dauerte rund 90 Minuten. Laut Angaben der Katastrophenschutzbeh\u00f6rde \u201eDelta Dun\u0103rii\u201c wurden keine Notrufe \u00fcber die zentrale Notrufnummer 112 registriert.<\/p>\n<p>&nbsp;<\/p>\n<p>Im Rahmen des Internationalen \u201eGeorge Enescu\u201c-Festivals tritt heute Abend das franz\u00f6sische Orchester Les Si\u00e8cles \u2013 \u201eDie Jahrhunderte\u201c \u2013 im Rum\u00e4nischen Athen\u00e4um auf. Das Ensemble, bestehend aus Musikern der jungen Generation, bringt eine frische Perspektive auf mehrere Jahrhunderte Musikgeschichte. Im Palastsaal spielt heute das Orchester aus Z\u00fcrich, w\u00e4hrend am Nationaltheater die Ballettproduktion \u201eVon Sehnsucht zu Sehnsucht\u201c des Balletttheaters Sibiu gezeigt wird \u2013 eine Choreografie des renommierten rum\u00e4nischen K\u00fcnstlers Gigi C\u0103ciuleanu, mit Musik von Dan Dediu. Weitere Festivalveranstaltungen finden heute im Franz\u00f6sischen Institut in Bukarest, in Sibiu sowie in Cluj-Napoca im Nordwesten des Landes statt. Bis zum 21. September werden \u00fcber 80 Ensembles, Sinfonieorchester, Ch\u00f6re und Kammermusikgruppen aus 28 L\u00e4ndern erwartet. Radio Rum\u00e4nien ist Koproduzent des George-Enescu-Festivals.<\/p>\n<p>&nbsp;<\/p>\n<p>Das Wetter in Rum\u00e4nien zeigt sich insgesamt sch\u00f6n und warm. Nur in den Bergregionen muss mit Regen gerechnet werden. F\u00fcr die s\u00fcdliche Landesh\u00e4lfte gilt eine gelbe Hitzewarnung. Die H\u00f6chsttemperaturen liegen zwischen 27 und 35 Grad Celsius.<\/p>\n","protected":false},"excerpt":{"rendered":"<p>\u201eRum\u00e4nien hat eine beeindruckende Resilienz seiner Demokratie gezeigt\u201c \u2013 das erkl\u00e4rte heute EU-Kommissionspr\u00e4sidentin Ursula von der Leyen bei einem Treffen mit dem rum\u00e4nischen Pr\u00e4sidenten Nicu\u0219or Dan auf dem Milit\u00e4rst\u00fctzpunkt Mihail Kog\u0103lniceanu im S\u00fcdosten des Landes, im Landkreis Constan\u021ba. Im Rahmen ihrer Rundreise, die den EU-Beistand f\u00fcr Mitgliedstaaten unterstreichen soll, die geografisch nahe an Russland oder [&hellip;]<\/p>\n","protected":false},"author":113,"featured_media":723386,"comment_status":"closed","ping_status":"closed","sticky":false,"template":"","format":"standard","meta":{"_acf_changed":false,"footnotes":""},"categories":[116753],"tags":[175657,162063,170232,172867,137199],"coauthors":[116091],"class_list":["post-923734","post","type-post","status-publish","format-standard","has-post-thumbnail","hentry","category-newsflash-de","tag-energieminister-bogdan-ivan","tag-george-enescu-festival-de","tag-praesident-nicusor-dan","tag-premierminister-ilie-bolojan","tag-ursula-von-der-leyen-de"],"acf":[],"yoast_head":"<!-- This site is optimized with the Yoast SEO plugin v27.3 - https:\/\/yoast.com\/product\/yoast-seo-wordpress\/ -->\n<title>Nachrichten 02.09.2025 - Radio Rum\u00e4nien International<\/title>\n<meta name=\"robots\" content=\"index, follow, max-snippet:-1, max-image-preview:large, max-video-preview:-1\" \/>\n<link rel=\"canonical\" href=\"https:\/\/www.rri.ro\/de\/aktuell\/newsflash-de\/nachrichten-02-09-2025-id923734.html\" \/>\n<meta property=\"og:locale\" content=\"de_DE\" \/>\n<meta property=\"og:type\" content=\"article\" \/>\n<meta property=\"og:title\" content=\"Nachrichten 02.09.2025 - Radio Rum\u00e4nien International\" \/>\n<meta property=\"og:description\" content=\"\u201eRum\u00e4nien hat eine beeindruckende Resilienz seiner Demokratie gezeigt\u201c \u2013 das erkl\u00e4rte heute EU-Kommissionspr\u00e4sidentin Ursula von der Leyen bei einem Treffen mit dem rum\u00e4nischen Pr\u00e4sidenten Nicu\u0219or Dan auf dem Milit\u00e4rst\u00fctzpunkt Mihail Kog\u0103lniceanu im S\u00fcdosten des Landes, im Landkreis Constan\u021ba. Im Rahmen ihrer Rundreise, die den EU-Beistand f\u00fcr Mitgliedstaaten unterstreichen soll, die geografisch nahe an Russland oder [&hellip;]\" \/>\n<meta property=\"og:url\" content=\"https:\/\/www.rri.ro\/de\/aktuell\/newsflash-de\/nachrichten-02-09-2025-id923734.html\" \/>\n<meta property=\"og:site_name\" content=\"Radio Rum\u00e4nien International\" \/>\n<meta property=\"article:published_time\" content=\"2025-09-02T14:00:55+00:00\" \/>\n<meta property=\"og:image\" content=\"https:\/\/www.rri.ro\/wp-content\/uploads\/2024\/03\/RRI-960x540-Nachrichten-2-NOU.jpg\" \/>\n\t<meta property=\"og:image:width\" content=\"960\" \/>\n\t<meta property=\"og:image:height\" content=\"540\" \/>\n\t<meta property=\"og:image:type\" content=\"image\/jpeg\" \/>\n<meta name=\"author\" content=\"Newsroom\" \/>\n<meta name=\"twitter:card\" content=\"summary_large_image\" \/>\n<meta name=\"twitter:label1\" content=\"Verfasst von\" \/>\n\t<meta name=\"twitter:data1\" content=\"Newsroom\" \/>\n\t<meta name=\"twitter:label2\" content=\"Gesch\u00e4tzte Lesezeit\" \/>\n\t<meta name=\"twitter:data2\" content=\"3\u00a0Minuten\" \/>\n\t<meta name=\"twitter:label3\" content=\"Written by\" \/>\n\t<meta name=\"twitter:data3\" content=\"Newsroom\" \/>\n<script type=\"application\/ld+json\" class=\"yoast-schema-graph\">{\"@context\":\"https:\\\/\\\/schema.org\",\"@graph\":[{\"@type\":\"Article\",\"@id\":\"https:\\\/\\\/www.rri.ro\\\/de\\\/aktuell\\\/newsflash-de\\\/nachrichten-02-09-2025-id923734.html#article\",\"isPartOf\":{\"@id\":\"https:\\\/\\\/www.rri.ro\\\/de\\\/aktuell\\\/newsflash-de\\\/nachrichten-02-09-2025-id923734.html\"},\"author\":{\"name\":\"Newsroom\",\"@id\":\"https:\\\/\\\/www.rri.ro\\\/#\\\/schema\\\/person\\\/4a479940371b9fdefd194f561e8a7f88\"},\"headline\":\"Nachrichten 02.09.2025\",\"datePublished\":\"2025-09-02T14:00:55+00:00\",\"mainEntityOfPage\":{\"@id\":\"https:\\\/\\\/www.rri.ro\\\/de\\\/aktuell\\\/newsflash-de\\\/nachrichten-02-09-2025-id923734.html\"},\"wordCount\":690,\"image\":{\"@id\":\"https:\\\/\\\/www.rri.ro\\\/de\\\/aktuell\\\/newsflash-de\\\/nachrichten-02-09-2025-id923734.html#primaryimage\"},\"thumbnailUrl\":\"https:\\\/\\\/www.rri.ro\\\/wp-content\\\/uploads\\\/2024\\\/03\\\/RRI-960x540-Nachrichten-2-NOU.jpg\",\"keywords\":[\"Energieminister Bogdan Ivan\",\"George Enescu Festival\",\"Pr\u00e4sident Nicusor Dan\",\"Premierminister Ilie Bolojan\",\"Ursula von der Leyen\"],\"articleSection\":[\"Newsflash\"],\"inLanguage\":\"de\"},{\"@type\":\"WebPage\",\"@id\":\"https:\\\/\\\/www.rri.ro\\\/de\\\/aktuell\\\/newsflash-de\\\/nachrichten-02-09-2025-id923734.html\",\"url\":\"https:\\\/\\\/www.rri.ro\\\/de\\\/aktuell\\\/newsflash-de\\\/nachrichten-02-09-2025-id923734.html\",\"name\":\"Nachrichten 02.09.2025 - Radio Rum\u00e4nien International\",\"isPartOf\":{\"@id\":\"https:\\\/\\\/www.rri.ro\\\/#website\"},\"primaryImageOfPage\":{\"@id\":\"https:\\\/\\\/www.rri.ro\\\/de\\\/aktuell\\\/newsflash-de\\\/nachrichten-02-09-2025-id923734.html#primaryimage\"},\"image\":{\"@id\":\"https:\\\/\\\/www.rri.ro\\\/de\\\/aktuell\\\/newsflash-de\\\/nachrichten-02-09-2025-id923734.html#primaryimage\"},\"thumbnailUrl\":\"https:\\\/\\\/www.rri.ro\\\/wp-content\\\/uploads\\\/2024\\\/03\\\/RRI-960x540-Nachrichten-2-NOU.jpg\",\"datePublished\":\"2025-09-02T14:00:55+00:00\",\"author\":{\"@id\":\"https:\\\/\\\/www.rri.ro\\\/#\\\/schema\\\/person\\\/4a479940371b9fdefd194f561e8a7f88\"},\"breadcrumb\":{\"@id\":\"https:\\\/\\\/www.rri.ro\\\/de\\\/aktuell\\\/newsflash-de\\\/nachrichten-02-09-2025-id923734.html#breadcrumb\"},\"inLanguage\":\"de\",\"potentialAction\":[{\"@type\":\"ReadAction\",\"target\":[\"https:\\\/\\\/www.rri.ro\\\/de\\\/aktuell\\\/newsflash-de\\\/nachrichten-02-09-2025-id923734.html\"]}]},{\"@type\":\"ImageObject\",\"inLanguage\":\"de\",\"@id\":\"https:\\\/\\\/www.rri.ro\\\/de\\\/aktuell\\\/newsflash-de\\\/nachrichten-02-09-2025-id923734.html#primaryimage\",\"url\":\"https:\\\/\\\/www.rri.ro\\\/wp-content\\\/uploads\\\/2024\\\/03\\\/RRI-960x540-Nachrichten-2-NOU.jpg\",\"contentUrl\":\"https:\\\/\\\/www.rri.ro\\\/wp-content\\\/uploads\\\/2024\\\/03\\\/RRI-960x540-Nachrichten-2-NOU.jpg\",\"width\":960,\"height\":540},{\"@type\":\"BreadcrumbList\",\"@id\":\"https:\\\/\\\/www.rri.ro\\\/de\\\/aktuell\\\/newsflash-de\\\/nachrichten-02-09-2025-id923734.html#breadcrumb\",\"itemListElement\":[{\"@type\":\"ListItem\",\"position\":1,\"name\":\"Startseite\",\"item\":\"https:\\\/\\\/www.rri.ro\\\/de\"},{\"@type\":\"ListItem\",\"position\":2,\"name\":\"Actualitate\",\"item\":\"https:\\\/\\\/www.rri.ro\\\/actualitate\"},{\"@type\":\"ListItem\",\"position\":3,\"name\":\"Newsflash\",\"item\":\"https:\\\/\\\/www.rri.ro\\\/de\\\/aktuell\\\/newsflash-de\"},{\"@type\":\"ListItem\",\"position\":4,\"name\":\"Nachrichten 02.09.2025\"}]},{\"@type\":\"WebSite\",\"@id\":\"https:\\\/\\\/www.rri.ro\\\/#website\",\"url\":\"https:\\\/\\\/www.rri.ro\\\/\",\"name\":\"Radio Rum\u00e4nien International\",\"description\":\"Totul despre Rom\u00e2nia \u015fi rom\u00e2ni, \u00een 13 limbi\\\/dialecte!\",\"inLanguage\":\"de\"},{\"@type\":\"Person\",\"@id\":\"https:\\\/\\\/www.rri.ro\\\/#\\\/schema\\\/person\\\/4a479940371b9fdefd194f561e8a7f88\",\"name\":\"Newsroom\",\"url\":\"https:\\\/\\\/www.rri.ro\\\/de\\\/author\\\/newsroom\"}]}<\/script>\n<!-- \/ Yoast SEO plugin. -->","yoast_head_json":{"title":"Nachrichten 02.09.2025 - Radio Rum\u00e4nien International","robots":{"index":"index","follow":"follow","max-snippet":"max-snippet:-1","max-image-preview":"max-image-preview:large","max-video-preview":"max-video-preview:-1"},"canonical":"https:\/\/www.rri.ro\/de\/aktuell\/newsflash-de\/nachrichten-02-09-2025-id923734.html","og_locale":"de_DE","og_type":"article","og_title":"Nachrichten 02.09.2025 - Radio Rum\u00e4nien International","og_description":"\u201eRum\u00e4nien hat eine beeindruckende Resilienz seiner Demokratie gezeigt\u201c \u2013 das erkl\u00e4rte heute EU-Kommissionspr\u00e4sidentin Ursula von der Leyen bei einem Treffen mit dem rum\u00e4nischen Pr\u00e4sidenten Nicu\u0219or Dan auf dem Milit\u00e4rst\u00fctzpunkt Mihail Kog\u0103lniceanu im S\u00fcdosten des Landes, im Landkreis Constan\u021ba. Im Rahmen ihrer Rundreise, die den EU-Beistand f\u00fcr Mitgliedstaaten unterstreichen soll, die geografisch nahe an Russland oder [&hellip;]","og_url":"https:\/\/www.rri.ro\/de\/aktuell\/newsflash-de\/nachrichten-02-09-2025-id923734.html","og_site_name":"Radio Rum\u00e4nien International","article_published_time":"2025-09-02T14:00:55+00:00","og_image":[{"width":960,"height":540,"url":"https:\/\/www.rri.ro\/wp-content\/uploads\/2024\/03\/RRI-960x540-Nachrichten-2-NOU.jpg","type":"image\/jpeg"}],"author":"Newsroom","twitter_card":"summary_large_image","twitter_misc":{"Verfasst von":"Newsroom","Gesch\u00e4tzte Lesezeit":"3\u00a0Minuten","Written by":"Newsroom"},"schema":{"@context":"https:\/\/schema.org","@graph":[{"@type":"Article","@id":"https:\/\/www.rri.ro\/de\/aktuell\/newsflash-de\/nachrichten-02-09-2025-id923734.html#article","isPartOf":{"@id":"https:\/\/www.rri.ro\/de\/aktuell\/newsflash-de\/nachrichten-02-09-2025-id923734.html"},"author":{"name":"Newsroom","@id":"https:\/\/www.rri.ro\/#\/schema\/person\/4a479940371b9fdefd194f561e8a7f88"},"headline":"Nachrichten 02.09.2025","datePublished":"2025-09-02T14:00:55+00:00","mainEntityOfPage":{"@id":"https:\/\/www.rri.ro\/de\/aktuell\/newsflash-de\/nachrichten-02-09-2025-id923734.html"},"wordCount":690,"image":{"@id":"https:\/\/www.rri.ro\/de\/aktuell\/newsflash-de\/nachrichten-02-09-2025-id923734.html#primaryimage"},"thumbnailUrl":"https:\/\/www.rri.ro\/wp-content\/uploads\/2024\/03\/RRI-960x540-Nachrichten-2-NOU.jpg","keywords":["Energieminister Bogdan Ivan","George Enescu Festival","Pr\u00e4sident Nicusor Dan","Premierminister Ilie Bolojan","Ursula von der Leyen"],"articleSection":["Newsflash"],"inLanguage":"de"},{"@type":"WebPage","@id":"https:\/\/www.rri.ro\/de\/aktuell\/newsflash-de\/nachrichten-02-09-2025-id923734.html","url":"https:\/\/www.rri.ro\/de\/aktuell\/newsflash-de\/nachrichten-02-09-2025-id923734.html","name":"Nachrichten 02.09.2025 - Radio Rum\u00e4nien International","isPartOf":{"@id":"https:\/\/www.rri.ro\/#website"},"primaryImageOfPage":{"@id":"https:\/\/www.rri.ro\/de\/aktuell\/newsflash-de\/nachrichten-02-09-2025-id923734.html#primaryimage"},"image":{"@id":"https:\/\/www.rri.ro\/de\/aktuell\/newsflash-de\/nachrichten-02-09-2025-id923734.html#primaryimage"},"thumbnailUrl":"https:\/\/www.rri.ro\/wp-content\/uploads\/2024\/03\/RRI-960x540-Nachrichten-2-NOU.jpg","datePublished":"2025-09-02T14:00:55+00:00","author":{"@id":"https:\/\/www.rri.ro\/#\/schema\/person\/4a479940371b9fdefd194f561e8a7f88"},"breadcrumb":{"@id":"https:\/\/www.rri.ro\/de\/aktuell\/newsflash-de\/nachrichten-02-09-2025-id923734.html#breadcrumb"},"inLanguage":"de","potentialAction":[{"@type":"ReadAction","target":["https:\/\/www.rri.ro\/de\/aktuell\/newsflash-de\/nachrichten-02-09-2025-id923734.html"]}]},{"@type":"ImageObject","inLanguage":"de","@id":"https:\/\/www.rri.ro\/de\/aktuell\/newsflash-de\/nachrichten-02-09-2025-id923734.html#primaryimage","url":"https:\/\/www.rri.ro\/wp-content\/uploads\/2024\/03\/RRI-960x540-Nachrichten-2-NOU.jpg","contentUrl":"https:\/\/www.rri.ro\/wp-content\/uploads\/2024\/03\/RRI-960x540-Nachrichten-2-NOU.jpg","width":960,"height":540},{"@type":"BreadcrumbList","@id":"https:\/\/www.rri.ro\/de\/aktuell\/newsflash-de\/nachrichten-02-09-2025-id923734.html#breadcrumb","itemListElement":[{"@type":"ListItem","position":1,"name":"Startseite","item":"https:\/\/www.rri.ro\/de"},{"@type":"ListItem","position":2,"name":"Actualitate","item":"https:\/\/www.rri.ro\/actualitate"},{"@type":"ListItem","position":3,"name":"Newsflash","item":"https:\/\/www.rri.ro\/de\/aktuell\/newsflash-de"},{"@type":"ListItem","position":4,"name":"Nachrichten 02.09.2025"}]},{"@type":"WebSite","@id":"https:\/\/www.rri.ro\/#website","url":"https:\/\/www.rri.ro\/","name":"Radio Rum\u00e4nien International","description":"Totul despre Rom\u00e2nia \u015fi rom\u00e2ni, \u00een 13 limbi\/dialecte!","inLanguage":"de"},{"@type":"Person","@id":"https:\/\/www.rri.ro\/#\/schema\/person\/4a479940371b9fdefd194f561e8a7f88","name":"Newsroom","url":"https:\/\/www.rri.ro\/de\/author\/newsroom"}]}},"_links":{"self":[{"href":"https:\/\/www.rri.ro\/de\/wp-json\/wp\/v2\/posts\/923734","targetHints":{"allow":["GET"]}}],"collection":[{"href":"https:\/\/www.rri.ro\/de\/wp-json\/wp\/v2\/posts"}],"about":[{"href":"https:\/\/www.rri.ro\/de\/wp-json\/wp\/v2\/types\/post"}],"author":[{"embeddable":true,"href":"https:\/\/www.rri.ro\/de\/wp-json\/wp\/v2\/users\/113"}],"replies":[{"embeddable":true,"href":"https:\/\/www.rri.ro\/de\/wp-json\/wp\/v2\/comments?post=923734"}],"version-history":[{"count":0,"href":"https:\/\/www.rri.ro\/de\/wp-json\/wp\/v2\/posts\/923734\/revisions"}],"wp:featuredmedia":[{"embeddable":true,"href":"https:\/\/www.rri.ro\/de\/wp-json\/wp\/v2\/media\/723386"}],"wp:attachment":[{"href":"https:\/\/www.rri.ro\/de\/wp-json\/wp\/v2\/media?parent=923734"}],"wp:term":[{"taxonomy":"category","embeddable":true,"href":"https:\/\/www.rri.ro\/de\/wp-json\/wp\/v2\/categories?post=923734"},{"taxonomy":"post_tag","embeddable":true,"href":"https:\/\/www.rri.ro\/de\/wp-json\/wp\/v2\/tags?post=923734"},{"taxonomy":"author","embeddable":true,"href":"https:\/\/www.rri.ro\/de\/wp-json\/wp\/v2\/coauthors?post=923734"}],"curies":[{"name":"wp","href":"https:\/\/api.w.org\/{rel}","templated":true}]}}