{"id":925931,"date":"2025-09-08T17:25:50","date_gmt":"2025-09-08T14:25:50","guid":{"rendered":"https:\/\/www.rri.ro\/?p=925931"},"modified":"2025-09-09T11:33:33","modified_gmt":"2025-09-09T08:33:33","slug":"nachrichten-08-09-2025","status":"publish","type":"post","link":"https:\/\/www.rri.ro\/de\/aktuell\/newsflash-de\/nachrichten-08-09-2025-id925931.html","title":{"rendered":"Nachrichten 08.09.2025"},"content":{"rendered":"<p>Das Parlament hat am Sonntag in einer Plenarsitzung die vier Misstrauensantr\u00e4ge gegen die pro-europ\u00e4ische Regierung unter der F\u00fchrung des Liberalen Ilie Bolojan abgelehnt. Es war eine gemeinsame Marathonsitzung der Abgeordnetenkammer und des Senats, in der die Parlamentsmitglieder \u00fcber die Antr\u00e4ge debattierten, die die vier Reformvorhaben beanstandeten, f\u00fcr die die Exekutive am vergangenen Montag die Verantwortung \u00fcbernommen hatte. Die Entw\u00fcrfe betrafen die Bereiche Gesundheit, Steuern und die Umstrukturierung mehrerer autonomer \u00f6ffentlicher Einrichtungen. Die vier Entw\u00fcrfe sowie ein f\u00fcnfter Entwurf \u00fcber die Sonderrentenregelungen f\u00fcr Richter, gegen den kein Misstrauensantrag gestellt wurde, gelten als angenommen. Um jedoch endg\u00fcltig verabschiedet zu werden, m\u00fcssen sie vom Verfassungsgericht gebilligt werden, da die rechtsextreme Partei \u201eAllianz f\u00fcr die Union der Rum\u00e4nen\u201d angek\u00fcndigt hat, sie anzufechten.<\/p>\n<p>Am Montag hat f\u00fcr 3 Millionen Kinder in Rum\u00e4nien das neue Schuljahr begonnen. Vertreter mehrerer Schulen haben angek\u00fcndigt, auf die traditionellen Feierlichkeiten zum Schulbeginn zu verzichten. Damit protestierten sie gegen die Sparma\u00dfnahmen, die sie direkt betreffen und die die Regierung beschlossen hat, um das Haushaltsdefizit des Landes (das mit \u00fcber 9 % das h\u00f6chste in der EU ist) zu reduzieren. Die Lehrer protestierten gegen die Erh\u00f6hung der w\u00f6chentlichen Unterrichtsstunden, die sie absolvieren m\u00fcssen, gegen die Erh\u00f6hung der Sch\u00fclerzahlen in den Klassenr\u00e4umen infolge der Zusammenlegung bestimmter Schulen sowie gegen die Senkung der Stundenl\u00f6hne. Dar\u00fcber hinaus versammeln sich am Montag in Bukarest mehr als 30.000 Lehrer vor dem Regierungssitz, um zum Pr\u00e4sidentenpalast zu marschieren, wo sie mit Pr\u00e4sident Nicu\u0219or Dan zusammen kamen. Sch\u00fcler und Studenten haben ihre Solidarit\u00e4t mit den Demonstranten bekundet.<\/p>\n<p>Die Mitglieder des Europ\u00e4ischen Parlaments haben am Montag ihre politische Arbeit wieder aufgenommen. Das Hauptthema auf der Tagesordnung wird die Rede sein, die die Pr\u00e4sidentin der Europ\u00e4ischen Kommission, Ursula von der Leyen, am Mittwoch halten wird und die sich mit den globalen Herausforderungen befassen wird, denen die EU gegen\u00fcbersteht. Weitere Themen sind die Beziehungen zu den Vereinigten Staaten, die Unterst\u00fctzung der Ukraine, Verteidigung und Sicherheit, der neue mehrj\u00e4hrige Haushalt f\u00fcr die Zeit nach 2027, nachhaltiger Wohlstand und Wettbewerbsf\u00e4higkeit sowie Ma\u00dfnahmen zum Schutz der Demokratie und der Grundwerte. Am Dienstag werden die Europaabgeordneten und die EU-Au\u00dfenbeauftragte Kaja Kallas Gespr\u00e4che \u00fcber Sicherheitsgarantien, einen gerechten Frieden f\u00fcr die Ukraine und den Weg dieses Staates zum EU-Beitritt f\u00fchren. Die Pr\u00e4sidentin der Republik Moldau, Maia Sandu, wird am Dienstag vor dem Europ\u00e4ischen Parlament eine Rede halten. Die Rede findet vor den entscheidenden Parlamentswahlen in der Republik Moldau am 28. September statt, vor dem Hintergrund drohender russischer Einmischung.<\/p>\n<p>In Frankreich droht der Regierung des zentristischen Premierministers Fran\u00e7ois Bayrou die Absetzung, nachdem sie sich entschieden hat, sich einem Vertrauensvotum der Nationalversammlung zu stellen. Dies k\u00f6nnte zum zweiten Sturz einer franz\u00f6sischen Regierung innerhalb eines Jahres f\u00fchren. Auf dem Spiel steht dabei das Sparprogramm f\u00fcr das n\u00e4chste Jahr, mit dem Einsparungen von \u00fcber 40 Milliarden Euro erzielt werden sollen, wie die Korrespondentin von Radio Romania Actualitati berichtet. Der Regierungschef hat seit jeher auf die problematische finanzielle Lage des Landes hingewiesen, das mit einem enormen Haushaltsdefizit und einer hohen Staatsverschuldung zu k\u00e4mpfen hat. Im Falle eines Regierungssturzes muss Pr\u00e4sident Emmanuel Macron einen neuen Premierminister finden, vor allem aber muss er einen Teil der Opposition davon \u00fcberzeugen, die Koalition der Regierungsparteien zu unterst\u00fctzen.<\/p>\n<p>Das internationale Festival f\u00fcr klassische Musik George Enescu wird in Bukarest und mehreren anderen St\u00e4dten Rum\u00e4niens fortgesetzt. Am Montag wird der Violonist Julian Rachlin in der Sala Palatului auftreten, begleitet vom Frankfurter Rundfunk-Sinfonieorchester. Auf dem Programm stehen das Violinkonzert in d-Moll, Op. 47 von Jean Sibelius und die Sinfonie Nr. 8 von Dmitri Schostakowitsch. Auf der B\u00fchne des Rum\u00e4nischen Athen\u00e4ums wird der Violonist R\u0103zvan Popovici zu sehen sein, begleitet vom Philharmonischen Orchester der Republik Moldau unter der Leitung des Tschechen Ji\u0159\u00ed Ro\u017ee\u0148. Ebenfalls auf dem Programm steht ein Konzert f\u00fcr Violine und Klavier von George Enescu. Zur Erinnerung: Die 27. Ausgabe des Enescu-Festivals findet bis zum 21. September statt und steht unter dem Motto \u201eFeierlichkeiten\u201d, da in diesem Jahr der 70. Todestag des gr\u00f6\u00dften rum\u00e4nischen Komponisten, George Enescu, begangen wird. Radio Rum\u00e4nien ist Koproduzent des Festivals.<\/p>\n","protected":false},"excerpt":{"rendered":"<p>Das Parlament hat am Sonntag in einer Plenarsitzung die vier Misstrauensantr\u00e4ge gegen die pro-europ\u00e4ische Regierung unter der F\u00fchrung des Liberalen Ilie Bolojan abgelehnt. Es war eine gemeinsame Marathonsitzung der Abgeordnetenkammer und des Senats, in der die Parlamentsmitglieder \u00fcber die Antr\u00e4ge debattierten, die die vier Reformvorhaben beanstandeten, f\u00fcr die die Exekutive am vergangenen Montag die Verantwortung [&hellip;]<\/p>\n","protected":false},"author":113,"featured_media":723386,"comment_status":"closed","ping_status":"closed","sticky":false,"template":"","format":"standard","meta":{"_acf_changed":false,"footnotes":""},"categories":[116753],"tags":[100477,99633,162063,143895,175920,105068],"coauthors":[116091,113301],"class_list":["post-925931","post","type-post","status-publish","format-standard","has-post-thumbnail","hentry","category-newsflash-de","tag-europaeisches-parlament","tag-frankreich","tag-george-enescu-festival-de","tag-proteste-de","tag-regierungsabsetzung","tag-schulanfang"],"acf":[],"yoast_head":"<!-- This site is optimized with the Yoast SEO plugin v27.3 - https:\/\/yoast.com\/product\/yoast-seo-wordpress\/ -->\n<title>Nachrichten 08.09.2025 - Radio Rum\u00e4nien International<\/title>\n<meta name=\"robots\" content=\"index, follow, max-snippet:-1, max-image-preview:large, max-video-preview:-1\" \/>\n<link rel=\"canonical\" href=\"https:\/\/www.rri.ro\/de\/aktuell\/newsflash-de\/nachrichten-08-09-2025-id925931.html\" \/>\n<meta property=\"og:locale\" content=\"de_DE\" \/>\n<meta property=\"og:type\" content=\"article\" \/>\n<meta property=\"og:title\" content=\"Nachrichten 08.09.2025 - Radio Rum\u00e4nien International\" \/>\n<meta property=\"og:description\" content=\"Das Parlament hat am Sonntag in einer Plenarsitzung die vier Misstrauensantr\u00e4ge gegen die pro-europ\u00e4ische Regierung unter der F\u00fchrung des Liberalen Ilie Bolojan abgelehnt. Es war eine gemeinsame Marathonsitzung der Abgeordnetenkammer und des Senats, in der die Parlamentsmitglieder \u00fcber die Antr\u00e4ge debattierten, die die vier Reformvorhaben beanstandeten, f\u00fcr die die Exekutive am vergangenen Montag die Verantwortung [&hellip;]\" \/>\n<meta property=\"og:url\" content=\"https:\/\/www.rri.ro\/de\/aktuell\/newsflash-de\/nachrichten-08-09-2025-id925931.html\" \/>\n<meta property=\"og:site_name\" content=\"Radio Rum\u00e4nien International\" \/>\n<meta property=\"article:published_time\" content=\"2025-09-08T14:25:50+00:00\" \/>\n<meta property=\"article:modified_time\" content=\"2025-09-09T08:33:33+00:00\" \/>\n<meta property=\"og:image\" content=\"https:\/\/www.rri.ro\/wp-content\/uploads\/2024\/03\/RRI-960x540-Nachrichten-2-NOU.jpg\" \/>\n\t<meta property=\"og:image:width\" content=\"960\" \/>\n\t<meta property=\"og:image:height\" content=\"540\" \/>\n\t<meta property=\"og:image:type\" content=\"image\/jpeg\" \/>\n<meta name=\"author\" content=\"Newsroom, Florin Lungu\" \/>\n<meta name=\"twitter:card\" content=\"summary_large_image\" \/>\n<meta name=\"twitter:label1\" content=\"Verfasst von\" \/>\n\t<meta name=\"twitter:data1\" content=\"Newsroom\" \/>\n\t<meta name=\"twitter:label2\" content=\"Gesch\u00e4tzte Lesezeit\" \/>\n\t<meta name=\"twitter:data2\" content=\"4\u00a0Minuten\" \/>\n\t<meta name=\"twitter:label3\" content=\"Written by\" \/>\n\t<meta name=\"twitter:data3\" content=\"Newsroom, Florin Lungu\" \/>\n<script type=\"application\/ld+json\" class=\"yoast-schema-graph\">{\"@context\":\"https:\\\/\\\/schema.org\",\"@graph\":[{\"@type\":\"Article\",\"@id\":\"https:\\\/\\\/www.rri.ro\\\/de\\\/aktuell\\\/newsflash-de\\\/nachrichten-08-09-2025-id925931.html#article\",\"isPartOf\":{\"@id\":\"https:\\\/\\\/www.rri.ro\\\/de\\\/aktuell\\\/newsflash-de\\\/nachrichten-08-09-2025-id925931.html\"},\"author\":{\"name\":\"Newsroom\",\"@id\":\"https:\\\/\\\/www.rri.ro\\\/#\\\/schema\\\/person\\\/4a479940371b9fdefd194f561e8a7f88\"},\"headline\":\"Nachrichten 08.09.2025\",\"datePublished\":\"2025-09-08T14:25:50+00:00\",\"dateModified\":\"2025-09-09T08:33:33+00:00\",\"mainEntityOfPage\":{\"@id\":\"https:\\\/\\\/www.rri.ro\\\/de\\\/aktuell\\\/newsflash-de\\\/nachrichten-08-09-2025-id925931.html\"},\"wordCount\":713,\"image\":{\"@id\":\"https:\\\/\\\/www.rri.ro\\\/de\\\/aktuell\\\/newsflash-de\\\/nachrichten-08-09-2025-id925931.html#primaryimage\"},\"thumbnailUrl\":\"https:\\\/\\\/www.rri.ro\\\/wp-content\\\/uploads\\\/2024\\\/03\\\/RRI-960x540-Nachrichten-2-NOU.jpg\",\"keywords\":[\"Europ\u00e4isches Parlament\",\"Frankreich\",\"George Enescu Festival\",\"proteste\",\"Regierungsabsetzung\",\"Schulanfang\"],\"articleSection\":[\"Newsflash\"],\"inLanguage\":\"de\"},{\"@type\":\"WebPage\",\"@id\":\"https:\\\/\\\/www.rri.ro\\\/de\\\/aktuell\\\/newsflash-de\\\/nachrichten-08-09-2025-id925931.html\",\"url\":\"https:\\\/\\\/www.rri.ro\\\/de\\\/aktuell\\\/newsflash-de\\\/nachrichten-08-09-2025-id925931.html\",\"name\":\"Nachrichten 08.09.2025 - Radio Rum\u00e4nien International\",\"isPartOf\":{\"@id\":\"https:\\\/\\\/www.rri.ro\\\/#website\"},\"primaryImageOfPage\":{\"@id\":\"https:\\\/\\\/www.rri.ro\\\/de\\\/aktuell\\\/newsflash-de\\\/nachrichten-08-09-2025-id925931.html#primaryimage\"},\"image\":{\"@id\":\"https:\\\/\\\/www.rri.ro\\\/de\\\/aktuell\\\/newsflash-de\\\/nachrichten-08-09-2025-id925931.html#primaryimage\"},\"thumbnailUrl\":\"https:\\\/\\\/www.rri.ro\\\/wp-content\\\/uploads\\\/2024\\\/03\\\/RRI-960x540-Nachrichten-2-NOU.jpg\",\"datePublished\":\"2025-09-08T14:25:50+00:00\",\"dateModified\":\"2025-09-09T08:33:33+00:00\",\"author\":{\"@id\":\"https:\\\/\\\/www.rri.ro\\\/#\\\/schema\\\/person\\\/4a479940371b9fdefd194f561e8a7f88\"},\"breadcrumb\":{\"@id\":\"https:\\\/\\\/www.rri.ro\\\/de\\\/aktuell\\\/newsflash-de\\\/nachrichten-08-09-2025-id925931.html#breadcrumb\"},\"inLanguage\":\"de\",\"potentialAction\":[{\"@type\":\"ReadAction\",\"target\":[\"https:\\\/\\\/www.rri.ro\\\/de\\\/aktuell\\\/newsflash-de\\\/nachrichten-08-09-2025-id925931.html\"]}]},{\"@type\":\"ImageObject\",\"inLanguage\":\"de\",\"@id\":\"https:\\\/\\\/www.rri.ro\\\/de\\\/aktuell\\\/newsflash-de\\\/nachrichten-08-09-2025-id925931.html#primaryimage\",\"url\":\"https:\\\/\\\/www.rri.ro\\\/wp-content\\\/uploads\\\/2024\\\/03\\\/RRI-960x540-Nachrichten-2-NOU.jpg\",\"contentUrl\":\"https:\\\/\\\/www.rri.ro\\\/wp-content\\\/uploads\\\/2024\\\/03\\\/RRI-960x540-Nachrichten-2-NOU.jpg\",\"width\":960,\"height\":540},{\"@type\":\"BreadcrumbList\",\"@id\":\"https:\\\/\\\/www.rri.ro\\\/de\\\/aktuell\\\/newsflash-de\\\/nachrichten-08-09-2025-id925931.html#breadcrumb\",\"itemListElement\":[{\"@type\":\"ListItem\",\"position\":1,\"name\":\"Startseite\",\"item\":\"https:\\\/\\\/www.rri.ro\\\/de\"},{\"@type\":\"ListItem\",\"position\":2,\"name\":\"Aktuell\",\"item\":\"https:\\\/\\\/www.rri.ro\\\/de\\\/aktuell\"},{\"@type\":\"ListItem\",\"position\":3,\"name\":\"Newsflash\",\"item\":\"https:\\\/\\\/www.rri.ro\\\/de\\\/aktuell\\\/newsflash-de\"},{\"@type\":\"ListItem\",\"position\":4,\"name\":\"Nachrichten 08.09.2025\"}]},{\"@type\":\"WebSite\",\"@id\":\"https:\\\/\\\/www.rri.ro\\\/#website\",\"url\":\"https:\\\/\\\/www.rri.ro\\\/\",\"name\":\"Radio Rum\u00e4nien International\",\"description\":\"Totul despre Rom\u00e2nia \u015fi rom\u00e2ni, \u00een 13 limbi\\\/dialecte!\",\"inLanguage\":\"de\"},{\"@type\":\"Person\",\"@id\":\"https:\\\/\\\/www.rri.ro\\\/#\\\/schema\\\/person\\\/4a479940371b9fdefd194f561e8a7f88\",\"name\":\"Newsroom\",\"url\":\"https:\\\/\\\/www.rri.ro\\\/de\\\/author\\\/newsroom\"}]}<\/script>\n<!-- \/ Yoast SEO plugin. -->","yoast_head_json":{"title":"Nachrichten 08.09.2025 - Radio Rum\u00e4nien International","robots":{"index":"index","follow":"follow","max-snippet":"max-snippet:-1","max-image-preview":"max-image-preview:large","max-video-preview":"max-video-preview:-1"},"canonical":"https:\/\/www.rri.ro\/de\/aktuell\/newsflash-de\/nachrichten-08-09-2025-id925931.html","og_locale":"de_DE","og_type":"article","og_title":"Nachrichten 08.09.2025 - Radio Rum\u00e4nien International","og_description":"Das Parlament hat am Sonntag in einer Plenarsitzung die vier Misstrauensantr\u00e4ge gegen die pro-europ\u00e4ische Regierung unter der F\u00fchrung des Liberalen Ilie Bolojan abgelehnt. Es war eine gemeinsame Marathonsitzung der Abgeordnetenkammer und des Senats, in der die Parlamentsmitglieder \u00fcber die Antr\u00e4ge debattierten, die die vier Reformvorhaben beanstandeten, f\u00fcr die die Exekutive am vergangenen Montag die Verantwortung [&hellip;]","og_url":"https:\/\/www.rri.ro\/de\/aktuell\/newsflash-de\/nachrichten-08-09-2025-id925931.html","og_site_name":"Radio Rum\u00e4nien International","article_published_time":"2025-09-08T14:25:50+00:00","article_modified_time":"2025-09-09T08:33:33+00:00","og_image":[{"width":960,"height":540,"url":"https:\/\/www.rri.ro\/wp-content\/uploads\/2024\/03\/RRI-960x540-Nachrichten-2-NOU.jpg","type":"image\/jpeg"}],"author":"Newsroom, Florin Lungu","twitter_card":"summary_large_image","twitter_misc":{"Verfasst von":"Newsroom","Gesch\u00e4tzte Lesezeit":"4\u00a0Minuten","Written by":"Newsroom, Florin Lungu"},"schema":{"@context":"https:\/\/schema.org","@graph":[{"@type":"Article","@id":"https:\/\/www.rri.ro\/de\/aktuell\/newsflash-de\/nachrichten-08-09-2025-id925931.html#article","isPartOf":{"@id":"https:\/\/www.rri.ro\/de\/aktuell\/newsflash-de\/nachrichten-08-09-2025-id925931.html"},"author":{"name":"Newsroom","@id":"https:\/\/www.rri.ro\/#\/schema\/person\/4a479940371b9fdefd194f561e8a7f88"},"headline":"Nachrichten 08.09.2025","datePublished":"2025-09-08T14:25:50+00:00","dateModified":"2025-09-09T08:33:33+00:00","mainEntityOfPage":{"@id":"https:\/\/www.rri.ro\/de\/aktuell\/newsflash-de\/nachrichten-08-09-2025-id925931.html"},"wordCount":713,"image":{"@id":"https:\/\/www.rri.ro\/de\/aktuell\/newsflash-de\/nachrichten-08-09-2025-id925931.html#primaryimage"},"thumbnailUrl":"https:\/\/www.rri.ro\/wp-content\/uploads\/2024\/03\/RRI-960x540-Nachrichten-2-NOU.jpg","keywords":["Europ\u00e4isches Parlament","Frankreich","George Enescu Festival","proteste","Regierungsabsetzung","Schulanfang"],"articleSection":["Newsflash"],"inLanguage":"de"},{"@type":"WebPage","@id":"https:\/\/www.rri.ro\/de\/aktuell\/newsflash-de\/nachrichten-08-09-2025-id925931.html","url":"https:\/\/www.rri.ro\/de\/aktuell\/newsflash-de\/nachrichten-08-09-2025-id925931.html","name":"Nachrichten 08.09.2025 - Radio Rum\u00e4nien International","isPartOf":{"@id":"https:\/\/www.rri.ro\/#website"},"primaryImageOfPage":{"@id":"https:\/\/www.rri.ro\/de\/aktuell\/newsflash-de\/nachrichten-08-09-2025-id925931.html#primaryimage"},"image":{"@id":"https:\/\/www.rri.ro\/de\/aktuell\/newsflash-de\/nachrichten-08-09-2025-id925931.html#primaryimage"},"thumbnailUrl":"https:\/\/www.rri.ro\/wp-content\/uploads\/2024\/03\/RRI-960x540-Nachrichten-2-NOU.jpg","datePublished":"2025-09-08T14:25:50+00:00","dateModified":"2025-09-09T08:33:33+00:00","author":{"@id":"https:\/\/www.rri.ro\/#\/schema\/person\/4a479940371b9fdefd194f561e8a7f88"},"breadcrumb":{"@id":"https:\/\/www.rri.ro\/de\/aktuell\/newsflash-de\/nachrichten-08-09-2025-id925931.html#breadcrumb"},"inLanguage":"de","potentialAction":[{"@type":"ReadAction","target":["https:\/\/www.rri.ro\/de\/aktuell\/newsflash-de\/nachrichten-08-09-2025-id925931.html"]}]},{"@type":"ImageObject","inLanguage":"de","@id":"https:\/\/www.rri.ro\/de\/aktuell\/newsflash-de\/nachrichten-08-09-2025-id925931.html#primaryimage","url":"https:\/\/www.rri.ro\/wp-content\/uploads\/2024\/03\/RRI-960x540-Nachrichten-2-NOU.jpg","contentUrl":"https:\/\/www.rri.ro\/wp-content\/uploads\/2024\/03\/RRI-960x540-Nachrichten-2-NOU.jpg","width":960,"height":540},{"@type":"BreadcrumbList","@id":"https:\/\/www.rri.ro\/de\/aktuell\/newsflash-de\/nachrichten-08-09-2025-id925931.html#breadcrumb","itemListElement":[{"@type":"ListItem","position":1,"name":"Startseite","item":"https:\/\/www.rri.ro\/de"},{"@type":"ListItem","position":2,"name":"Aktuell","item":"https:\/\/www.rri.ro\/de\/aktuell"},{"@type":"ListItem","position":3,"name":"Newsflash","item":"https:\/\/www.rri.ro\/de\/aktuell\/newsflash-de"},{"@type":"ListItem","position":4,"name":"Nachrichten 08.09.2025"}]},{"@type":"WebSite","@id":"https:\/\/www.rri.ro\/#website","url":"https:\/\/www.rri.ro\/","name":"Radio Rum\u00e4nien International","description":"Totul despre Rom\u00e2nia \u015fi rom\u00e2ni, \u00een 13 limbi\/dialecte!","inLanguage":"de"},{"@type":"Person","@id":"https:\/\/www.rri.ro\/#\/schema\/person\/4a479940371b9fdefd194f561e8a7f88","name":"Newsroom","url":"https:\/\/www.rri.ro\/de\/author\/newsroom"}]}},"_links":{"self":[{"href":"https:\/\/www.rri.ro\/de\/wp-json\/wp\/v2\/posts\/925931","targetHints":{"allow":["GET"]}}],"collection":[{"href":"https:\/\/www.rri.ro\/de\/wp-json\/wp\/v2\/posts"}],"about":[{"href":"https:\/\/www.rri.ro\/de\/wp-json\/wp\/v2\/types\/post"}],"author":[{"embeddable":true,"href":"https:\/\/www.rri.ro\/de\/wp-json\/wp\/v2\/users\/113"}],"replies":[{"embeddable":true,"href":"https:\/\/www.rri.ro\/de\/wp-json\/wp\/v2\/comments?post=925931"}],"version-history":[{"count":0,"href":"https:\/\/www.rri.ro\/de\/wp-json\/wp\/v2\/posts\/925931\/revisions"}],"wp:featuredmedia":[{"embeddable":true,"href":"https:\/\/www.rri.ro\/de\/wp-json\/wp\/v2\/media\/723386"}],"wp:attachment":[{"href":"https:\/\/www.rri.ro\/de\/wp-json\/wp\/v2\/media?parent=925931"}],"wp:term":[{"taxonomy":"category","embeddable":true,"href":"https:\/\/www.rri.ro\/de\/wp-json\/wp\/v2\/categories?post=925931"},{"taxonomy":"post_tag","embeddable":true,"href":"https:\/\/www.rri.ro\/de\/wp-json\/wp\/v2\/tags?post=925931"},{"taxonomy":"author","embeddable":true,"href":"https:\/\/www.rri.ro\/de\/wp-json\/wp\/v2\/coauthors?post=925931"}],"curies":[{"name":"wp","href":"https:\/\/api.w.org\/{rel}","templated":true}]}}