{"id":926008,"date":"2025-09-09T13:17:38","date_gmt":"2025-09-09T10:17:38","guid":{"rendered":"https:\/\/www.rri.ro\/?p=926008"},"modified":"2025-09-09T13:17:38","modified_gmt":"2025-09-09T10:17:38","slug":"krise-im-rumaenischen-bildungswesen","status":"publish","type":"post","link":"https:\/\/www.rri.ro\/de\/aktuell\/rri-aktuell\/krise-im-rumaenischen-bildungswesen-id926008.html","title":{"rendered":"Krise im rum\u00e4nischen Bildungswesen"},"content":{"rendered":"<p>Der erste Tag des neuen Schuljahres war in Bukarest von einer gro\u00dfen Protestaktion von Lehrern aus dem ganzen Land gepr\u00e4gt, die unzufrieden sind, dass die k\u00fcrzlich von der Regierung beschlossenen Finanz- und Haushaltsma\u00dfnahmen ihre Einkommen gek\u00fcrzt haben und sich ihrer Meinung nach negativ auf das Bildungswesen auswirken werden. Mehrere tausend Lehrer aus dem ganzen Land nahmen am Montag am Bildungsmarsch teil, der vor dem Regierungsgeb\u00e4ude und der Pr\u00e4sidentschaft Halt machte.<\/p>\n<p>Die Protestaktion endete ohne klares Ergebnis, obwohl Pr\u00e4sident Nicu\u015for Dan Vertreter der Bildungsgewerkschaften zu einer Diskussionsrunde eingeladen hatte. W\u00e4hrend des Treffens forderten sie den R\u00fccktritt des Bildungsministers Daniel David und die Aufhebung der Verordnung, die eine Erh\u00f6hung der Unterrichtsnorm, eine Senkung des Stundensatzes, die Zusammenlegung einiger Bildungseinrichtungen und eine Erh\u00f6hung der Sch\u00fclerzahl in den Klassen vorsieht.<\/p>\n<p>Die Lehrer sagen, dass diese Ma\u00dfnahmen das Interesse am Bildungswesen sowohl bei Lehrern als auch bei Sch\u00fclern verringern werden. Neben den Lehrern nahmen auch mehrere Gruppen von Studenten und Sch\u00fclern an der Protestaktion teil, um sie zu unterst\u00fctzen. Der Pr\u00e4sident entschied nicht \u00fcber die Forderung der Gewerkschafter, den Bildungsminister zu entlassen, sondern bat sie um eine Frist von zwei Monaten bis zu einem neuen Treffen, bei dem die von der Regierung unter Ilie Bolojan vorgeschlagenen finanz- und haushaltspolitischen Ma\u00dfnahmen bewertet werden sollen.<\/p>\n<p>Nach dem Treffen erkl\u00e4rte der Pr\u00e4sident des Verbandes der freien Gewerkschaften im Bildungswesen, Simion H\u0103ncescu, dass die Proteste sowohl durch Boykotte des Unterrichts durch Lehrer als auch durch Stra\u00dfenkundgebungen fortgesetzt werden und auch ein Generalstreik nicht ausgeschlossen ist.<\/p>\n<p>Simion H\u0103ncescu: <em>\u201eIn den kommenden Tagen werden wir den Protestkalender festlegen. Die Proteste werden also fortgesetzt, auch wenn uns ein Treffen in zwei Monaten versprochen wurde. Der Pr\u00e4sident k\u00f6nnte eingreifen und den Bildungsminister entlassen, um einen kleinen Schritt zur Entsch\u00e4rfung der Situation im voruniversit\u00e4ren Bereich zu machen. Aber bis dahin werden die Proteste sowohl vor dem Ministerium als auch vor der Regierung weitergehen.\u201d<\/p>\n<p><\/em>In einem Interview f\u00fcr Radio Romania sagte der Bildungsminister, dass diese Ma\u00dfnahmen ergriffen wurden, um die Geh\u00e4lter und Stipendien bis zum Ende des Jahres sicherzustellen.<\/p>\n<p>Daniel David: <em>\u201eLehrer arbeiten viel, sie m\u00fcssen auch gesch\u00fctzt werden, aber das ist es, was ich ihnen zu sagen versuche: Lasst uns froh sein, dass dieser Minister, der zum R\u00fccktritt aufgefordert wird, also ich, die finanz- und haushaltspolitischen Ma\u00dfnahmen dennoch durch Bildungsvorschriften gefiltert hat, in dem Sinne, dass jede Ma\u00dfnahme in einem westeurop\u00e4ischen Land begr\u00fcndet werden kann. Durch diese Ma\u00dfnahmen haben wir Geh\u00e4lter und Stipendien bis zum Jahresende gesichert, es wurden keine festangestellten Personen entlassen, keine Geh\u00e4lter gek\u00fcrzt, und wir haben auch zur Stabilit\u00e4t des Landes beigetragen.\u201c<\/p>\n<p><\/em>Gleichzeitig versicherte der Minister, dass diese Ma\u00dfnahmen die Probleme, die Rum\u00e4nien im Bildungssystem hat, nicht versch\u00e4rfen werden, sondern, so glaubt Daniel David, die Grundlage f\u00fcr die Entwicklung dieses Systems schaffen, nachdem das Land die finanzpolitische Krise \u00fcberwunden hat.<\/p>\n","protected":false},"excerpt":{"rendered":"<p>Der erste Tag des neuen Schuljahres war in Bukarest von einer gro\u00dfen Protestaktion von Lehrern aus dem ganzen Land gepr\u00e4gt, die unzufrieden sind, dass die k\u00fcrzlich von der Regierung beschlossenen Finanz- und Haushaltsma\u00dfnahmen ihre Einkommen gek\u00fcrzt haben und sich ihrer Meinung nach negativ auf das Bildungswesen auswirken werden. Mehrere tausend Lehrer aus dem ganzen Land [&hellip;]<\/p>\n","protected":false},"author":107,"featured_media":925871,"comment_status":"closed","ping_status":"closed","sticky":false,"template":"","format":"standard","meta":{"_acf_changed":false,"footnotes":""},"categories":[99583],"tags":[100302,99994,100372,143895],"coauthors":[113282,113301],"class_list":["post-926008","post","type-post","status-publish","format-standard","has-post-thumbnail","hentry","category-rri-aktuell","tag-bildungswesen","tag-krise","tag-lehrer","tag-proteste-de"],"acf":[],"yoast_head":"<!-- This site is optimized with the Yoast SEO plugin v27.3 - https:\/\/yoast.com\/product\/yoast-seo-wordpress\/ -->\n<title>Krise im rum\u00e4nischen Bildungswesen - Radio Rum\u00e4nien International<\/title>\n<meta name=\"robots\" content=\"index, follow, max-snippet:-1, max-image-preview:large, max-video-preview:-1\" \/>\n<link rel=\"canonical\" href=\"https:\/\/www.rri.ro\/de\/aktuell\/rri-aktuell\/krise-im-rumaenischen-bildungswesen-id926008.html\" \/>\n<meta property=\"og:locale\" content=\"de_DE\" \/>\n<meta property=\"og:type\" content=\"article\" \/>\n<meta property=\"og:title\" content=\"Krise im rum\u00e4nischen Bildungswesen - Radio Rum\u00e4nien International\" \/>\n<meta property=\"og:description\" content=\"Der erste Tag des neuen Schuljahres war in Bukarest von einer gro\u00dfen Protestaktion von Lehrern aus dem ganzen Land gepr\u00e4gt, die unzufrieden sind, dass die k\u00fcrzlich von der Regierung beschlossenen Finanz- und Haushaltsma\u00dfnahmen ihre Einkommen gek\u00fcrzt haben und sich ihrer Meinung nach negativ auf das Bildungswesen auswirken werden. Mehrere tausend Lehrer aus dem ganzen Land [&hellip;]\" \/>\n<meta property=\"og:url\" content=\"https:\/\/www.rri.ro\/de\/aktuell\/rri-aktuell\/krise-im-rumaenischen-bildungswesen-id926008.html\" \/>\n<meta property=\"og:site_name\" content=\"Radio Rum\u00e4nien International\" \/>\n<meta property=\"article:published_time\" content=\"2025-09-09T10:17:38+00:00\" \/>\n<meta property=\"og:image\" content=\"https:\/\/www.rri.ro\/wp-content\/uploads\/2025\/09\/greva-FSLI-invatamant-foto-fb-fsli.jpg\" \/>\n\t<meta property=\"og:image:width\" content=\"960\" \/>\n\t<meta property=\"og:image:height\" content=\"540\" \/>\n\t<meta property=\"og:image:type\" content=\"image\/jpeg\" \/>\n<meta name=\"author\" content=\"Daniela Budu, Florin Lungu\" \/>\n<meta name=\"twitter:card\" content=\"summary_large_image\" \/>\n<meta name=\"twitter:label1\" content=\"Verfasst von\" \/>\n\t<meta name=\"twitter:data1\" content=\"Daniela Budu\" \/>\n\t<meta name=\"twitter:label2\" content=\"Gesch\u00e4tzte Lesezeit\" \/>\n\t<meta name=\"twitter:data2\" content=\"3\u00a0Minuten\" \/>\n\t<meta name=\"twitter:label3\" content=\"Written by\" \/>\n\t<meta name=\"twitter:data3\" content=\"Daniela Budu, Florin Lungu\" \/>\n<script type=\"application\/ld+json\" class=\"yoast-schema-graph\">{\"@context\":\"https:\\\/\\\/schema.org\",\"@graph\":[{\"@type\":\"Article\",\"@id\":\"https:\\\/\\\/www.rri.ro\\\/de\\\/aktuell\\\/rri-aktuell\\\/krise-im-rumaenischen-bildungswesen-id926008.html#article\",\"isPartOf\":{\"@id\":\"https:\\\/\\\/www.rri.ro\\\/de\\\/aktuell\\\/rri-aktuell\\\/krise-im-rumaenischen-bildungswesen-id926008.html\"},\"author\":{\"name\":\"Daniela Budu\",\"@id\":\"https:\\\/\\\/www.rri.ro\\\/#\\\/schema\\\/person\\\/b46b8f80d7d6e4b5ac9f14f0acbad0c4\"},\"headline\":\"Krise im rum\u00e4nischen Bildungswesen\",\"datePublished\":\"2025-09-09T10:17:38+00:00\",\"mainEntityOfPage\":{\"@id\":\"https:\\\/\\\/www.rri.ro\\\/de\\\/aktuell\\\/rri-aktuell\\\/krise-im-rumaenischen-bildungswesen-id926008.html\"},\"wordCount\":512,\"image\":{\"@id\":\"https:\\\/\\\/www.rri.ro\\\/de\\\/aktuell\\\/rri-aktuell\\\/krise-im-rumaenischen-bildungswesen-id926008.html#primaryimage\"},\"thumbnailUrl\":\"https:\\\/\\\/www.rri.ro\\\/wp-content\\\/uploads\\\/2025\\\/09\\\/greva-FSLI-invatamant-foto-fb-fsli.jpg\",\"keywords\":[\"Bildungswesen\",\"Krise\",\"Lehrer\",\"proteste\"],\"articleSection\":[\"RRI Aktuell\"],\"inLanguage\":\"de\"},{\"@type\":\"WebPage\",\"@id\":\"https:\\\/\\\/www.rri.ro\\\/de\\\/aktuell\\\/rri-aktuell\\\/krise-im-rumaenischen-bildungswesen-id926008.html\",\"url\":\"https:\\\/\\\/www.rri.ro\\\/de\\\/aktuell\\\/rri-aktuell\\\/krise-im-rumaenischen-bildungswesen-id926008.html\",\"name\":\"Krise im rum\u00e4nischen Bildungswesen - Radio Rum\u00e4nien International\",\"isPartOf\":{\"@id\":\"https:\\\/\\\/www.rri.ro\\\/#website\"},\"primaryImageOfPage\":{\"@id\":\"https:\\\/\\\/www.rri.ro\\\/de\\\/aktuell\\\/rri-aktuell\\\/krise-im-rumaenischen-bildungswesen-id926008.html#primaryimage\"},\"image\":{\"@id\":\"https:\\\/\\\/www.rri.ro\\\/de\\\/aktuell\\\/rri-aktuell\\\/krise-im-rumaenischen-bildungswesen-id926008.html#primaryimage\"},\"thumbnailUrl\":\"https:\\\/\\\/www.rri.ro\\\/wp-content\\\/uploads\\\/2025\\\/09\\\/greva-FSLI-invatamant-foto-fb-fsli.jpg\",\"datePublished\":\"2025-09-09T10:17:38+00:00\",\"author\":{\"@id\":\"https:\\\/\\\/www.rri.ro\\\/#\\\/schema\\\/person\\\/b46b8f80d7d6e4b5ac9f14f0acbad0c4\"},\"breadcrumb\":{\"@id\":\"https:\\\/\\\/www.rri.ro\\\/de\\\/aktuell\\\/rri-aktuell\\\/krise-im-rumaenischen-bildungswesen-id926008.html#breadcrumb\"},\"inLanguage\":\"de\",\"potentialAction\":[{\"@type\":\"ReadAction\",\"target\":[\"https:\\\/\\\/www.rri.ro\\\/de\\\/aktuell\\\/rri-aktuell\\\/krise-im-rumaenischen-bildungswesen-id926008.html\"]}]},{\"@type\":\"ImageObject\",\"inLanguage\":\"de\",\"@id\":\"https:\\\/\\\/www.rri.ro\\\/de\\\/aktuell\\\/rri-aktuell\\\/krise-im-rumaenischen-bildungswesen-id926008.html#primaryimage\",\"url\":\"https:\\\/\\\/www.rri.ro\\\/wp-content\\\/uploads\\\/2025\\\/09\\\/greva-FSLI-invatamant-foto-fb-fsli.jpg\",\"contentUrl\":\"https:\\\/\\\/www.rri.ro\\\/wp-content\\\/uploads\\\/2025\\\/09\\\/greva-FSLI-invatamant-foto-fb-fsli.jpg\",\"width\":960,\"height\":540,\"caption\":\"\u041a\u0440\u0438\u0437\u0430 \u0432 \u0440\u0443\u043c\u0443\u043d\u0441\u044c\u043a\u0456\u0439 \u043e\u0441\u0432\u0456\u0442\u0456\"},{\"@type\":\"BreadcrumbList\",\"@id\":\"https:\\\/\\\/www.rri.ro\\\/de\\\/aktuell\\\/rri-aktuell\\\/krise-im-rumaenischen-bildungswesen-id926008.html#breadcrumb\",\"itemListElement\":[{\"@type\":\"ListItem\",\"position\":1,\"name\":\"Startseite\",\"item\":\"https:\\\/\\\/www.rri.ro\\\/de\"},{\"@type\":\"ListItem\",\"position\":2,\"name\":\"Aktuell\",\"item\":\"https:\\\/\\\/www.rri.ro\\\/de\\\/aktuell\"},{\"@type\":\"ListItem\",\"position\":3,\"name\":\"RRI Aktuell\",\"item\":\"https:\\\/\\\/www.rri.ro\\\/de\\\/aktuell\\\/rri-aktuell\"},{\"@type\":\"ListItem\",\"position\":4,\"name\":\"Krise im rum\u00e4nischen Bildungswesen\"}]},{\"@type\":\"WebSite\",\"@id\":\"https:\\\/\\\/www.rri.ro\\\/#website\",\"url\":\"https:\\\/\\\/www.rri.ro\\\/\",\"name\":\"Radio Rum\u00e4nien International\",\"description\":\"Totul despre Rom\u00e2nia \u015fi rom\u00e2ni, \u00een 13 limbi\\\/dialecte!\",\"inLanguage\":\"de\"},{\"@type\":\"Person\",\"@id\":\"https:\\\/\\\/www.rri.ro\\\/#\\\/schema\\\/person\\\/b46b8f80d7d6e4b5ac9f14f0acbad0c4\",\"name\":\"Daniela Budu\",\"url\":\"https:\\\/\\\/www.rri.ro\\\/de\\\/author\\\/daniela-budu\"}]}<\/script>\n<!-- \/ Yoast SEO plugin. -->","yoast_head_json":{"title":"Krise im rum\u00e4nischen Bildungswesen - Radio Rum\u00e4nien International","robots":{"index":"index","follow":"follow","max-snippet":"max-snippet:-1","max-image-preview":"max-image-preview:large","max-video-preview":"max-video-preview:-1"},"canonical":"https:\/\/www.rri.ro\/de\/aktuell\/rri-aktuell\/krise-im-rumaenischen-bildungswesen-id926008.html","og_locale":"de_DE","og_type":"article","og_title":"Krise im rum\u00e4nischen Bildungswesen - Radio Rum\u00e4nien International","og_description":"Der erste Tag des neuen Schuljahres war in Bukarest von einer gro\u00dfen Protestaktion von Lehrern aus dem ganzen Land gepr\u00e4gt, die unzufrieden sind, dass die k\u00fcrzlich von der Regierung beschlossenen Finanz- und Haushaltsma\u00dfnahmen ihre Einkommen gek\u00fcrzt haben und sich ihrer Meinung nach negativ auf das Bildungswesen auswirken werden. Mehrere tausend Lehrer aus dem ganzen Land [&hellip;]","og_url":"https:\/\/www.rri.ro\/de\/aktuell\/rri-aktuell\/krise-im-rumaenischen-bildungswesen-id926008.html","og_site_name":"Radio Rum\u00e4nien International","article_published_time":"2025-09-09T10:17:38+00:00","og_image":[{"width":960,"height":540,"url":"https:\/\/www.rri.ro\/wp-content\/uploads\/2025\/09\/greva-FSLI-invatamant-foto-fb-fsli.jpg","type":"image\/jpeg"}],"author":"Daniela Budu, Florin Lungu","twitter_card":"summary_large_image","twitter_misc":{"Verfasst von":"Daniela Budu","Gesch\u00e4tzte Lesezeit":"3\u00a0Minuten","Written by":"Daniela Budu, Florin Lungu"},"schema":{"@context":"https:\/\/schema.org","@graph":[{"@type":"Article","@id":"https:\/\/www.rri.ro\/de\/aktuell\/rri-aktuell\/krise-im-rumaenischen-bildungswesen-id926008.html#article","isPartOf":{"@id":"https:\/\/www.rri.ro\/de\/aktuell\/rri-aktuell\/krise-im-rumaenischen-bildungswesen-id926008.html"},"author":{"name":"Daniela Budu","@id":"https:\/\/www.rri.ro\/#\/schema\/person\/b46b8f80d7d6e4b5ac9f14f0acbad0c4"},"headline":"Krise im rum\u00e4nischen Bildungswesen","datePublished":"2025-09-09T10:17:38+00:00","mainEntityOfPage":{"@id":"https:\/\/www.rri.ro\/de\/aktuell\/rri-aktuell\/krise-im-rumaenischen-bildungswesen-id926008.html"},"wordCount":512,"image":{"@id":"https:\/\/www.rri.ro\/de\/aktuell\/rri-aktuell\/krise-im-rumaenischen-bildungswesen-id926008.html#primaryimage"},"thumbnailUrl":"https:\/\/www.rri.ro\/wp-content\/uploads\/2025\/09\/greva-FSLI-invatamant-foto-fb-fsli.jpg","keywords":["Bildungswesen","Krise","Lehrer","proteste"],"articleSection":["RRI Aktuell"],"inLanguage":"de"},{"@type":"WebPage","@id":"https:\/\/www.rri.ro\/de\/aktuell\/rri-aktuell\/krise-im-rumaenischen-bildungswesen-id926008.html","url":"https:\/\/www.rri.ro\/de\/aktuell\/rri-aktuell\/krise-im-rumaenischen-bildungswesen-id926008.html","name":"Krise im rum\u00e4nischen Bildungswesen - Radio Rum\u00e4nien International","isPartOf":{"@id":"https:\/\/www.rri.ro\/#website"},"primaryImageOfPage":{"@id":"https:\/\/www.rri.ro\/de\/aktuell\/rri-aktuell\/krise-im-rumaenischen-bildungswesen-id926008.html#primaryimage"},"image":{"@id":"https:\/\/www.rri.ro\/de\/aktuell\/rri-aktuell\/krise-im-rumaenischen-bildungswesen-id926008.html#primaryimage"},"thumbnailUrl":"https:\/\/www.rri.ro\/wp-content\/uploads\/2025\/09\/greva-FSLI-invatamant-foto-fb-fsli.jpg","datePublished":"2025-09-09T10:17:38+00:00","author":{"@id":"https:\/\/www.rri.ro\/#\/schema\/person\/b46b8f80d7d6e4b5ac9f14f0acbad0c4"},"breadcrumb":{"@id":"https:\/\/www.rri.ro\/de\/aktuell\/rri-aktuell\/krise-im-rumaenischen-bildungswesen-id926008.html#breadcrumb"},"inLanguage":"de","potentialAction":[{"@type":"ReadAction","target":["https:\/\/www.rri.ro\/de\/aktuell\/rri-aktuell\/krise-im-rumaenischen-bildungswesen-id926008.html"]}]},{"@type":"ImageObject","inLanguage":"de","@id":"https:\/\/www.rri.ro\/de\/aktuell\/rri-aktuell\/krise-im-rumaenischen-bildungswesen-id926008.html#primaryimage","url":"https:\/\/www.rri.ro\/wp-content\/uploads\/2025\/09\/greva-FSLI-invatamant-foto-fb-fsli.jpg","contentUrl":"https:\/\/www.rri.ro\/wp-content\/uploads\/2025\/09\/greva-FSLI-invatamant-foto-fb-fsli.jpg","width":960,"height":540,"caption":"\u041a\u0440\u0438\u0437\u0430 \u0432 \u0440\u0443\u043c\u0443\u043d\u0441\u044c\u043a\u0456\u0439 \u043e\u0441\u0432\u0456\u0442\u0456"},{"@type":"BreadcrumbList","@id":"https:\/\/www.rri.ro\/de\/aktuell\/rri-aktuell\/krise-im-rumaenischen-bildungswesen-id926008.html#breadcrumb","itemListElement":[{"@type":"ListItem","position":1,"name":"Startseite","item":"https:\/\/www.rri.ro\/de"},{"@type":"ListItem","position":2,"name":"Aktuell","item":"https:\/\/www.rri.ro\/de\/aktuell"},{"@type":"ListItem","position":3,"name":"RRI Aktuell","item":"https:\/\/www.rri.ro\/de\/aktuell\/rri-aktuell"},{"@type":"ListItem","position":4,"name":"Krise im rum\u00e4nischen Bildungswesen"}]},{"@type":"WebSite","@id":"https:\/\/www.rri.ro\/#website","url":"https:\/\/www.rri.ro\/","name":"Radio Rum\u00e4nien International","description":"Totul despre Rom\u00e2nia \u015fi rom\u00e2ni, \u00een 13 limbi\/dialecte!","inLanguage":"de"},{"@type":"Person","@id":"https:\/\/www.rri.ro\/#\/schema\/person\/b46b8f80d7d6e4b5ac9f14f0acbad0c4","name":"Daniela Budu","url":"https:\/\/www.rri.ro\/de\/author\/daniela-budu"}]}},"_links":{"self":[{"href":"https:\/\/www.rri.ro\/de\/wp-json\/wp\/v2\/posts\/926008","targetHints":{"allow":["GET"]}}],"collection":[{"href":"https:\/\/www.rri.ro\/de\/wp-json\/wp\/v2\/posts"}],"about":[{"href":"https:\/\/www.rri.ro\/de\/wp-json\/wp\/v2\/types\/post"}],"author":[{"embeddable":true,"href":"https:\/\/www.rri.ro\/de\/wp-json\/wp\/v2\/users\/107"}],"replies":[{"embeddable":true,"href":"https:\/\/www.rri.ro\/de\/wp-json\/wp\/v2\/comments?post=926008"}],"version-history":[{"count":0,"href":"https:\/\/www.rri.ro\/de\/wp-json\/wp\/v2\/posts\/926008\/revisions"}],"wp:featuredmedia":[{"embeddable":true,"href":"https:\/\/www.rri.ro\/de\/wp-json\/wp\/v2\/media\/925871"}],"wp:attachment":[{"href":"https:\/\/www.rri.ro\/de\/wp-json\/wp\/v2\/media?parent=926008"}],"wp:term":[{"taxonomy":"category","embeddable":true,"href":"https:\/\/www.rri.ro\/de\/wp-json\/wp\/v2\/categories?post=926008"},{"taxonomy":"post_tag","embeddable":true,"href":"https:\/\/www.rri.ro\/de\/wp-json\/wp\/v2\/tags?post=926008"},{"taxonomy":"author","embeddable":true,"href":"https:\/\/www.rri.ro\/de\/wp-json\/wp\/v2\/coauthors?post=926008"}],"curies":[{"name":"wp","href":"https:\/\/api.w.org\/{rel}","templated":true}]}}