{"id":940921,"date":"2025-10-17T12:21:28","date_gmt":"2025-10-17T09:21:28","guid":{"rendered":"https:\/\/www.rri.ro\/?p=940921"},"modified":"2025-10-18T14:06:11","modified_gmt":"2025-10-18T11:06:11","slug":"verfassungsgericht-bestaetigt-parlamentswahlen-in-der-republik-moldau","status":"publish","type":"post","link":"https:\/\/www.rri.ro\/de\/aktuell\/rri-aktuell\/verfassungsgericht-bestaetigt-parlamentswahlen-in-der-republik-moldau-id940921.html","title":{"rendered":"Verfassungsgericht best\u00e4tigt Parlamentswahlen in der Republik Moldau"},"content":{"rendered":"<p>Das Verfassungsgericht in Chi\u0219in\u0103u best\u00e4tigte am Donnerstag die Ergebnisse der Parlamentswahlen vom 28. September in der Republik Moldau. Diese gelten als entscheidend f\u00fcr die europ\u00e4ische Zukunft der ehemaligen Sowjetrepublik mit mehrheitlich rum\u00e4nischsprachiger Bev\u00f6lkerung. Au\u00dferdem best\u00e4tigte es die Mandate der 101 Abgeordneten des neuen Einkammerparlaments. Die Entscheidung ist endg\u00fcltig und kann nicht angefochten werden. Der letzte Schritt ist die Ver\u00f6ffentlichung im Amtsblatt. Damit haben f\u00fcnf Parteien Zugang zum Parlament.<\/p>\n<p>Mit 55 Mandaten wird die proeurop\u00e4ische Aktions- und Solidarit\u00e4tspartei, gegr\u00fcndet von Pr\u00e4sidentin Maia Sandu, die die Republik Moldau seit vier Jahren regiert, die parlamentarische Mehrheit halten. Der prorussische Patriotische Block erh\u00e4lt 26 Sitze, der ebenfalls prorussische Wahlblock Alternativa 8 Sitze. Die sogenannte &#8222;Unsere Partei&#8220; &#8211; Partidul Nostru von Renato Usat\u00eei, einem umstrittenen Politiker und Gesch\u00e4ftsmann mit Verbindungen nach Moskau, stellt 6 Abgeordnete. Auch die Partei Demokratie-Heimat, die im Bericht der Zentralen Wahlbeh\u00f6rde wegen Gesetzesverst\u00f6\u00dfen erw\u00e4hnt wurde und im Wahlkampf direkt von Personen unterst\u00fctzt wurde, die auf dem Gebiet der Republik Moldau als unerw\u00fcnscht gelten, wird mit 6 Abgeordneten vertreten sein.<\/p>\n<p>Ebenfalls am Donnerstag wies das Verfassungsgericht in Chi\u0219in\u0103u den Antrag einiger Wahlbewerber auf Ung\u00fcltigkeitserkl\u00e4rung der Stimmen mit der Begr\u00fcndung zur\u00fcck, die Wahlen seien verfassungsm\u00e4\u00dfig abgehalten worden. Die Pr\u00e4sidentin des Gerichts, Domnica Manole, erkl\u00e4rte, sowohl der Registrierungsprozess der Kandidaten als auch der Wahlkampf seien gem\u00e4\u00df der geltenden Gesetzgebung abgehalten worden. Stattdessen erlie\u00df dasselbe Gericht eine offizielle Erkl\u00e4rung, in der es das Parlament und das Pr\u00e4sidentenamt aufforderte, einen klaren Rechtsrahmen f\u00fcr Wahlwerbung im Internet zu entwickeln. Dabei k\u00f6nne das Gericht die Schlussfolgerungen nationaler und internationaler Beobachter sowie der Zentralen Wahlkommission zur Verbreitung politischer Werbung und Falschinformationen in sozialen Netzwerken, die \u00fcber Netzwerke unechter Konten erfolgt und mithilfe k\u00fcnstlicher Intelligenz verst\u00e4rkt wird, nicht ignorieren.<\/p>\n<p>Nach Ansicht einiger Beobachter handelte es sich dabei um hybride Angriffe, die von Trollfarmen unter dem Einfluss ausl\u00e4ndischer staatlicher Stellen, insbesondere der Russischen F\u00f6deration, durchgef\u00fchrt wurden. Das neue Parlament in Chi\u0219in\u0103u soll sp\u00e4testens am 28. Oktober zu seiner ersten Sitzung zusammentreten. Gem\u00e4\u00df dem Verfahren werden diese nach der Wahl des Pr\u00e4sidenten und der Vizepr\u00e4sidenten und der Bildung der Parlamentsfraktionen vom Pr\u00e4sidenten der Republik zu Konsultationen zur Ernennung des Kandidaten f\u00fcr das Amt des Premierministers eingeladen. Die mehrheitlich regierende Partei Aktion und Solidarit\u00e4t hat bereits angek\u00fcndigt, den Gesch\u00e4ftsmann Alexandru Munteanu f\u00fcr das Amt zu nominieren. Der designierte Premierminister hat 15 Tage Zeit, sein Team zu bilden, ein Regierungsprogramm zu entwerfen und im Parlament ein Vertrauensvotum zu beantragen.<\/p>\n","protected":false},"excerpt":{"rendered":"<p>Das Verfassungsgericht in Chi\u0219in\u0103u best\u00e4tigte am Donnerstag die Ergebnisse der Parlamentswahlen vom 28. September in der Republik Moldau. Diese gelten als entscheidend f\u00fcr die europ\u00e4ische Zukunft der ehemaligen Sowjetrepublik mit mehrheitlich rum\u00e4nischsprachiger Bev\u00f6lkerung. Au\u00dferdem best\u00e4tigte es die Mandate der 101 Abgeordneten des neuen Einkammerparlaments. Die Entscheidung ist endg\u00fcltig und kann nicht angefochten werden. Der letzte [&hellip;]<\/p>\n","protected":false},"author":109,"featured_media":940557,"comment_status":"closed","ping_status":"closed","sticky":false,"template":"","format":"standard","meta":{"_acf_changed":false,"footnotes":""},"categories":[99583],"tags":[101411,100115,99714],"coauthors":[115219,113301],"class_list":["post-940921","post","type-post","status-publish","format-standard","has-post-thumbnail","hentry","category-rri-aktuell","tag-parlamentswahlen","tag-republik-moldau","tag-verfassungsgericht"],"acf":[],"yoast_head":"<!-- This site is optimized with the Yoast SEO plugin v27.3 - https:\/\/yoast.com\/product\/yoast-seo-wordpress\/ -->\n<title>Verfassungsgericht best\u00e4tigt Parlamentswahlen in der Republik Moldau - Radio Rum\u00e4nien International<\/title>\n<meta name=\"robots\" content=\"index, follow, max-snippet:-1, max-image-preview:large, max-video-preview:-1\" \/>\n<link rel=\"canonical\" href=\"https:\/\/www.rri.ro\/de\/aktuell\/rri-aktuell\/verfassungsgericht-bestaetigt-parlamentswahlen-in-der-republik-moldau-id940921.html\" \/>\n<meta property=\"og:locale\" content=\"de_DE\" \/>\n<meta property=\"og:type\" content=\"article\" \/>\n<meta property=\"og:title\" content=\"Verfassungsgericht best\u00e4tigt Parlamentswahlen in der Republik Moldau - Radio Rum\u00e4nien International\" \/>\n<meta property=\"og:description\" content=\"Das Verfassungsgericht in Chi\u0219in\u0103u best\u00e4tigte am Donnerstag die Ergebnisse der Parlamentswahlen vom 28. September in der Republik Moldau. Diese gelten als entscheidend f\u00fcr die europ\u00e4ische Zukunft der ehemaligen Sowjetrepublik mit mehrheitlich rum\u00e4nischsprachiger Bev\u00f6lkerung. Au\u00dferdem best\u00e4tigte es die Mandate der 101 Abgeordneten des neuen Einkammerparlaments. Die Entscheidung ist endg\u00fcltig und kann nicht angefochten werden. Der letzte [&hellip;]\" \/>\n<meta property=\"og:url\" content=\"https:\/\/www.rri.ro\/de\/aktuell\/rri-aktuell\/verfassungsgericht-bestaetigt-parlamentswahlen-in-der-republik-moldau-id940921.html\" \/>\n<meta property=\"og:site_name\" content=\"Radio Rum\u00e4nien International\" \/>\n<meta property=\"article:published_time\" content=\"2025-10-17T09:21:28+00:00\" \/>\n<meta property=\"article:modified_time\" content=\"2025-10-18T11:06:11+00:00\" \/>\n<meta property=\"og:image\" content=\"https:\/\/www.rri.ro\/wp-content\/uploads\/2025\/10\/Curtea-Constitutionala-Rep-Moldova-agerpres-16oct2025.jpeg\" \/>\n\t<meta property=\"og:image:width\" content=\"800\" \/>\n\t<meta property=\"og:image:height\" content=\"450\" \/>\n\t<meta property=\"og:image:type\" content=\"image\/jpeg\" \/>\n<meta name=\"author\" content=\"Roxana Vasile, Florin Lungu\" \/>\n<meta name=\"twitter:card\" content=\"summary_large_image\" \/>\n<meta name=\"twitter:label1\" content=\"Verfasst von\" \/>\n\t<meta name=\"twitter:data1\" content=\"Roxana Vasile\" \/>\n\t<meta name=\"twitter:label2\" content=\"Gesch\u00e4tzte Lesezeit\" \/>\n\t<meta name=\"twitter:data2\" content=\"2\u00a0Minuten\" \/>\n\t<meta name=\"twitter:label3\" content=\"Written by\" \/>\n\t<meta name=\"twitter:data3\" content=\"Roxana Vasile, Florin Lungu\" \/>\n<script type=\"application\/ld+json\" class=\"yoast-schema-graph\">{\"@context\":\"https:\\\/\\\/schema.org\",\"@graph\":[{\"@type\":\"Article\",\"@id\":\"https:\\\/\\\/www.rri.ro\\\/de\\\/aktuell\\\/rri-aktuell\\\/verfassungsgericht-bestaetigt-parlamentswahlen-in-der-republik-moldau-id940921.html#article\",\"isPartOf\":{\"@id\":\"https:\\\/\\\/www.rri.ro\\\/de\\\/aktuell\\\/rri-aktuell\\\/verfassungsgericht-bestaetigt-parlamentswahlen-in-der-republik-moldau-id940921.html\"},\"author\":{\"name\":\"Roxana Vasile\",\"@id\":\"https:\\\/\\\/www.rri.ro\\\/#\\\/schema\\\/person\\\/0745b519f2d1287783422f162c4112af\"},\"headline\":\"Verfassungsgericht best\u00e4tigt Parlamentswahlen in der Republik Moldau\",\"datePublished\":\"2025-10-17T09:21:28+00:00\",\"dateModified\":\"2025-10-18T11:06:11+00:00\",\"mainEntityOfPage\":{\"@id\":\"https:\\\/\\\/www.rri.ro\\\/de\\\/aktuell\\\/rri-aktuell\\\/verfassungsgericht-bestaetigt-parlamentswahlen-in-der-republik-moldau-id940921.html\"},\"wordCount\":447,\"image\":{\"@id\":\"https:\\\/\\\/www.rri.ro\\\/de\\\/aktuell\\\/rri-aktuell\\\/verfassungsgericht-bestaetigt-parlamentswahlen-in-der-republik-moldau-id940921.html#primaryimage\"},\"thumbnailUrl\":\"https:\\\/\\\/www.rri.ro\\\/wp-content\\\/uploads\\\/2025\\\/10\\\/Curtea-Constitutionala-Rep-Moldova-agerpres-16oct2025.jpeg\",\"keywords\":[\"Parlamentswahlen\",\"Republik Moldau\",\"Verfassungsgericht\"],\"articleSection\":[\"RRI Aktuell\"],\"inLanguage\":\"de\"},{\"@type\":\"WebPage\",\"@id\":\"https:\\\/\\\/www.rri.ro\\\/de\\\/aktuell\\\/rri-aktuell\\\/verfassungsgericht-bestaetigt-parlamentswahlen-in-der-republik-moldau-id940921.html\",\"url\":\"https:\\\/\\\/www.rri.ro\\\/de\\\/aktuell\\\/rri-aktuell\\\/verfassungsgericht-bestaetigt-parlamentswahlen-in-der-republik-moldau-id940921.html\",\"name\":\"Verfassungsgericht best\u00e4tigt Parlamentswahlen in der Republik Moldau - Radio Rum\u00e4nien International\",\"isPartOf\":{\"@id\":\"https:\\\/\\\/www.rri.ro\\\/#website\"},\"primaryImageOfPage\":{\"@id\":\"https:\\\/\\\/www.rri.ro\\\/de\\\/aktuell\\\/rri-aktuell\\\/verfassungsgericht-bestaetigt-parlamentswahlen-in-der-republik-moldau-id940921.html#primaryimage\"},\"image\":{\"@id\":\"https:\\\/\\\/www.rri.ro\\\/de\\\/aktuell\\\/rri-aktuell\\\/verfassungsgericht-bestaetigt-parlamentswahlen-in-der-republik-moldau-id940921.html#primaryimage\"},\"thumbnailUrl\":\"https:\\\/\\\/www.rri.ro\\\/wp-content\\\/uploads\\\/2025\\\/10\\\/Curtea-Constitutionala-Rep-Moldova-agerpres-16oct2025.jpeg\",\"datePublished\":\"2025-10-17T09:21:28+00:00\",\"dateModified\":\"2025-10-18T11:06:11+00:00\",\"author\":{\"@id\":\"https:\\\/\\\/www.rri.ro\\\/#\\\/schema\\\/person\\\/0745b519f2d1287783422f162c4112af\"},\"breadcrumb\":{\"@id\":\"https:\\\/\\\/www.rri.ro\\\/de\\\/aktuell\\\/rri-aktuell\\\/verfassungsgericht-bestaetigt-parlamentswahlen-in-der-republik-moldau-id940921.html#breadcrumb\"},\"inLanguage\":\"de\",\"potentialAction\":[{\"@type\":\"ReadAction\",\"target\":[\"https:\\\/\\\/www.rri.ro\\\/de\\\/aktuell\\\/rri-aktuell\\\/verfassungsgericht-bestaetigt-parlamentswahlen-in-der-republik-moldau-id940921.html\"]}]},{\"@type\":\"ImageObject\",\"inLanguage\":\"de\",\"@id\":\"https:\\\/\\\/www.rri.ro\\\/de\\\/aktuell\\\/rri-aktuell\\\/verfassungsgericht-bestaetigt-parlamentswahlen-in-der-republik-moldau-id940921.html#primaryimage\",\"url\":\"https:\\\/\\\/www.rri.ro\\\/wp-content\\\/uploads\\\/2025\\\/10\\\/Curtea-Constitutionala-Rep-Moldova-agerpres-16oct2025.jpeg\",\"contentUrl\":\"https:\\\/\\\/www.rri.ro\\\/wp-content\\\/uploads\\\/2025\\\/10\\\/Curtea-Constitutionala-Rep-Moldova-agerpres-16oct2025.jpeg\",\"width\":800,\"height\":450,\"caption\":\"Curtea Constitu\u021bional\u0103 a Republicii Moldova \\\/ Foto: Agerpres\"},{\"@type\":\"BreadcrumbList\",\"@id\":\"https:\\\/\\\/www.rri.ro\\\/de\\\/aktuell\\\/rri-aktuell\\\/verfassungsgericht-bestaetigt-parlamentswahlen-in-der-republik-moldau-id940921.html#breadcrumb\",\"itemListElement\":[{\"@type\":\"ListItem\",\"position\":1,\"name\":\"Startseite\",\"item\":\"https:\\\/\\\/www.rri.ro\\\/de\"},{\"@type\":\"ListItem\",\"position\":2,\"name\":\"Aktuell\",\"item\":\"https:\\\/\\\/www.rri.ro\\\/de\\\/aktuell\"},{\"@type\":\"ListItem\",\"position\":3,\"name\":\"RRI Aktuell\",\"item\":\"https:\\\/\\\/www.rri.ro\\\/de\\\/aktuell\\\/rri-aktuell\"},{\"@type\":\"ListItem\",\"position\":4,\"name\":\"Verfassungsgericht best\u00e4tigt Parlamentswahlen in der Republik Moldau\"}]},{\"@type\":\"WebSite\",\"@id\":\"https:\\\/\\\/www.rri.ro\\\/#website\",\"url\":\"https:\\\/\\\/www.rri.ro\\\/\",\"name\":\"Radio Rum\u00e4nien International\",\"description\":\"Totul despre Rom\u00e2nia \u015fi rom\u00e2ni, \u00een 13 limbi\\\/dialecte!\",\"inLanguage\":\"de\"},{\"@type\":\"Person\",\"@id\":\"https:\\\/\\\/www.rri.ro\\\/#\\\/schema\\\/person\\\/0745b519f2d1287783422f162c4112af\",\"name\":\"Roxana Vasile\",\"url\":\"https:\\\/\\\/www.rri.ro\\\/de\\\/author\\\/roxana-vasile\"}]}<\/script>\n<!-- \/ Yoast SEO plugin. -->","yoast_head_json":{"title":"Verfassungsgericht best\u00e4tigt Parlamentswahlen in der Republik Moldau - Radio Rum\u00e4nien International","robots":{"index":"index","follow":"follow","max-snippet":"max-snippet:-1","max-image-preview":"max-image-preview:large","max-video-preview":"max-video-preview:-1"},"canonical":"https:\/\/www.rri.ro\/de\/aktuell\/rri-aktuell\/verfassungsgericht-bestaetigt-parlamentswahlen-in-der-republik-moldau-id940921.html","og_locale":"de_DE","og_type":"article","og_title":"Verfassungsgericht best\u00e4tigt Parlamentswahlen in der Republik Moldau - Radio Rum\u00e4nien International","og_description":"Das Verfassungsgericht in Chi\u0219in\u0103u best\u00e4tigte am Donnerstag die Ergebnisse der Parlamentswahlen vom 28. September in der Republik Moldau. Diese gelten als entscheidend f\u00fcr die europ\u00e4ische Zukunft der ehemaligen Sowjetrepublik mit mehrheitlich rum\u00e4nischsprachiger Bev\u00f6lkerung. Au\u00dferdem best\u00e4tigte es die Mandate der 101 Abgeordneten des neuen Einkammerparlaments. Die Entscheidung ist endg\u00fcltig und kann nicht angefochten werden. Der letzte [&hellip;]","og_url":"https:\/\/www.rri.ro\/de\/aktuell\/rri-aktuell\/verfassungsgericht-bestaetigt-parlamentswahlen-in-der-republik-moldau-id940921.html","og_site_name":"Radio Rum\u00e4nien International","article_published_time":"2025-10-17T09:21:28+00:00","article_modified_time":"2025-10-18T11:06:11+00:00","og_image":[{"width":800,"height":450,"url":"https:\/\/www.rri.ro\/wp-content\/uploads\/2025\/10\/Curtea-Constitutionala-Rep-Moldova-agerpres-16oct2025.jpeg","type":"image\/jpeg"}],"author":"Roxana Vasile, Florin Lungu","twitter_card":"summary_large_image","twitter_misc":{"Verfasst von":"Roxana Vasile","Gesch\u00e4tzte Lesezeit":"2\u00a0Minuten","Written by":"Roxana Vasile, Florin Lungu"},"schema":{"@context":"https:\/\/schema.org","@graph":[{"@type":"Article","@id":"https:\/\/www.rri.ro\/de\/aktuell\/rri-aktuell\/verfassungsgericht-bestaetigt-parlamentswahlen-in-der-republik-moldau-id940921.html#article","isPartOf":{"@id":"https:\/\/www.rri.ro\/de\/aktuell\/rri-aktuell\/verfassungsgericht-bestaetigt-parlamentswahlen-in-der-republik-moldau-id940921.html"},"author":{"name":"Roxana Vasile","@id":"https:\/\/www.rri.ro\/#\/schema\/person\/0745b519f2d1287783422f162c4112af"},"headline":"Verfassungsgericht best\u00e4tigt Parlamentswahlen in der Republik Moldau","datePublished":"2025-10-17T09:21:28+00:00","dateModified":"2025-10-18T11:06:11+00:00","mainEntityOfPage":{"@id":"https:\/\/www.rri.ro\/de\/aktuell\/rri-aktuell\/verfassungsgericht-bestaetigt-parlamentswahlen-in-der-republik-moldau-id940921.html"},"wordCount":447,"image":{"@id":"https:\/\/www.rri.ro\/de\/aktuell\/rri-aktuell\/verfassungsgericht-bestaetigt-parlamentswahlen-in-der-republik-moldau-id940921.html#primaryimage"},"thumbnailUrl":"https:\/\/www.rri.ro\/wp-content\/uploads\/2025\/10\/Curtea-Constitutionala-Rep-Moldova-agerpres-16oct2025.jpeg","keywords":["Parlamentswahlen","Republik Moldau","Verfassungsgericht"],"articleSection":["RRI Aktuell"],"inLanguage":"de"},{"@type":"WebPage","@id":"https:\/\/www.rri.ro\/de\/aktuell\/rri-aktuell\/verfassungsgericht-bestaetigt-parlamentswahlen-in-der-republik-moldau-id940921.html","url":"https:\/\/www.rri.ro\/de\/aktuell\/rri-aktuell\/verfassungsgericht-bestaetigt-parlamentswahlen-in-der-republik-moldau-id940921.html","name":"Verfassungsgericht best\u00e4tigt Parlamentswahlen in der Republik Moldau - Radio Rum\u00e4nien International","isPartOf":{"@id":"https:\/\/www.rri.ro\/#website"},"primaryImageOfPage":{"@id":"https:\/\/www.rri.ro\/de\/aktuell\/rri-aktuell\/verfassungsgericht-bestaetigt-parlamentswahlen-in-der-republik-moldau-id940921.html#primaryimage"},"image":{"@id":"https:\/\/www.rri.ro\/de\/aktuell\/rri-aktuell\/verfassungsgericht-bestaetigt-parlamentswahlen-in-der-republik-moldau-id940921.html#primaryimage"},"thumbnailUrl":"https:\/\/www.rri.ro\/wp-content\/uploads\/2025\/10\/Curtea-Constitutionala-Rep-Moldova-agerpres-16oct2025.jpeg","datePublished":"2025-10-17T09:21:28+00:00","dateModified":"2025-10-18T11:06:11+00:00","author":{"@id":"https:\/\/www.rri.ro\/#\/schema\/person\/0745b519f2d1287783422f162c4112af"},"breadcrumb":{"@id":"https:\/\/www.rri.ro\/de\/aktuell\/rri-aktuell\/verfassungsgericht-bestaetigt-parlamentswahlen-in-der-republik-moldau-id940921.html#breadcrumb"},"inLanguage":"de","potentialAction":[{"@type":"ReadAction","target":["https:\/\/www.rri.ro\/de\/aktuell\/rri-aktuell\/verfassungsgericht-bestaetigt-parlamentswahlen-in-der-republik-moldau-id940921.html"]}]},{"@type":"ImageObject","inLanguage":"de","@id":"https:\/\/www.rri.ro\/de\/aktuell\/rri-aktuell\/verfassungsgericht-bestaetigt-parlamentswahlen-in-der-republik-moldau-id940921.html#primaryimage","url":"https:\/\/www.rri.ro\/wp-content\/uploads\/2025\/10\/Curtea-Constitutionala-Rep-Moldova-agerpres-16oct2025.jpeg","contentUrl":"https:\/\/www.rri.ro\/wp-content\/uploads\/2025\/10\/Curtea-Constitutionala-Rep-Moldova-agerpres-16oct2025.jpeg","width":800,"height":450,"caption":"Curtea Constitu\u021bional\u0103 a Republicii Moldova \/ Foto: Agerpres"},{"@type":"BreadcrumbList","@id":"https:\/\/www.rri.ro\/de\/aktuell\/rri-aktuell\/verfassungsgericht-bestaetigt-parlamentswahlen-in-der-republik-moldau-id940921.html#breadcrumb","itemListElement":[{"@type":"ListItem","position":1,"name":"Startseite","item":"https:\/\/www.rri.ro\/de"},{"@type":"ListItem","position":2,"name":"Aktuell","item":"https:\/\/www.rri.ro\/de\/aktuell"},{"@type":"ListItem","position":3,"name":"RRI Aktuell","item":"https:\/\/www.rri.ro\/de\/aktuell\/rri-aktuell"},{"@type":"ListItem","position":4,"name":"Verfassungsgericht best\u00e4tigt Parlamentswahlen in der Republik Moldau"}]},{"@type":"WebSite","@id":"https:\/\/www.rri.ro\/#website","url":"https:\/\/www.rri.ro\/","name":"Radio Rum\u00e4nien International","description":"Totul despre Rom\u00e2nia \u015fi rom\u00e2ni, \u00een 13 limbi\/dialecte!","inLanguage":"de"},{"@type":"Person","@id":"https:\/\/www.rri.ro\/#\/schema\/person\/0745b519f2d1287783422f162c4112af","name":"Roxana Vasile","url":"https:\/\/www.rri.ro\/de\/author\/roxana-vasile"}]}},"_links":{"self":[{"href":"https:\/\/www.rri.ro\/de\/wp-json\/wp\/v2\/posts\/940921","targetHints":{"allow":["GET"]}}],"collection":[{"href":"https:\/\/www.rri.ro\/de\/wp-json\/wp\/v2\/posts"}],"about":[{"href":"https:\/\/www.rri.ro\/de\/wp-json\/wp\/v2\/types\/post"}],"author":[{"embeddable":true,"href":"https:\/\/www.rri.ro\/de\/wp-json\/wp\/v2\/users\/109"}],"replies":[{"embeddable":true,"href":"https:\/\/www.rri.ro\/de\/wp-json\/wp\/v2\/comments?post=940921"}],"version-history":[{"count":0,"href":"https:\/\/www.rri.ro\/de\/wp-json\/wp\/v2\/posts\/940921\/revisions"}],"wp:featuredmedia":[{"embeddable":true,"href":"https:\/\/www.rri.ro\/de\/wp-json\/wp\/v2\/media\/940557"}],"wp:attachment":[{"href":"https:\/\/www.rri.ro\/de\/wp-json\/wp\/v2\/media?parent=940921"}],"wp:term":[{"taxonomy":"category","embeddable":true,"href":"https:\/\/www.rri.ro\/de\/wp-json\/wp\/v2\/categories?post=940921"},{"taxonomy":"post_tag","embeddable":true,"href":"https:\/\/www.rri.ro\/de\/wp-json\/wp\/v2\/tags?post=940921"},{"taxonomy":"author","embeddable":true,"href":"https:\/\/www.rri.ro\/de\/wp-json\/wp\/v2\/coauthors?post=940921"}],"curies":[{"name":"wp","href":"https:\/\/api.w.org\/{rel}","templated":true}]}}