{"id":942688,"date":"2025-10-22T18:42:49","date_gmt":"2025-10-22T15:42:49","guid":{"rendered":"https:\/\/www.rri.ro\/?p=942688"},"modified":"2025-10-22T18:49:25","modified_gmt":"2025-10-22T15:49:25","slug":"nachrichten-22-10-2025","status":"publish","type":"post","link":"https:\/\/www.rri.ro\/de\/aktuell\/newsflash-de\/nachrichten-22-10-2025-id942688.html","title":{"rendered":"Nachrichten 22.10.2025"},"content":{"rendered":"<p style=\"text-align: justify; line-height: 150%;\">Die Europ\u00e4ische Kommission hat am Mittwoch die endg\u00fcltige Fassung des Nationalen Aufbau- und Resilienzplans Rum\u00e4niens genehmigt. Das gab der rum\u00e4nische Minister f\u00fcr Investitionen und europ\u00e4ische Projekte, Drago\u0219 P\u00eeslaru, auf einer Pressekonferenz bekannt. Der \u00fcberarbeitete Plan hat nun ein Gesamtvolumen von 21,41 Milliarden Euro. P\u00eeslaru erkl\u00e4rte, dass Rum\u00e4nien bislang drei Zahlungsantr\u00e4ge gestellt habe \u2013 ein vierter soll am Freitag in Br\u00fcssel besprochen werden. Laut dem Minister wurden risikobehaftete Investitionen aus dem Plan gestrichen. Der Minister hob hervor, dass die Finanzierung der Autobahn A7 (Autostrada Moldovei) in H\u00f6he von 2,7 Milliarden Euro nun vollst\u00e4ndig \u00fcber nicht r\u00fcckzahlbare Zusch\u00fcsse erfolgt. P\u00eeslaru betonte, Rum\u00e4nien verfolge nun einen realistischen Aufbauplan, der konkrete Investitionen bringe, den Staatshaushalt sch\u00fctze und ma\u00dfgeblich zur Entwicklung des Landes beitrage.<\/p>\n<p>Die Beh\u00f6rden in Rum\u00e4nien und Polen haben nach eigenen Angaben ein von den russischen Geheimdiensten gesteuertes Sabotagenetzwerk zerschlagen. Zwei ukrainische Staatsb\u00fcrger wurden in Rum\u00e4nien festgenommen, weil sie versucht haben sollen, Paketbomben in ihre Heimat zu schicken. Sie h\u00e4tten demnach P\u00e4ckchen mit improvisierten Sprengs\u00e4tzen in einer Niederlassung eines internationalen Kurierunternehmens in Bukarest abgegeben \u2013 einer Firma, die laut rum\u00e4nischen Beh\u00f6rden Millionen Ukrainer im Ausland mit ihren Familien in der Heimat verbindet.<\/p>\n<p>In Bukarest hat das Parlament am Mittwoch das Gesetz \u00fcber den freiwilligen Wehrdienst verabschiedet. Damit soll ein rechtlicher Rahmen geschaffen werden, damit B\u00fcrger in Friedenszeiten freiwillig aktiven Milit\u00e4rdienst leisten k\u00f6nnen. Rum\u00e4nen zwischen 18 und 35 Jahren k\u00f6nnen sich k\u00fcnftig f\u00fcr eine viermonatige Grundausbildung anmelden. Sie erhalten kostenlos Unterkunft, Ausr\u00fcstung, Verpflegung, medizinische Betreuung und Medikamente sowie eine monatliche Aufwandsentsch\u00e4digung, die der von Wehrpflichtigen entspricht. Nach Abschluss des Programms sollen die Freiwilligen eine Pr\u00e4mie in H\u00f6he von drei Bruttodurchschnittsgeh\u00e4ltern bekommen und der Einsatzreserve der rum\u00e4nischen Armee angeh\u00f6ren.<\/p>\n<p>Die Abgeordnetenkammer in Bukarest hat ebenfalls am Mittwoch einen einfachen Antrag der rechtsnationalistischen AUR gegen Landwirtschaftsminister Florin Barbu abgelehnt. Die Urheber \u00a0bezeichneten die Vorlage als Weckruf an die gesamte Regierungskoalition und als Appell, den Respekt gegen\u00fcber jenen zu erwidern, \u201edie mit ihrer Arbeit Rum\u00e4nien am Leben und satt halten\u201c. Der Minister warf der AUR im Gegenzug vor, Zahlen aus dem Zusammenhang gerissen und damit die Realit\u00e4t verzerrt zu haben. Auch die bisherigen drei Antr\u00e4ge gegen Mitglieder des von Ilie Bolojan gef\u00fchrten Kabinetts waren gescheitert.<\/p>\n<p>Die Regierungsparteien haben beschlossen, dass die Teilwahlen f\u00fcr das Amt des Oberb\u00fcrgermeisters von Bukarest am 7. Dezember stattfinden. Das Amt des Stadtoberhaupts der Hauptstadt ist vakant, nachdem Nicu\u0219or Dan zum Pr\u00e4sidenten Rum\u00e4niens gew\u00e4hlt wurde.<br \/>\nDie Parteien der Koalition einigten sich darauf, jeweils eigene Kandidaten in das Rennen zu schicken, und vereinbarten zugleich, dass sich die Bewerber gegenseitig nicht angreifen werden.<br \/>\nEbenfalls am 7. Dezember findet die Wahl des neuen Pr\u00e4sidenten des Kreisrats von Buz\u0103u (im S\u00fcdosten des Landes) statt. Nach geltendem Recht werden B\u00fcrgermeister und Kreisratsvorsitzende in nur einem Wahlgang gew\u00e4hlt.<\/p>\n<p>Rum\u00e4nien und die anderen EU-Staaten haben nun drei Jahre Zeit, neue EU-Vorschriften zur Verkehrssicherheit in nationales Recht zu \u00fcberf\u00fchren und ein weiteres Jahr, um sich auf die Umsetzung vorzubereiten. Das EU-Parlament hat beschlossen, dass F\u00fchrerscheine k\u00fcnftig f\u00fcr 15 Jahre gelten, f\u00fcr Bus- und Lkw-Fahrer nur f\u00fcnf Jahre. Au\u00dferdem ist eine Probezeit von mindestens zwei Jahren f\u00fcr Fahranf\u00e4nger vorgesehen. Rum\u00e4nien verzeichnet die meisten Verkehrstoten in der Union, w\u00e4hrend Schweden die sichersten Stra\u00dfen hat. Zugleich soll in den kommenden Jahren der digitale F\u00fchrerschein eingef\u00fchrt werden, der auf dem Handy abrufbar ist und schrittweise das physische Dokument ersetzt.<\/p>\n<p>In der Republik Moldau tritt das neue Parlament zu seiner ersten Sitzung \u00a0nach den Wahlen vom 28. September zusammen. Zugegen sind auch Staatspr\u00e4sidentin Maia Sandu, Mitglieder des Verfassungsgerichts, der Zentralen Wahlkommission und Diplomaten. Sechs Parteien sind ins Parlament eingezogen. St\u00e4rkste Kraft ist die der Pr\u00e4sidentin nahestehende proeurop\u00e4ische Partei \u201eAktion und Solidarit\u00e4t\u201c, gefolgt vom Patriotischen Block und dem Block \u201eAlternativa\u201c, die beide prorussisch orientiert sind. Zudem vertreten sind die Partei \u201eUnser Land\u201c eines umstrittenen Politikers und Gesch\u00e4ftsmannes mit Verbindungen nach Moskau sowie die Partei \u201eDemokratie zu Hause\u201c, die nach Medienberichten von in der Moldau unerw\u00fcnschten Personen unterst\u00fctzt worden sein soll. Nach der Wahl des Parlamentspr\u00e4sidenten und der Stellvertreter sowie der Bildung der Fraktionen wird Staatspr\u00e4sidentin Sandu die Parteien zu Konsultationen einladen, um den Kandidaten f\u00fcr das Amt des Premierministers zu nominieren.<\/p>\n","protected":false},"excerpt":{"rendered":"<p>Die Europ\u00e4ische Kommission hat am Mittwoch die endg\u00fcltige Fassung des Nationalen Aufbau- und Resilienzplans Rum\u00e4niens genehmigt. Das gab der rum\u00e4nische Minister f\u00fcr Investitionen und europ\u00e4ische Projekte, Drago\u0219 P\u00eeslaru, auf einer Pressekonferenz bekannt. Der \u00fcberarbeitete Plan hat nun ein Gesamtvolumen von 21,41 Milliarden Euro. P\u00eeslaru erkl\u00e4rte, dass Rum\u00e4nien bislang drei Zahlungsantr\u00e4ge gestellt habe \u2013 ein vierter [&hellip;]<\/p>\n","protected":false},"author":113,"featured_media":723386,"comment_status":"closed","ping_status":"closed","sticky":false,"template":"","format":"standard","meta":{"_acf_changed":false,"footnotes":""},"categories":[116753],"tags":[99801,129155,178738,100115,178737,139349],"coauthors":[116091],"class_list":["post-942688","post","type-post","status-publish","format-standard","has-post-thumbnail","hentry","category-newsflash-de","tag-europaeische-kommission","tag-landwirtschaftsminister-florin-barbu","tag-oberbuergermeister-von-bukarest","tag-republik-moldau","tag-sabotagenetzwerk","tag-wehrdienst"],"acf":[],"yoast_head":"<!-- This site is optimized with the Yoast SEO plugin v27.3 - https:\/\/yoast.com\/product\/yoast-seo-wordpress\/ -->\n<title>Nachrichten 22.10.2025 - Radio Rum\u00e4nien International<\/title>\n<meta name=\"robots\" content=\"index, follow, max-snippet:-1, max-image-preview:large, max-video-preview:-1\" \/>\n<link rel=\"canonical\" href=\"https:\/\/www.rri.ro\/de\/aktuell\/newsflash-de\/nachrichten-22-10-2025-id942688.html\" \/>\n<meta property=\"og:locale\" content=\"de_DE\" \/>\n<meta property=\"og:type\" content=\"article\" \/>\n<meta property=\"og:title\" content=\"Nachrichten 22.10.2025 - Radio Rum\u00e4nien International\" \/>\n<meta property=\"og:description\" content=\"Die Europ\u00e4ische Kommission hat am Mittwoch die endg\u00fcltige Fassung des Nationalen Aufbau- und Resilienzplans Rum\u00e4niens genehmigt. Das gab der rum\u00e4nische Minister f\u00fcr Investitionen und europ\u00e4ische Projekte, Drago\u0219 P\u00eeslaru, auf einer Pressekonferenz bekannt. Der \u00fcberarbeitete Plan hat nun ein Gesamtvolumen von 21,41 Milliarden Euro. P\u00eeslaru erkl\u00e4rte, dass Rum\u00e4nien bislang drei Zahlungsantr\u00e4ge gestellt habe \u2013 ein vierter [&hellip;]\" \/>\n<meta property=\"og:url\" content=\"https:\/\/www.rri.ro\/de\/aktuell\/newsflash-de\/nachrichten-22-10-2025-id942688.html\" \/>\n<meta property=\"og:site_name\" content=\"Radio Rum\u00e4nien International\" \/>\n<meta property=\"article:published_time\" content=\"2025-10-22T15:42:49+00:00\" \/>\n<meta property=\"article:modified_time\" content=\"2025-10-22T15:49:25+00:00\" \/>\n<meta property=\"og:image\" content=\"https:\/\/www.rri.ro\/wp-content\/uploads\/2024\/03\/RRI-960x540-Nachrichten-2-NOU.jpg\" \/>\n\t<meta property=\"og:image:width\" content=\"960\" \/>\n\t<meta property=\"og:image:height\" content=\"540\" \/>\n\t<meta property=\"og:image:type\" content=\"image\/jpeg\" \/>\n<meta name=\"author\" content=\"Newsroom\" \/>\n<meta name=\"twitter:card\" content=\"summary_large_image\" \/>\n<meta name=\"twitter:label1\" content=\"Verfasst von\" \/>\n\t<meta name=\"twitter:data1\" content=\"Newsroom\" \/>\n\t<meta name=\"twitter:label2\" content=\"Gesch\u00e4tzte Lesezeit\" \/>\n\t<meta name=\"twitter:data2\" content=\"4\u00a0Minuten\" \/>\n\t<meta name=\"twitter:label3\" content=\"Written by\" \/>\n\t<meta name=\"twitter:data3\" content=\"Newsroom\" \/>\n<script type=\"application\/ld+json\" class=\"yoast-schema-graph\">{\"@context\":\"https:\\\/\\\/schema.org\",\"@graph\":[{\"@type\":\"Article\",\"@id\":\"https:\\\/\\\/www.rri.ro\\\/de\\\/aktuell\\\/newsflash-de\\\/nachrichten-22-10-2025-id942688.html#article\",\"isPartOf\":{\"@id\":\"https:\\\/\\\/www.rri.ro\\\/de\\\/aktuell\\\/newsflash-de\\\/nachrichten-22-10-2025-id942688.html\"},\"author\":{\"name\":\"Newsroom\",\"@id\":\"https:\\\/\\\/www.rri.ro\\\/#\\\/schema\\\/person\\\/4a479940371b9fdefd194f561e8a7f88\"},\"headline\":\"Nachrichten 22.10.2025\",\"datePublished\":\"2025-10-22T15:42:49+00:00\",\"dateModified\":\"2025-10-22T15:49:25+00:00\",\"mainEntityOfPage\":{\"@id\":\"https:\\\/\\\/www.rri.ro\\\/de\\\/aktuell\\\/newsflash-de\\\/nachrichten-22-10-2025-id942688.html\"},\"wordCount\":750,\"image\":{\"@id\":\"https:\\\/\\\/www.rri.ro\\\/de\\\/aktuell\\\/newsflash-de\\\/nachrichten-22-10-2025-id942688.html#primaryimage\"},\"thumbnailUrl\":\"https:\\\/\\\/www.rri.ro\\\/wp-content\\\/uploads\\\/2024\\\/03\\\/RRI-960x540-Nachrichten-2-NOU.jpg\",\"keywords\":[\"Europ\u00e4ische Kommission\",\"Landwirtschaftsminister Florin Barbu\",\"Oberb\u00fcrgermeister von Bukarest\",\"Republik Moldau\",\"Sabotagenetzwerk\",\"Wehrdienst\"],\"articleSection\":[\"Newsflash\"],\"inLanguage\":\"de\"},{\"@type\":\"WebPage\",\"@id\":\"https:\\\/\\\/www.rri.ro\\\/de\\\/aktuell\\\/newsflash-de\\\/nachrichten-22-10-2025-id942688.html\",\"url\":\"https:\\\/\\\/www.rri.ro\\\/de\\\/aktuell\\\/newsflash-de\\\/nachrichten-22-10-2025-id942688.html\",\"name\":\"Nachrichten 22.10.2025 - Radio Rum\u00e4nien International\",\"isPartOf\":{\"@id\":\"https:\\\/\\\/www.rri.ro\\\/#website\"},\"primaryImageOfPage\":{\"@id\":\"https:\\\/\\\/www.rri.ro\\\/de\\\/aktuell\\\/newsflash-de\\\/nachrichten-22-10-2025-id942688.html#primaryimage\"},\"image\":{\"@id\":\"https:\\\/\\\/www.rri.ro\\\/de\\\/aktuell\\\/newsflash-de\\\/nachrichten-22-10-2025-id942688.html#primaryimage\"},\"thumbnailUrl\":\"https:\\\/\\\/www.rri.ro\\\/wp-content\\\/uploads\\\/2024\\\/03\\\/RRI-960x540-Nachrichten-2-NOU.jpg\",\"datePublished\":\"2025-10-22T15:42:49+00:00\",\"dateModified\":\"2025-10-22T15:49:25+00:00\",\"author\":{\"@id\":\"https:\\\/\\\/www.rri.ro\\\/#\\\/schema\\\/person\\\/4a479940371b9fdefd194f561e8a7f88\"},\"breadcrumb\":{\"@id\":\"https:\\\/\\\/www.rri.ro\\\/de\\\/aktuell\\\/newsflash-de\\\/nachrichten-22-10-2025-id942688.html#breadcrumb\"},\"inLanguage\":\"de\",\"potentialAction\":[{\"@type\":\"ReadAction\",\"target\":[\"https:\\\/\\\/www.rri.ro\\\/de\\\/aktuell\\\/newsflash-de\\\/nachrichten-22-10-2025-id942688.html\"]}]},{\"@type\":\"ImageObject\",\"inLanguage\":\"de\",\"@id\":\"https:\\\/\\\/www.rri.ro\\\/de\\\/aktuell\\\/newsflash-de\\\/nachrichten-22-10-2025-id942688.html#primaryimage\",\"url\":\"https:\\\/\\\/www.rri.ro\\\/wp-content\\\/uploads\\\/2024\\\/03\\\/RRI-960x540-Nachrichten-2-NOU.jpg\",\"contentUrl\":\"https:\\\/\\\/www.rri.ro\\\/wp-content\\\/uploads\\\/2024\\\/03\\\/RRI-960x540-Nachrichten-2-NOU.jpg\",\"width\":960,\"height\":540},{\"@type\":\"BreadcrumbList\",\"@id\":\"https:\\\/\\\/www.rri.ro\\\/de\\\/aktuell\\\/newsflash-de\\\/nachrichten-22-10-2025-id942688.html#breadcrumb\",\"itemListElement\":[{\"@type\":\"ListItem\",\"position\":1,\"name\":\"Startseite\",\"item\":\"https:\\\/\\\/www.rri.ro\\\/de\"},{\"@type\":\"ListItem\",\"position\":2,\"name\":\"Aktuell\",\"item\":\"https:\\\/\\\/www.rri.ro\\\/de\\\/aktuell\"},{\"@type\":\"ListItem\",\"position\":3,\"name\":\"Newsflash\",\"item\":\"https:\\\/\\\/www.rri.ro\\\/de\\\/aktuell\\\/newsflash-de\"},{\"@type\":\"ListItem\",\"position\":4,\"name\":\"Nachrichten 22.10.2025\"}]},{\"@type\":\"WebSite\",\"@id\":\"https:\\\/\\\/www.rri.ro\\\/#website\",\"url\":\"https:\\\/\\\/www.rri.ro\\\/\",\"name\":\"Radio Rum\u00e4nien International\",\"description\":\"Totul despre Rom\u00e2nia \u015fi rom\u00e2ni, \u00een 13 limbi\\\/dialecte!\",\"inLanguage\":\"de\"},{\"@type\":\"Person\",\"@id\":\"https:\\\/\\\/www.rri.ro\\\/#\\\/schema\\\/person\\\/4a479940371b9fdefd194f561e8a7f88\",\"name\":\"Newsroom\",\"url\":\"https:\\\/\\\/www.rri.ro\\\/de\\\/author\\\/newsroom\"}]}<\/script>\n<!-- \/ Yoast SEO plugin. -->","yoast_head_json":{"title":"Nachrichten 22.10.2025 - Radio Rum\u00e4nien International","robots":{"index":"index","follow":"follow","max-snippet":"max-snippet:-1","max-image-preview":"max-image-preview:large","max-video-preview":"max-video-preview:-1"},"canonical":"https:\/\/www.rri.ro\/de\/aktuell\/newsflash-de\/nachrichten-22-10-2025-id942688.html","og_locale":"de_DE","og_type":"article","og_title":"Nachrichten 22.10.2025 - Radio Rum\u00e4nien International","og_description":"Die Europ\u00e4ische Kommission hat am Mittwoch die endg\u00fcltige Fassung des Nationalen Aufbau- und Resilienzplans Rum\u00e4niens genehmigt. Das gab der rum\u00e4nische Minister f\u00fcr Investitionen und europ\u00e4ische Projekte, Drago\u0219 P\u00eeslaru, auf einer Pressekonferenz bekannt. Der \u00fcberarbeitete Plan hat nun ein Gesamtvolumen von 21,41 Milliarden Euro. P\u00eeslaru erkl\u00e4rte, dass Rum\u00e4nien bislang drei Zahlungsantr\u00e4ge gestellt habe \u2013 ein vierter [&hellip;]","og_url":"https:\/\/www.rri.ro\/de\/aktuell\/newsflash-de\/nachrichten-22-10-2025-id942688.html","og_site_name":"Radio Rum\u00e4nien International","article_published_time":"2025-10-22T15:42:49+00:00","article_modified_time":"2025-10-22T15:49:25+00:00","og_image":[{"width":960,"height":540,"url":"https:\/\/www.rri.ro\/wp-content\/uploads\/2024\/03\/RRI-960x540-Nachrichten-2-NOU.jpg","type":"image\/jpeg"}],"author":"Newsroom","twitter_card":"summary_large_image","twitter_misc":{"Verfasst von":"Newsroom","Gesch\u00e4tzte Lesezeit":"4\u00a0Minuten","Written by":"Newsroom"},"schema":{"@context":"https:\/\/schema.org","@graph":[{"@type":"Article","@id":"https:\/\/www.rri.ro\/de\/aktuell\/newsflash-de\/nachrichten-22-10-2025-id942688.html#article","isPartOf":{"@id":"https:\/\/www.rri.ro\/de\/aktuell\/newsflash-de\/nachrichten-22-10-2025-id942688.html"},"author":{"name":"Newsroom","@id":"https:\/\/www.rri.ro\/#\/schema\/person\/4a479940371b9fdefd194f561e8a7f88"},"headline":"Nachrichten 22.10.2025","datePublished":"2025-10-22T15:42:49+00:00","dateModified":"2025-10-22T15:49:25+00:00","mainEntityOfPage":{"@id":"https:\/\/www.rri.ro\/de\/aktuell\/newsflash-de\/nachrichten-22-10-2025-id942688.html"},"wordCount":750,"image":{"@id":"https:\/\/www.rri.ro\/de\/aktuell\/newsflash-de\/nachrichten-22-10-2025-id942688.html#primaryimage"},"thumbnailUrl":"https:\/\/www.rri.ro\/wp-content\/uploads\/2024\/03\/RRI-960x540-Nachrichten-2-NOU.jpg","keywords":["Europ\u00e4ische Kommission","Landwirtschaftsminister Florin Barbu","Oberb\u00fcrgermeister von Bukarest","Republik Moldau","Sabotagenetzwerk","Wehrdienst"],"articleSection":["Newsflash"],"inLanguage":"de"},{"@type":"WebPage","@id":"https:\/\/www.rri.ro\/de\/aktuell\/newsflash-de\/nachrichten-22-10-2025-id942688.html","url":"https:\/\/www.rri.ro\/de\/aktuell\/newsflash-de\/nachrichten-22-10-2025-id942688.html","name":"Nachrichten 22.10.2025 - Radio Rum\u00e4nien International","isPartOf":{"@id":"https:\/\/www.rri.ro\/#website"},"primaryImageOfPage":{"@id":"https:\/\/www.rri.ro\/de\/aktuell\/newsflash-de\/nachrichten-22-10-2025-id942688.html#primaryimage"},"image":{"@id":"https:\/\/www.rri.ro\/de\/aktuell\/newsflash-de\/nachrichten-22-10-2025-id942688.html#primaryimage"},"thumbnailUrl":"https:\/\/www.rri.ro\/wp-content\/uploads\/2024\/03\/RRI-960x540-Nachrichten-2-NOU.jpg","datePublished":"2025-10-22T15:42:49+00:00","dateModified":"2025-10-22T15:49:25+00:00","author":{"@id":"https:\/\/www.rri.ro\/#\/schema\/person\/4a479940371b9fdefd194f561e8a7f88"},"breadcrumb":{"@id":"https:\/\/www.rri.ro\/de\/aktuell\/newsflash-de\/nachrichten-22-10-2025-id942688.html#breadcrumb"},"inLanguage":"de","potentialAction":[{"@type":"ReadAction","target":["https:\/\/www.rri.ro\/de\/aktuell\/newsflash-de\/nachrichten-22-10-2025-id942688.html"]}]},{"@type":"ImageObject","inLanguage":"de","@id":"https:\/\/www.rri.ro\/de\/aktuell\/newsflash-de\/nachrichten-22-10-2025-id942688.html#primaryimage","url":"https:\/\/www.rri.ro\/wp-content\/uploads\/2024\/03\/RRI-960x540-Nachrichten-2-NOU.jpg","contentUrl":"https:\/\/www.rri.ro\/wp-content\/uploads\/2024\/03\/RRI-960x540-Nachrichten-2-NOU.jpg","width":960,"height":540},{"@type":"BreadcrumbList","@id":"https:\/\/www.rri.ro\/de\/aktuell\/newsflash-de\/nachrichten-22-10-2025-id942688.html#breadcrumb","itemListElement":[{"@type":"ListItem","position":1,"name":"Startseite","item":"https:\/\/www.rri.ro\/de"},{"@type":"ListItem","position":2,"name":"Aktuell","item":"https:\/\/www.rri.ro\/de\/aktuell"},{"@type":"ListItem","position":3,"name":"Newsflash","item":"https:\/\/www.rri.ro\/de\/aktuell\/newsflash-de"},{"@type":"ListItem","position":4,"name":"Nachrichten 22.10.2025"}]},{"@type":"WebSite","@id":"https:\/\/www.rri.ro\/#website","url":"https:\/\/www.rri.ro\/","name":"Radio Rum\u00e4nien International","description":"Totul despre Rom\u00e2nia \u015fi rom\u00e2ni, \u00een 13 limbi\/dialecte!","inLanguage":"de"},{"@type":"Person","@id":"https:\/\/www.rri.ro\/#\/schema\/person\/4a479940371b9fdefd194f561e8a7f88","name":"Newsroom","url":"https:\/\/www.rri.ro\/de\/author\/newsroom"}]}},"_links":{"self":[{"href":"https:\/\/www.rri.ro\/de\/wp-json\/wp\/v2\/posts\/942688","targetHints":{"allow":["GET"]}}],"collection":[{"href":"https:\/\/www.rri.ro\/de\/wp-json\/wp\/v2\/posts"}],"about":[{"href":"https:\/\/www.rri.ro\/de\/wp-json\/wp\/v2\/types\/post"}],"author":[{"embeddable":true,"href":"https:\/\/www.rri.ro\/de\/wp-json\/wp\/v2\/users\/113"}],"replies":[{"embeddable":true,"href":"https:\/\/www.rri.ro\/de\/wp-json\/wp\/v2\/comments?post=942688"}],"version-history":[{"count":0,"href":"https:\/\/www.rri.ro\/de\/wp-json\/wp\/v2\/posts\/942688\/revisions"}],"wp:featuredmedia":[{"embeddable":true,"href":"https:\/\/www.rri.ro\/de\/wp-json\/wp\/v2\/media\/723386"}],"wp:attachment":[{"href":"https:\/\/www.rri.ro\/de\/wp-json\/wp\/v2\/media?parent=942688"}],"wp:term":[{"taxonomy":"category","embeddable":true,"href":"https:\/\/www.rri.ro\/de\/wp-json\/wp\/v2\/categories?post=942688"},{"taxonomy":"post_tag","embeddable":true,"href":"https:\/\/www.rri.ro\/de\/wp-json\/wp\/v2\/tags?post=942688"},{"taxonomy":"author","embeddable":true,"href":"https:\/\/www.rri.ro\/de\/wp-json\/wp\/v2\/coauthors?post=942688"}],"curies":[{"name":"wp","href":"https:\/\/api.w.org\/{rel}","templated":true}]}}