{"id":943694,"date":"2025-10-25T17:30:44","date_gmt":"2025-10-25T14:30:44","guid":{"rendered":"https:\/\/www.rri.ro\/?p=943694"},"modified":"2025-10-25T13:10:48","modified_gmt":"2025-10-25T10:10:48","slug":"russischer-exil-schriftsteller-michail-schischkin-zu-besuch-in-rumaenien","status":"publish","type":"post","link":"https:\/\/www.rri.ro\/de\/feature-reportage\/kulturchronik\/russischer-exil-schriftsteller-michail-schischkin-zu-besuch-in-rumaenien-id943694.html","title":{"rendered":"Russischer Exil-Schriftsteller Michail Schischkin zu Besuch in Rum\u00e4nien"},"content":{"rendered":"<p>&nbsp;<\/p>\n<p><iframe loading=\"lazy\" src=\"https:\/\/w.soundcloud.com\/player\/?url=https%3A\/\/api.soundcloud.com\/tracks\/soundcloud%3Atracks%3A2198559495%3Fsecret_token%3Ds-kQQ5Bov3tIB&amp;color=%2300b7f1&amp;inverse=false&amp;auto_play=false&amp;show_user=true\" width=\"100%\" height=\"20\" frameborder=\"no\" scrolling=\"no\"><\/iframe><\/p>\n<div style=\"font-size: 10px; color: #cccccc; line-break: anywhere; word-break: normal; overflow: hidden; white-space: nowrap; text-overflow: ellipsis; font-family: Interstate,Lucida Grande,Lucida Sans Unicode,Lucida Sans,Garuda,Verdana,Tahoma,sans-serif; font-weight: 100;\"><a style=\"color: #cccccc; text-decoration: none;\" title=\"RadioRomaniaInternational\" href=\"https:\/\/soundcloud.com\/radioromaniainternational\" target=\"_blank\" rel=\"noopener\">RadioRomaniaInternational<\/a> \u00b7 <a style=\"color: #cccccc; text-decoration: none;\" title=\"Russischer Exil-Schriftsteller Michail Schischkin zu Besuch in Rum\u00e4nien\" href=\"https:\/\/soundcloud.com\/radioromaniainternational\/russischer-exil-schriftsteller-michail-schischkin-zu-besuch-in-rumanien\/s-kQQ5Bov3tIB\" target=\"_blank\" rel=\"noopener\">Russischer Exil-Schriftsteller Michail Schischkin zu Besuch in Rum\u00e4nien<\/a><\/div>\n<p>&nbsp;<\/p>\n<p class=\"western\"><span style=\"font-size: 14pt;\"><span style=\"font-family: Georgia, serif;\"><span lang=\"de-DE\">Das Festival umfasste au\u00dferdem viele andere Veranstaltungen \u2013 von Treffen der G\u00e4ste mit Sch\u00fclern bis hin zu Filmvorf\u00fchrungen, Poesie-Lesungen, verschiedenen Workshops und Signierstunden. Zu den G\u00e4sten der Veranstalter geh\u00f6rten bekannte rum\u00e4nische Autoren wie <\/span><\/span><strong><span style=\"font-family: Georgia, serif;\"><span lang=\"de-DE\">Bogdan Alexandru St\u0103nescu<\/span><\/span><\/strong><span style=\"font-family: Georgia, serif;\"><span lang=\"de-DE\">, <\/span><\/span><strong><span style=\"font-family: Georgia, serif;\"><span lang=\"de-DE\">Simona Go\u0219u<\/span><\/span><\/strong><span style=\"font-family: Georgia, serif;\"><span lang=\"de-DE\">, <\/span><\/span><strong><span style=\"font-family: Georgia, serif;\"><span lang=\"de-DE\">Cristian Fula\u0219<\/span><\/span><\/strong><span style=\"font-family: Georgia, serif;\"><span lang=\"de-DE\">, <\/span><\/span><strong><span style=\"font-family: Georgia, serif;\"><span lang=\"de-DE\">Dan Coman<\/span><\/span><\/strong><span style=\"font-family: Georgia, serif;\"><span lang=\"de-DE\">, <\/span><\/span><strong><span style=\"font-family: Georgia, serif;\"><span lang=\"de-DE\">Simona Antonescu<\/span><\/span><\/strong><span style=\"font-family: Georgia, serif;\"><span lang=\"de-DE\"> oder der Schriftsteller und Regisseur <\/span><\/span><strong><span style=\"font-family: Georgia, serif;\"><span lang=\"de-DE\">Cristian Mungiu<\/span><\/span><\/strong><span style=\"font-family: Georgia, serif;\"><span lang=\"de-DE\">, sowie f\u00fcnf bedeutende ausl\u00e4ndische, in Rum\u00e4nien \u00fcbersetzte Autoren: der Ukrainer <\/span><\/span><strong><span style=\"font-family: Georgia, serif;\"><span lang=\"de-DE\">Andrei Kurkov<\/span><\/span><\/strong><span style=\"font-family: Georgia, serif;\"><span lang=\"de-DE\">, der Russe <\/span><\/span><strong><span style=\"font-family: Georgia, serif;\"><span lang=\"de-DE\">Michail Schischkin<\/span><\/span><\/strong><span style=\"font-family: Georgia, serif;\"><span lang=\"de-DE\">, die Schwedin <\/span><\/span><strong><span style=\"font-family: Georgia, serif;\"><span lang=\"de-DE\">Linda Bostr\u00f6m Knausg\u00e5rd<\/span><\/span><\/strong><span style=\"font-family: Georgia, serif;\"><span lang=\"de-DE\">, der Franzose <\/span><\/span><strong><span style=\"font-family: Georgia, serif;\"><span lang=\"de-DE\">Mathias \u00c9nard<\/span><\/span><\/strong><span style=\"font-family: Georgia, serif;\"><span lang=\"de-DE\"> und der Amerikaner <\/span><\/span><strong><span style=\"font-family: Georgia, serif;\"><span lang=\"de-DE\">Edward Ashton<\/span><\/span><\/strong><span style=\"font-family: Georgia, serif;\"><span lang=\"de-DE\">.<\/span><\/span><\/span><\/p>\n<p>&nbsp;<\/p>\n<p class=\"western\"><span style=\"font-size: 14pt;\"><span style=\"font-family: Georgia, serif;\"><span lang=\"de-DE\">Michail Schischkin ist den rum\u00e4nischen Lesern vor allem durch seine Werke <\/span><\/span><em><span style=\"font-family: Georgia, serif;\"><span lang=\"de-DE\">Venushaar<\/span><\/span><\/em><span style=\"font-family: Georgia, serif;\"><span lang=\"de-DE\"> und <\/span><\/span><em><span style=\"font-family: Georgia, serif;\"><span lang=\"de-DE\">Briefsteller<\/span><\/span><\/em><span style=\"font-family: Georgia, serif;\"><span lang=\"de-DE\"> \u2013 \u00fcbersetzt von <\/span><\/span><strong><span style=\"font-family: Georgia, serif;\"><span lang=\"de-DE\">Antoaneta Olteanu<\/span><\/span><\/strong><span style=\"font-family: Georgia, serif;\"><span lang=\"de-DE\"> \u2013 sowie durch das neuere Buch <\/span><\/span><em><span style=\"font-family: Georgia, serif;\"><span lang=\"de-DE\">Mein Russland<\/span><\/span><\/em><span style=\"font-family: Georgia, serif;\"><span lang=\"de-DE\">, \u00fcbersetzt von <\/span><\/span><strong><span style=\"font-family: Georgia, serif;\"><span lang=\"de-DE\">Adriana D\u0103nil\u0103<\/span><\/span><\/strong><span style=\"font-family: Georgia, serif;\"><span lang=\"de-DE\">, bekannt. Alle sind im Verlag <\/span><\/span><strong><span style=\"font-family: Georgia, serif;\"><span lang=\"de-DE\">Curtea Veche<\/span><\/span><\/strong><span style=\"font-family: Georgia, serif;\"><span lang=\"de-DE\"> erschienen. In Russland sind diese B\u00fccher nicht mehr im Handel erh\u00e4ltlich, da Michail Schischkin in seiner Heimat seit M\u00e4rz 2025 zum \u201eausl\u00e4ndischen Agenten\u201c erkl\u00e4rt wurde. Seit 30 Jahren lebt er im Exil; er ist ein scharfer Kritiker von <\/span><\/span><strong><span style=\"font-family: Georgia, serif;\"><span lang=\"de-DE\">Wladimir Putin<\/span><\/span><\/strong><span style=\"font-family: Georgia, serif;\"><span lang=\"de-DE\"> und dessen Regime und ist seit der Annexion der Krim im Jahr 2014 nicht mehr nach Russland gereist \u2013 obwohl er der einzige noch lebende Schriftsteller ist, der alle gro\u00dfen russischen Literaturpreise (<\/span><\/span><em><span style=\"font-family: Georgia, serif;\"><span lang=\"de-DE\">Bolschaja Kniga<\/span><\/span><\/em><span style=\"font-family: Georgia, serif;\"><span lang=\"de-DE\">, <\/span><\/span><em><span style=\"font-family: Georgia, serif;\"><span lang=\"de-DE\">Russkij Buker<\/span><\/span><\/em><span style=\"font-family: Georgia, serif;\"><span lang=\"de-DE\"> und <\/span><\/span><em><span style=\"font-family: Georgia, serif;\"><span lang=\"de-DE\">Natsionalnyj Bestseller<\/span><\/span><\/em><span style=\"font-family: Georgia, serif;\"><span lang=\"de-DE\">) erhalten hat. Seine Werke sind in 30 Sprachen \u00fcbersetzt worden, und er gilt als einer der bedeutendsten Vertreter der zeitgen\u00f6ssischen russischen Literatur.<\/span><\/span><\/span><\/p>\n<p>&nbsp;<\/p>\n<p class=\"western\"><span style=\"font-family: Georgia, serif; font-size: 14pt;\"><span lang=\"de-DE\">Wir fragten Michail Schischkin, ob es eine Verbindung zwischen seiner Arbeit als Romanautor und seinem b\u00fcrgerrechtlichen Engagement gibt.<\/span><\/span><\/p>\n<p>&nbsp;<\/p>\n<p class=\"western\"><span style=\"font-size: 14pt;\">\u201e<span style=\"font-family: Georgia, serif;\"><span lang=\"de-DE\"><i>Es gibt einen grundlegenden Unterschied zwischen Literatur und Publizistik. Literatur ist eine viel zu gro\u00dfe Waffe, um sie gegen die Diktatoren unserer Zeit einzusetzen. Denn Literatur k\u00e4mpft nicht gegen Putin, sondern gegen das B\u00f6se in der Welt. Verstehen Sie den Unterschied? Deshalb werden Sie in meinen Romanen niemals aktuelle Politik finden. Aber man kann auch nicht schweigend zusehen, was geschieht. Wenn man schweigt, unterst\u00fctzt man das Geschehen. F\u00fcr mich ist es wichtig, <\/i><\/span><\/span><em><span style=\"font-family: Georgia, serif;\"><span lang=\"de-DE\"><i>Nein<\/i><\/span><\/span><\/em><span style=\"font-family: Georgia, serif;\"><span lang=\"de-DE\"><i> zu sagen zu allem, was in Russland passiert, denn wir leben in Kriegszeiten. Ich bin nicht naiv und glaube nicht, dass B\u00fccher, Literatur, Kunst oder Musik den Krieg verhindern oder beenden k\u00f6nnen. Literatur kann die Kanonen nicht stoppen. Aber sie gibt dem Menschen Hoffnung, dass die Welt nicht in die H\u00f6lle, in den Abgrund st\u00fcrzt. Denn all die Putins, Stalins, Hitlers <\/i><\/span><\/span><span style=\"font-family: Georgia, serif;\"><span lang=\"de-DE\"><i>dieser Welt<\/i><\/span><\/span><span style=\"font-family: Georgia, serif;\"><span lang=\"de-DE\"><i> kommen und gehen \u2013 aber Bach, Beethoven bleiben. Sie werden immer aktuell sein.<\/i><\/span><\/span><\/span><\/p>\n<p>&nbsp;<\/p>\n<p class=\"western\"><span style=\"font-size: 14pt;\"><span style=\"font-family: Georgia, serif;\"><span lang=\"de-DE\"><i>Ich w\u00fcrde die Aufgabe der Literatur so formulieren: Meine Romane k\u00f6nnen die Menschen nicht auf die Stra\u00dfe treiben, auf die Barrikaden, um <\/i><\/span><\/span><em><span style=\"font-family: Georgia, serif;\"><span lang=\"de-DE\"><i>Nein<\/i><\/span><\/span><\/em><span style=\"font-family: Georgia, serif;\"><span lang=\"de-DE\"><i> zum Krieg zu sagen und daf\u00fcr wom\u00f6glich ins Gef\u00e4ngnis zu kommen. Aber wenn jemand, der ein Buch liest, danach \u00fcber seine eigene W\u00fcrde als Mensch nachdenkt und der Roman ihn auf irgendeine Weise beeinflusst \u2013 dann hat er etwas bewirkt. Denn im Leben ist das Wichtigste nicht, eine Wohnung zu besitzen oder ein tolles Auto zu fahren, sondern \u00fcber die eigene Menschenw\u00fcrde nachzudenken. Was hei\u00dft das? Was bin ich bereit, f\u00fcr meine W\u00fcrde zu opfern? Wo liegt die Grenze, bis zu der ich bereit bin, Dem\u00fctigungen zu ertragen \u2013 und wann gehe ich auf die Stra\u00dfe, um meine W\u00fcrde zu verteidigen? Nur Kunst und Literatur k\u00f6nnen einen Menschen dazu bringen, dar\u00fcber nachzudenken. Und deshalb sind meine Romane Waffen.\u201c<\/i><\/span><\/span><\/span><\/p>\n<p>&nbsp;<\/p>\n<p class=\"western\" lang=\"de-DE\"><span style=\"font-family: Georgia, serif; font-size: 14pt;\">Michail Schischkin sprach auch dar\u00fcber, wie er die Rolle der Literatur in der heutigen Welt sieht.<\/span><\/p>\n<p>&nbsp;<\/p>\n<p class=\"western\" lang=\"de-DE\"><span style=\"font-size: 14pt;\">\u201e<span style=\"font-family: Georgia, serif;\"><span lang=\"de-DE\"><i>Literatur ist kein Allheilmittel, das die Welt ver\u00e4ndern kann. Die Welt kann nur durch eines ver\u00e4ndert werden \u2013 durch Kultur im Allgemeinen, durch Bildung, durch die Verbreitung von Wissen. In den letzten 200 bis 300 Jahren hat die Menschheit die wichtigste Revolution erlebt: den \u00dcbergang vom Stammesbewusstsein zum individuellen Bewusstsein. Heute jedoch klafft zwischen der russischen Bev\u00f6lkerung und der entwickelten Menschheit ein Abgrund \u2013 ein Abgrund in der Zeit. In Russland lebt die Mehrheit der Menschen noch in der Vergangenheit, mit einem Stammesbewusstsein, sie identifizieren sich mit ihrem Stamm. Ich aber lebe bereits mit einem individuellen Bewusstsein. Nur ich allein entscheide, was gut und was schlecht ist \u2013 nicht mein Stamm, nicht der H\u00e4uptling meines Stammes. Und der \u00dcbergang vom Stammesbewusstsein zum individuellen Bewusstsein ist nur durch Wissen, Bildung, Kultur und Literatur m\u00f6glich. Deshalb wird jedes Regime in Russland, jede Diktatur, die Kultur zu ihrem Hauptfeind machen.<\/i><\/span><\/span><\/span><\/p>\n<p>&nbsp;<\/p>\n<p class=\"western\" lang=\"de-DE\"><i style=\"font-family: Georgia, serif; font-size: 14pt;\">Wie viele Schulen gibt es in Russland? Hunderttausende \u2013 niemand hat sie gez\u00e4hlt. In jeder Schule gibt es ein Klassenzimmer f\u00fcr Russisch, an dessen Wand ein Portr\u00e4t von Tolstoi h\u00e4ngt. Kein Lehrer wird jedoch neben Tolstois Portr\u00e4t sein Zitat aufh\u00e4ngen: \u201aPatriotismus ist eine Form der Sklaverei.\u2018 Denn das Einzige, wozu das Regime den Kulturbetrieb zu tun anh\u00e4lt, ist, Patrioten zu erziehen \u2013 also Sklaven. Sklaven, die glauben, sie verteidigten das Vaterland gegen Feinde, die in Wirklichkeit aber die Diktatur verteidigen. Daher ist die Hauptaufgabe des heutigen Regimes in Russland, Bildung und Kultur zu unterdr\u00fccken. Aus Tolstois gesamtem Werk \u00fcbernimmt das Regime nur das, was zur Erziehung von Patrioten dient.<\/i><\/p>\n<p>&nbsp;<\/p>\n<p class=\"western\" lang=\"de-DE\"><i style=\"font-family: Georgia, serif; font-size: 14pt;\">Um dieses Bewusstsein in Russland zu ver\u00e4ndern, muss zuerst das Regime ver\u00e4ndert werden. Und es gibt kein friedliches Mittel mehr, das Regime zu st\u00fcrzen. Als der Krieg gegen die Ukraine begann, hatte ich die Hoffnung, dass sich endlich die ganze Welt vereinen und der Ukraine genug Waffen geben w\u00fcrde, um auf dem Schlachtfeld zu siegen. Das ist die einzige M\u00f6glichkeit, Putins Regime zu besiegen. Und in den ersten Monaten des Krieges schien es tats\u00e4chlich so, als w\u00fcrde der gesamte Westen die Ukraine vereint unterst\u00fctzen. Und was ist schlie\u00dflich passiert? Verrat.Alle demokratischen L\u00e4nder haben die Ukraine verraten. Sie haben mich verraten, meinen pers\u00f6nlichen Kampf, meine Hoffnung. Das bedeutet, dass in Russland alles so bleiben wird, wie es ist. Kinder werden weiterhin zu \u201aPatrioten\u2018 erzogen. Schauen Sie, was jetzt in den Schulen passiert \u2013 Kinder werden wieder in Milit\u00e4runiformen gesteckt und sp\u00e4ter als Kanonenfutter verheizt. Ich wei\u00df nicht, wie wir das verhindern k\u00f6nnten.\u201c<\/i><\/p>\n<p>&nbsp;<\/p>\n<p class=\"western\"><span style=\"font-size: 14pt;\"><span style=\"font-family: Georgia, serif;\"><span lang=\"de-DE\">Im Jahr 2024 wurde erstmals der Literaturpreis <\/span><\/span><strong><span style=\"font-family: Georgia, serif;\"><span lang=\"de-DE\">\u201eDar\u201c<\/span><\/span><\/strong><span style=\"font-family: Georgia, serif;\"><span lang=\"de-DE\"> (was auf Russisch \u201eGeschenk, Gabe\u201c bedeutet \u2013 nach dem Titel des letzten auf Russisch geschriebenen Romans von <\/span><\/span><strong><span style=\"font-family: Georgia, serif;\"><span lang=\"de-DE\">Vladimir Nabokov<\/span><\/span><\/strong><span style=\"font-family: Georgia, serif;\"><span lang=\"de-DE\">) verliehen. Dieser Preis wurde auf Initiative von Michail Schischkin ins Leben gerufen, um die \u00dcbersetzung russischsprachiger Autoren au\u00dferhalb des offiziellen Literaturbetriebs in der Russischen F\u00f6deration zu f\u00f6rdern. Doch gerade w\u00e4hrend des NOD-Festivals wurde \u2013 sehr zu Schischkins Entt\u00e4uschung \u2013 auch der <\/span><\/span><strong><span style=\"font-family: Georgia, serif;\"><span lang=\"de-DE\">\u201eDar\u201c-Preis<\/span><\/span><\/strong><span style=\"font-family: Georgia, serif;\"><span lang=\"de-DE\"> in Russland als Produkt \u201eausl\u00e4ndischer Agenten\u201c eingestuft.<\/span><\/span><\/span><\/p>\n<p>&nbsp;<\/p>\n<p class=\"western\"><span style=\"font-family: Georgia, serif; font-size: 14pt;\"><span lang=\"de-DE\">Schischkins j\u00fcngstes Buch untersucht die Beziehung, die der Romancier heute zu seinen kulturellen \u201eV\u00e4tern\u201c \u2013 den gro\u00dfen Klassikern der russischen Literatur \u2013 hat, vor dem Hintergrund des Krieges in der Ukraine. Der Literaturbetrieb in Rum\u00e4nien wartet gespannt auf die \u00dcbersetzung ins Rum\u00e4nische.<\/span><\/span><\/p>\n","protected":false},"excerpt":{"rendered":"<p>&nbsp; RadioRomaniaInternational \u00b7 Russischer Exil-Schriftsteller Michail Schischkin zu Besuch in Rum\u00e4nien &nbsp; Das Festival umfasste au\u00dferdem viele andere Veranstaltungen \u2013 von Treffen der G\u00e4ste mit Sch\u00fclern bis hin zu Filmvorf\u00fchrungen, Poesie-Lesungen, verschiedenen Workshops und Signierstunden. Zu den G\u00e4sten der Veranstalter geh\u00f6rten bekannte rum\u00e4nische Autoren wie Bogdan Alexandru St\u0103nescu, Simona Go\u0219u, Cristian Fula\u0219, Dan Coman, Simona [&hellip;]<\/p>\n","protected":false},"author":237,"featured_media":938636,"comment_status":"closed","ping_status":"closed","sticky":false,"template":"","format":"audio","meta":{"_acf_changed":false,"footnotes":""},"categories":[116759],"tags":[163982,105654,121376,178888,178889,99589],"coauthors":[162207,113278,115354],"class_list":["post-943694","post","type-post","status-publish","format-audio","has-post-thumbnail","hentry","category-kulturchronik","tag-brasov-de","tag-kronstadt","tag-literaturfestival","tag-michail-schischkin","tag-nod-de","tag-rumaenien","post_format-post-format-audio"],"acf":[],"yoast_head":"<!-- This site is optimized with the Yoast SEO plugin v27.3 - https:\/\/yoast.com\/product\/yoast-seo-wordpress\/ -->\n<title>Russischer Exil-Schriftsteller Michail Schischkin zu Besuch in Rum\u00e4nien - Radio Rum\u00e4nien International<\/title>\n<meta name=\"robots\" content=\"index, follow, max-snippet:-1, max-image-preview:large, max-video-preview:-1\" \/>\n<link rel=\"canonical\" href=\"https:\/\/www.rri.ro\/de\/feature-reportage\/kulturchronik\/russischer-exil-schriftsteller-michail-schischkin-zu-besuch-in-rumaenien-id943694.html\" \/>\n<meta property=\"og:locale\" content=\"de_DE\" \/>\n<meta property=\"og:type\" content=\"article\" \/>\n<meta property=\"og:title\" content=\"Russischer Exil-Schriftsteller Michail Schischkin zu Besuch in Rum\u00e4nien - Radio Rum\u00e4nien International\" \/>\n<meta property=\"og:description\" content=\"&nbsp; RadioRomaniaInternational \u00b7 Russischer Exil-Schriftsteller Michail Schischkin zu Besuch in Rum\u00e4nien &nbsp; Das Festival umfasste au\u00dferdem viele andere Veranstaltungen \u2013 von Treffen der G\u00e4ste mit Sch\u00fclern bis hin zu Filmvorf\u00fchrungen, Poesie-Lesungen, verschiedenen Workshops und Signierstunden. Zu den G\u00e4sten der Veranstalter geh\u00f6rten bekannte rum\u00e4nische Autoren wie Bogdan Alexandru St\u0103nescu, Simona Go\u0219u, Cristian Fula\u0219, Dan Coman, Simona [&hellip;]\" \/>\n<meta property=\"og:url\" content=\"https:\/\/www.rri.ro\/de\/feature-reportage\/kulturchronik\/russischer-exil-schriftsteller-michail-schischkin-zu-besuch-in-rumaenien-id943694.html\" \/>\n<meta property=\"og:site_name\" content=\"Radio Rum\u00e4nien International\" \/>\n<meta property=\"article:published_time\" content=\"2025-10-25T14:30:44+00:00\" \/>\n<meta property=\"og:image\" content=\"https:\/\/www.rri.ro\/wp-content\/uploads\/2025\/10\/Mihail-Siskin-arh-personala.jpg\" \/>\n\t<meta property=\"og:image:width\" content=\"1920\" \/>\n\t<meta property=\"og:image:height\" content=\"1080\" \/>\n\t<meta property=\"og:image:type\" content=\"image\/jpeg\" \/>\n<meta name=\"author\" content=\"\u042e\u0441\u0442\u0438\u043d\u0430 \u0411\u0430\u043d\u0434\u043e\u043b, \u0422\u0430\u0442\u044c\u044f\u043d\u0430 \u041a\u043e\u0434\u0440\u0435\u0430\u043d\u0443, Sorin Georgescu\" \/>\n<meta name=\"twitter:card\" content=\"summary_large_image\" \/>\n<meta name=\"twitter:label1\" content=\"Verfasst von\" \/>\n\t<meta name=\"twitter:data1\" content=\"\u042e\u0441\u0442\u0438\u043d\u0430 \u0411\u0430\u043d\u0434\u043e\u043b\" \/>\n\t<meta name=\"twitter:label2\" content=\"Gesch\u00e4tzte Lesezeit\" \/>\n\t<meta name=\"twitter:data2\" content=\"6\u00a0Minuten\" \/>\n\t<meta name=\"twitter:label3\" content=\"Written by\" \/>\n\t<meta name=\"twitter:data3\" content=\"\u042e\u0441\u0442\u0438\u043d\u0430 \u0411\u0430\u043d\u0434\u043e\u043b, \u0422\u0430\u0442\u044c\u044f\u043d\u0430 \u041a\u043e\u0434\u0440\u0435\u0430\u043d\u0443, Sorin Georgescu\" \/>\n<script type=\"application\/ld+json\" class=\"yoast-schema-graph\">{\"@context\":\"https:\\\/\\\/schema.org\",\"@graph\":[{\"@type\":\"Article\",\"@id\":\"https:\\\/\\\/www.rri.ro\\\/de\\\/feature-reportage\\\/kulturchronik\\\/russischer-exil-schriftsteller-michail-schischkin-zu-besuch-in-rumaenien-id943694.html#article\",\"isPartOf\":{\"@id\":\"https:\\\/\\\/www.rri.ro\\\/de\\\/feature-reportage\\\/kulturchronik\\\/russischer-exil-schriftsteller-michail-schischkin-zu-besuch-in-rumaenien-id943694.html\"},\"author\":{\"name\":\"\u042e\u0441\u0442\u0438\u043d\u0430 \u0411\u0430\u043d\u0434\u043e\u043b\",\"@id\":\"https:\\\/\\\/www.rri.ro\\\/#\\\/schema\\\/person\\\/a8d401b4d8c10d6883f045cb9aabfacb\"},\"headline\":\"Russischer Exil-Schriftsteller Michail Schischkin zu Besuch in Rum\u00e4nien\",\"datePublished\":\"2025-10-25T14:30:44+00:00\",\"mainEntityOfPage\":{\"@id\":\"https:\\\/\\\/www.rri.ro\\\/de\\\/feature-reportage\\\/kulturchronik\\\/russischer-exil-schriftsteller-michail-schischkin-zu-besuch-in-rumaenien-id943694.html\"},\"wordCount\":1165,\"image\":{\"@id\":\"https:\\\/\\\/www.rri.ro\\\/de\\\/feature-reportage\\\/kulturchronik\\\/russischer-exil-schriftsteller-michail-schischkin-zu-besuch-in-rumaenien-id943694.html#primaryimage\"},\"thumbnailUrl\":\"https:\\\/\\\/www.rri.ro\\\/wp-content\\\/uploads\\\/2025\\\/10\\\/Mihail-Siskin-arh-personala.jpg\",\"keywords\":[\"Brasov\",\"Kronstadt\",\"Literaturfestival\",\"Michail Schischkin\",\"Nod\",\"Rum\u00e4nien\"],\"articleSection\":[\"Kulturchronik\"],\"inLanguage\":\"de\"},{\"@type\":\"WebPage\",\"@id\":\"https:\\\/\\\/www.rri.ro\\\/de\\\/feature-reportage\\\/kulturchronik\\\/russischer-exil-schriftsteller-michail-schischkin-zu-besuch-in-rumaenien-id943694.html\",\"url\":\"https:\\\/\\\/www.rri.ro\\\/de\\\/feature-reportage\\\/kulturchronik\\\/russischer-exil-schriftsteller-michail-schischkin-zu-besuch-in-rumaenien-id943694.html\",\"name\":\"Russischer Exil-Schriftsteller Michail Schischkin zu Besuch in Rum\u00e4nien - Radio Rum\u00e4nien International\",\"isPartOf\":{\"@id\":\"https:\\\/\\\/www.rri.ro\\\/#website\"},\"primaryImageOfPage\":{\"@id\":\"https:\\\/\\\/www.rri.ro\\\/de\\\/feature-reportage\\\/kulturchronik\\\/russischer-exil-schriftsteller-michail-schischkin-zu-besuch-in-rumaenien-id943694.html#primaryimage\"},\"image\":{\"@id\":\"https:\\\/\\\/www.rri.ro\\\/de\\\/feature-reportage\\\/kulturchronik\\\/russischer-exil-schriftsteller-michail-schischkin-zu-besuch-in-rumaenien-id943694.html#primaryimage\"},\"thumbnailUrl\":\"https:\\\/\\\/www.rri.ro\\\/wp-content\\\/uploads\\\/2025\\\/10\\\/Mihail-Siskin-arh-personala.jpg\",\"datePublished\":\"2025-10-25T14:30:44+00:00\",\"author\":{\"@id\":\"https:\\\/\\\/www.rri.ro\\\/#\\\/schema\\\/person\\\/a8d401b4d8c10d6883f045cb9aabfacb\"},\"breadcrumb\":{\"@id\":\"https:\\\/\\\/www.rri.ro\\\/de\\\/feature-reportage\\\/kulturchronik\\\/russischer-exil-schriftsteller-michail-schischkin-zu-besuch-in-rumaenien-id943694.html#breadcrumb\"},\"inLanguage\":\"de\",\"potentialAction\":[{\"@type\":\"ReadAction\",\"target\":[\"https:\\\/\\\/www.rri.ro\\\/de\\\/feature-reportage\\\/kulturchronik\\\/russischer-exil-schriftsteller-michail-schischkin-zu-besuch-in-rumaenien-id943694.html\"]}]},{\"@type\":\"ImageObject\",\"inLanguage\":\"de\",\"@id\":\"https:\\\/\\\/www.rri.ro\\\/de\\\/feature-reportage\\\/kulturchronik\\\/russischer-exil-schriftsteller-michail-schischkin-zu-besuch-in-rumaenien-id943694.html#primaryimage\",\"url\":\"https:\\\/\\\/www.rri.ro\\\/wp-content\\\/uploads\\\/2025\\\/10\\\/Mihail-Siskin-arh-personala.jpg\",\"contentUrl\":\"https:\\\/\\\/www.rri.ro\\\/wp-content\\\/uploads\\\/2025\\\/10\\\/Mihail-Siskin-arh-personala.jpg\",\"width\":1920,\"height\":1080,\"caption\":\"Michail Schischkin (Foto: pers\u00f6nliches Archiv des Schriftstellers)\"},{\"@type\":\"BreadcrumbList\",\"@id\":\"https:\\\/\\\/www.rri.ro\\\/de\\\/feature-reportage\\\/kulturchronik\\\/russischer-exil-schriftsteller-michail-schischkin-zu-besuch-in-rumaenien-id943694.html#breadcrumb\",\"itemListElement\":[{\"@type\":\"ListItem\",\"position\":1,\"name\":\"Startseite\",\"item\":\"https:\\\/\\\/www.rri.ro\\\/de\"},{\"@type\":\"ListItem\",\"position\":2,\"name\":\"Feature &amp; Reportage\",\"item\":\"https:\\\/\\\/www.rri.ro\\\/de\\\/feature-reportage\"},{\"@type\":\"ListItem\",\"position\":3,\"name\":\"Kulturchronik\",\"item\":\"https:\\\/\\\/www.rri.ro\\\/de\\\/feature-reportage\\\/kulturchronik\"},{\"@type\":\"ListItem\",\"position\":4,\"name\":\"Russischer Exil-Schriftsteller Michail Schischkin zu Besuch in Rum\u00e4nien\"}]},{\"@type\":\"WebSite\",\"@id\":\"https:\\\/\\\/www.rri.ro\\\/#website\",\"url\":\"https:\\\/\\\/www.rri.ro\\\/\",\"name\":\"Radio Rum\u00e4nien International\",\"description\":\"Totul despre Rom\u00e2nia \u015fi rom\u00e2ni, \u00een 13 limbi\\\/dialecte!\",\"inLanguage\":\"de\"},{\"@type\":\"Person\",\"@id\":\"https:\\\/\\\/www.rri.ro\\\/#\\\/schema\\\/person\\\/a8d401b4d8c10d6883f045cb9aabfacb\",\"name\":\"\u042e\u0441\u0442\u0438\u043d\u0430 \u0411\u0430\u043d\u0434\u043e\u043b\",\"url\":\"https:\\\/\\\/www.rri.ro\\\/de\\\/author\\\/justina-bandol\"}]}<\/script>\n<!-- \/ Yoast SEO plugin. -->","yoast_head_json":{"title":"Russischer Exil-Schriftsteller Michail Schischkin zu Besuch in Rum\u00e4nien - Radio Rum\u00e4nien International","robots":{"index":"index","follow":"follow","max-snippet":"max-snippet:-1","max-image-preview":"max-image-preview:large","max-video-preview":"max-video-preview:-1"},"canonical":"https:\/\/www.rri.ro\/de\/feature-reportage\/kulturchronik\/russischer-exil-schriftsteller-michail-schischkin-zu-besuch-in-rumaenien-id943694.html","og_locale":"de_DE","og_type":"article","og_title":"Russischer Exil-Schriftsteller Michail Schischkin zu Besuch in Rum\u00e4nien - Radio Rum\u00e4nien International","og_description":"&nbsp; RadioRomaniaInternational \u00b7 Russischer Exil-Schriftsteller Michail Schischkin zu Besuch in Rum\u00e4nien &nbsp; Das Festival umfasste au\u00dferdem viele andere Veranstaltungen \u2013 von Treffen der G\u00e4ste mit Sch\u00fclern bis hin zu Filmvorf\u00fchrungen, Poesie-Lesungen, verschiedenen Workshops und Signierstunden. Zu den G\u00e4sten der Veranstalter geh\u00f6rten bekannte rum\u00e4nische Autoren wie Bogdan Alexandru St\u0103nescu, Simona Go\u0219u, Cristian Fula\u0219, Dan Coman, Simona [&hellip;]","og_url":"https:\/\/www.rri.ro\/de\/feature-reportage\/kulturchronik\/russischer-exil-schriftsteller-michail-schischkin-zu-besuch-in-rumaenien-id943694.html","og_site_name":"Radio Rum\u00e4nien International","article_published_time":"2025-10-25T14:30:44+00:00","og_image":[{"width":1920,"height":1080,"url":"https:\/\/www.rri.ro\/wp-content\/uploads\/2025\/10\/Mihail-Siskin-arh-personala.jpg","type":"image\/jpeg"}],"author":"\u042e\u0441\u0442\u0438\u043d\u0430 \u0411\u0430\u043d\u0434\u043e\u043b, \u0422\u0430\u0442\u044c\u044f\u043d\u0430 \u041a\u043e\u0434\u0440\u0435\u0430\u043d\u0443, Sorin Georgescu","twitter_card":"summary_large_image","twitter_misc":{"Verfasst von":"\u042e\u0441\u0442\u0438\u043d\u0430 \u0411\u0430\u043d\u0434\u043e\u043b","Gesch\u00e4tzte Lesezeit":"6\u00a0Minuten","Written by":"\u042e\u0441\u0442\u0438\u043d\u0430 \u0411\u0430\u043d\u0434\u043e\u043b, \u0422\u0430\u0442\u044c\u044f\u043d\u0430 \u041a\u043e\u0434\u0440\u0435\u0430\u043d\u0443, Sorin Georgescu"},"schema":{"@context":"https:\/\/schema.org","@graph":[{"@type":"Article","@id":"https:\/\/www.rri.ro\/de\/feature-reportage\/kulturchronik\/russischer-exil-schriftsteller-michail-schischkin-zu-besuch-in-rumaenien-id943694.html#article","isPartOf":{"@id":"https:\/\/www.rri.ro\/de\/feature-reportage\/kulturchronik\/russischer-exil-schriftsteller-michail-schischkin-zu-besuch-in-rumaenien-id943694.html"},"author":{"name":"\u042e\u0441\u0442\u0438\u043d\u0430 \u0411\u0430\u043d\u0434\u043e\u043b","@id":"https:\/\/www.rri.ro\/#\/schema\/person\/a8d401b4d8c10d6883f045cb9aabfacb"},"headline":"Russischer Exil-Schriftsteller Michail Schischkin zu Besuch in Rum\u00e4nien","datePublished":"2025-10-25T14:30:44+00:00","mainEntityOfPage":{"@id":"https:\/\/www.rri.ro\/de\/feature-reportage\/kulturchronik\/russischer-exil-schriftsteller-michail-schischkin-zu-besuch-in-rumaenien-id943694.html"},"wordCount":1165,"image":{"@id":"https:\/\/www.rri.ro\/de\/feature-reportage\/kulturchronik\/russischer-exil-schriftsteller-michail-schischkin-zu-besuch-in-rumaenien-id943694.html#primaryimage"},"thumbnailUrl":"https:\/\/www.rri.ro\/wp-content\/uploads\/2025\/10\/Mihail-Siskin-arh-personala.jpg","keywords":["Brasov","Kronstadt","Literaturfestival","Michail Schischkin","Nod","Rum\u00e4nien"],"articleSection":["Kulturchronik"],"inLanguage":"de"},{"@type":"WebPage","@id":"https:\/\/www.rri.ro\/de\/feature-reportage\/kulturchronik\/russischer-exil-schriftsteller-michail-schischkin-zu-besuch-in-rumaenien-id943694.html","url":"https:\/\/www.rri.ro\/de\/feature-reportage\/kulturchronik\/russischer-exil-schriftsteller-michail-schischkin-zu-besuch-in-rumaenien-id943694.html","name":"Russischer Exil-Schriftsteller Michail Schischkin zu Besuch in Rum\u00e4nien - Radio Rum\u00e4nien International","isPartOf":{"@id":"https:\/\/www.rri.ro\/#website"},"primaryImageOfPage":{"@id":"https:\/\/www.rri.ro\/de\/feature-reportage\/kulturchronik\/russischer-exil-schriftsteller-michail-schischkin-zu-besuch-in-rumaenien-id943694.html#primaryimage"},"image":{"@id":"https:\/\/www.rri.ro\/de\/feature-reportage\/kulturchronik\/russischer-exil-schriftsteller-michail-schischkin-zu-besuch-in-rumaenien-id943694.html#primaryimage"},"thumbnailUrl":"https:\/\/www.rri.ro\/wp-content\/uploads\/2025\/10\/Mihail-Siskin-arh-personala.jpg","datePublished":"2025-10-25T14:30:44+00:00","author":{"@id":"https:\/\/www.rri.ro\/#\/schema\/person\/a8d401b4d8c10d6883f045cb9aabfacb"},"breadcrumb":{"@id":"https:\/\/www.rri.ro\/de\/feature-reportage\/kulturchronik\/russischer-exil-schriftsteller-michail-schischkin-zu-besuch-in-rumaenien-id943694.html#breadcrumb"},"inLanguage":"de","potentialAction":[{"@type":"ReadAction","target":["https:\/\/www.rri.ro\/de\/feature-reportage\/kulturchronik\/russischer-exil-schriftsteller-michail-schischkin-zu-besuch-in-rumaenien-id943694.html"]}]},{"@type":"ImageObject","inLanguage":"de","@id":"https:\/\/www.rri.ro\/de\/feature-reportage\/kulturchronik\/russischer-exil-schriftsteller-michail-schischkin-zu-besuch-in-rumaenien-id943694.html#primaryimage","url":"https:\/\/www.rri.ro\/wp-content\/uploads\/2025\/10\/Mihail-Siskin-arh-personala.jpg","contentUrl":"https:\/\/www.rri.ro\/wp-content\/uploads\/2025\/10\/Mihail-Siskin-arh-personala.jpg","width":1920,"height":1080,"caption":"Michail Schischkin (Foto: pers\u00f6nliches Archiv des Schriftstellers)"},{"@type":"BreadcrumbList","@id":"https:\/\/www.rri.ro\/de\/feature-reportage\/kulturchronik\/russischer-exil-schriftsteller-michail-schischkin-zu-besuch-in-rumaenien-id943694.html#breadcrumb","itemListElement":[{"@type":"ListItem","position":1,"name":"Startseite","item":"https:\/\/www.rri.ro\/de"},{"@type":"ListItem","position":2,"name":"Feature &amp; Reportage","item":"https:\/\/www.rri.ro\/de\/feature-reportage"},{"@type":"ListItem","position":3,"name":"Kulturchronik","item":"https:\/\/www.rri.ro\/de\/feature-reportage\/kulturchronik"},{"@type":"ListItem","position":4,"name":"Russischer Exil-Schriftsteller Michail Schischkin zu Besuch in Rum\u00e4nien"}]},{"@type":"WebSite","@id":"https:\/\/www.rri.ro\/#website","url":"https:\/\/www.rri.ro\/","name":"Radio Rum\u00e4nien International","description":"Totul despre Rom\u00e2nia \u015fi rom\u00e2ni, \u00een 13 limbi\/dialecte!","inLanguage":"de"},{"@type":"Person","@id":"https:\/\/www.rri.ro\/#\/schema\/person\/a8d401b4d8c10d6883f045cb9aabfacb","name":"\u042e\u0441\u0442\u0438\u043d\u0430 \u0411\u0430\u043d\u0434\u043e\u043b","url":"https:\/\/www.rri.ro\/de\/author\/justina-bandol"}]}},"_links":{"self":[{"href":"https:\/\/www.rri.ro\/de\/wp-json\/wp\/v2\/posts\/943694","targetHints":{"allow":["GET"]}}],"collection":[{"href":"https:\/\/www.rri.ro\/de\/wp-json\/wp\/v2\/posts"}],"about":[{"href":"https:\/\/www.rri.ro\/de\/wp-json\/wp\/v2\/types\/post"}],"author":[{"embeddable":true,"href":"https:\/\/www.rri.ro\/de\/wp-json\/wp\/v2\/users\/237"}],"replies":[{"embeddable":true,"href":"https:\/\/www.rri.ro\/de\/wp-json\/wp\/v2\/comments?post=943694"}],"version-history":[{"count":0,"href":"https:\/\/www.rri.ro\/de\/wp-json\/wp\/v2\/posts\/943694\/revisions"}],"wp:featuredmedia":[{"embeddable":true,"href":"https:\/\/www.rri.ro\/de\/wp-json\/wp\/v2\/media\/938636"}],"wp:attachment":[{"href":"https:\/\/www.rri.ro\/de\/wp-json\/wp\/v2\/media?parent=943694"}],"wp:term":[{"taxonomy":"category","embeddable":true,"href":"https:\/\/www.rri.ro\/de\/wp-json\/wp\/v2\/categories?post=943694"},{"taxonomy":"post_tag","embeddable":true,"href":"https:\/\/www.rri.ro\/de\/wp-json\/wp\/v2\/tags?post=943694"},{"taxonomy":"author","embeddable":true,"href":"https:\/\/www.rri.ro\/de\/wp-json\/wp\/v2\/coauthors?post=943694"}],"curies":[{"name":"wp","href":"https:\/\/api.w.org\/{rel}","templated":true}]}}