{"id":943738,"date":"2025-10-25T17:00:05","date_gmt":"2025-10-25T14:00:05","guid":{"rendered":"https:\/\/www.rri.ro\/?p=943738"},"modified":"2025-10-25T15:24:11","modified_gmt":"2025-10-25T12:24:11","slug":"nachrichten-25-10-2025","status":"publish","type":"post","link":"https:\/\/www.rri.ro\/de\/aktuell\/newsflash-de\/nachrichten-25-10-2025-id943738.html","title":{"rendered":"Nachrichten 25.10.2025"},"content":{"rendered":"<p>Der rum\u00e4nische Pr\u00e4sident Nicu\u0219or Dan erkl\u00e4rte am Samstag in Ia\u0219i im Nordosten des Landes, dass die Modernisierung der rum\u00e4nischen Armee eine Priorit\u00e4t sei.<br data-start=\"354\" data-end=\"357\" \/>Er betonte, es reiche nicht aus, nur zu sagen, man wolle Frieden \u2013 man m\u00fcsse auch Verantwortung zeigen und vorbereitet sein, um den Krieg abzuschrecken. \u201eDass die Armee in allen Umfragen die am meisten gesch\u00e4tzte Institution Rum\u00e4niens ist, zeigt, dass es in ihren Reihen Professionalit\u00e4t und Fachleute gibt\u201c, sagte Pr\u00e4sident Dan. Der Staatschef nahm am milit\u00e4rischen und religi\u00f6sen Festakt zum Tag der rum\u00e4nischen Armee in Ia\u0219i teil. Auch der Senatspr\u00e4sident Mircea Abrudean erkl\u00e4rte, Rum\u00e4nien sei heute ein sicheres Land und ein Stabilit\u00e4tspfeiler in Osteuropa. Die B\u00fcrger des Landes h\u00e4tten die st\u00e4rksten Sicherheitsgarantien in der Geschichte Rum\u00e4niens. Der Tag der rum\u00e4nischen Armee wurde am Samstag mit Veranstaltungen in den wichtigsten Garnisonen des Landes, in den Milit\u00e4rst\u00fctzpunkten mit rum\u00e4nischen Truppen sowie in den Einsatzgebieten im Ausland gefeiert. Zeremonien fanden auch in L\u00e4ndern statt, in denen Rum\u00e4nien Verteidigungsattach\u00e9s oder st\u00e4ndige Vertretungen hat. In Bukarest wurde am Grab des unbekannten Soldaten im Carol-I-Park eine milit\u00e4rische und religi\u00f6se Kranzniederlegung abgehalten, gefolgt vom feierlichen Wachwechsel. Milit\u00e4rflugzeuge der rum\u00e4nischen Luftstreitkr\u00e4fte \u00fcberflogen das Denkmal. \u00c4hnliche milit\u00e4rische und religi\u00f6se Zeremonien fanden auch in den gro\u00dfen Garnisonen des Landes, an den Ehrenmalen der Helden sowie an Soldatenfriedh\u00f6fen und Denkm\u00e4lern in \u00d6sterreich, Bosnien und Herzegowina, Bulgarien, Tschechien, der Republik Moldau und Ungarn statt.<\/p>\n<p>&nbsp;<\/p>\n<p>Die Malerarbeiten der Nationalkathedrale in Bukarest werden am Sonntag vom \u00d6kumenischen Patriarchen Bartholomaios I. von Konstantinopel und vom Patriarchen Daniel der mehrheitlich orthodoxen Kirche Rum\u00e4niens geweiht. Begleitet werden sie von Dutzenden Bisch\u00f6fen und Priestern. Zu dem Ereignis, das den 100. Jahrestag des rum\u00e4nischen Patriarchats markiert, werden \u00fcber 100.000 Gl\u00e4ubige erwartet. Im \u00a0Jahr 2025 begeht die Rum\u00e4nisch-Orthodoxe Kirche gleich zwei Jubil\u00e4en: 140 Jahre seit der Anerkennung ihrer Autokephalie und 100 Jahre seit ihrer Erhebung zum Patriarchat. Die Weihe des Altars der Nationalkathedrale fand bereits am 25. November 2018, im Jahr des Gro\u00dfen Einigungsjubil\u00e4ums, statt. Die Nationalkathedrale ist 120 Meter hoch, und ihre Glocken haben ein Gesamtgewicht von 33 Tonnen. Architektonisch vereint sie Tradition und Moderne: Elemente aus verschiedenen Regionen Rum\u00e4niens verschmelzen mit monumentalen Einfl\u00fcssen westeurop\u00e4ischer Kathedralen \u2013 ein Symbol auch f\u00fcr die starke rum\u00e4nische Diaspora im Westen. Die Mosaike der Kathedrale bedecken eine Fl\u00e4che von rund 25.000 Quadratmetern. In ihrer ikonographischen Gestaltung, dem stilistischen Ausdruck und dem ornamentalen Repertoire verbinden sie byzantinische Kunst mit mittelalterlicher rum\u00e4nischer Kunsttradition.<\/p>\n<p>&nbsp;<\/p>\n<p>In Rum\u00e4nien wird sich der Nationale Dreiparteienrat f\u00fcr Sozialen Dialog Mitte n\u00e4chster Woche treffen, um \u00fcber eine m\u00f6gliche Erh\u00f6hung des gesetzlichen Mindestlohns zu beraten. Das k\u00fcndigte der Generalsekret\u00e4r der Regierung, Radu Oprea, an. Er erkl\u00e4rte, es gebe stichhaltige rechtliche, wirtschaftliche und soziale Argumente f\u00fcr eine Anhebung. Oprea betonte, dass bei fast 850.000 Besch\u00e4ftigten, die derzeit den Mindestlohn erhalten, ein R\u00fcckgang der Einkommen den Konsum und die Arbeitsproduktivit\u00e4t beeintr\u00e4chtige. Der Interimschef der Sozialdemokraten (PSD), Sorin Grindeanu, warnte, dass Rum\u00e4nien ein Vertragsverletzungsverfahren der EU drohen k\u00f6nnte, sollte der Mindestlohn nicht angepasst werden. Der liberale Premierminister Ilie Bolojan erkl\u00e4rte jedoch k\u00fcrzlich, dass sich die Regierungskoalition darauf verst\u00e4ndigt habe, den Mindestlohn bis 2026 auf dem derzeitigen Niveau zu halten. Zur Koalition geh\u00f6ren die Parteien PSD, PNL, USR und UDMR.<\/p>\n<p>&nbsp;<\/p>\n<p>Eine neue F-16 Fighting Falcon-Staffel der rum\u00e4nischen Luftstreitkr\u00e4fte nimmt ihre Mission unter NATO-Kommando auf. Das gab der rum\u00e4nische Verteidigungsminister Ionu\u021b Mo\u0219teanu bekannt. Es handelt sich um die zweite F-16-Staffel, die f\u00fcr NATO-Eins\u00e4tze zertifiziert wurde \u2013 ein klares Zeichen f\u00fcr den hohen Professionalismus der rum\u00e4nischen Luftwaffe und ihre F\u00e4higkeit, eng mit den B\u00fcndnispartnern zu operieren, so der Minister. Derzeit verf\u00fcgt Rum\u00e4nien \u00fcber drei Staffeln, die den Schutz des Luftraums gew\u00e4hrleisten: zwei rum\u00e4nische \u2013 in Fete\u0219ti im S\u00fcdosten und in C\u00e2mpia Turzii im Landeszentrum \u2013 sowie eine alliierten-Staffel mit Typhoon-Jets der deutschen Luftwaffe auf dem St\u00fctzpunkt Mihail Kog\u0103lniceanu. \u201eGemeinsam bilden sie ein echtes Sicherheitsdach an der Ostflanke der NATO. Jeder Einsatz der Luftpolizei, jede Flugstunde und jedes Team hinter diesen Maschinen sind Teil eines kollektiven Einsatzes f\u00fcr Frieden und Sicherheit in der Region\u201c, erkl\u00e4rte Minister Mo\u0219teanu weiter.<\/p>\n","protected":false},"excerpt":{"rendered":"<p>Der rum\u00e4nische Pr\u00e4sident Nicu\u0219or Dan erkl\u00e4rte am Samstag in Ia\u0219i im Nordosten des Landes, dass die Modernisierung der rum\u00e4nischen Armee eine Priorit\u00e4t sei.Er betonte, es reiche nicht aus, nur zu sagen, man wolle Frieden \u2013 man m\u00fcsse auch Verantwortung zeigen und vorbereitet sein, um den Krieg abzuschrecken. \u201eDass die Armee in allen Umfragen die am [&hellip;]<\/p>\n","protected":false},"author":113,"featured_media":723386,"comment_status":"closed","ping_status":"closed","sticky":false,"template":"","format":"standard","meta":{"_acf_changed":false,"footnotes":""},"categories":[116753],"tags":[178891,99610,161465,170232,126613],"coauthors":[116091],"class_list":["post-943738","post","type-post","status-publish","format-standard","has-post-thumbnail","hentry","category-newsflash-de","tag-f-16-fighting-falcon-staffel","tag-mindestlohn","tag-nationalkathedrale","tag-praesident-nicusor-dan","tag-tag-der-armee"],"acf":[],"yoast_head":"<!-- This site is optimized with the Yoast SEO plugin v27.3 - https:\/\/yoast.com\/product\/yoast-seo-wordpress\/ -->\n<title>Nachrichten 25.10.2025 - Radio Rum\u00e4nien International<\/title>\n<meta name=\"robots\" content=\"index, follow, max-snippet:-1, max-image-preview:large, max-video-preview:-1\" \/>\n<link rel=\"canonical\" href=\"https:\/\/www.rri.ro\/de\/aktuell\/newsflash-de\/nachrichten-25-10-2025-id943738.html\" \/>\n<meta property=\"og:locale\" content=\"de_DE\" \/>\n<meta property=\"og:type\" content=\"article\" \/>\n<meta property=\"og:title\" content=\"Nachrichten 25.10.2025 - Radio Rum\u00e4nien International\" \/>\n<meta property=\"og:description\" content=\"Der rum\u00e4nische Pr\u00e4sident Nicu\u0219or Dan erkl\u00e4rte am Samstag in Ia\u0219i im Nordosten des Landes, dass die Modernisierung der rum\u00e4nischen Armee eine Priorit\u00e4t sei.Er betonte, es reiche nicht aus, nur zu sagen, man wolle Frieden \u2013 man m\u00fcsse auch Verantwortung zeigen und vorbereitet sein, um den Krieg abzuschrecken. \u201eDass die Armee in allen Umfragen die am [&hellip;]\" \/>\n<meta property=\"og:url\" content=\"https:\/\/www.rri.ro\/de\/aktuell\/newsflash-de\/nachrichten-25-10-2025-id943738.html\" \/>\n<meta property=\"og:site_name\" content=\"Radio Rum\u00e4nien International\" \/>\n<meta property=\"article:published_time\" content=\"2025-10-25T14:00:05+00:00\" \/>\n<meta property=\"og:image\" content=\"https:\/\/www.rri.ro\/wp-content\/uploads\/2024\/03\/RRI-960x540-Nachrichten-2-NOU.jpg\" \/>\n\t<meta property=\"og:image:width\" content=\"960\" \/>\n\t<meta property=\"og:image:height\" content=\"540\" \/>\n\t<meta property=\"og:image:type\" content=\"image\/jpeg\" \/>\n<meta name=\"author\" content=\"Newsroom\" \/>\n<meta name=\"twitter:card\" content=\"summary_large_image\" \/>\n<meta name=\"twitter:label1\" content=\"Verfasst von\" \/>\n\t<meta name=\"twitter:data1\" content=\"Newsroom\" \/>\n\t<meta name=\"twitter:label2\" content=\"Gesch\u00e4tzte Lesezeit\" \/>\n\t<meta name=\"twitter:data2\" content=\"4\u00a0Minuten\" \/>\n\t<meta name=\"twitter:label3\" content=\"Written by\" \/>\n\t<meta name=\"twitter:data3\" content=\"Newsroom\" \/>\n<script type=\"application\/ld+json\" class=\"yoast-schema-graph\">{\"@context\":\"https:\\\/\\\/schema.org\",\"@graph\":[{\"@type\":\"Article\",\"@id\":\"https:\\\/\\\/www.rri.ro\\\/de\\\/aktuell\\\/newsflash-de\\\/nachrichten-25-10-2025-id943738.html#article\",\"isPartOf\":{\"@id\":\"https:\\\/\\\/www.rri.ro\\\/de\\\/aktuell\\\/newsflash-de\\\/nachrichten-25-10-2025-id943738.html\"},\"author\":{\"name\":\"Newsroom\",\"@id\":\"https:\\\/\\\/www.rri.ro\\\/#\\\/schema\\\/person\\\/4a479940371b9fdefd194f561e8a7f88\"},\"headline\":\"Nachrichten 25.10.2025\",\"datePublished\":\"2025-10-25T14:00:05+00:00\",\"mainEntityOfPage\":{\"@id\":\"https:\\\/\\\/www.rri.ro\\\/de\\\/aktuell\\\/newsflash-de\\\/nachrichten-25-10-2025-id943738.html\"},\"wordCount\":737,\"image\":{\"@id\":\"https:\\\/\\\/www.rri.ro\\\/de\\\/aktuell\\\/newsflash-de\\\/nachrichten-25-10-2025-id943738.html#primaryimage\"},\"thumbnailUrl\":\"https:\\\/\\\/www.rri.ro\\\/wp-content\\\/uploads\\\/2024\\\/03\\\/RRI-960x540-Nachrichten-2-NOU.jpg\",\"keywords\":[\"F-16 Fighting Falcon-Staffel\",\"Mindestlohn\",\"Nationalkathedrale\",\"Pr\u00e4sident Nicusor Dan\",\"Tag der Armee\"],\"articleSection\":[\"Newsflash\"],\"inLanguage\":\"de\"},{\"@type\":\"WebPage\",\"@id\":\"https:\\\/\\\/www.rri.ro\\\/de\\\/aktuell\\\/newsflash-de\\\/nachrichten-25-10-2025-id943738.html\",\"url\":\"https:\\\/\\\/www.rri.ro\\\/de\\\/aktuell\\\/newsflash-de\\\/nachrichten-25-10-2025-id943738.html\",\"name\":\"Nachrichten 25.10.2025 - Radio Rum\u00e4nien International\",\"isPartOf\":{\"@id\":\"https:\\\/\\\/www.rri.ro\\\/#website\"},\"primaryImageOfPage\":{\"@id\":\"https:\\\/\\\/www.rri.ro\\\/de\\\/aktuell\\\/newsflash-de\\\/nachrichten-25-10-2025-id943738.html#primaryimage\"},\"image\":{\"@id\":\"https:\\\/\\\/www.rri.ro\\\/de\\\/aktuell\\\/newsflash-de\\\/nachrichten-25-10-2025-id943738.html#primaryimage\"},\"thumbnailUrl\":\"https:\\\/\\\/www.rri.ro\\\/wp-content\\\/uploads\\\/2024\\\/03\\\/RRI-960x540-Nachrichten-2-NOU.jpg\",\"datePublished\":\"2025-10-25T14:00:05+00:00\",\"author\":{\"@id\":\"https:\\\/\\\/www.rri.ro\\\/#\\\/schema\\\/person\\\/4a479940371b9fdefd194f561e8a7f88\"},\"breadcrumb\":{\"@id\":\"https:\\\/\\\/www.rri.ro\\\/de\\\/aktuell\\\/newsflash-de\\\/nachrichten-25-10-2025-id943738.html#breadcrumb\"},\"inLanguage\":\"de\",\"potentialAction\":[{\"@type\":\"ReadAction\",\"target\":[\"https:\\\/\\\/www.rri.ro\\\/de\\\/aktuell\\\/newsflash-de\\\/nachrichten-25-10-2025-id943738.html\"]}]},{\"@type\":\"ImageObject\",\"inLanguage\":\"de\",\"@id\":\"https:\\\/\\\/www.rri.ro\\\/de\\\/aktuell\\\/newsflash-de\\\/nachrichten-25-10-2025-id943738.html#primaryimage\",\"url\":\"https:\\\/\\\/www.rri.ro\\\/wp-content\\\/uploads\\\/2024\\\/03\\\/RRI-960x540-Nachrichten-2-NOU.jpg\",\"contentUrl\":\"https:\\\/\\\/www.rri.ro\\\/wp-content\\\/uploads\\\/2024\\\/03\\\/RRI-960x540-Nachrichten-2-NOU.jpg\",\"width\":960,\"height\":540},{\"@type\":\"BreadcrumbList\",\"@id\":\"https:\\\/\\\/www.rri.ro\\\/de\\\/aktuell\\\/newsflash-de\\\/nachrichten-25-10-2025-id943738.html#breadcrumb\",\"itemListElement\":[{\"@type\":\"ListItem\",\"position\":1,\"name\":\"Startseite\",\"item\":\"https:\\\/\\\/www.rri.ro\\\/de\"},{\"@type\":\"ListItem\",\"position\":2,\"name\":\"Actualitate\",\"item\":\"https:\\\/\\\/www.rri.ro\\\/actualitate\"},{\"@type\":\"ListItem\",\"position\":3,\"name\":\"Newsflash\",\"item\":\"https:\\\/\\\/www.rri.ro\\\/de\\\/aktuell\\\/newsflash-de\"},{\"@type\":\"ListItem\",\"position\":4,\"name\":\"Nachrichten 25.10.2025\"}]},{\"@type\":\"WebSite\",\"@id\":\"https:\\\/\\\/www.rri.ro\\\/#website\",\"url\":\"https:\\\/\\\/www.rri.ro\\\/\",\"name\":\"Radio Rum\u00e4nien International\",\"description\":\"Totul despre Rom\u00e2nia \u015fi rom\u00e2ni, \u00een 13 limbi\\\/dialecte!\",\"inLanguage\":\"de\"},{\"@type\":\"Person\",\"@id\":\"https:\\\/\\\/www.rri.ro\\\/#\\\/schema\\\/person\\\/4a479940371b9fdefd194f561e8a7f88\",\"name\":\"Newsroom\",\"url\":\"https:\\\/\\\/www.rri.ro\\\/de\\\/author\\\/newsroom\"}]}<\/script>\n<!-- \/ Yoast SEO plugin. -->","yoast_head_json":{"title":"Nachrichten 25.10.2025 - Radio Rum\u00e4nien International","robots":{"index":"index","follow":"follow","max-snippet":"max-snippet:-1","max-image-preview":"max-image-preview:large","max-video-preview":"max-video-preview:-1"},"canonical":"https:\/\/www.rri.ro\/de\/aktuell\/newsflash-de\/nachrichten-25-10-2025-id943738.html","og_locale":"de_DE","og_type":"article","og_title":"Nachrichten 25.10.2025 - Radio Rum\u00e4nien International","og_description":"Der rum\u00e4nische Pr\u00e4sident Nicu\u0219or Dan erkl\u00e4rte am Samstag in Ia\u0219i im Nordosten des Landes, dass die Modernisierung der rum\u00e4nischen Armee eine Priorit\u00e4t sei.Er betonte, es reiche nicht aus, nur zu sagen, man wolle Frieden \u2013 man m\u00fcsse auch Verantwortung zeigen und vorbereitet sein, um den Krieg abzuschrecken. \u201eDass die Armee in allen Umfragen die am [&hellip;]","og_url":"https:\/\/www.rri.ro\/de\/aktuell\/newsflash-de\/nachrichten-25-10-2025-id943738.html","og_site_name":"Radio Rum\u00e4nien International","article_published_time":"2025-10-25T14:00:05+00:00","og_image":[{"width":960,"height":540,"url":"https:\/\/www.rri.ro\/wp-content\/uploads\/2024\/03\/RRI-960x540-Nachrichten-2-NOU.jpg","type":"image\/jpeg"}],"author":"Newsroom","twitter_card":"summary_large_image","twitter_misc":{"Verfasst von":"Newsroom","Gesch\u00e4tzte Lesezeit":"4\u00a0Minuten","Written by":"Newsroom"},"schema":{"@context":"https:\/\/schema.org","@graph":[{"@type":"Article","@id":"https:\/\/www.rri.ro\/de\/aktuell\/newsflash-de\/nachrichten-25-10-2025-id943738.html#article","isPartOf":{"@id":"https:\/\/www.rri.ro\/de\/aktuell\/newsflash-de\/nachrichten-25-10-2025-id943738.html"},"author":{"name":"Newsroom","@id":"https:\/\/www.rri.ro\/#\/schema\/person\/4a479940371b9fdefd194f561e8a7f88"},"headline":"Nachrichten 25.10.2025","datePublished":"2025-10-25T14:00:05+00:00","mainEntityOfPage":{"@id":"https:\/\/www.rri.ro\/de\/aktuell\/newsflash-de\/nachrichten-25-10-2025-id943738.html"},"wordCount":737,"image":{"@id":"https:\/\/www.rri.ro\/de\/aktuell\/newsflash-de\/nachrichten-25-10-2025-id943738.html#primaryimage"},"thumbnailUrl":"https:\/\/www.rri.ro\/wp-content\/uploads\/2024\/03\/RRI-960x540-Nachrichten-2-NOU.jpg","keywords":["F-16 Fighting Falcon-Staffel","Mindestlohn","Nationalkathedrale","Pr\u00e4sident Nicusor Dan","Tag der Armee"],"articleSection":["Newsflash"],"inLanguage":"de"},{"@type":"WebPage","@id":"https:\/\/www.rri.ro\/de\/aktuell\/newsflash-de\/nachrichten-25-10-2025-id943738.html","url":"https:\/\/www.rri.ro\/de\/aktuell\/newsflash-de\/nachrichten-25-10-2025-id943738.html","name":"Nachrichten 25.10.2025 - Radio Rum\u00e4nien International","isPartOf":{"@id":"https:\/\/www.rri.ro\/#website"},"primaryImageOfPage":{"@id":"https:\/\/www.rri.ro\/de\/aktuell\/newsflash-de\/nachrichten-25-10-2025-id943738.html#primaryimage"},"image":{"@id":"https:\/\/www.rri.ro\/de\/aktuell\/newsflash-de\/nachrichten-25-10-2025-id943738.html#primaryimage"},"thumbnailUrl":"https:\/\/www.rri.ro\/wp-content\/uploads\/2024\/03\/RRI-960x540-Nachrichten-2-NOU.jpg","datePublished":"2025-10-25T14:00:05+00:00","author":{"@id":"https:\/\/www.rri.ro\/#\/schema\/person\/4a479940371b9fdefd194f561e8a7f88"},"breadcrumb":{"@id":"https:\/\/www.rri.ro\/de\/aktuell\/newsflash-de\/nachrichten-25-10-2025-id943738.html#breadcrumb"},"inLanguage":"de","potentialAction":[{"@type":"ReadAction","target":["https:\/\/www.rri.ro\/de\/aktuell\/newsflash-de\/nachrichten-25-10-2025-id943738.html"]}]},{"@type":"ImageObject","inLanguage":"de","@id":"https:\/\/www.rri.ro\/de\/aktuell\/newsflash-de\/nachrichten-25-10-2025-id943738.html#primaryimage","url":"https:\/\/www.rri.ro\/wp-content\/uploads\/2024\/03\/RRI-960x540-Nachrichten-2-NOU.jpg","contentUrl":"https:\/\/www.rri.ro\/wp-content\/uploads\/2024\/03\/RRI-960x540-Nachrichten-2-NOU.jpg","width":960,"height":540},{"@type":"BreadcrumbList","@id":"https:\/\/www.rri.ro\/de\/aktuell\/newsflash-de\/nachrichten-25-10-2025-id943738.html#breadcrumb","itemListElement":[{"@type":"ListItem","position":1,"name":"Startseite","item":"https:\/\/www.rri.ro\/de"},{"@type":"ListItem","position":2,"name":"Actualitate","item":"https:\/\/www.rri.ro\/actualitate"},{"@type":"ListItem","position":3,"name":"Newsflash","item":"https:\/\/www.rri.ro\/de\/aktuell\/newsflash-de"},{"@type":"ListItem","position":4,"name":"Nachrichten 25.10.2025"}]},{"@type":"WebSite","@id":"https:\/\/www.rri.ro\/#website","url":"https:\/\/www.rri.ro\/","name":"Radio Rum\u00e4nien International","description":"Totul despre Rom\u00e2nia \u015fi rom\u00e2ni, \u00een 13 limbi\/dialecte!","inLanguage":"de"},{"@type":"Person","@id":"https:\/\/www.rri.ro\/#\/schema\/person\/4a479940371b9fdefd194f561e8a7f88","name":"Newsroom","url":"https:\/\/www.rri.ro\/de\/author\/newsroom"}]}},"_links":{"self":[{"href":"https:\/\/www.rri.ro\/de\/wp-json\/wp\/v2\/posts\/943738","targetHints":{"allow":["GET"]}}],"collection":[{"href":"https:\/\/www.rri.ro\/de\/wp-json\/wp\/v2\/posts"}],"about":[{"href":"https:\/\/www.rri.ro\/de\/wp-json\/wp\/v2\/types\/post"}],"author":[{"embeddable":true,"href":"https:\/\/www.rri.ro\/de\/wp-json\/wp\/v2\/users\/113"}],"replies":[{"embeddable":true,"href":"https:\/\/www.rri.ro\/de\/wp-json\/wp\/v2\/comments?post=943738"}],"version-history":[{"count":0,"href":"https:\/\/www.rri.ro\/de\/wp-json\/wp\/v2\/posts\/943738\/revisions"}],"wp:featuredmedia":[{"embeddable":true,"href":"https:\/\/www.rri.ro\/de\/wp-json\/wp\/v2\/media\/723386"}],"wp:attachment":[{"href":"https:\/\/www.rri.ro\/de\/wp-json\/wp\/v2\/media?parent=943738"}],"wp:term":[{"taxonomy":"category","embeddable":true,"href":"https:\/\/www.rri.ro\/de\/wp-json\/wp\/v2\/categories?post=943738"},{"taxonomy":"post_tag","embeddable":true,"href":"https:\/\/www.rri.ro\/de\/wp-json\/wp\/v2\/tags?post=943738"},{"taxonomy":"author","embeddable":true,"href":"https:\/\/www.rri.ro\/de\/wp-json\/wp\/v2\/coauthors?post=943738"}],"curies":[{"name":"wp","href":"https:\/\/api.w.org\/{rel}","templated":true}]}}