{"id":944290,"date":"2025-10-25T12:48:49","date_gmt":"2025-10-25T09:48:49","guid":{"rendered":"https:\/\/www.rri.ro\/?p=944290"},"modified":"2025-10-27T12:55:39","modified_gmt":"2025-10-27T10:55:39","slug":"rueckblick-auf-die-ereignisse-der-woche-20-10-24-10-2025","status":"publish","type":"post","link":"https:\/\/www.rri.ro\/de\/aktuell\/wochenspiegel\/rueckblick-auf-die-ereignisse-der-woche-20-10-24-10-2025-id944290.html","title":{"rendered":"R\u00fcckblick auf die Ereignisse der Woche 20.10 \u2013 24.10.2025"},"content":{"rendered":"<p><strong>Pr\u00e4sident Nicu\u0219or Dan in Br\u00fcssel<\/strong><\/p>\n<p>Der rum\u00e4nische Pr\u00e4sident Nicu\u0219or Dan hat sich am Donnerstag in Br\u00fcssel den Staats- und Regierungschefs der Europ\u00e4ischen Union angeschlossen, die dort \u00fcber eine Intensivierung der Unterst\u00fctzung f\u00fcr die Ukraine und \u00fcber eine Versch\u00e4rfung des Drucks auf Russland zur Herstellung des Friedens beraten haben. Die Zusammenkunft begann mit der Nachricht, dass die Union ein 19. Sanktionspaket gegen Moskau verabschiedet hat.<\/p>\n<p>Rum\u00e4nien habe bislang solidarisch an der Seite der \u00fcbrigen EU-Staaten gehandelt, sich allen bisherigen Sanktionspaketen angeschlossen und werde das wohl auch in naher Zukunft tun, erkl\u00e4rte Pr\u00e4sident Dan zum Abschluss des Treffens. \u201eImmer, wenn man \u00fcber Sanktionen spricht, redet man auch \u00fcber die indirekten Auswirkungen, die diese auf Teile der eigenen oder auf Partnerindustrien haben\u201c, betonte er.<\/p>\n<p>Das neue Sanktionspaket sieht ein schrittweises Verbot von Importen russischen Fl\u00fcssiggases vor \u2013 f\u00fcr kurzfristige Vertr\u00e4ge ab April 2026 und f\u00fcr langfristige ab dem 1. Januar 2027. Au\u00dferdem beschloss die EU, die Bewegungsfreiheit russischer Diplomaten zwischen den Mitgliedsstaaten einzuschr\u00e4nken und 45 weitere Unternehmen zu sanktionieren, die Moskau bei der Umgehung der Strafma\u00dfnahmen unterst\u00fctzen.<\/p>\n<p><strong>\u00dcberarbeiteter Aufbau- und Resilienzplan<\/strong><\/p>\n<p>Die Europ\u00e4ische Kommission hat in dieser Woche die \u00fcberarbeitete Fassung des rum\u00e4nischen nationalen Aufbau- und Resilienzplans (PNRR) im Gesamtwert von 21,4 Milliarden Euro genehmigt. Damit ist der Prozess der Neuverhandlung abgeschlossen. Der Plan sei nun realistisch, f\u00f6rdere die Wirtschaft und st\u00e4rke die lokalen Gemeinschaften, erkl\u00e4rte Premierminister Ilie Bolojan.<\/p>\n<p>Ziel der anspruchsvollen \u00dcberarbeitung war es, den Druck auf den Staatshaushalt f\u00fcr 2026 zu verringern, das Defizit zu reduzieren und Vertragsstrafen wegen Reformverz\u00f6gerungen zu vermeiden \u2013 zugleich aber die wichtigen Investitionen zu sichern.<\/p>\n<p>Die Mittel sollen in Infrastruktur, Krankenh\u00e4user, Digitalisierung, gr\u00fcne Energie und Modernisierung der Verwaltung flie\u00dfen. Nach Ver\u00f6ffentlichung auf der Website der Kommission erfolgt im November die formale Zustimmung durch den Ecofin-Rat.<\/p>\n<p>&nbsp;<\/p>\n<p><strong>Streit um Richterrenten<\/strong><\/p>\n<p>Das Verfassungsgericht Rum\u00e4niens hat am Montag die Reform der Sonderrenten f\u00fcr Richter und Staatsanw\u00e4lte abgelehnt. Die Reform sah eine Anhebung des Rentenalters sowie eine K\u00fcrzung der Renten von 100 auf 70 Prozent des letzten Nettoeinkommens vor.<\/p>\n<p>Das Gericht hatte seine Entscheidung bereits zweimal vertagt, nachdem der Oberste Kassations- und Gerichtshof schwere verfassungsrechtliche Bedenken ge\u00e4u\u00dfert hatte. Die Reform ist Teil eines gr\u00f6\u00dferen fiskalischen Ma\u00dfnahmenpakets der Regierung, das das Defizit verringern soll und zugleich ein verpflichtendes Etappenziel des PNRR darstellt.<\/p>\n<p>Die Europ\u00e4ische Kommission dr\u00e4ngte Bukarest, die Reform bis zum 28. November abzuschlie\u00dfen \u2013 sonst droht die Aussetzung der n\u00e4chsten Finanztranche. Das Urteil hat Spannungen in der Regierungskoalition ausgel\u00f6st: Die PNL will zun\u00e4chst die Begr\u00fcndung der Richter abwarten, die USR fordert notfalls ein Referendum, und die PSD schl\u00e4gt die Bildung einer Arbeitsgruppe zur Ausarbeitung eines neuen Gesetzes vor.<\/p>\n<p><strong>Teilwahlen im Dezember<\/strong><\/p>\n<p>Die rum\u00e4nische Regierung hat am Donnerstag die Durchf\u00fchrung von Teilwahlen beschlossen \u2013 f\u00fcr den Job des Oberb\u00fcrgermeisters von Bukarest, den Vorsitz im Kreisrat von Buz\u0103u im S\u00fcdosten sowie die B\u00fcrgermeister\u00e4mter von zw\u00f6lf weiteren Gemeinden. Gew\u00e4hlt wird am Sonntag, dem 7. Dezember; die Wahlkampagne beginnt am 2. November.<\/p>\n<p>Die Entscheidung fiel nach langen Diskussionen innerhalb der Regierungskoalition. Bei der Wahl um das Amt des Bukarester Oberb\u00fcrgermeisters treten alle vier Regierungsparteien mit eigenen Kandidaten an. Der neue Oberb\u00fcrgermeister wird den bisherigen Amtsinhaber Nicu\u0219or Dan abl\u00f6sen, der im Mai zum Pr\u00e4sidenten des Landes gew\u00e4hlt wurde.<\/p>\n<p>&nbsp;<\/p>\n<p><strong>Sabotagenetzwerk enttarnt<\/strong><\/p>\n<p>Rum\u00e4nische und polnische Beh\u00f6rden haben ein von russischen Geheimdiensten gesteuertes Sabotagenetzwerk zerschlagen. Drei ukrainische Staatsb\u00fcrger wurden festgenommen, weil sie versucht hatten, Sprengstoffpakete in ihre Heimat zu schicken.<br \/>\nZwei von ihnen wurden in Bukarest festgenommen, nachdem sie die Paketbomben beim internationalen Kurierdienst Nova Post abgegeben hatten, der auf den Versand in die Ukraine spezialisiert ist. Nach Angaben des rum\u00e4nischen Geheimdienstes SRI zielte die Aktion darauf ab, die Unterst\u00fctzung Polens und Rum\u00e4niens f\u00fcr die Ukraine zu schw\u00e4chen \u2013 durch Angriffe auf die gr\u00f6\u00dfte ukrainische Kurierinfrastruktur, die Millionen im Ausland lebende Ukrainer mit ihren Familien in der Heimat verbindet.<\/p>\n<p><strong>Explosion ersch\u00fcttert Bukarester Wohnblock<\/strong><\/p>\n<p>Ermittlungen liefen auf Hochtouren, nachdem eine Explosion am 17.10. in einem Wohnblock eines Bukarester Stadtviertels drei Menschenleben kostete. F\u00fcnfzehn Menschen wurden verletzt, zahlreiche Familien stehen ohne Wohnung da, weil zwei Stockwerke v\u00f6llig zerst\u00f6rt und as Geb\u00e4ude selbst schwer besch\u00e4digt wurden. Auch eine Schule und angrenzende Wohnh\u00e4user wurden in Mitleidenschaft gezogen.<\/p>\n<p>Nach ersten Erkenntnissen k\u00f6nnte ein Kurzschluss in einem unterirdischen Stromkabel zu einem Riss in der benachbarten Gasleitung gef\u00fchrt haben, obwohl die Vorschriften eine solche N\u00e4he ausdr\u00fccklich verbieten.<\/p>\n<p>Der amtierende Oberb\u00fcrgermeister Stelian Bujduveanu teilte mit, zw\u00f6lf Familien seien langfristig in anderen Wohnungen untergebracht worden, weitere 148 Menschen vor\u00fcbergehend in Hotels. Viele Betroffene k\u00e4mpfen zus\u00e4tzlich mit finanziellen Sorgen, dem Verlust pers\u00f6nlicher Dokumente und den seelischen Folgen der Katastrophe.<\/p>\n","protected":false},"excerpt":{"rendered":"<p>Pr\u00e4sident Nicu\u0219or Dan in Br\u00fcssel Der rum\u00e4nische Pr\u00e4sident Nicu\u0219or Dan hat sich am Donnerstag in Br\u00fcssel den Staats- und Regierungschefs der Europ\u00e4ischen Union angeschlossen, die dort \u00fcber eine Intensivierung der Unterst\u00fctzung f\u00fcr die Ukraine und \u00fcber eine Versch\u00e4rfung des Drucks auf Russland zur Herstellung des Friedens beraten haben. Die Zusammenkunft begann mit der Nachricht, dass [&hellip;]<\/p>\n","protected":false},"author":113,"featured_media":892497,"comment_status":"closed","ping_status":"closed","sticky":false,"template":"","format":"standard","meta":{"_acf_changed":false,"footnotes":""},"categories":[116751],"tags":[99587,178943,144346,156690,178942,178737,101297],"coauthors":[116091],"class_list":["post-944290","post","type-post","status-publish","format-standard","has-post-thumbnail","hentry","category-wochenspiegel","tag-bukarest","tag-explosion-wohnblock","tag-nicusor-dan-de","tag-pnrr-de","tag-richterrenten","tag-sabotagenetzwerk","tag-teilwahlen"],"acf":[],"yoast_head":"<!-- This site is optimized with the Yoast SEO plugin v27.3 - https:\/\/yoast.com\/product\/yoast-seo-wordpress\/ -->\n<title>R\u00fcckblick auf die Ereignisse der Woche 20.10 \u2013 24.10.2025 - Radio Rum\u00e4nien International<\/title>\n<meta name=\"robots\" content=\"index, follow, max-snippet:-1, max-image-preview:large, max-video-preview:-1\" \/>\n<link rel=\"canonical\" href=\"https:\/\/www.rri.ro\/de\/aktuell\/wochenspiegel\/rueckblick-auf-die-ereignisse-der-woche-20-10-24-10-2025-id944290.html\" \/>\n<meta property=\"og:locale\" content=\"de_DE\" \/>\n<meta property=\"og:type\" content=\"article\" \/>\n<meta property=\"og:title\" content=\"R\u00fcckblick auf die Ereignisse der Woche 20.10 \u2013 24.10.2025 - Radio Rum\u00e4nien International\" \/>\n<meta property=\"og:description\" content=\"Pr\u00e4sident Nicu\u0219or Dan in Br\u00fcssel Der rum\u00e4nische Pr\u00e4sident Nicu\u0219or Dan hat sich am Donnerstag in Br\u00fcssel den Staats- und Regierungschefs der Europ\u00e4ischen Union angeschlossen, die dort \u00fcber eine Intensivierung der Unterst\u00fctzung f\u00fcr die Ukraine und \u00fcber eine Versch\u00e4rfung des Drucks auf Russland zur Herstellung des Friedens beraten haben. Die Zusammenkunft begann mit der Nachricht, dass [&hellip;]\" \/>\n<meta property=\"og:url\" content=\"https:\/\/www.rri.ro\/de\/aktuell\/wochenspiegel\/rueckblick-auf-die-ereignisse-der-woche-20-10-24-10-2025-id944290.html\" \/>\n<meta property=\"og:site_name\" content=\"Radio Rum\u00e4nien International\" \/>\n<meta property=\"article:published_time\" content=\"2025-10-25T09:48:49+00:00\" \/>\n<meta property=\"article:modified_time\" content=\"2025-10-27T10:55:39+00:00\" \/>\n<meta property=\"og:image\" content=\"https:\/\/www.rri.ro\/wp-content\/uploads\/2025\/05\/eveniment-top-ND-2025-16x9-1.jpg\" \/>\n\t<meta property=\"og:image:width\" content=\"1280\" \/>\n\t<meta property=\"og:image:height\" content=\"720\" \/>\n\t<meta property=\"og:image:type\" content=\"image\/jpeg\" \/>\n<meta name=\"author\" content=\"Newsroom\" \/>\n<meta name=\"twitter:card\" content=\"summary_large_image\" \/>\n<meta name=\"twitter:label1\" content=\"Verfasst von\" \/>\n\t<meta name=\"twitter:data1\" content=\"Newsroom\" \/>\n\t<meta name=\"twitter:label2\" content=\"Gesch\u00e4tzte Lesezeit\" \/>\n\t<meta name=\"twitter:data2\" content=\"4\u00a0Minuten\" \/>\n\t<meta name=\"twitter:label3\" content=\"Written by\" \/>\n\t<meta name=\"twitter:data3\" content=\"Newsroom\" \/>\n<script type=\"application\/ld+json\" class=\"yoast-schema-graph\">{\"@context\":\"https:\\\/\\\/schema.org\",\"@graph\":[{\"@type\":\"Article\",\"@id\":\"https:\\\/\\\/www.rri.ro\\\/de\\\/aktuell\\\/wochenspiegel\\\/rueckblick-auf-die-ereignisse-der-woche-20-10-24-10-2025-id944290.html#article\",\"isPartOf\":{\"@id\":\"https:\\\/\\\/www.rri.ro\\\/de\\\/aktuell\\\/wochenspiegel\\\/rueckblick-auf-die-ereignisse-der-woche-20-10-24-10-2025-id944290.html\"},\"author\":{\"name\":\"Newsroom\",\"@id\":\"https:\\\/\\\/www.rri.ro\\\/#\\\/schema\\\/person\\\/4a479940371b9fdefd194f561e8a7f88\"},\"headline\":\"R\u00fcckblick auf die Ereignisse der Woche 20.10 \u2013 24.10.2025\",\"datePublished\":\"2025-10-25T09:48:49+00:00\",\"dateModified\":\"2025-10-27T10:55:39+00:00\",\"mainEntityOfPage\":{\"@id\":\"https:\\\/\\\/www.rri.ro\\\/de\\\/aktuell\\\/wochenspiegel\\\/rueckblick-auf-die-ereignisse-der-woche-20-10-24-10-2025-id944290.html\"},\"wordCount\":821,\"image\":{\"@id\":\"https:\\\/\\\/www.rri.ro\\\/de\\\/aktuell\\\/wochenspiegel\\\/rueckblick-auf-die-ereignisse-der-woche-20-10-24-10-2025-id944290.html#primaryimage\"},\"thumbnailUrl\":\"https:\\\/\\\/www.rri.ro\\\/wp-content\\\/uploads\\\/2025\\\/05\\\/eveniment-top-ND-2025-16x9-1.jpg\",\"keywords\":[\"Bukarest\",\"Explosion Wohnblock\",\"Nicusor Dan\",\"PNRR\",\"Richterrenten\",\"Sabotagenetzwerk\",\"Teilwahlen\"],\"articleSection\":[\"Wochenspiegel\"],\"inLanguage\":\"de\"},{\"@type\":\"WebPage\",\"@id\":\"https:\\\/\\\/www.rri.ro\\\/de\\\/aktuell\\\/wochenspiegel\\\/rueckblick-auf-die-ereignisse-der-woche-20-10-24-10-2025-id944290.html\",\"url\":\"https:\\\/\\\/www.rri.ro\\\/de\\\/aktuell\\\/wochenspiegel\\\/rueckblick-auf-die-ereignisse-der-woche-20-10-24-10-2025-id944290.html\",\"name\":\"R\u00fcckblick auf die Ereignisse der Woche 20.10 \u2013 24.10.2025 - Radio Rum\u00e4nien International\",\"isPartOf\":{\"@id\":\"https:\\\/\\\/www.rri.ro\\\/#website\"},\"primaryImageOfPage\":{\"@id\":\"https:\\\/\\\/www.rri.ro\\\/de\\\/aktuell\\\/wochenspiegel\\\/rueckblick-auf-die-ereignisse-der-woche-20-10-24-10-2025-id944290.html#primaryimage\"},\"image\":{\"@id\":\"https:\\\/\\\/www.rri.ro\\\/de\\\/aktuell\\\/wochenspiegel\\\/rueckblick-auf-die-ereignisse-der-woche-20-10-24-10-2025-id944290.html#primaryimage\"},\"thumbnailUrl\":\"https:\\\/\\\/www.rri.ro\\\/wp-content\\\/uploads\\\/2025\\\/05\\\/eveniment-top-ND-2025-16x9-1.jpg\",\"datePublished\":\"2025-10-25T09:48:49+00:00\",\"dateModified\":\"2025-10-27T10:55:39+00:00\",\"author\":{\"@id\":\"https:\\\/\\\/www.rri.ro\\\/#\\\/schema\\\/person\\\/4a479940371b9fdefd194f561e8a7f88\"},\"breadcrumb\":{\"@id\":\"https:\\\/\\\/www.rri.ro\\\/de\\\/aktuell\\\/wochenspiegel\\\/rueckblick-auf-die-ereignisse-der-woche-20-10-24-10-2025-id944290.html#breadcrumb\"},\"inLanguage\":\"de\",\"potentialAction\":[{\"@type\":\"ReadAction\",\"target\":[\"https:\\\/\\\/www.rri.ro\\\/de\\\/aktuell\\\/wochenspiegel\\\/rueckblick-auf-die-ereignisse-der-woche-20-10-24-10-2025-id944290.html\"]}]},{\"@type\":\"ImageObject\",\"inLanguage\":\"de\",\"@id\":\"https:\\\/\\\/www.rri.ro\\\/de\\\/aktuell\\\/wochenspiegel\\\/rueckblick-auf-die-ereignisse-der-woche-20-10-24-10-2025-id944290.html#primaryimage\",\"url\":\"https:\\\/\\\/www.rri.ro\\\/wp-content\\\/uploads\\\/2025\\\/05\\\/eveniment-top-ND-2025-16x9-1.jpg\",\"contentUrl\":\"https:\\\/\\\/www.rri.ro\\\/wp-content\\\/uploads\\\/2025\\\/05\\\/eveniment-top-ND-2025-16x9-1.jpg\",\"width\":1280,\"height\":720,\"caption\":\"\u041e\u0433\u043b\u044f\u0434 \u043f\u043e\u0434\u0456\u0439 \u0442\u0438\u0436\u043d\u044f\"},{\"@type\":\"BreadcrumbList\",\"@id\":\"https:\\\/\\\/www.rri.ro\\\/de\\\/aktuell\\\/wochenspiegel\\\/rueckblick-auf-die-ereignisse-der-woche-20-10-24-10-2025-id944290.html#breadcrumb\",\"itemListElement\":[{\"@type\":\"ListItem\",\"position\":1,\"name\":\"Startseite\",\"item\":\"https:\\\/\\\/www.rri.ro\\\/de\"},{\"@type\":\"ListItem\",\"position\":2,\"name\":\"Aktuell\",\"item\":\"https:\\\/\\\/www.rri.ro\\\/de\\\/aktuell\"},{\"@type\":\"ListItem\",\"position\":3,\"name\":\"Wochenspiegel\",\"item\":\"https:\\\/\\\/www.rri.ro\\\/de\\\/aktuell\\\/wochenspiegel\"},{\"@type\":\"ListItem\",\"position\":4,\"name\":\"R\u00fcckblick auf die Ereignisse der Woche 20.10 \u2013 24.10.2025\"}]},{\"@type\":\"WebSite\",\"@id\":\"https:\\\/\\\/www.rri.ro\\\/#website\",\"url\":\"https:\\\/\\\/www.rri.ro\\\/\",\"name\":\"Radio Rum\u00e4nien International\",\"description\":\"Totul despre Rom\u00e2nia \u015fi rom\u00e2ni, \u00een 13 limbi\\\/dialecte!\",\"inLanguage\":\"de\"},{\"@type\":\"Person\",\"@id\":\"https:\\\/\\\/www.rri.ro\\\/#\\\/schema\\\/person\\\/4a479940371b9fdefd194f561e8a7f88\",\"name\":\"Newsroom\",\"url\":\"https:\\\/\\\/www.rri.ro\\\/de\\\/author\\\/newsroom\"}]}<\/script>\n<!-- \/ Yoast SEO plugin. -->","yoast_head_json":{"title":"R\u00fcckblick auf die Ereignisse der Woche 20.10 \u2013 24.10.2025 - Radio Rum\u00e4nien International","robots":{"index":"index","follow":"follow","max-snippet":"max-snippet:-1","max-image-preview":"max-image-preview:large","max-video-preview":"max-video-preview:-1"},"canonical":"https:\/\/www.rri.ro\/de\/aktuell\/wochenspiegel\/rueckblick-auf-die-ereignisse-der-woche-20-10-24-10-2025-id944290.html","og_locale":"de_DE","og_type":"article","og_title":"R\u00fcckblick auf die Ereignisse der Woche 20.10 \u2013 24.10.2025 - Radio Rum\u00e4nien International","og_description":"Pr\u00e4sident Nicu\u0219or Dan in Br\u00fcssel Der rum\u00e4nische Pr\u00e4sident Nicu\u0219or Dan hat sich am Donnerstag in Br\u00fcssel den Staats- und Regierungschefs der Europ\u00e4ischen Union angeschlossen, die dort \u00fcber eine Intensivierung der Unterst\u00fctzung f\u00fcr die Ukraine und \u00fcber eine Versch\u00e4rfung des Drucks auf Russland zur Herstellung des Friedens beraten haben. Die Zusammenkunft begann mit der Nachricht, dass [&hellip;]","og_url":"https:\/\/www.rri.ro\/de\/aktuell\/wochenspiegel\/rueckblick-auf-die-ereignisse-der-woche-20-10-24-10-2025-id944290.html","og_site_name":"Radio Rum\u00e4nien International","article_published_time":"2025-10-25T09:48:49+00:00","article_modified_time":"2025-10-27T10:55:39+00:00","og_image":[{"width":1280,"height":720,"url":"https:\/\/www.rri.ro\/wp-content\/uploads\/2025\/05\/eveniment-top-ND-2025-16x9-1.jpg","type":"image\/jpeg"}],"author":"Newsroom","twitter_card":"summary_large_image","twitter_misc":{"Verfasst von":"Newsroom","Gesch\u00e4tzte Lesezeit":"4\u00a0Minuten","Written by":"Newsroom"},"schema":{"@context":"https:\/\/schema.org","@graph":[{"@type":"Article","@id":"https:\/\/www.rri.ro\/de\/aktuell\/wochenspiegel\/rueckblick-auf-die-ereignisse-der-woche-20-10-24-10-2025-id944290.html#article","isPartOf":{"@id":"https:\/\/www.rri.ro\/de\/aktuell\/wochenspiegel\/rueckblick-auf-die-ereignisse-der-woche-20-10-24-10-2025-id944290.html"},"author":{"name":"Newsroom","@id":"https:\/\/www.rri.ro\/#\/schema\/person\/4a479940371b9fdefd194f561e8a7f88"},"headline":"R\u00fcckblick auf die Ereignisse der Woche 20.10 \u2013 24.10.2025","datePublished":"2025-10-25T09:48:49+00:00","dateModified":"2025-10-27T10:55:39+00:00","mainEntityOfPage":{"@id":"https:\/\/www.rri.ro\/de\/aktuell\/wochenspiegel\/rueckblick-auf-die-ereignisse-der-woche-20-10-24-10-2025-id944290.html"},"wordCount":821,"image":{"@id":"https:\/\/www.rri.ro\/de\/aktuell\/wochenspiegel\/rueckblick-auf-die-ereignisse-der-woche-20-10-24-10-2025-id944290.html#primaryimage"},"thumbnailUrl":"https:\/\/www.rri.ro\/wp-content\/uploads\/2025\/05\/eveniment-top-ND-2025-16x9-1.jpg","keywords":["Bukarest","Explosion Wohnblock","Nicusor Dan","PNRR","Richterrenten","Sabotagenetzwerk","Teilwahlen"],"articleSection":["Wochenspiegel"],"inLanguage":"de"},{"@type":"WebPage","@id":"https:\/\/www.rri.ro\/de\/aktuell\/wochenspiegel\/rueckblick-auf-die-ereignisse-der-woche-20-10-24-10-2025-id944290.html","url":"https:\/\/www.rri.ro\/de\/aktuell\/wochenspiegel\/rueckblick-auf-die-ereignisse-der-woche-20-10-24-10-2025-id944290.html","name":"R\u00fcckblick auf die Ereignisse der Woche 20.10 \u2013 24.10.2025 - Radio Rum\u00e4nien International","isPartOf":{"@id":"https:\/\/www.rri.ro\/#website"},"primaryImageOfPage":{"@id":"https:\/\/www.rri.ro\/de\/aktuell\/wochenspiegel\/rueckblick-auf-die-ereignisse-der-woche-20-10-24-10-2025-id944290.html#primaryimage"},"image":{"@id":"https:\/\/www.rri.ro\/de\/aktuell\/wochenspiegel\/rueckblick-auf-die-ereignisse-der-woche-20-10-24-10-2025-id944290.html#primaryimage"},"thumbnailUrl":"https:\/\/www.rri.ro\/wp-content\/uploads\/2025\/05\/eveniment-top-ND-2025-16x9-1.jpg","datePublished":"2025-10-25T09:48:49+00:00","dateModified":"2025-10-27T10:55:39+00:00","author":{"@id":"https:\/\/www.rri.ro\/#\/schema\/person\/4a479940371b9fdefd194f561e8a7f88"},"breadcrumb":{"@id":"https:\/\/www.rri.ro\/de\/aktuell\/wochenspiegel\/rueckblick-auf-die-ereignisse-der-woche-20-10-24-10-2025-id944290.html#breadcrumb"},"inLanguage":"de","potentialAction":[{"@type":"ReadAction","target":["https:\/\/www.rri.ro\/de\/aktuell\/wochenspiegel\/rueckblick-auf-die-ereignisse-der-woche-20-10-24-10-2025-id944290.html"]}]},{"@type":"ImageObject","inLanguage":"de","@id":"https:\/\/www.rri.ro\/de\/aktuell\/wochenspiegel\/rueckblick-auf-die-ereignisse-der-woche-20-10-24-10-2025-id944290.html#primaryimage","url":"https:\/\/www.rri.ro\/wp-content\/uploads\/2025\/05\/eveniment-top-ND-2025-16x9-1.jpg","contentUrl":"https:\/\/www.rri.ro\/wp-content\/uploads\/2025\/05\/eveniment-top-ND-2025-16x9-1.jpg","width":1280,"height":720,"caption":"\u041e\u0433\u043b\u044f\u0434 \u043f\u043e\u0434\u0456\u0439 \u0442\u0438\u0436\u043d\u044f"},{"@type":"BreadcrumbList","@id":"https:\/\/www.rri.ro\/de\/aktuell\/wochenspiegel\/rueckblick-auf-die-ereignisse-der-woche-20-10-24-10-2025-id944290.html#breadcrumb","itemListElement":[{"@type":"ListItem","position":1,"name":"Startseite","item":"https:\/\/www.rri.ro\/de"},{"@type":"ListItem","position":2,"name":"Aktuell","item":"https:\/\/www.rri.ro\/de\/aktuell"},{"@type":"ListItem","position":3,"name":"Wochenspiegel","item":"https:\/\/www.rri.ro\/de\/aktuell\/wochenspiegel"},{"@type":"ListItem","position":4,"name":"R\u00fcckblick auf die Ereignisse der Woche 20.10 \u2013 24.10.2025"}]},{"@type":"WebSite","@id":"https:\/\/www.rri.ro\/#website","url":"https:\/\/www.rri.ro\/","name":"Radio Rum\u00e4nien International","description":"Totul despre Rom\u00e2nia \u015fi rom\u00e2ni, \u00een 13 limbi\/dialecte!","inLanguage":"de"},{"@type":"Person","@id":"https:\/\/www.rri.ro\/#\/schema\/person\/4a479940371b9fdefd194f561e8a7f88","name":"Newsroom","url":"https:\/\/www.rri.ro\/de\/author\/newsroom"}]}},"_links":{"self":[{"href":"https:\/\/www.rri.ro\/de\/wp-json\/wp\/v2\/posts\/944290","targetHints":{"allow":["GET"]}}],"collection":[{"href":"https:\/\/www.rri.ro\/de\/wp-json\/wp\/v2\/posts"}],"about":[{"href":"https:\/\/www.rri.ro\/de\/wp-json\/wp\/v2\/types\/post"}],"author":[{"embeddable":true,"href":"https:\/\/www.rri.ro\/de\/wp-json\/wp\/v2\/users\/113"}],"replies":[{"embeddable":true,"href":"https:\/\/www.rri.ro\/de\/wp-json\/wp\/v2\/comments?post=944290"}],"version-history":[{"count":0,"href":"https:\/\/www.rri.ro\/de\/wp-json\/wp\/v2\/posts\/944290\/revisions"}],"wp:featuredmedia":[{"embeddable":true,"href":"https:\/\/www.rri.ro\/de\/wp-json\/wp\/v2\/media\/892497"}],"wp:attachment":[{"href":"https:\/\/www.rri.ro\/de\/wp-json\/wp\/v2\/media?parent=944290"}],"wp:term":[{"taxonomy":"category","embeddable":true,"href":"https:\/\/www.rri.ro\/de\/wp-json\/wp\/v2\/categories?post=944290"},{"taxonomy":"post_tag","embeddable":true,"href":"https:\/\/www.rri.ro\/de\/wp-json\/wp\/v2\/tags?post=944290"},{"taxonomy":"author","embeddable":true,"href":"https:\/\/www.rri.ro\/de\/wp-json\/wp\/v2\/coauthors?post=944290"}],"curies":[{"name":"wp","href":"https:\/\/api.w.org\/{rel}","templated":true}]}}