{"id":944376,"date":"2025-10-27T17:00:55","date_gmt":"2025-10-27T15:00:55","guid":{"rendered":"https:\/\/www.rri.ro\/?p=944376"},"modified":"2025-10-27T16:28:40","modified_gmt":"2025-10-27T14:28:40","slug":"nachrichten-27-10-2025","status":"publish","type":"post","link":"https:\/\/www.rri.ro\/de\/aktuell\/newsflash-de\/nachrichten-27-10-2025-id944376.html","title":{"rendered":"Nachrichten 27.10.2025"},"content":{"rendered":"<p>In Bukarest ist am Sonntag die Nationalkathedrale geweiht worden. Pers\u00f6nlichkeiten der Politik wie Staatsoberhaupt Nicu\u015for Dan, Premierminister Ilie Bolojan und die moldauische Pr\u00e4sidentin Maia Sandu waren beteiligt. Zugegen war neben dem rum\u00e4nischen orthodoxen Patriarchen Daniel auch der \u00d6kumenische Patriarch von Konstantinopel, Bartholomaios I. \u00dcber 10.000 Gl\u00e4ubige aus ganz Rum\u00e4nien reisten zu dem Ereignis an, die meisten von ihnen per Bus. Mehrere Tausend Personen verfolgten die Zeremonie auf Gro\u00dfbildschirmen vor dem Geb\u00e4ude. Einen Bericht \u00fcber das Ereignis h\u00f6ren Sie nach den Meldungen.\u2028\u2028Der Senat ber\u00e4t in dieser Woche \u00fcber den Gesetzentwurf zur Vorbereitung der Bev\u00f6lkerung auf die Landesverteidigung. Das Projekt sieht vor, dass junge Menschen zwischen 18 und 35 Jahren freiwillig an einem viermonatigen Grundwehrtraining teilnehmen k\u00f6nnen. Der Entwurf hat bereits die Zustimmung der Abgeordnetenkammer erhalten und wird nun im Eilverfahren im Senat behandelt. Nach Abschluss des Trainings sollen die Freiwilligen drei durchschnittliche Bruttol\u00f6hne erhalten und in der operativen Reserve der rum\u00e4nischen Armee verbleiben. Diese Ma\u00dfnahme werde die Reserve der Streitkr\u00e4fte verj\u00fcngen, sagte Verteidigungsminister Ionu\u021b Mo\u0219teanu bei der Parlamentsdebatte. Nach den Nachrichten gibt es mehr Einzelheiten zum Thema.<\/p>\n<p>Der Sozialdemokrat Daniel B\u0103lu\u021b\u0103, derzeit B\u00fcrgermeister des 4. Bukarester Stadtbezirks liegt in den aktuellen Wahlumfragen f\u00fcr das Amt des Oberb\u00fcrgermeisters der Hauptstadt mit 25 Prozent vorn. Dicht auf ihn folgt der liberale B\u00fcrgermeister des sechsten Bezirks, Ciprian Ciucu, mit 23 Prozent. Das ergab eine Erhebung des Instituts Avangarde unter 1.000 Befragten in Bukarest. Auf den weiteren Pl\u00e4tzen liegen der USR-Abgeordnete C\u0103t\u0103lin Drul\u0103 mit 18 Prozent und die TV-Journalistin Anca Alexandrescu mit 16 Prozent. 68 Prozent der Befragten zeigten sich unzufrieden mit dem Erscheinungsbild der Stadt, 30 Prozent hingegen zufrieden. Die B\u00fcrgermeisterwahlen in Bukarest finden am 7. Dezember statt. Das Amt des Oberb\u00fcrgermeisters ist vakant, seit Nicu\u0219or Dan zum Pr\u00e4sidenten Rum\u00e4niens gew\u00e4hlt wurde.<\/p>\n<p>Der Dreierrat, in dem Gewerkschaften, Arbeitgeberverb\u00e4nde und Regierungsvertreter zusammenarbeiten, wird am Mittwoch \u00fcber eine m\u00f6gliche Anhebung des landesweiten Mindestlohns beraten. Ministerpr\u00e4sident Ilie Bolojan von der Liberalen Partei erkl\u00e4rte, innerhalb der Koalition bestehe Einigkeit, das derzeitige Niveau im Jahr 2026 beizubehalten. Der kommissarische Vorsitzende der Sozialdemokraten, Sorin Grindeanu, erinnerte jedoch daran, dass Rum\u00e4nien auch eine EU-Richtlinie zu dieser Frage umsetzen m\u00fcsse. Pr\u00e4sident Nicu\u0219or Dan wies darauf hin, dass die Richtlinie derzeit vor dem Europ\u00e4ischen Gerichtshof angefochten werde, und erkl\u00e4rte, unabhh\u00e4ngig vom Ausgang des Verfahrens sei ein Dialog zwischen Regierung, Gewerkschaften und Arbeitgebern \u00fcber eine m\u00f6gliche Erh\u00f6hung notwendig. Der Mindestlohn liegt derzeit bei 4.050 Lei brutto, umgerechnet rund 800 Euro.<\/p>\n<p>Der EU-Kommissar f\u00fcr Energie und Wohnungswesen, Dan Jorgensen, nimmt an der Ministertagung der Hochrangigen Gruppe f\u00fcr Energieanbindung in Mittel- und S\u00fcdosteuropa (CESEC) in Bukarest teil . Er wird sich mit Premierminister Ilie Bolojan treffen und Gespr\u00e4che mit Akteueren der Energie-Regulierungsbeh\u00f6rde und der Branche f\u00fchren. Im Mittelpunkt der Beratungen stehen die Umsetzung der EU-Initiative REPowerEU und die schrittweise Verringerung der Abh\u00e4ngigkeit von russischen fossilen Brennstoffen. Zudem geht es um Marktintegration, Diversifizierung und beschleunigte Infrastrukturprojekte, um Energiepreise zu senken und Energieversorgung bezahlbarer zu machen.<\/p>\n<p>Der Plan zur Umstrukturierung der Nationalen Forstverwaltung Romsilva ist an die Ministerien zur Abgabe von Stellungnahmen \u00fcbermittelt worden und soll noch in dieser Woche von der Regierung verabschiedet werden. Umweltministerin Diana Buzoianu erkl\u00e4rte, die Reform sehe mehr Transparenz, klare Leistungskriterien und eine Verringerung der Zahl der Regionaldirektionen vor. Au\u00dferdem solle die Buchf\u00fchrung von Romsilva \u00fcberarbeitet werden, um sicherzustellen, dass die Finanzmittel ausschlie\u00dflich f\u00fcr forstwirtschaftliche T\u00e4tigkeiten verwendet werden \u2013 und nicht f\u00fcr Nebengesch\u00e4fte wie Hotelbetriebe.<\/p>\n","protected":false},"excerpt":{"rendered":"<p>In Bukarest ist am Sonntag die Nationalkathedrale geweiht worden. Pers\u00f6nlichkeiten der Politik wie Staatsoberhaupt Nicu\u015for Dan, Premierminister Ilie Bolojan und die moldauische Pr\u00e4sidentin Maia Sandu waren beteiligt. Zugegen war neben dem rum\u00e4nischen orthodoxen Patriarchen Daniel auch der \u00d6kumenische Patriarch von Konstantinopel, Bartholomaios I. \u00dcber 10.000 Gl\u00e4ubige aus ganz Rum\u00e4nien reisten zu dem Ereignis an, die [&hellip;]<\/p>\n","protected":false},"author":113,"featured_media":723386,"comment_status":"closed","ping_status":"closed","sticky":false,"template":"","format":"standard","meta":{"_acf_changed":false,"footnotes":""},"categories":[116753],"tags":[178966,99610,161465,105102,178967,101393],"coauthors":[116091],"class_list":["post-944376","post","type-post","status-publish","format-standard","has-post-thumbnail","hentry","category-newsflash-de","tag-dan-joergensen","tag-mindestlohn","tag-nationalkathedrale","tag-oberbuergermeister","tag-romsilva-de","tag-wahlumfragen"],"acf":[],"yoast_head":"<!-- This site is optimized with the Yoast SEO plugin v27.3 - https:\/\/yoast.com\/product\/yoast-seo-wordpress\/ -->\n<title>Nachrichten 27.10.2025 - Radio Rum\u00e4nien International<\/title>\n<meta name=\"robots\" content=\"index, follow, max-snippet:-1, max-image-preview:large, max-video-preview:-1\" \/>\n<link rel=\"canonical\" href=\"https:\/\/www.rri.ro\/de\/aktuell\/newsflash-de\/nachrichten-27-10-2025-id944376.html\" \/>\n<meta property=\"og:locale\" content=\"de_DE\" \/>\n<meta property=\"og:type\" content=\"article\" \/>\n<meta property=\"og:title\" content=\"Nachrichten 27.10.2025 - Radio Rum\u00e4nien International\" \/>\n<meta property=\"og:description\" content=\"In Bukarest ist am Sonntag die Nationalkathedrale geweiht worden. Pers\u00f6nlichkeiten der Politik wie Staatsoberhaupt Nicu\u015for Dan, Premierminister Ilie Bolojan und die moldauische Pr\u00e4sidentin Maia Sandu waren beteiligt. Zugegen war neben dem rum\u00e4nischen orthodoxen Patriarchen Daniel auch der \u00d6kumenische Patriarch von Konstantinopel, Bartholomaios I. \u00dcber 10.000 Gl\u00e4ubige aus ganz Rum\u00e4nien reisten zu dem Ereignis an, die [&hellip;]\" \/>\n<meta property=\"og:url\" content=\"https:\/\/www.rri.ro\/de\/aktuell\/newsflash-de\/nachrichten-27-10-2025-id944376.html\" \/>\n<meta property=\"og:site_name\" content=\"Radio Rum\u00e4nien International\" \/>\n<meta property=\"article:published_time\" content=\"2025-10-27T15:00:55+00:00\" \/>\n<meta property=\"og:image\" content=\"https:\/\/www.rri.ro\/wp-content\/uploads\/2024\/03\/RRI-960x540-Nachrichten-2-NOU.jpg\" \/>\n\t<meta property=\"og:image:width\" content=\"960\" \/>\n\t<meta property=\"og:image:height\" content=\"540\" \/>\n\t<meta property=\"og:image:type\" content=\"image\/jpeg\" \/>\n<meta name=\"author\" content=\"Newsroom\" \/>\n<meta name=\"twitter:card\" content=\"summary_large_image\" \/>\n<meta name=\"twitter:label1\" content=\"Verfasst von\" \/>\n\t<meta name=\"twitter:data1\" content=\"Newsroom\" \/>\n\t<meta name=\"twitter:label2\" content=\"Gesch\u00e4tzte Lesezeit\" \/>\n\t<meta name=\"twitter:data2\" content=\"3\u00a0Minuten\" \/>\n\t<meta name=\"twitter:label3\" content=\"Written by\" \/>\n\t<meta name=\"twitter:data3\" content=\"Newsroom\" \/>\n<script type=\"application\/ld+json\" class=\"yoast-schema-graph\">{\"@context\":\"https:\\\/\\\/schema.org\",\"@graph\":[{\"@type\":\"Article\",\"@id\":\"https:\\\/\\\/www.rri.ro\\\/de\\\/aktuell\\\/newsflash-de\\\/nachrichten-27-10-2025-id944376.html#article\",\"isPartOf\":{\"@id\":\"https:\\\/\\\/www.rri.ro\\\/de\\\/aktuell\\\/newsflash-de\\\/nachrichten-27-10-2025-id944376.html\"},\"author\":{\"name\":\"Newsroom\",\"@id\":\"https:\\\/\\\/www.rri.ro\\\/#\\\/schema\\\/person\\\/4a479940371b9fdefd194f561e8a7f88\"},\"headline\":\"Nachrichten 27.10.2025\",\"datePublished\":\"2025-10-27T15:00:55+00:00\",\"mainEntityOfPage\":{\"@id\":\"https:\\\/\\\/www.rri.ro\\\/de\\\/aktuell\\\/newsflash-de\\\/nachrichten-27-10-2025-id944376.html\"},\"wordCount\":597,\"image\":{\"@id\":\"https:\\\/\\\/www.rri.ro\\\/de\\\/aktuell\\\/newsflash-de\\\/nachrichten-27-10-2025-id944376.html#primaryimage\"},\"thumbnailUrl\":\"https:\\\/\\\/www.rri.ro\\\/wp-content\\\/uploads\\\/2024\\\/03\\\/RRI-960x540-Nachrichten-2-NOU.jpg\",\"keywords\":[\"Dan J\u00f8rgensen\",\"Mindestlohn\",\"Nationalkathedrale\",\"Oberb\u00fcrgermeister\",\"romsilva\",\"Wahlumfragen\"],\"articleSection\":[\"Newsflash\"],\"inLanguage\":\"de\"},{\"@type\":\"WebPage\",\"@id\":\"https:\\\/\\\/www.rri.ro\\\/de\\\/aktuell\\\/newsflash-de\\\/nachrichten-27-10-2025-id944376.html\",\"url\":\"https:\\\/\\\/www.rri.ro\\\/de\\\/aktuell\\\/newsflash-de\\\/nachrichten-27-10-2025-id944376.html\",\"name\":\"Nachrichten 27.10.2025 - Radio Rum\u00e4nien International\",\"isPartOf\":{\"@id\":\"https:\\\/\\\/www.rri.ro\\\/#website\"},\"primaryImageOfPage\":{\"@id\":\"https:\\\/\\\/www.rri.ro\\\/de\\\/aktuell\\\/newsflash-de\\\/nachrichten-27-10-2025-id944376.html#primaryimage\"},\"image\":{\"@id\":\"https:\\\/\\\/www.rri.ro\\\/de\\\/aktuell\\\/newsflash-de\\\/nachrichten-27-10-2025-id944376.html#primaryimage\"},\"thumbnailUrl\":\"https:\\\/\\\/www.rri.ro\\\/wp-content\\\/uploads\\\/2024\\\/03\\\/RRI-960x540-Nachrichten-2-NOU.jpg\",\"datePublished\":\"2025-10-27T15:00:55+00:00\",\"author\":{\"@id\":\"https:\\\/\\\/www.rri.ro\\\/#\\\/schema\\\/person\\\/4a479940371b9fdefd194f561e8a7f88\"},\"breadcrumb\":{\"@id\":\"https:\\\/\\\/www.rri.ro\\\/de\\\/aktuell\\\/newsflash-de\\\/nachrichten-27-10-2025-id944376.html#breadcrumb\"},\"inLanguage\":\"de\",\"potentialAction\":[{\"@type\":\"ReadAction\",\"target\":[\"https:\\\/\\\/www.rri.ro\\\/de\\\/aktuell\\\/newsflash-de\\\/nachrichten-27-10-2025-id944376.html\"]}]},{\"@type\":\"ImageObject\",\"inLanguage\":\"de\",\"@id\":\"https:\\\/\\\/www.rri.ro\\\/de\\\/aktuell\\\/newsflash-de\\\/nachrichten-27-10-2025-id944376.html#primaryimage\",\"url\":\"https:\\\/\\\/www.rri.ro\\\/wp-content\\\/uploads\\\/2024\\\/03\\\/RRI-960x540-Nachrichten-2-NOU.jpg\",\"contentUrl\":\"https:\\\/\\\/www.rri.ro\\\/wp-content\\\/uploads\\\/2024\\\/03\\\/RRI-960x540-Nachrichten-2-NOU.jpg\",\"width\":960,\"height\":540},{\"@type\":\"BreadcrumbList\",\"@id\":\"https:\\\/\\\/www.rri.ro\\\/de\\\/aktuell\\\/newsflash-de\\\/nachrichten-27-10-2025-id944376.html#breadcrumb\",\"itemListElement\":[{\"@type\":\"ListItem\",\"position\":1,\"name\":\"Startseite\",\"item\":\"https:\\\/\\\/www.rri.ro\\\/de\"},{\"@type\":\"ListItem\",\"position\":2,\"name\":\"Actualitate\",\"item\":\"https:\\\/\\\/www.rri.ro\\\/actualitate\"},{\"@type\":\"ListItem\",\"position\":3,\"name\":\"Newsflash\",\"item\":\"https:\\\/\\\/www.rri.ro\\\/de\\\/aktuell\\\/newsflash-de\"},{\"@type\":\"ListItem\",\"position\":4,\"name\":\"Nachrichten 27.10.2025\"}]},{\"@type\":\"WebSite\",\"@id\":\"https:\\\/\\\/www.rri.ro\\\/#website\",\"url\":\"https:\\\/\\\/www.rri.ro\\\/\",\"name\":\"Radio Rum\u00e4nien International\",\"description\":\"Totul despre Rom\u00e2nia \u015fi rom\u00e2ni, \u00een 13 limbi\\\/dialecte!\",\"inLanguage\":\"de\"},{\"@type\":\"Person\",\"@id\":\"https:\\\/\\\/www.rri.ro\\\/#\\\/schema\\\/person\\\/4a479940371b9fdefd194f561e8a7f88\",\"name\":\"Newsroom\",\"url\":\"https:\\\/\\\/www.rri.ro\\\/de\\\/author\\\/newsroom\"}]}<\/script>\n<!-- \/ Yoast SEO plugin. -->","yoast_head_json":{"title":"Nachrichten 27.10.2025 - Radio Rum\u00e4nien International","robots":{"index":"index","follow":"follow","max-snippet":"max-snippet:-1","max-image-preview":"max-image-preview:large","max-video-preview":"max-video-preview:-1"},"canonical":"https:\/\/www.rri.ro\/de\/aktuell\/newsflash-de\/nachrichten-27-10-2025-id944376.html","og_locale":"de_DE","og_type":"article","og_title":"Nachrichten 27.10.2025 - Radio Rum\u00e4nien International","og_description":"In Bukarest ist am Sonntag die Nationalkathedrale geweiht worden. Pers\u00f6nlichkeiten der Politik wie Staatsoberhaupt Nicu\u015for Dan, Premierminister Ilie Bolojan und die moldauische Pr\u00e4sidentin Maia Sandu waren beteiligt. Zugegen war neben dem rum\u00e4nischen orthodoxen Patriarchen Daniel auch der \u00d6kumenische Patriarch von Konstantinopel, Bartholomaios I. \u00dcber 10.000 Gl\u00e4ubige aus ganz Rum\u00e4nien reisten zu dem Ereignis an, die [&hellip;]","og_url":"https:\/\/www.rri.ro\/de\/aktuell\/newsflash-de\/nachrichten-27-10-2025-id944376.html","og_site_name":"Radio Rum\u00e4nien International","article_published_time":"2025-10-27T15:00:55+00:00","og_image":[{"width":960,"height":540,"url":"https:\/\/www.rri.ro\/wp-content\/uploads\/2024\/03\/RRI-960x540-Nachrichten-2-NOU.jpg","type":"image\/jpeg"}],"author":"Newsroom","twitter_card":"summary_large_image","twitter_misc":{"Verfasst von":"Newsroom","Gesch\u00e4tzte Lesezeit":"3\u00a0Minuten","Written by":"Newsroom"},"schema":{"@context":"https:\/\/schema.org","@graph":[{"@type":"Article","@id":"https:\/\/www.rri.ro\/de\/aktuell\/newsflash-de\/nachrichten-27-10-2025-id944376.html#article","isPartOf":{"@id":"https:\/\/www.rri.ro\/de\/aktuell\/newsflash-de\/nachrichten-27-10-2025-id944376.html"},"author":{"name":"Newsroom","@id":"https:\/\/www.rri.ro\/#\/schema\/person\/4a479940371b9fdefd194f561e8a7f88"},"headline":"Nachrichten 27.10.2025","datePublished":"2025-10-27T15:00:55+00:00","mainEntityOfPage":{"@id":"https:\/\/www.rri.ro\/de\/aktuell\/newsflash-de\/nachrichten-27-10-2025-id944376.html"},"wordCount":597,"image":{"@id":"https:\/\/www.rri.ro\/de\/aktuell\/newsflash-de\/nachrichten-27-10-2025-id944376.html#primaryimage"},"thumbnailUrl":"https:\/\/www.rri.ro\/wp-content\/uploads\/2024\/03\/RRI-960x540-Nachrichten-2-NOU.jpg","keywords":["Dan J\u00f8rgensen","Mindestlohn","Nationalkathedrale","Oberb\u00fcrgermeister","romsilva","Wahlumfragen"],"articleSection":["Newsflash"],"inLanguage":"de"},{"@type":"WebPage","@id":"https:\/\/www.rri.ro\/de\/aktuell\/newsflash-de\/nachrichten-27-10-2025-id944376.html","url":"https:\/\/www.rri.ro\/de\/aktuell\/newsflash-de\/nachrichten-27-10-2025-id944376.html","name":"Nachrichten 27.10.2025 - Radio Rum\u00e4nien International","isPartOf":{"@id":"https:\/\/www.rri.ro\/#website"},"primaryImageOfPage":{"@id":"https:\/\/www.rri.ro\/de\/aktuell\/newsflash-de\/nachrichten-27-10-2025-id944376.html#primaryimage"},"image":{"@id":"https:\/\/www.rri.ro\/de\/aktuell\/newsflash-de\/nachrichten-27-10-2025-id944376.html#primaryimage"},"thumbnailUrl":"https:\/\/www.rri.ro\/wp-content\/uploads\/2024\/03\/RRI-960x540-Nachrichten-2-NOU.jpg","datePublished":"2025-10-27T15:00:55+00:00","author":{"@id":"https:\/\/www.rri.ro\/#\/schema\/person\/4a479940371b9fdefd194f561e8a7f88"},"breadcrumb":{"@id":"https:\/\/www.rri.ro\/de\/aktuell\/newsflash-de\/nachrichten-27-10-2025-id944376.html#breadcrumb"},"inLanguage":"de","potentialAction":[{"@type":"ReadAction","target":["https:\/\/www.rri.ro\/de\/aktuell\/newsflash-de\/nachrichten-27-10-2025-id944376.html"]}]},{"@type":"ImageObject","inLanguage":"de","@id":"https:\/\/www.rri.ro\/de\/aktuell\/newsflash-de\/nachrichten-27-10-2025-id944376.html#primaryimage","url":"https:\/\/www.rri.ro\/wp-content\/uploads\/2024\/03\/RRI-960x540-Nachrichten-2-NOU.jpg","contentUrl":"https:\/\/www.rri.ro\/wp-content\/uploads\/2024\/03\/RRI-960x540-Nachrichten-2-NOU.jpg","width":960,"height":540},{"@type":"BreadcrumbList","@id":"https:\/\/www.rri.ro\/de\/aktuell\/newsflash-de\/nachrichten-27-10-2025-id944376.html#breadcrumb","itemListElement":[{"@type":"ListItem","position":1,"name":"Startseite","item":"https:\/\/www.rri.ro\/de"},{"@type":"ListItem","position":2,"name":"Actualitate","item":"https:\/\/www.rri.ro\/actualitate"},{"@type":"ListItem","position":3,"name":"Newsflash","item":"https:\/\/www.rri.ro\/de\/aktuell\/newsflash-de"},{"@type":"ListItem","position":4,"name":"Nachrichten 27.10.2025"}]},{"@type":"WebSite","@id":"https:\/\/www.rri.ro\/#website","url":"https:\/\/www.rri.ro\/","name":"Radio Rum\u00e4nien International","description":"Totul despre Rom\u00e2nia \u015fi rom\u00e2ni, \u00een 13 limbi\/dialecte!","inLanguage":"de"},{"@type":"Person","@id":"https:\/\/www.rri.ro\/#\/schema\/person\/4a479940371b9fdefd194f561e8a7f88","name":"Newsroom","url":"https:\/\/www.rri.ro\/de\/author\/newsroom"}]}},"_links":{"self":[{"href":"https:\/\/www.rri.ro\/de\/wp-json\/wp\/v2\/posts\/944376","targetHints":{"allow":["GET"]}}],"collection":[{"href":"https:\/\/www.rri.ro\/de\/wp-json\/wp\/v2\/posts"}],"about":[{"href":"https:\/\/www.rri.ro\/de\/wp-json\/wp\/v2\/types\/post"}],"author":[{"embeddable":true,"href":"https:\/\/www.rri.ro\/de\/wp-json\/wp\/v2\/users\/113"}],"replies":[{"embeddable":true,"href":"https:\/\/www.rri.ro\/de\/wp-json\/wp\/v2\/comments?post=944376"}],"version-history":[{"count":0,"href":"https:\/\/www.rri.ro\/de\/wp-json\/wp\/v2\/posts\/944376\/revisions"}],"wp:featuredmedia":[{"embeddable":true,"href":"https:\/\/www.rri.ro\/de\/wp-json\/wp\/v2\/media\/723386"}],"wp:attachment":[{"href":"https:\/\/www.rri.ro\/de\/wp-json\/wp\/v2\/media?parent=944376"}],"wp:term":[{"taxonomy":"category","embeddable":true,"href":"https:\/\/www.rri.ro\/de\/wp-json\/wp\/v2\/categories?post=944376"},{"taxonomy":"post_tag","embeddable":true,"href":"https:\/\/www.rri.ro\/de\/wp-json\/wp\/v2\/tags?post=944376"},{"taxonomy":"author","embeddable":true,"href":"https:\/\/www.rri.ro\/de\/wp-json\/wp\/v2\/coauthors?post=944376"}],"curies":[{"name":"wp","href":"https:\/\/api.w.org\/{rel}","templated":true}]}}