{"id":956031,"date":"2025-11-26T17:47:50","date_gmt":"2025-11-26T15:47:50","guid":{"rendered":"https:\/\/www.rri.ro\/?p=956031"},"modified":"2025-11-26T18:01:46","modified_gmt":"2025-11-26T16:01:46","slug":"nachrichten-26-11-2025","status":"publish","type":"post","link":"https:\/\/www.rri.ro\/de\/aktuell\/newsflash-de\/nachrichten-26-11-2025-id956031.html","title":{"rendered":"Nachrichten 26.11.2025"},"content":{"rendered":"<p>Das rum\u00e4nische Parlament hat heute in einer gemeinsamen Sitzung die Nationale Verteidigungsstrategie f\u00fcr den Zeitraum 2025\u20132030 verabschiedet. Das Dokument erhielt 314 Stimmen \u201adaf\u00fcr\u2018, 43 \u201adagegen\u2018 und 3 Enthaltungen. Vorgestellt wurde die Strategie vom Staatspr\u00e4sidenten Nicu\u0219or Dan, der unter anderem auf die von Russland gegen Rum\u00e4nien und mehrere europ\u00e4ische L\u00e4nder gef\u00fchrte hybride Kriegsf\u00fchrung, auf die Korruption sowie auf die Diskrepanz zwischen der gesamtgesellschaftlichen Entwicklung und der Reaktionsf\u00e4higkeit der \u00f6ffentlichen Verwaltung hinwies. Im Anschluss an die Pr\u00e4sentation folgten Debatten im Plenum. Abgeordnete der mit der PNL regierenden PSD betonten, dass das Dokument Risiken, Verwundbarkeiten und Herausforderungen klar benenne, gleichzeitig aber auch Chancen aufzeige, die Rum\u00e4nien sicherer machen k\u00f6nnten. Die Liberalen erkl\u00e4rten, die Strategie m\u00fcsse konsequent durch \u00f6ffentliche Politiken umgesetzt werden, w\u00e4hrend Vertreter der USR hervorhoben, die gr\u00f6\u00dfte Bedrohung f\u00fcr Rum\u00e4nien gehe vom Regime in Moskau aus. Auch der UDMR stellte sich hinter die Verteidigungsstrategie und das zentrale Konzept einer \u201asolidarischen Unabh\u00e4ngigkeit\u2018. Zustimmung kam ebenso aus der Opposition: AUR erkl\u00e4rte jedoch, das Dokument h\u00e4tte auch Ma\u00dfnahmen zur Armutsbek\u00e4mpfung sowie eine Ern\u00e4hrungs- und Energiesicherheitsstrategie enthalten m\u00fcssen. Die 43 Gegenstimmen stammten von den Abgeordneten der Parteien POT und PACE \u2013 \u00cent\u00e2i Rom\u00e2nia, die das Papier kritisierten und erkl\u00e4rten, es vermische nationale Sicherheit mit Landesverteidigung.<\/p>\n<p>&nbsp;<\/p>\n<p>Rum\u00e4nien wird bald \u00fcber ein neues milit\u00e4risches System verf\u00fcgen, das in der Lage ist, Drohnen, die in den nationalen Luftraum eindringen, abzufangen.\u00a0 Die Erkl\u00e4rung wurde vom Kommandeur der US-Streitkr\u00e4fte in Europa und Afrika, General Christopher Donahue, abgegeben. W\u00e4hrend eines Besuchs auf dem Luftwaffenst\u00fctzpunkt Mihail Kog\u0103lniceanu im S\u00fcdosten des Landes, gemeinsam mit Verteidigungsminister Ionu\u021b Mo\u0219teanu, erkl\u00e4rte der US-General, Rum\u00e4nien werde stets eine zentrale Rolle in diesem Teil des B\u00fcndnisses spielen. Der Besuch in Constan\u021ba fand statt, nachdem eine weitere russische Drohne den nationalen Luftraum \u00fcberflogen hatte.Mehr dazu nach den Nachrichten.<\/p>\n<p>&nbsp;<\/p>\n<p>Die Europ\u00e4ische Kommission hat am Dienstag das Verfahren wegen eines \u00fcberm\u00e4\u00dfigen Haushaltsdefizits gegen Rum\u00e4nien eingefroren, nachdem sie festgestellt hatte, dass die Regierungsma\u00dfnahmen positive Wirkungen zeigen. Rum\u00e4nien muss jedoch weiterhin die bereits verabschiedeten oder angek\u00fcndigten fiskalischen Ma\u00dfnahmen anwenden, um das Defizit bis 2031 unter 3 % zu senken. W\u00e4re das Verfahren fortgesetzt worden, h\u00e4tte Rum\u00e4nien das Risiko gehabt, EU-Mittel zu verlieren.<\/p>\n<p>&nbsp;<\/p>\n<p>Deutschland blieb im Jahr 2024 trotz einer anhaltenden Wirtschaftskrise der gr\u00f6\u00dfte Nettobeitragszahler zum EU-Haushalt, obwohl seine Zahlungen im Vergleich zu den Vorjahren deutlich gesunken sind, berichtet Reuters unter Berufung auf eine Studie des Deutschen Instituts f\u00fcr Wirtschaftsforschung. Im vergangenen Jahr zahlte die gr\u00f6\u00dfte Volkswirtschaft Europas 13,1 Milliarden Euro mehr in den EU-Haushalt ein, als sie zur\u00fcckerhielt. Frankreich belegte den zweiten Platz mit Nettozahlungen von 4,8 Milliarden Euro, gefolgt von Italien mit 1,6 Milliarden Euro. Auf der anderen Seite war Griechenland der gr\u00f6\u00dfte Nettoempf\u00e4nger mit 3,5 Milliarden Euro, gefolgt von Polen mit 2,9 Milliarden Euro und Rum\u00e4nien mit 2,7 Milliarden Euro.<\/p>\n<p>&nbsp;<\/p>\n<p>Heute beginnt die Handball-Weltmeisterschaft der Frauen, eine Ausgabe, die von den Niederlanden und Deutschland ausgerichtet wird. Alle 18 rum\u00e4nischen Spielerinnen unter der Leitung des Nationaltrainers Ovidiu Mih\u0103il\u0103 spielen in der heimischen Meisterschaft, drei von ihnen sind eingeb\u00fcrgert. Die Nationalmannschaft bestreitet alle Spiele der Gruppe A in Rotterdam, in den Niederlanden: am 27. November gegen Kroatien, am 29. November gegen Japan und am 1. Dezember gegen D\u00e4nemark. Rum\u00e4nien hat an allen Ausgaben der Handball-Weltmeisterschaft der Frauen teilgenommen und belegte 2023 den 12. Platz.<\/p>\n","protected":false},"excerpt":{"rendered":"<p>Das rum\u00e4nische Parlament hat heute in einer gemeinsamen Sitzung die Nationale Verteidigungsstrategie f\u00fcr den Zeitraum 2025\u20132030 verabschiedet. Das Dokument erhielt 314 Stimmen \u201adaf\u00fcr\u2018, 43 \u201adagegen\u2018 und 3 Enthaltungen. Vorgestellt wurde die Strategie vom Staatspr\u00e4sidenten Nicu\u0219or Dan, der unter anderem auf die von Russland gegen Rum\u00e4nien und mehrere europ\u00e4ische L\u00e4nder gef\u00fchrte hybride Kriegsf\u00fchrung, auf die Korruption [&hellip;]<\/p>\n","protected":false},"author":113,"featured_media":723386,"comment_status":"closed","ping_status":"closed","sticky":false,"template":"","format":"standard","meta":{"_acf_changed":false,"footnotes":""},"categories":[116753],"tags":[99801,170232,175501,181069],"coauthors":[116091],"class_list":["post-956031","post","type-post","status-publish","format-standard","has-post-thumbnail","hentry","category-newsflash-de","tag-europaeische-kommission","tag-praesident-nicusor-dan","tag-verteidigungsminister-ionut-mosteanu","tag-volkswirtschaft-europas"],"acf":[],"yoast_head":"<!-- This site is optimized with the Yoast SEO plugin v27.3 - https:\/\/yoast.com\/product\/yoast-seo-wordpress\/ -->\n<title>Nachrichten 26.11.2025 - Radio Rum\u00e4nien International<\/title>\n<meta name=\"robots\" content=\"index, follow, max-snippet:-1, max-image-preview:large, max-video-preview:-1\" \/>\n<link rel=\"canonical\" href=\"https:\/\/www.rri.ro\/de\/aktuell\/newsflash-de\/nachrichten-26-11-2025-id956031.html\" \/>\n<meta property=\"og:locale\" content=\"de_DE\" \/>\n<meta property=\"og:type\" content=\"article\" \/>\n<meta property=\"og:title\" content=\"Nachrichten 26.11.2025 - Radio Rum\u00e4nien International\" \/>\n<meta property=\"og:description\" content=\"Das rum\u00e4nische Parlament hat heute in einer gemeinsamen Sitzung die Nationale Verteidigungsstrategie f\u00fcr den Zeitraum 2025\u20132030 verabschiedet. Das Dokument erhielt 314 Stimmen \u201adaf\u00fcr\u2018, 43 \u201adagegen\u2018 und 3 Enthaltungen. Vorgestellt wurde die Strategie vom Staatspr\u00e4sidenten Nicu\u0219or Dan, der unter anderem auf die von Russland gegen Rum\u00e4nien und mehrere europ\u00e4ische L\u00e4nder gef\u00fchrte hybride Kriegsf\u00fchrung, auf die Korruption [&hellip;]\" \/>\n<meta property=\"og:url\" content=\"https:\/\/www.rri.ro\/de\/aktuell\/newsflash-de\/nachrichten-26-11-2025-id956031.html\" \/>\n<meta property=\"og:site_name\" content=\"Radio Rum\u00e4nien International\" \/>\n<meta property=\"article:published_time\" content=\"2025-11-26T15:47:50+00:00\" \/>\n<meta property=\"article:modified_time\" content=\"2025-11-26T16:01:46+00:00\" \/>\n<meta property=\"og:image\" content=\"https:\/\/www.rri.ro\/wp-content\/uploads\/2024\/03\/RRI-960x540-Nachrichten-2-NOU.jpg\" \/>\n\t<meta property=\"og:image:width\" content=\"960\" \/>\n\t<meta property=\"og:image:height\" content=\"540\" \/>\n\t<meta property=\"og:image:type\" content=\"image\/jpeg\" \/>\n<meta name=\"author\" content=\"Newsroom\" \/>\n<meta name=\"twitter:card\" content=\"summary_large_image\" \/>\n<meta name=\"twitter:label1\" content=\"Verfasst von\" \/>\n\t<meta name=\"twitter:data1\" content=\"Newsroom\" \/>\n\t<meta name=\"twitter:label2\" content=\"Gesch\u00e4tzte Lesezeit\" \/>\n\t<meta name=\"twitter:data2\" content=\"3\u00a0Minuten\" \/>\n\t<meta name=\"twitter:label3\" content=\"Written by\" \/>\n\t<meta name=\"twitter:data3\" content=\"Newsroom\" \/>\n<script type=\"application\/ld+json\" class=\"yoast-schema-graph\">{\"@context\":\"https:\\\/\\\/schema.org\",\"@graph\":[{\"@type\":\"Article\",\"@id\":\"https:\\\/\\\/www.rri.ro\\\/de\\\/aktuell\\\/newsflash-de\\\/nachrichten-26-11-2025-id956031.html#article\",\"isPartOf\":{\"@id\":\"https:\\\/\\\/www.rri.ro\\\/de\\\/aktuell\\\/newsflash-de\\\/nachrichten-26-11-2025-id956031.html\"},\"author\":{\"name\":\"Newsroom\",\"@id\":\"https:\\\/\\\/www.rri.ro\\\/#\\\/schema\\\/person\\\/4a479940371b9fdefd194f561e8a7f88\"},\"headline\":\"Nachrichten 26.11.2025\",\"datePublished\":\"2025-11-26T15:47:50+00:00\",\"dateModified\":\"2025-11-26T16:01:46+00:00\",\"mainEntityOfPage\":{\"@id\":\"https:\\\/\\\/www.rri.ro\\\/de\\\/aktuell\\\/newsflash-de\\\/nachrichten-26-11-2025-id956031.html\"},\"wordCount\":580,\"image\":{\"@id\":\"https:\\\/\\\/www.rri.ro\\\/de\\\/aktuell\\\/newsflash-de\\\/nachrichten-26-11-2025-id956031.html#primaryimage\"},\"thumbnailUrl\":\"https:\\\/\\\/www.rri.ro\\\/wp-content\\\/uploads\\\/2024\\\/03\\\/RRI-960x540-Nachrichten-2-NOU.jpg\",\"keywords\":[\"Europ\u00e4ische Kommission\",\"Pr\u00e4sident Nicusor Dan\",\"Verteidigungsminister Ionu\u021b Mo\u0219teanu\",\"Volkswirtschaft Europas\"],\"articleSection\":[\"Newsflash\"],\"inLanguage\":\"de\"},{\"@type\":\"WebPage\",\"@id\":\"https:\\\/\\\/www.rri.ro\\\/de\\\/aktuell\\\/newsflash-de\\\/nachrichten-26-11-2025-id956031.html\",\"url\":\"https:\\\/\\\/www.rri.ro\\\/de\\\/aktuell\\\/newsflash-de\\\/nachrichten-26-11-2025-id956031.html\",\"name\":\"Nachrichten 26.11.2025 - Radio Rum\u00e4nien International\",\"isPartOf\":{\"@id\":\"https:\\\/\\\/www.rri.ro\\\/#website\"},\"primaryImageOfPage\":{\"@id\":\"https:\\\/\\\/www.rri.ro\\\/de\\\/aktuell\\\/newsflash-de\\\/nachrichten-26-11-2025-id956031.html#primaryimage\"},\"image\":{\"@id\":\"https:\\\/\\\/www.rri.ro\\\/de\\\/aktuell\\\/newsflash-de\\\/nachrichten-26-11-2025-id956031.html#primaryimage\"},\"thumbnailUrl\":\"https:\\\/\\\/www.rri.ro\\\/wp-content\\\/uploads\\\/2024\\\/03\\\/RRI-960x540-Nachrichten-2-NOU.jpg\",\"datePublished\":\"2025-11-26T15:47:50+00:00\",\"dateModified\":\"2025-11-26T16:01:46+00:00\",\"author\":{\"@id\":\"https:\\\/\\\/www.rri.ro\\\/#\\\/schema\\\/person\\\/4a479940371b9fdefd194f561e8a7f88\"},\"breadcrumb\":{\"@id\":\"https:\\\/\\\/www.rri.ro\\\/de\\\/aktuell\\\/newsflash-de\\\/nachrichten-26-11-2025-id956031.html#breadcrumb\"},\"inLanguage\":\"de\",\"potentialAction\":[{\"@type\":\"ReadAction\",\"target\":[\"https:\\\/\\\/www.rri.ro\\\/de\\\/aktuell\\\/newsflash-de\\\/nachrichten-26-11-2025-id956031.html\"]}]},{\"@type\":\"ImageObject\",\"inLanguage\":\"de\",\"@id\":\"https:\\\/\\\/www.rri.ro\\\/de\\\/aktuell\\\/newsflash-de\\\/nachrichten-26-11-2025-id956031.html#primaryimage\",\"url\":\"https:\\\/\\\/www.rri.ro\\\/wp-content\\\/uploads\\\/2024\\\/03\\\/RRI-960x540-Nachrichten-2-NOU.jpg\",\"contentUrl\":\"https:\\\/\\\/www.rri.ro\\\/wp-content\\\/uploads\\\/2024\\\/03\\\/RRI-960x540-Nachrichten-2-NOU.jpg\",\"width\":960,\"height\":540},{\"@type\":\"BreadcrumbList\",\"@id\":\"https:\\\/\\\/www.rri.ro\\\/de\\\/aktuell\\\/newsflash-de\\\/nachrichten-26-11-2025-id956031.html#breadcrumb\",\"itemListElement\":[{\"@type\":\"ListItem\",\"position\":1,\"name\":\"Startseite\",\"item\":\"https:\\\/\\\/www.rri.ro\\\/de\"},{\"@type\":\"ListItem\",\"position\":2,\"name\":\"Aktuell\",\"item\":\"https:\\\/\\\/www.rri.ro\\\/de\\\/aktuell\"},{\"@type\":\"ListItem\",\"position\":3,\"name\":\"Newsflash\",\"item\":\"https:\\\/\\\/www.rri.ro\\\/de\\\/aktuell\\\/newsflash-de\"},{\"@type\":\"ListItem\",\"position\":4,\"name\":\"Nachrichten 26.11.2025\"}]},{\"@type\":\"WebSite\",\"@id\":\"https:\\\/\\\/www.rri.ro\\\/#website\",\"url\":\"https:\\\/\\\/www.rri.ro\\\/\",\"name\":\"Radio Rum\u00e4nien International\",\"description\":\"Totul despre Rom\u00e2nia \u015fi rom\u00e2ni, \u00een 13 limbi\\\/dialecte!\",\"inLanguage\":\"de\"},{\"@type\":\"Person\",\"@id\":\"https:\\\/\\\/www.rri.ro\\\/#\\\/schema\\\/person\\\/4a479940371b9fdefd194f561e8a7f88\",\"name\":\"Newsroom\",\"url\":\"https:\\\/\\\/www.rri.ro\\\/de\\\/author\\\/newsroom\"}]}<\/script>\n<!-- \/ Yoast SEO plugin. -->","yoast_head_json":{"title":"Nachrichten 26.11.2025 - Radio Rum\u00e4nien International","robots":{"index":"index","follow":"follow","max-snippet":"max-snippet:-1","max-image-preview":"max-image-preview:large","max-video-preview":"max-video-preview:-1"},"canonical":"https:\/\/www.rri.ro\/de\/aktuell\/newsflash-de\/nachrichten-26-11-2025-id956031.html","og_locale":"de_DE","og_type":"article","og_title":"Nachrichten 26.11.2025 - Radio Rum\u00e4nien International","og_description":"Das rum\u00e4nische Parlament hat heute in einer gemeinsamen Sitzung die Nationale Verteidigungsstrategie f\u00fcr den Zeitraum 2025\u20132030 verabschiedet. Das Dokument erhielt 314 Stimmen \u201adaf\u00fcr\u2018, 43 \u201adagegen\u2018 und 3 Enthaltungen. Vorgestellt wurde die Strategie vom Staatspr\u00e4sidenten Nicu\u0219or Dan, der unter anderem auf die von Russland gegen Rum\u00e4nien und mehrere europ\u00e4ische L\u00e4nder gef\u00fchrte hybride Kriegsf\u00fchrung, auf die Korruption [&hellip;]","og_url":"https:\/\/www.rri.ro\/de\/aktuell\/newsflash-de\/nachrichten-26-11-2025-id956031.html","og_site_name":"Radio Rum\u00e4nien International","article_published_time":"2025-11-26T15:47:50+00:00","article_modified_time":"2025-11-26T16:01:46+00:00","og_image":[{"width":960,"height":540,"url":"https:\/\/www.rri.ro\/wp-content\/uploads\/2024\/03\/RRI-960x540-Nachrichten-2-NOU.jpg","type":"image\/jpeg"}],"author":"Newsroom","twitter_card":"summary_large_image","twitter_misc":{"Verfasst von":"Newsroom","Gesch\u00e4tzte Lesezeit":"3\u00a0Minuten","Written by":"Newsroom"},"schema":{"@context":"https:\/\/schema.org","@graph":[{"@type":"Article","@id":"https:\/\/www.rri.ro\/de\/aktuell\/newsflash-de\/nachrichten-26-11-2025-id956031.html#article","isPartOf":{"@id":"https:\/\/www.rri.ro\/de\/aktuell\/newsflash-de\/nachrichten-26-11-2025-id956031.html"},"author":{"name":"Newsroom","@id":"https:\/\/www.rri.ro\/#\/schema\/person\/4a479940371b9fdefd194f561e8a7f88"},"headline":"Nachrichten 26.11.2025","datePublished":"2025-11-26T15:47:50+00:00","dateModified":"2025-11-26T16:01:46+00:00","mainEntityOfPage":{"@id":"https:\/\/www.rri.ro\/de\/aktuell\/newsflash-de\/nachrichten-26-11-2025-id956031.html"},"wordCount":580,"image":{"@id":"https:\/\/www.rri.ro\/de\/aktuell\/newsflash-de\/nachrichten-26-11-2025-id956031.html#primaryimage"},"thumbnailUrl":"https:\/\/www.rri.ro\/wp-content\/uploads\/2024\/03\/RRI-960x540-Nachrichten-2-NOU.jpg","keywords":["Europ\u00e4ische Kommission","Pr\u00e4sident Nicusor Dan","Verteidigungsminister Ionu\u021b Mo\u0219teanu","Volkswirtschaft Europas"],"articleSection":["Newsflash"],"inLanguage":"de"},{"@type":"WebPage","@id":"https:\/\/www.rri.ro\/de\/aktuell\/newsflash-de\/nachrichten-26-11-2025-id956031.html","url":"https:\/\/www.rri.ro\/de\/aktuell\/newsflash-de\/nachrichten-26-11-2025-id956031.html","name":"Nachrichten 26.11.2025 - Radio Rum\u00e4nien International","isPartOf":{"@id":"https:\/\/www.rri.ro\/#website"},"primaryImageOfPage":{"@id":"https:\/\/www.rri.ro\/de\/aktuell\/newsflash-de\/nachrichten-26-11-2025-id956031.html#primaryimage"},"image":{"@id":"https:\/\/www.rri.ro\/de\/aktuell\/newsflash-de\/nachrichten-26-11-2025-id956031.html#primaryimage"},"thumbnailUrl":"https:\/\/www.rri.ro\/wp-content\/uploads\/2024\/03\/RRI-960x540-Nachrichten-2-NOU.jpg","datePublished":"2025-11-26T15:47:50+00:00","dateModified":"2025-11-26T16:01:46+00:00","author":{"@id":"https:\/\/www.rri.ro\/#\/schema\/person\/4a479940371b9fdefd194f561e8a7f88"},"breadcrumb":{"@id":"https:\/\/www.rri.ro\/de\/aktuell\/newsflash-de\/nachrichten-26-11-2025-id956031.html#breadcrumb"},"inLanguage":"de","potentialAction":[{"@type":"ReadAction","target":["https:\/\/www.rri.ro\/de\/aktuell\/newsflash-de\/nachrichten-26-11-2025-id956031.html"]}]},{"@type":"ImageObject","inLanguage":"de","@id":"https:\/\/www.rri.ro\/de\/aktuell\/newsflash-de\/nachrichten-26-11-2025-id956031.html#primaryimage","url":"https:\/\/www.rri.ro\/wp-content\/uploads\/2024\/03\/RRI-960x540-Nachrichten-2-NOU.jpg","contentUrl":"https:\/\/www.rri.ro\/wp-content\/uploads\/2024\/03\/RRI-960x540-Nachrichten-2-NOU.jpg","width":960,"height":540},{"@type":"BreadcrumbList","@id":"https:\/\/www.rri.ro\/de\/aktuell\/newsflash-de\/nachrichten-26-11-2025-id956031.html#breadcrumb","itemListElement":[{"@type":"ListItem","position":1,"name":"Startseite","item":"https:\/\/www.rri.ro\/de"},{"@type":"ListItem","position":2,"name":"Aktuell","item":"https:\/\/www.rri.ro\/de\/aktuell"},{"@type":"ListItem","position":3,"name":"Newsflash","item":"https:\/\/www.rri.ro\/de\/aktuell\/newsflash-de"},{"@type":"ListItem","position":4,"name":"Nachrichten 26.11.2025"}]},{"@type":"WebSite","@id":"https:\/\/www.rri.ro\/#website","url":"https:\/\/www.rri.ro\/","name":"Radio Rum\u00e4nien International","description":"Totul despre Rom\u00e2nia \u015fi rom\u00e2ni, \u00een 13 limbi\/dialecte!","inLanguage":"de"},{"@type":"Person","@id":"https:\/\/www.rri.ro\/#\/schema\/person\/4a479940371b9fdefd194f561e8a7f88","name":"Newsroom","url":"https:\/\/www.rri.ro\/de\/author\/newsroom"}]}},"_links":{"self":[{"href":"https:\/\/www.rri.ro\/de\/wp-json\/wp\/v2\/posts\/956031","targetHints":{"allow":["GET"]}}],"collection":[{"href":"https:\/\/www.rri.ro\/de\/wp-json\/wp\/v2\/posts"}],"about":[{"href":"https:\/\/www.rri.ro\/de\/wp-json\/wp\/v2\/types\/post"}],"author":[{"embeddable":true,"href":"https:\/\/www.rri.ro\/de\/wp-json\/wp\/v2\/users\/113"}],"replies":[{"embeddable":true,"href":"https:\/\/www.rri.ro\/de\/wp-json\/wp\/v2\/comments?post=956031"}],"version-history":[{"count":0,"href":"https:\/\/www.rri.ro\/de\/wp-json\/wp\/v2\/posts\/956031\/revisions"}],"wp:featuredmedia":[{"embeddable":true,"href":"https:\/\/www.rri.ro\/de\/wp-json\/wp\/v2\/media\/723386"}],"wp:attachment":[{"href":"https:\/\/www.rri.ro\/de\/wp-json\/wp\/v2\/media?parent=956031"}],"wp:term":[{"taxonomy":"category","embeddable":true,"href":"https:\/\/www.rri.ro\/de\/wp-json\/wp\/v2\/categories?post=956031"},{"taxonomy":"post_tag","embeddable":true,"href":"https:\/\/www.rri.ro\/de\/wp-json\/wp\/v2\/tags?post=956031"},{"taxonomy":"author","embeddable":true,"href":"https:\/\/www.rri.ro\/de\/wp-json\/wp\/v2\/coauthors?post=956031"}],"curies":[{"name":"wp","href":"https:\/\/api.w.org\/{rel}","templated":true}]}}