{"id":957156,"date":"2025-11-29T17:00:13","date_gmt":"2025-11-29T15:00:13","guid":{"rendered":"https:\/\/www.rri.ro\/?p=957156"},"modified":"2025-11-29T14:22:47","modified_gmt":"2025-11-29T12:22:47","slug":"nachrichten-29-11-2025","status":"publish","type":"post","link":"https:\/\/www.rri.ro\/de\/aktuell\/newsflash-de\/nachrichten-29-11-2025-id957156.html","title":{"rendered":"Nachrichten 29.11.2025"},"content":{"rendered":"<p>Der rum\u00e4nische Pr\u00e4sident Nicu\u0219or Dan hat das Dekret unterzeichnet, mit dem er den R\u00fccktritt des Verteidigungsministers Ionu\u021b Mo\u0219teanu von der USR zur Kenntnis nimmt. Gleichzeitig ernannte er den Wirtschaftsminister Radu Miru\u021b\u0103, ebenfalls USR, zum Interimsverteidigungsminister. Beide Dokumente wurden bereits im <em data-start=\"450\" data-end=\"471\">Amtsblatt Rum\u00e4niens<\/em> ver\u00f6ffentlicht. Ionu\u021b Mo\u0219teanu hatte seinen R\u00fccktritt am Freitag auf Facebook bekanntgegeben. Er erkl\u00e4rte, er wolle nicht, dass Diskussionen \u00fcber seine Ausbildung und Fehler aus l\u00e4ngst vergangenen Jahren jene ablenken, die heute das Land f\u00fchren m\u00fcssen. Ausgel\u00f6st wurde die Kontroverse vor wenigen Tagen durch Medienberichte: In seinem ersten offiziellen Lebenslauf \u2013 aus der Zeit, als er Berater im Verkehrsministerium und Mitglied mehrerer Verwaltungsr\u00e4te war \u2013 soll gestanden haben, er habe die Universit\u00e4t \u201eAthenaeum\u201c absolviert. Auf Nachfrage der Presse jedoch bestritt die Universit\u00e4tsleitung, dass Mo\u0219teanu dort jemals Student gewesen sei. Mo\u0219teanu erkl\u00e4rte daraufhin, in einem in Eile erstellten Lebenslauf aus dem Jahr 2016 sei ein Fehler geblieben \u2013 ein Fehler, f\u00fcr den er sich sch\u00e4me und um Entschuldigung bitte.<\/p>\n<p>&nbsp;<\/p>\n<p>Die Regierung in Bukarest unter Premierminister Ilie Bolojan wird am 2. Dezember im Parlament die Vertrauensfrage zum Gesetzesentwurf \u00fcber die Renten der Richter und Staatsanw\u00e4lte stellen. Das Verfahren wurde am Freitag eingeleitet, nachdem das Projekt in der Sitzung des Kabinetts offiziell verabschiedet wurde \u2013 genau am letzten Tag der Frist, bis zu der diese Reform laut PNRR-Verpflichtungen bereits h\u00e4tte in Kraft treten m\u00fcssen. Die Erf\u00fcllung dieses Meilensteins ist entscheidend f\u00fcr die Auszahlung einer Tranche von 231 Millionen Euro. Der Premier \u00e4u\u00dferte die Hoffnung, dass diese Mittel nicht verloren gehen, und erinnerte an die wichtigsten \u00c4nderungen: Die Rente soll k\u00fcnftig auf maximal 70 Prozent des letzten Nettogehalts begrenzt werden; die Berufserfahrung f\u00fcr den Rentenanspruch steigt von 25 auf 35 Jahre; und das Pensionsalter wird in einer rund 15-j\u00e4hrigen \u00dcbergangsperiode von 48 auf 65 Jahre angehoben. Der Gesetzentwurf wurde vom Obersten Gerichtsrat (CSM) negativ bewertet. Ein fr\u00fcherer Reformversuch war vom Verfassungsgericht zur\u00fcckgewiesen worden, weil dem Projekt trotz seiner beratenden, aber verpflichtenden Rolle kein CSM-Gutachten zugrunde lag. Au\u00dferdem hat das Kabinett die zweite Haushaltskorrektur f\u00fcr 2025 beschlossen. Sie ber\u00fccksichtigt ein Defizit von 8,4 Prozent. Die gr\u00f6\u00dften zus\u00e4tzlichen Mittel gehen an die Ministerien f\u00fcr Gesundheit, Verkehr und Landwirtschaft. Am meisten Geld verlieren jedoch die Ressorts Verkehr, Investitionen, Wirtschaft, Arbeit, Inneres sowie auch die Staatsanwaltschaft.<\/p>\n<p>&nbsp;<\/p>\n<p>Mehr als 2.900 Soldaten und Spezialisten des rum\u00e4nischen Verteidigungsministeriums, des Innenministeriums, des Geheimdienstes SRI, des Sondertelekommunikationsdienstes STS sowie der Nationalen Gef\u00e4ngnisverwaltung werden \u2013 gemeinsam mit 220 technischen Einsatzmitteln, darunter 60 in einer statischen Ausstellung, und 45 Luftfahrzeugen \u2013 an der Milit\u00e4rparade zum Nationalfeiertag am 1. Dezember in Bukarest teilnehmen. Nach Angaben des Verteidigungsministeriums marschieren zudem 240 Soldaten aus verb\u00fcndeten und partnerstaaten mit, unter anderem aus Frankreich, Nordmazedonien, der Republik Moldau, Polen, Portugal, Spanien und den Vereinigten Staaten. Am 1. Dezember wird in allen milit\u00e4rischen Einrichtungen des Landes die Nationalflagge gehisst. Auf See- und Flussschiffen wird der Gro\u00dfe Flaggenschmuck gesetzt. Rund um den Triumphbogen in Bukarest entsteht eine Milit\u00e4rausstellung, die nach Abschluss der offiziellen Zeremonie f\u00fcr Besucher ge\u00f6ffnet ist. Auch die im Ausland eingesetzten Soldaten \u2013 in Einsatzgebieten und internationalen Missionen \u2013 nehmen an feierlichen Veranstaltungen und speziellen Aktivit\u00e4ten zum Nationalfeiertag teil.<\/p>\n<p>&nbsp;<\/p>\n<p>Der Wahlkampf f\u00fcr die Teil-Lokalwahlen am 7. Dezember in Bukarest geht weiter. 17 Kandidaten bewerben sich um das Amt des Generaldirektors der Hauptstadt, das vakant wurde, nachdem der fr\u00fchere B\u00fcrgermeister Nicu\u0219or Dan im Mai zum Pr\u00e4sidenten Rum\u00e4niens gew\u00e4hlt wurde. Ebenfalls am 7. Dezember finden Wahlen zur F\u00fchrung des Kreisrats Buz\u0103u im S\u00fcdosten des Landes sowie zur Bestimmung der B\u00fcrgermeister in zw\u00f6lf Gemeinden statt. Das Innenministerium teilte mit, dass es die ordnungsgem\u00e4\u00dfe Durchf\u00fchrung des Wahlkampfs und des Urnengangs sicherstellen werde. Bereits jetzt seien Ma\u00dfnahmen getroffen worden, um Sicherheit f\u00fcr die Kandidaten und die B\u00fcrger w\u00e4hrend des gesamten Prozesses zu gew\u00e4hrleisten.<\/p>\n<p>&nbsp;<\/p>\n<p>In Bukarest wird heute der Weihnachtsmarkt auf dem Platz der Verfassung er\u00f6ffnet. Erstmals wird das Parlamentsgeb\u00e4ude jeden Abend bis zum 28. Dezember mit festlichen Projektionen beleuchtet. Ebenfalls heute wird der Weihnachtsmarkt auf dem Universit\u00e4tsplatz ge\u00f6ffnet sowie die Weihnachtsbeleuchtung in der Hauptstadt wird eingeschaltet. Unterdessen hat Craiova im S\u00fcden Rum\u00e4niens europ\u00e4ische Gro\u00dfst\u00e4dte wie Stra\u00dfburg, Wien und Dresden \u00fcbertroffen und in diesem Jahr den ersten Platz im Wettbewerb der sch\u00f6nsten Weihnachtsm\u00e4rkte Europas gewonnen, organisiert von <em data-start=\"738\" data-end=\"766\">European Best Destinations<\/em>, einem offiziellen Partner der Europ\u00e4ischen Kommission. Die Stadt sammelte 142.000 Stimmen aus \u00fcber 140 L\u00e4ndern \u2013 rund 56.000 mehr als der Zweitplatzierte. Craiova erhielt au\u00dferdem den Titel \u201eSch\u00f6nster Weihnachtsmarkt Europas\u201c, vergeben von einer Jury aus internationalen Touristen, und setzte sich damit gegen renommierte Ziele wie Z\u00fcrich, Riga oder Lissabon durch. In der Mitteilung von <em data-start=\"1165\" data-end=\"1193\">European Best Destinations<\/em> hei\u00dft es: <em data-start=\"1204\" data-end=\"1518\">\u201eCraiova hat eine historische Leistung erbracht \u2013 ein Ergebnis, das in zwei Jahrzehnten Wettbewerb noch nie erreicht wurde. Die rum\u00e4nische Stadt sicherte sich eine dominante Position, gest\u00fctzt durch eine au\u00dfergew\u00f6hnliche internationale Beteiligung; die Zahl der abgegebenen Stimmen ist absolut rekordverd\u00e4chtig.\u201c<\/em> Der bereits am 14. November er\u00f6ffnete Weihnachtsmarkt von Craiova kann noch bis zum 4. Januar 2026 besucht werden.<\/p>\n<p>&nbsp;<\/p>\n<p>Der nationale Wetterdienst hat am Samstag eine Gelbe Warnung wegen ergiebiger Regenf\u00e4lle herausgegeben \u2013 g\u00fcltig bis Sonntag \u2013 f\u00fcr Gebiete in 13 Kreisen sowie f\u00fcr die Hauptstadt Bukarest. Das Wetter in Rum\u00e4nien bleibt \u00fcberwiegend bedeckt. Die Temperaturen liegen im Westen und S\u00fcdwesten im Bereich der saisonalen Normen, w\u00e4hrend sie im \u00fcbrigen Land meist dar\u00fcber liegen. Es regnet in allen Regionen, besonders stark jedoch im S\u00fcden, S\u00fcdosten und teilweise im Landeszentrum. Dort werden \u00f6rtlich 15 bis 20 Liter pro Quadratmeter, in der s\u00fcdlichen Landesh\u00e4lfte und in den Gebirgsregionen 25 bis 30 Liter und vereinzelt \u00fcber 40 Liter pro Quadratmeter erwartet. In den S\u00fcdkarpaten, vor allem oberhalb von 1.500 Metern, sowie auf den Gebirgsk\u00e4mmen der \u00fcbrigen Regionen fallen \u00fcberwiegend Schneeregen und Schnee. Der Wind weht schwach bis m\u00e4\u00dfig, im S\u00fcd-S\u00fcdosten des Landes zeitweise st\u00e4rker, mit B\u00f6en von 45 bis 50 km\/h. Die H\u00f6chsttemperaturen liegen zwischen 3 und 16 Grad Celsius. Mittags wurden in Bukarest 8 Grad gemessen.<\/p>\n","protected":false},"excerpt":{"rendered":"<p>Der rum\u00e4nische Pr\u00e4sident Nicu\u0219or Dan hat das Dekret unterzeichnet, mit dem er den R\u00fccktritt des Verteidigungsministers Ionu\u021b Mo\u0219teanu von der USR zur Kenntnis nimmt. Gleichzeitig ernannte er den Wirtschaftsminister Radu Miru\u021b\u0103, ebenfalls USR, zum Interimsverteidigungsminister. Beide Dokumente wurden bereits im Amtsblatt Rum\u00e4niens ver\u00f6ffentlicht. Ionu\u021b Mo\u0219teanu hatte seinen R\u00fccktritt am Freitag auf Facebook bekanntgegeben. Er erkl\u00e4rte, [&hellip;]<\/p>\n","protected":false},"author":63,"featured_media":723386,"comment_status":"closed","ping_status":"closed","sticky":false,"template":"","format":"standard","meta":{"_acf_changed":false,"footnotes":""},"categories":[116753],"tags":[181237,100572,170232,172867,181236,103667],"coauthors":[132164],"class_list":["post-957156","post","type-post","status-publish","format-standard","has-post-thumbnail","hentry","category-newsflash-de","tag-gesetzesentwurf-ueber-die-renten-der-richter-und-staatsanwaelte","tag-nationalfeiertag","tag-praesident-nicusor-dan","tag-premierminister-ilie-bolojan","tag-verteidigungsministers-ionut-mosteanu","tag-weihnachtsmarkt"],"acf":[],"yoast_head":"<!-- This site is optimized with the Yoast SEO plugin v27.3 - https:\/\/yoast.com\/product\/yoast-seo-wordpress\/ -->\n<title>Nachrichten 29.11.2025 - Radio Rum\u00e4nien International<\/title>\n<meta name=\"robots\" content=\"index, follow, max-snippet:-1, max-image-preview:large, max-video-preview:-1\" \/>\n<link rel=\"canonical\" href=\"https:\/\/www.rri.ro\/de\/aktuell\/newsflash-de\/nachrichten-29-11-2025-id957156.html\" \/>\n<meta property=\"og:locale\" content=\"de_DE\" \/>\n<meta property=\"og:type\" content=\"article\" \/>\n<meta property=\"og:title\" content=\"Nachrichten 29.11.2025 - Radio Rum\u00e4nien International\" \/>\n<meta property=\"og:description\" content=\"Der rum\u00e4nische Pr\u00e4sident Nicu\u0219or Dan hat das Dekret unterzeichnet, mit dem er den R\u00fccktritt des Verteidigungsministers Ionu\u021b Mo\u0219teanu von der USR zur Kenntnis nimmt. Gleichzeitig ernannte er den Wirtschaftsminister Radu Miru\u021b\u0103, ebenfalls USR, zum Interimsverteidigungsminister. Beide Dokumente wurden bereits im Amtsblatt Rum\u00e4niens ver\u00f6ffentlicht. Ionu\u021b Mo\u0219teanu hatte seinen R\u00fccktritt am Freitag auf Facebook bekanntgegeben. Er erkl\u00e4rte, [&hellip;]\" \/>\n<meta property=\"og:url\" content=\"https:\/\/www.rri.ro\/de\/aktuell\/newsflash-de\/nachrichten-29-11-2025-id957156.html\" \/>\n<meta property=\"og:site_name\" content=\"Radio Rum\u00e4nien International\" \/>\n<meta property=\"article:published_time\" content=\"2025-11-29T15:00:13+00:00\" \/>\n<meta property=\"og:image\" content=\"https:\/\/www.rri.ro\/wp-content\/uploads\/2024\/03\/RRI-960x540-Nachrichten-2-NOU.jpg\" \/>\n\t<meta property=\"og:image:width\" content=\"960\" \/>\n\t<meta property=\"og:image:height\" content=\"540\" \/>\n\t<meta property=\"og:image:type\" content=\"image\/jpeg\" \/>\n<meta name=\"author\" content=\"Dora Mih\u0103lcescu\" \/>\n<meta name=\"twitter:card\" content=\"summary_large_image\" \/>\n<meta name=\"twitter:label1\" content=\"Verfasst von\" \/>\n\t<meta name=\"twitter:data1\" content=\"Dora Mih\u0103lcescu\" \/>\n\t<meta name=\"twitter:label2\" content=\"Gesch\u00e4tzte Lesezeit\" \/>\n\t<meta name=\"twitter:data2\" content=\"5\u00a0Minuten\" \/>\n\t<meta name=\"twitter:label3\" content=\"Written by\" \/>\n\t<meta name=\"twitter:data3\" content=\"Dora Mih\u0103lcescu\" \/>\n<script type=\"application\/ld+json\" class=\"yoast-schema-graph\">{\"@context\":\"https:\\\/\\\/schema.org\",\"@graph\":[{\"@type\":\"Article\",\"@id\":\"https:\\\/\\\/www.rri.ro\\\/de\\\/aktuell\\\/newsflash-de\\\/nachrichten-29-11-2025-id957156.html#article\",\"isPartOf\":{\"@id\":\"https:\\\/\\\/www.rri.ro\\\/de\\\/aktuell\\\/newsflash-de\\\/nachrichten-29-11-2025-id957156.html\"},\"author\":{\"name\":\"Dora Mih\u0103lcescu\",\"@id\":\"https:\\\/\\\/www.rri.ro\\\/#\\\/schema\\\/person\\\/7e97b879b2d121f1e084ccfefe15d7d0\"},\"headline\":\"Nachrichten 29.11.2025\",\"datePublished\":\"2025-11-29T15:00:13+00:00\",\"mainEntityOfPage\":{\"@id\":\"https:\\\/\\\/www.rri.ro\\\/de\\\/aktuell\\\/newsflash-de\\\/nachrichten-29-11-2025-id957156.html\"},\"wordCount\":1025,\"image\":{\"@id\":\"https:\\\/\\\/www.rri.ro\\\/de\\\/aktuell\\\/newsflash-de\\\/nachrichten-29-11-2025-id957156.html#primaryimage\"},\"thumbnailUrl\":\"https:\\\/\\\/www.rri.ro\\\/wp-content\\\/uploads\\\/2024\\\/03\\\/RRI-960x540-Nachrichten-2-NOU.jpg\",\"keywords\":[\"Gesetzesentwurf \u00fcber die Renten der Richter und Staatsanw\u00e4lte\",\"Nationalfeiertag\",\"Pr\u00e4sident Nicusor Dan\",\"Premierminister Ilie Bolojan\",\"Verteidigungsministers Ionu\u021b Mo\u0219teanu\",\"Weihnachtsmarkt\"],\"articleSection\":[\"Newsflash\"],\"inLanguage\":\"de\"},{\"@type\":\"WebPage\",\"@id\":\"https:\\\/\\\/www.rri.ro\\\/de\\\/aktuell\\\/newsflash-de\\\/nachrichten-29-11-2025-id957156.html\",\"url\":\"https:\\\/\\\/www.rri.ro\\\/de\\\/aktuell\\\/newsflash-de\\\/nachrichten-29-11-2025-id957156.html\",\"name\":\"Nachrichten 29.11.2025 - Radio Rum\u00e4nien International\",\"isPartOf\":{\"@id\":\"https:\\\/\\\/www.rri.ro\\\/#website\"},\"primaryImageOfPage\":{\"@id\":\"https:\\\/\\\/www.rri.ro\\\/de\\\/aktuell\\\/newsflash-de\\\/nachrichten-29-11-2025-id957156.html#primaryimage\"},\"image\":{\"@id\":\"https:\\\/\\\/www.rri.ro\\\/de\\\/aktuell\\\/newsflash-de\\\/nachrichten-29-11-2025-id957156.html#primaryimage\"},\"thumbnailUrl\":\"https:\\\/\\\/www.rri.ro\\\/wp-content\\\/uploads\\\/2024\\\/03\\\/RRI-960x540-Nachrichten-2-NOU.jpg\",\"datePublished\":\"2025-11-29T15:00:13+00:00\",\"author\":{\"@id\":\"https:\\\/\\\/www.rri.ro\\\/#\\\/schema\\\/person\\\/7e97b879b2d121f1e084ccfefe15d7d0\"},\"breadcrumb\":{\"@id\":\"https:\\\/\\\/www.rri.ro\\\/de\\\/aktuell\\\/newsflash-de\\\/nachrichten-29-11-2025-id957156.html#breadcrumb\"},\"inLanguage\":\"de\",\"potentialAction\":[{\"@type\":\"ReadAction\",\"target\":[\"https:\\\/\\\/www.rri.ro\\\/de\\\/aktuell\\\/newsflash-de\\\/nachrichten-29-11-2025-id957156.html\"]}]},{\"@type\":\"ImageObject\",\"inLanguage\":\"de\",\"@id\":\"https:\\\/\\\/www.rri.ro\\\/de\\\/aktuell\\\/newsflash-de\\\/nachrichten-29-11-2025-id957156.html#primaryimage\",\"url\":\"https:\\\/\\\/www.rri.ro\\\/wp-content\\\/uploads\\\/2024\\\/03\\\/RRI-960x540-Nachrichten-2-NOU.jpg\",\"contentUrl\":\"https:\\\/\\\/www.rri.ro\\\/wp-content\\\/uploads\\\/2024\\\/03\\\/RRI-960x540-Nachrichten-2-NOU.jpg\",\"width\":960,\"height\":540},{\"@type\":\"BreadcrumbList\",\"@id\":\"https:\\\/\\\/www.rri.ro\\\/de\\\/aktuell\\\/newsflash-de\\\/nachrichten-29-11-2025-id957156.html#breadcrumb\",\"itemListElement\":[{\"@type\":\"ListItem\",\"position\":1,\"name\":\"Startseite\",\"item\":\"https:\\\/\\\/www.rri.ro\\\/de\"},{\"@type\":\"ListItem\",\"position\":2,\"name\":\"Actualitate\",\"item\":\"https:\\\/\\\/www.rri.ro\\\/actualitate\"},{\"@type\":\"ListItem\",\"position\":3,\"name\":\"Newsflash\",\"item\":\"https:\\\/\\\/www.rri.ro\\\/de\\\/aktuell\\\/newsflash-de\"},{\"@type\":\"ListItem\",\"position\":4,\"name\":\"Nachrichten 29.11.2025\"}]},{\"@type\":\"WebSite\",\"@id\":\"https:\\\/\\\/www.rri.ro\\\/#website\",\"url\":\"https:\\\/\\\/www.rri.ro\\\/\",\"name\":\"Radio Rum\u00e4nien International\",\"description\":\"Totul despre Rom\u00e2nia \u015fi rom\u00e2ni, \u00een 13 limbi\\\/dialecte!\",\"inLanguage\":\"de\"},{\"@type\":\"Person\",\"@id\":\"https:\\\/\\\/www.rri.ro\\\/#\\\/schema\\\/person\\\/7e97b879b2d121f1e084ccfefe15d7d0\",\"name\":\"Dora Mih\u0103lcescu\",\"url\":\"https:\\\/\\\/www.rri.ro\\\/de\\\/author\\\/dora-mihalcescu\"}]}<\/script>\n<!-- \/ Yoast SEO plugin. -->","yoast_head_json":{"title":"Nachrichten 29.11.2025 - Radio Rum\u00e4nien International","robots":{"index":"index","follow":"follow","max-snippet":"max-snippet:-1","max-image-preview":"max-image-preview:large","max-video-preview":"max-video-preview:-1"},"canonical":"https:\/\/www.rri.ro\/de\/aktuell\/newsflash-de\/nachrichten-29-11-2025-id957156.html","og_locale":"de_DE","og_type":"article","og_title":"Nachrichten 29.11.2025 - Radio Rum\u00e4nien International","og_description":"Der rum\u00e4nische Pr\u00e4sident Nicu\u0219or Dan hat das Dekret unterzeichnet, mit dem er den R\u00fccktritt des Verteidigungsministers Ionu\u021b Mo\u0219teanu von der USR zur Kenntnis nimmt. Gleichzeitig ernannte er den Wirtschaftsminister Radu Miru\u021b\u0103, ebenfalls USR, zum Interimsverteidigungsminister. Beide Dokumente wurden bereits im Amtsblatt Rum\u00e4niens ver\u00f6ffentlicht. Ionu\u021b Mo\u0219teanu hatte seinen R\u00fccktritt am Freitag auf Facebook bekanntgegeben. Er erkl\u00e4rte, [&hellip;]","og_url":"https:\/\/www.rri.ro\/de\/aktuell\/newsflash-de\/nachrichten-29-11-2025-id957156.html","og_site_name":"Radio Rum\u00e4nien International","article_published_time":"2025-11-29T15:00:13+00:00","og_image":[{"width":960,"height":540,"url":"https:\/\/www.rri.ro\/wp-content\/uploads\/2024\/03\/RRI-960x540-Nachrichten-2-NOU.jpg","type":"image\/jpeg"}],"author":"Dora Mih\u0103lcescu","twitter_card":"summary_large_image","twitter_misc":{"Verfasst von":"Dora Mih\u0103lcescu","Gesch\u00e4tzte Lesezeit":"5\u00a0Minuten","Written by":"Dora Mih\u0103lcescu"},"schema":{"@context":"https:\/\/schema.org","@graph":[{"@type":"Article","@id":"https:\/\/www.rri.ro\/de\/aktuell\/newsflash-de\/nachrichten-29-11-2025-id957156.html#article","isPartOf":{"@id":"https:\/\/www.rri.ro\/de\/aktuell\/newsflash-de\/nachrichten-29-11-2025-id957156.html"},"author":{"name":"Dora Mih\u0103lcescu","@id":"https:\/\/www.rri.ro\/#\/schema\/person\/7e97b879b2d121f1e084ccfefe15d7d0"},"headline":"Nachrichten 29.11.2025","datePublished":"2025-11-29T15:00:13+00:00","mainEntityOfPage":{"@id":"https:\/\/www.rri.ro\/de\/aktuell\/newsflash-de\/nachrichten-29-11-2025-id957156.html"},"wordCount":1025,"image":{"@id":"https:\/\/www.rri.ro\/de\/aktuell\/newsflash-de\/nachrichten-29-11-2025-id957156.html#primaryimage"},"thumbnailUrl":"https:\/\/www.rri.ro\/wp-content\/uploads\/2024\/03\/RRI-960x540-Nachrichten-2-NOU.jpg","keywords":["Gesetzesentwurf \u00fcber die Renten der Richter und Staatsanw\u00e4lte","Nationalfeiertag","Pr\u00e4sident Nicusor Dan","Premierminister Ilie Bolojan","Verteidigungsministers Ionu\u021b Mo\u0219teanu","Weihnachtsmarkt"],"articleSection":["Newsflash"],"inLanguage":"de"},{"@type":"WebPage","@id":"https:\/\/www.rri.ro\/de\/aktuell\/newsflash-de\/nachrichten-29-11-2025-id957156.html","url":"https:\/\/www.rri.ro\/de\/aktuell\/newsflash-de\/nachrichten-29-11-2025-id957156.html","name":"Nachrichten 29.11.2025 - Radio Rum\u00e4nien International","isPartOf":{"@id":"https:\/\/www.rri.ro\/#website"},"primaryImageOfPage":{"@id":"https:\/\/www.rri.ro\/de\/aktuell\/newsflash-de\/nachrichten-29-11-2025-id957156.html#primaryimage"},"image":{"@id":"https:\/\/www.rri.ro\/de\/aktuell\/newsflash-de\/nachrichten-29-11-2025-id957156.html#primaryimage"},"thumbnailUrl":"https:\/\/www.rri.ro\/wp-content\/uploads\/2024\/03\/RRI-960x540-Nachrichten-2-NOU.jpg","datePublished":"2025-11-29T15:00:13+00:00","author":{"@id":"https:\/\/www.rri.ro\/#\/schema\/person\/7e97b879b2d121f1e084ccfefe15d7d0"},"breadcrumb":{"@id":"https:\/\/www.rri.ro\/de\/aktuell\/newsflash-de\/nachrichten-29-11-2025-id957156.html#breadcrumb"},"inLanguage":"de","potentialAction":[{"@type":"ReadAction","target":["https:\/\/www.rri.ro\/de\/aktuell\/newsflash-de\/nachrichten-29-11-2025-id957156.html"]}]},{"@type":"ImageObject","inLanguage":"de","@id":"https:\/\/www.rri.ro\/de\/aktuell\/newsflash-de\/nachrichten-29-11-2025-id957156.html#primaryimage","url":"https:\/\/www.rri.ro\/wp-content\/uploads\/2024\/03\/RRI-960x540-Nachrichten-2-NOU.jpg","contentUrl":"https:\/\/www.rri.ro\/wp-content\/uploads\/2024\/03\/RRI-960x540-Nachrichten-2-NOU.jpg","width":960,"height":540},{"@type":"BreadcrumbList","@id":"https:\/\/www.rri.ro\/de\/aktuell\/newsflash-de\/nachrichten-29-11-2025-id957156.html#breadcrumb","itemListElement":[{"@type":"ListItem","position":1,"name":"Startseite","item":"https:\/\/www.rri.ro\/de"},{"@type":"ListItem","position":2,"name":"Actualitate","item":"https:\/\/www.rri.ro\/actualitate"},{"@type":"ListItem","position":3,"name":"Newsflash","item":"https:\/\/www.rri.ro\/de\/aktuell\/newsflash-de"},{"@type":"ListItem","position":4,"name":"Nachrichten 29.11.2025"}]},{"@type":"WebSite","@id":"https:\/\/www.rri.ro\/#website","url":"https:\/\/www.rri.ro\/","name":"Radio Rum\u00e4nien International","description":"Totul despre Rom\u00e2nia \u015fi rom\u00e2ni, \u00een 13 limbi\/dialecte!","inLanguage":"de"},{"@type":"Person","@id":"https:\/\/www.rri.ro\/#\/schema\/person\/7e97b879b2d121f1e084ccfefe15d7d0","name":"Dora Mih\u0103lcescu","url":"https:\/\/www.rri.ro\/de\/author\/dora-mihalcescu"}]}},"_links":{"self":[{"href":"https:\/\/www.rri.ro\/de\/wp-json\/wp\/v2\/posts\/957156","targetHints":{"allow":["GET"]}}],"collection":[{"href":"https:\/\/www.rri.ro\/de\/wp-json\/wp\/v2\/posts"}],"about":[{"href":"https:\/\/www.rri.ro\/de\/wp-json\/wp\/v2\/types\/post"}],"author":[{"embeddable":true,"href":"https:\/\/www.rri.ro\/de\/wp-json\/wp\/v2\/users\/63"}],"replies":[{"embeddable":true,"href":"https:\/\/www.rri.ro\/de\/wp-json\/wp\/v2\/comments?post=957156"}],"version-history":[{"count":0,"href":"https:\/\/www.rri.ro\/de\/wp-json\/wp\/v2\/posts\/957156\/revisions"}],"wp:featuredmedia":[{"embeddable":true,"href":"https:\/\/www.rri.ro\/de\/wp-json\/wp\/v2\/media\/723386"}],"wp:attachment":[{"href":"https:\/\/www.rri.ro\/de\/wp-json\/wp\/v2\/media?parent=957156"}],"wp:term":[{"taxonomy":"category","embeddable":true,"href":"https:\/\/www.rri.ro\/de\/wp-json\/wp\/v2\/categories?post=957156"},{"taxonomy":"post_tag","embeddable":true,"href":"https:\/\/www.rri.ro\/de\/wp-json\/wp\/v2\/tags?post=957156"},{"taxonomy":"author","embeddable":true,"href":"https:\/\/www.rri.ro\/de\/wp-json\/wp\/v2\/coauthors?post=957156"}],"curies":[{"name":"wp","href":"https:\/\/api.w.org\/{rel}","templated":true}]}}