{"id":959557,"date":"2025-12-06T13:30:56","date_gmt":"2025-12-06T11:30:56","guid":{"rendered":"https:\/\/www.rri.ro\/?p=959557"},"modified":"2025-12-06T13:30:56","modified_gmt":"2025-12-06T11:30:56","slug":"inside-gen-z-eine-ausstellung-zeigt-die-karten-der-einsamkeit","status":"publish","type":"post","link":"https:\/\/www.rri.ro\/de\/feature-reportage\/kulturchronik\/inside-gen-z-eine-ausstellung-zeigt-die-karten-der-einsamkeit-id959557.html","title":{"rendered":"Inside Gen Z: Eine Ausstellung zeigt die Karten der Einsamkeit"},"content":{"rendered":"<p>Mit Fotografien aus der Camera Obscura und einer immersiven Klanginstallation entsteht eine emotionale Landkarte zwischen digitalem L\u00e4rm und dem Wunsch nach echter N\u00e4he.\u00a0Einer der Organisatoren ist der Journalist und Dokumentarfilmer Ionu\u021b Dul\u0103mi\u021b\u0103. Er hat die Interviews f\u00fcr das Projekt gef\u00fchrt\u00a0und war im Gespr\u00e4ch mit Kulturredakteur Ion Puican.<\/p>\n<p><strong><b>\u201e<\/b><\/strong><em><i>Die Ausstellung ist Teil eines multimedialen Projekts, in dem wir untersucht haben, wie sich Einsamkeit bei der Generation Z zeigt. Wir sind von der Beobachtung ausgegangen, dass immer mehr Studien und Medienberichte sie als die \u201aGeneration der Einsamkeit\u2018 bezeichnen \u2013 wegen des Kontrasts zwischen ihrer extremen Online-Vernetzung und dem Gef\u00fchl, im echten Leben nur wenige tiefe Verbindungen zu haben.<\/i><\/em><em><i><br \/>\n<\/i><\/em><em><i>Wir wollten sowohl die schwere Seite der Einsamkeit einfangen \u2013 das Fehlen erf\u00fcllender Kontakte oder das Gef\u00fchl, \u201afehl am Platz\u2018 zu sein, selbst unter Menschen \u2013 als auch die positive Seite, die eher mit produktiver Zur\u00fcckgezogenheit zu tun hat. Also Zeit mit sich selbst, f\u00fcr Reflexion und Neuordnung.<\/i><\/em><\/p>\n<p><em><i>Daf\u00fcr haben wir junge Menschen aus der Gen Z in ihrem privaten Umfeld besucht und offen mit ihnen \u00fcber Einsamkeit gesprochen. Wir haben kleine Rituale gefilmt \u2013 wie sie Kaffee kochen, endlos scrollen oder Anime schauen. Wir haben Kl\u00e4nge der Solitude aufgenommen und in musikalische Soundscapes integriert. Und wir haben mit der Camera Obscura fotografiert, die den Au\u00dfenraum ihrer Wohnungen \u2013 auf dem Kopf \u2013 ins Innere projiziert. Herausgekommen sind Texte, Podcasts, Videos und Fotos. Alles geb\u00fcndelt findet sich auch auf einem Microsite bei der Kulturplattform Scena9.<\/i><\/em><strong><b>\u201d<\/b><\/strong><\/p>\n<p>Warum ein \u201eAtlas\u201c der Einsamkeit?<\/p>\n<p><strong><b>\u201e<\/b><\/strong><em><i>Wir haben uns f\u00fcr den Begriff \u201aAtlas\u2018 entschieden, weil Einsamkeit zwar f\u00fcr alle \u00e4hnlich f\u00fchlbar ist, aber aus vielen verschiedenen Territorien besteht: Wut, Scham, Misstrauen, Nicht-Dazugeh\u00f6ren \u2013 aber auch Ruhe, Reflexion oder Neuanf\u00e4nge. Die Ausstellung sollte eine Landkarte dieser inneren Orte sein, kartografiert durch die Stimmen und Bilder derer, die sie erleben.<\/i><\/em><strong><b>\u201c<\/b><\/strong><\/p>\n<p>Was erwartete die Besucherinnen und Besucher der Ausstellung?<\/p>\n<p><strong><b>\u201e<\/b><\/strong><em><i>Wir haben die visuellen und akustischen Elemente kombiniert, um einen Dialog \u00fcber Einsamkeit zwischen Au\u00dfenraum und Innenwelt zu schaffen. Die Camera Obscura funktioniert als visuelle Metapher: Sie zeigt Einsamkeit in Relation zur Stadt \u2013 zum Au\u00dfen.<\/i><\/em><em><i><br \/>\n<\/i><\/em><em><i>Die Soundscapes von Mihai Balaba\u0219 dagegen kommen aus der Intimit\u00e4t der Protagonisten, also aus dem Innen. Sie enthalten die Ger\u00e4usche allt\u00e4glicher Rituale, wenn man allein ist. Zusammen sollen sie zeigen: Einsamkeit ist eine zutiefst subjektive und individuelle Erfahrung.<\/i><\/em><strong><b>\u201c<\/b><\/strong><\/p>\n<p>Wie reagierten die jungen Teilnehmerinnen und Teilnehmer aus der Gen Z?<\/p>\n<p><strong><b>\u201e<\/b><\/strong><em><i>Mich hat \u00fcberrascht, wie bewusst und klar sie \u00fcber die Herausforderungen ihrer Generation sprechen \u2013 und wie offen sie \u00fcber sehr pers\u00f6nliche Themen reden. Manchmal hatte ich das Gef\u00fchl, dass sie darauf gewartet haben, dass jemand ihnen solche Fragen stellt.<\/i><\/em><em><i><br \/>\n<\/i><\/em><em><i>Viele sagten, dass sie selten Gelegenheit haben, \u00fcber diese Themen zu sprechen. Die Angst vor Bewertung kommt h\u00e4ufig vor. Und der schnelle Informationsfluss \u2013 aus Social Media und anderen Quellen \u2013 gibt ihnen kaum Zeit, das eigene Leben wirklich zu verarbeiten.<\/i><\/em><strong><b>\u201c<\/b><\/strong><\/p>\n<p>Sechs junge Menschen mit sehr unterschiedlichen Geschichten \u2013 von Studierenden und K\u00fcnstlerinnen bis zu einer jungen Frau aus einem Kriegsland \u2013 f\u00fchren die Besucherinnen und Besucher durch einen visuellen und auditiven Parcours \u00fcber Verletzlichkeit, Isolation und emotionales \u00dcberleben.<br \/>\nDie Ausstellung bringt Soziologie, Psychotherapie, Journalismus und visuelle Kunst zusammen und \u00f6ffnet so einen gemeinsamen Raum f\u00fcr ein tieferes Verst\u00e4ndnis von Einsamkeit heute.<\/p>\n<p><strong><b>\u201e<\/b><\/strong><em><i>Ein solcher Dialog entsteht, wenn man mehrere Medien zusammenbringt: Text, Fotografie, Soundscape und Video. Alles f\u00fchrt zum selben emotionalen Kern \u2013 aus unterschiedlichen, aber erg\u00e4nzenden Perspektiven.<\/i><\/em><em><i><br \/>\n<\/i><\/em><em><i>Die wichtigste Botschaft stammt von Petri\u0219or, einem der Protagonisten. Ich zitiere: \u201aDu kommst nach Hause und stellst fest, dass du nicht der Einzige bist, der so f\u00fchlt. Und das ist gut. Auch wenn du allein bist, wei\u00dft du, dass irgendwo jemand dieselbe Erfahrung macht \u2013 und das ist okay<\/i><\/em>.<strong><b>\u201c<\/b><\/strong><\/p>\n<p>Die Ausstellung \u201eDer Atlas der Einsamkeit\u201c zeigt, wie vielschichtig und ambivalent Einsamkeit f\u00fcr junge Menschen heute ist \u2013 zwischen digitaler \u00dcberforderung, echter Verletzlichkeit und dem Bed\u00fcrfnis nach einem eigenen, stillen Raum. Das Projekt wird weiter durch Rum\u00e4nien reisen und soll die Diskussion \u00fcber mentale Gesundheit und soziale Verbundenheit vertiefen.<\/p>\n","protected":false},"excerpt":{"rendered":"<p>Mit Fotografien aus der Camera Obscura und einer immersiven Klanginstallation entsteht eine emotionale Landkarte zwischen digitalem L\u00e4rm und dem Wunsch nach echter N\u00e4he.\u00a0Einer der Organisatoren ist der Journalist und Dokumentarfilmer Ionu\u021b Dul\u0103mi\u021b\u0103. Er hat die Interviews f\u00fcr das Projekt gef\u00fchrt\u00a0und war im Gespr\u00e4ch mit Kulturredakteur Ion Puican. \u201eDie Ausstellung ist Teil eines multimedialen Projekts, in [&hellip;]<\/p>\n","protected":false},"author":139,"featured_media":956040,"comment_status":"closed","ping_status":"closed","sticky":false,"template":"","format":"standard","meta":{"_acf_changed":false,"footnotes":""},"categories":[116759],"tags":[100588,120115,181695,99589,147802,122847],"coauthors":[115857,113313],"class_list":["post-959557","post","type-post","status-publish","format-standard","has-post-thumbnail","hentry","category-kulturchronik","tag-ausstellung","tag-einsamkeit","tag-gen-z-de","tag-rumaenien","tag-social-media-de","tag-temeschwar"],"acf":[],"yoast_head":"<!-- This site is optimized with the Yoast SEO plugin v27.3 - https:\/\/yoast.com\/product\/yoast-seo-wordpress\/ -->\n<title>Inside Gen Z: Eine Ausstellung zeigt die Karten der Einsamkeit - Radio Rum\u00e4nien International<\/title>\n<meta name=\"robots\" content=\"index, follow, max-snippet:-1, max-image-preview:large, max-video-preview:-1\" \/>\n<link rel=\"canonical\" href=\"https:\/\/www.rri.ro\/de\/feature-reportage\/kulturchronik\/inside-gen-z-eine-ausstellung-zeigt-die-karten-der-einsamkeit-id959557.html\" \/>\n<meta property=\"og:locale\" content=\"de_DE\" \/>\n<meta property=\"og:type\" content=\"article\" \/>\n<meta property=\"og:title\" content=\"Inside Gen Z: Eine Ausstellung zeigt die Karten der Einsamkeit - Radio Rum\u00e4nien International\" \/>\n<meta property=\"og:description\" content=\"Mit Fotografien aus der Camera Obscura und einer immersiven Klanginstallation entsteht eine emotionale Landkarte zwischen digitalem L\u00e4rm und dem Wunsch nach echter N\u00e4he.\u00a0Einer der Organisatoren ist der Journalist und Dokumentarfilmer Ionu\u021b Dul\u0103mi\u021b\u0103. Er hat die Interviews f\u00fcr das Projekt gef\u00fchrt\u00a0und war im Gespr\u00e4ch mit Kulturredakteur Ion Puican. \u201eDie Ausstellung ist Teil eines multimedialen Projekts, in [&hellip;]\" \/>\n<meta property=\"og:url\" content=\"https:\/\/www.rri.ro\/de\/feature-reportage\/kulturchronik\/inside-gen-z-eine-ausstellung-zeigt-die-karten-der-einsamkeit-id959557.html\" \/>\n<meta property=\"og:site_name\" content=\"Radio Rum\u00e4nien International\" \/>\n<meta property=\"article:published_time\" content=\"2025-12-06T11:30:56+00:00\" \/>\n<meta property=\"og:image\" content=\"https:\/\/www.rri.ro\/wp-content\/uploads\/2025\/11\/atlasul-singuratatii-foto-facebook-atlasul-singuratatii.jpg\" \/>\n\t<meta property=\"og:image:width\" content=\"1200\" \/>\n\t<meta property=\"og:image:height\" content=\"628\" \/>\n\t<meta property=\"og:image:type\" content=\"image\/jpeg\" \/>\n<meta name=\"author\" content=\"Ion Puican, Alex Sterescu\" \/>\n<meta name=\"twitter:card\" content=\"summary_large_image\" \/>\n<meta name=\"twitter:label1\" content=\"Verfasst von\" \/>\n\t<meta name=\"twitter:data1\" content=\"Ion Puican\" \/>\n\t<meta name=\"twitter:label2\" content=\"Gesch\u00e4tzte Lesezeit\" \/>\n\t<meta name=\"twitter:data2\" content=\"3\u00a0Minuten\" \/>\n\t<meta name=\"twitter:label3\" content=\"Written by\" \/>\n\t<meta name=\"twitter:data3\" content=\"Ion Puican, Alex Sterescu\" \/>\n<script type=\"application\/ld+json\" class=\"yoast-schema-graph\">{\"@context\":\"https:\\\/\\\/schema.org\",\"@graph\":[{\"@type\":\"Article\",\"@id\":\"https:\\\/\\\/www.rri.ro\\\/de\\\/feature-reportage\\\/kulturchronik\\\/inside-gen-z-eine-ausstellung-zeigt-die-karten-der-einsamkeit-id959557.html#article\",\"isPartOf\":{\"@id\":\"https:\\\/\\\/www.rri.ro\\\/de\\\/feature-reportage\\\/kulturchronik\\\/inside-gen-z-eine-ausstellung-zeigt-die-karten-der-einsamkeit-id959557.html\"},\"author\":{\"name\":\"Ion Puican\",\"@id\":\"https:\\\/\\\/www.rri.ro\\\/#\\\/schema\\\/person\\\/e42eab6499191ec26ce23fe01ad35cb0\"},\"headline\":\"Inside Gen Z: Eine Ausstellung zeigt die Karten der Einsamkeit\",\"datePublished\":\"2025-12-06T11:30:56+00:00\",\"mainEntityOfPage\":{\"@id\":\"https:\\\/\\\/www.rri.ro\\\/de\\\/feature-reportage\\\/kulturchronik\\\/inside-gen-z-eine-ausstellung-zeigt-die-karten-der-einsamkeit-id959557.html\"},\"wordCount\":693,\"image\":{\"@id\":\"https:\\\/\\\/www.rri.ro\\\/de\\\/feature-reportage\\\/kulturchronik\\\/inside-gen-z-eine-ausstellung-zeigt-die-karten-der-einsamkeit-id959557.html#primaryimage\"},\"thumbnailUrl\":\"https:\\\/\\\/www.rri.ro\\\/wp-content\\\/uploads\\\/2025\\\/11\\\/atlasul-singuratatii-foto-facebook-atlasul-singuratatii.jpg\",\"keywords\":[\"Ausstellung\",\"Einsamkeit\",\"Gen Z\",\"Rum\u00e4nien\",\"social media\",\"Temeschwar\"],\"articleSection\":[\"Kulturchronik\"],\"inLanguage\":\"de\"},{\"@type\":\"WebPage\",\"@id\":\"https:\\\/\\\/www.rri.ro\\\/de\\\/feature-reportage\\\/kulturchronik\\\/inside-gen-z-eine-ausstellung-zeigt-die-karten-der-einsamkeit-id959557.html\",\"url\":\"https:\\\/\\\/www.rri.ro\\\/de\\\/feature-reportage\\\/kulturchronik\\\/inside-gen-z-eine-ausstellung-zeigt-die-karten-der-einsamkeit-id959557.html\",\"name\":\"Inside Gen Z: Eine Ausstellung zeigt die Karten der Einsamkeit - Radio Rum\u00e4nien International\",\"isPartOf\":{\"@id\":\"https:\\\/\\\/www.rri.ro\\\/#website\"},\"primaryImageOfPage\":{\"@id\":\"https:\\\/\\\/www.rri.ro\\\/de\\\/feature-reportage\\\/kulturchronik\\\/inside-gen-z-eine-ausstellung-zeigt-die-karten-der-einsamkeit-id959557.html#primaryimage\"},\"image\":{\"@id\":\"https:\\\/\\\/www.rri.ro\\\/de\\\/feature-reportage\\\/kulturchronik\\\/inside-gen-z-eine-ausstellung-zeigt-die-karten-der-einsamkeit-id959557.html#primaryimage\"},\"thumbnailUrl\":\"https:\\\/\\\/www.rri.ro\\\/wp-content\\\/uploads\\\/2025\\\/11\\\/atlasul-singuratatii-foto-facebook-atlasul-singuratatii.jpg\",\"datePublished\":\"2025-12-06T11:30:56+00:00\",\"author\":{\"@id\":\"https:\\\/\\\/www.rri.ro\\\/#\\\/schema\\\/person\\\/e42eab6499191ec26ce23fe01ad35cb0\"},\"breadcrumb\":{\"@id\":\"https:\\\/\\\/www.rri.ro\\\/de\\\/feature-reportage\\\/kulturchronik\\\/inside-gen-z-eine-ausstellung-zeigt-die-karten-der-einsamkeit-id959557.html#breadcrumb\"},\"inLanguage\":\"de\",\"potentialAction\":[{\"@type\":\"ReadAction\",\"target\":[\"https:\\\/\\\/www.rri.ro\\\/de\\\/feature-reportage\\\/kulturchronik\\\/inside-gen-z-eine-ausstellung-zeigt-die-karten-der-einsamkeit-id959557.html\"]}]},{\"@type\":\"ImageObject\",\"inLanguage\":\"de\",\"@id\":\"https:\\\/\\\/www.rri.ro\\\/de\\\/feature-reportage\\\/kulturchronik\\\/inside-gen-z-eine-ausstellung-zeigt-die-karten-der-einsamkeit-id959557.html#primaryimage\",\"url\":\"https:\\\/\\\/www.rri.ro\\\/wp-content\\\/uploads\\\/2025\\\/11\\\/atlasul-singuratatii-foto-facebook-atlasul-singuratatii.jpg\",\"contentUrl\":\"https:\\\/\\\/www.rri.ro\\\/wp-content\\\/uploads\\\/2025\\\/11\\\/atlasul-singuratatii-foto-facebook-atlasul-singuratatii.jpg\",\"width\":1200,\"height\":628,\"caption\":\"Afi\u0219 eveniment\"},{\"@type\":\"BreadcrumbList\",\"@id\":\"https:\\\/\\\/www.rri.ro\\\/de\\\/feature-reportage\\\/kulturchronik\\\/inside-gen-z-eine-ausstellung-zeigt-die-karten-der-einsamkeit-id959557.html#breadcrumb\",\"itemListElement\":[{\"@type\":\"ListItem\",\"position\":1,\"name\":\"Startseite\",\"item\":\"https:\\\/\\\/www.rri.ro\\\/de\"},{\"@type\":\"ListItem\",\"position\":2,\"name\":\"Feature &amp; Reportage\",\"item\":\"https:\\\/\\\/www.rri.ro\\\/de\\\/feature-reportage\"},{\"@type\":\"ListItem\",\"position\":3,\"name\":\"Kulturchronik\",\"item\":\"https:\\\/\\\/www.rri.ro\\\/de\\\/feature-reportage\\\/kulturchronik\"},{\"@type\":\"ListItem\",\"position\":4,\"name\":\"Inside Gen Z: Eine Ausstellung zeigt die Karten der Einsamkeit\"}]},{\"@type\":\"WebSite\",\"@id\":\"https:\\\/\\\/www.rri.ro\\\/#website\",\"url\":\"https:\\\/\\\/www.rri.ro\\\/\",\"name\":\"Radio Rum\u00e4nien International\",\"description\":\"Totul despre Rom\u00e2nia \u015fi rom\u00e2ni, \u00een 13 limbi\\\/dialecte!\",\"inLanguage\":\"de\"},{\"@type\":\"Person\",\"@id\":\"https:\\\/\\\/www.rri.ro\\\/#\\\/schema\\\/person\\\/e42eab6499191ec26ce23fe01ad35cb0\",\"name\":\"Ion Puican\",\"url\":\"https:\\\/\\\/www.rri.ro\\\/de\\\/author\\\/ion-puican\"}]}<\/script>\n<!-- \/ Yoast SEO plugin. -->","yoast_head_json":{"title":"Inside Gen Z: Eine Ausstellung zeigt die Karten der Einsamkeit - Radio Rum\u00e4nien International","robots":{"index":"index","follow":"follow","max-snippet":"max-snippet:-1","max-image-preview":"max-image-preview:large","max-video-preview":"max-video-preview:-1"},"canonical":"https:\/\/www.rri.ro\/de\/feature-reportage\/kulturchronik\/inside-gen-z-eine-ausstellung-zeigt-die-karten-der-einsamkeit-id959557.html","og_locale":"de_DE","og_type":"article","og_title":"Inside Gen Z: Eine Ausstellung zeigt die Karten der Einsamkeit - Radio Rum\u00e4nien International","og_description":"Mit Fotografien aus der Camera Obscura und einer immersiven Klanginstallation entsteht eine emotionale Landkarte zwischen digitalem L\u00e4rm und dem Wunsch nach echter N\u00e4he.\u00a0Einer der Organisatoren ist der Journalist und Dokumentarfilmer Ionu\u021b Dul\u0103mi\u021b\u0103. Er hat die Interviews f\u00fcr das Projekt gef\u00fchrt\u00a0und war im Gespr\u00e4ch mit Kulturredakteur Ion Puican. \u201eDie Ausstellung ist Teil eines multimedialen Projekts, in [&hellip;]","og_url":"https:\/\/www.rri.ro\/de\/feature-reportage\/kulturchronik\/inside-gen-z-eine-ausstellung-zeigt-die-karten-der-einsamkeit-id959557.html","og_site_name":"Radio Rum\u00e4nien International","article_published_time":"2025-12-06T11:30:56+00:00","og_image":[{"width":1200,"height":628,"url":"https:\/\/www.rri.ro\/wp-content\/uploads\/2025\/11\/atlasul-singuratatii-foto-facebook-atlasul-singuratatii.jpg","type":"image\/jpeg"}],"author":"Ion Puican, Alex Sterescu","twitter_card":"summary_large_image","twitter_misc":{"Verfasst von":"Ion Puican","Gesch\u00e4tzte Lesezeit":"3\u00a0Minuten","Written by":"Ion Puican, Alex Sterescu"},"schema":{"@context":"https:\/\/schema.org","@graph":[{"@type":"Article","@id":"https:\/\/www.rri.ro\/de\/feature-reportage\/kulturchronik\/inside-gen-z-eine-ausstellung-zeigt-die-karten-der-einsamkeit-id959557.html#article","isPartOf":{"@id":"https:\/\/www.rri.ro\/de\/feature-reportage\/kulturchronik\/inside-gen-z-eine-ausstellung-zeigt-die-karten-der-einsamkeit-id959557.html"},"author":{"name":"Ion Puican","@id":"https:\/\/www.rri.ro\/#\/schema\/person\/e42eab6499191ec26ce23fe01ad35cb0"},"headline":"Inside Gen Z: Eine Ausstellung zeigt die Karten der Einsamkeit","datePublished":"2025-12-06T11:30:56+00:00","mainEntityOfPage":{"@id":"https:\/\/www.rri.ro\/de\/feature-reportage\/kulturchronik\/inside-gen-z-eine-ausstellung-zeigt-die-karten-der-einsamkeit-id959557.html"},"wordCount":693,"image":{"@id":"https:\/\/www.rri.ro\/de\/feature-reportage\/kulturchronik\/inside-gen-z-eine-ausstellung-zeigt-die-karten-der-einsamkeit-id959557.html#primaryimage"},"thumbnailUrl":"https:\/\/www.rri.ro\/wp-content\/uploads\/2025\/11\/atlasul-singuratatii-foto-facebook-atlasul-singuratatii.jpg","keywords":["Ausstellung","Einsamkeit","Gen Z","Rum\u00e4nien","social media","Temeschwar"],"articleSection":["Kulturchronik"],"inLanguage":"de"},{"@type":"WebPage","@id":"https:\/\/www.rri.ro\/de\/feature-reportage\/kulturchronik\/inside-gen-z-eine-ausstellung-zeigt-die-karten-der-einsamkeit-id959557.html","url":"https:\/\/www.rri.ro\/de\/feature-reportage\/kulturchronik\/inside-gen-z-eine-ausstellung-zeigt-die-karten-der-einsamkeit-id959557.html","name":"Inside Gen Z: Eine Ausstellung zeigt die Karten der Einsamkeit - Radio Rum\u00e4nien International","isPartOf":{"@id":"https:\/\/www.rri.ro\/#website"},"primaryImageOfPage":{"@id":"https:\/\/www.rri.ro\/de\/feature-reportage\/kulturchronik\/inside-gen-z-eine-ausstellung-zeigt-die-karten-der-einsamkeit-id959557.html#primaryimage"},"image":{"@id":"https:\/\/www.rri.ro\/de\/feature-reportage\/kulturchronik\/inside-gen-z-eine-ausstellung-zeigt-die-karten-der-einsamkeit-id959557.html#primaryimage"},"thumbnailUrl":"https:\/\/www.rri.ro\/wp-content\/uploads\/2025\/11\/atlasul-singuratatii-foto-facebook-atlasul-singuratatii.jpg","datePublished":"2025-12-06T11:30:56+00:00","author":{"@id":"https:\/\/www.rri.ro\/#\/schema\/person\/e42eab6499191ec26ce23fe01ad35cb0"},"breadcrumb":{"@id":"https:\/\/www.rri.ro\/de\/feature-reportage\/kulturchronik\/inside-gen-z-eine-ausstellung-zeigt-die-karten-der-einsamkeit-id959557.html#breadcrumb"},"inLanguage":"de","potentialAction":[{"@type":"ReadAction","target":["https:\/\/www.rri.ro\/de\/feature-reportage\/kulturchronik\/inside-gen-z-eine-ausstellung-zeigt-die-karten-der-einsamkeit-id959557.html"]}]},{"@type":"ImageObject","inLanguage":"de","@id":"https:\/\/www.rri.ro\/de\/feature-reportage\/kulturchronik\/inside-gen-z-eine-ausstellung-zeigt-die-karten-der-einsamkeit-id959557.html#primaryimage","url":"https:\/\/www.rri.ro\/wp-content\/uploads\/2025\/11\/atlasul-singuratatii-foto-facebook-atlasul-singuratatii.jpg","contentUrl":"https:\/\/www.rri.ro\/wp-content\/uploads\/2025\/11\/atlasul-singuratatii-foto-facebook-atlasul-singuratatii.jpg","width":1200,"height":628,"caption":"Afi\u0219 eveniment"},{"@type":"BreadcrumbList","@id":"https:\/\/www.rri.ro\/de\/feature-reportage\/kulturchronik\/inside-gen-z-eine-ausstellung-zeigt-die-karten-der-einsamkeit-id959557.html#breadcrumb","itemListElement":[{"@type":"ListItem","position":1,"name":"Startseite","item":"https:\/\/www.rri.ro\/de"},{"@type":"ListItem","position":2,"name":"Feature &amp; Reportage","item":"https:\/\/www.rri.ro\/de\/feature-reportage"},{"@type":"ListItem","position":3,"name":"Kulturchronik","item":"https:\/\/www.rri.ro\/de\/feature-reportage\/kulturchronik"},{"@type":"ListItem","position":4,"name":"Inside Gen Z: Eine Ausstellung zeigt die Karten der Einsamkeit"}]},{"@type":"WebSite","@id":"https:\/\/www.rri.ro\/#website","url":"https:\/\/www.rri.ro\/","name":"Radio Rum\u00e4nien International","description":"Totul despre Rom\u00e2nia \u015fi rom\u00e2ni, \u00een 13 limbi\/dialecte!","inLanguage":"de"},{"@type":"Person","@id":"https:\/\/www.rri.ro\/#\/schema\/person\/e42eab6499191ec26ce23fe01ad35cb0","name":"Ion Puican","url":"https:\/\/www.rri.ro\/de\/author\/ion-puican"}]}},"_links":{"self":[{"href":"https:\/\/www.rri.ro\/de\/wp-json\/wp\/v2\/posts\/959557","targetHints":{"allow":["GET"]}}],"collection":[{"href":"https:\/\/www.rri.ro\/de\/wp-json\/wp\/v2\/posts"}],"about":[{"href":"https:\/\/www.rri.ro\/de\/wp-json\/wp\/v2\/types\/post"}],"author":[{"embeddable":true,"href":"https:\/\/www.rri.ro\/de\/wp-json\/wp\/v2\/users\/139"}],"replies":[{"embeddable":true,"href":"https:\/\/www.rri.ro\/de\/wp-json\/wp\/v2\/comments?post=959557"}],"version-history":[{"count":0,"href":"https:\/\/www.rri.ro\/de\/wp-json\/wp\/v2\/posts\/959557\/revisions"}],"wp:featuredmedia":[{"embeddable":true,"href":"https:\/\/www.rri.ro\/de\/wp-json\/wp\/v2\/media\/956040"}],"wp:attachment":[{"href":"https:\/\/www.rri.ro\/de\/wp-json\/wp\/v2\/media?parent=959557"}],"wp:term":[{"taxonomy":"category","embeddable":true,"href":"https:\/\/www.rri.ro\/de\/wp-json\/wp\/v2\/categories?post=959557"},{"taxonomy":"post_tag","embeddable":true,"href":"https:\/\/www.rri.ro\/de\/wp-json\/wp\/v2\/tags?post=959557"},{"taxonomy":"author","embeddable":true,"href":"https:\/\/www.rri.ro\/de\/wp-json\/wp\/v2\/coauthors?post=959557"}],"curies":[{"name":"wp","href":"https:\/\/api.w.org\/{rel}","templated":true}]}}