{"id":960090,"date":"2025-12-08T15:25:00","date_gmt":"2025-12-08T13:25:00","guid":{"rendered":"https:\/\/www.rri.ro\/?p=960090"},"modified":"2025-12-08T15:22:10","modified_gmt":"2025-12-08T13:22:10","slug":"buchmesse-gaudeamus-zu-ende-gegangen","status":"publish","type":"post","link":"https:\/\/www.rri.ro\/de\/aktuell\/rri-aktuell\/buchmesse-gaudeamus-zu-ende-gegangen-id960090.html","title":{"rendered":"Buchmesse Gaudeamus zu Ende gegangen"},"content":{"rendered":"<p>Die politischen Turbulenzen haben die Leidenschaft der Bukarester f\u00fcr Kultur nicht \u00fcberschattet. Am Wahltag f\u00fcr das Amt des B\u00fcrgermeisters ist auch die 32. Ausgabe der traditionsreichen Buchmesse Gaudeamus mit einem Besucherrekord zu Ende gegangen. \u00a0Die Kulturpresse bezeichnet Gaudeamus als ein wahres literarisches Fest, das dieses Jahr von Mittwoch bis Sonntag \u00fcber 180 Teilnehmer zusammenbrachte, die \u00fcber 600 Programmpunkte anboten.<\/p>\n<p>&nbsp;<\/p>\n<p>Laut einer Mitteilung der Organisatoren waren alle renommierten Verlage Rum\u00e4niens, Vertriebsagenturen f\u00fcr rum\u00e4nische und ausl\u00e4ndische B\u00fccher, Universit\u00e4tsverlage und Hochschulen sowie Musikvertriebe vertreten. Wie bei den vorherigen Ausgaben war einer der Veranstaltungsr\u00e4ume auf dem Messegel\u00e4nde, benannt nach Ion Creang\u0103 \u2013 einem Klassiker der Kinderliteratur des 19. Jahrhunderts \u2013, vor allem den j\u00fcngsten Besuchern gewidmet. Im Mittelpunkt standen Angebote f\u00fcr das j\u00fcngste Publikum. Mit dem Projekt\u00a0\u201eRum\u00e4niens Olympioniken\u201c\u00a0w\u00fcrdigte Radio Rum\u00e4nien Sch\u00fcler, die bei internationalen\u00a0Wettbewerben, sogenannten\u00a0Facholympiaden, herausragende Leistungen erzielt haben.<\/p>\n<p>&nbsp;<\/p>\n<p>Das Buch \u201eFericirea e \u00een actul urm\u0103tor\u201d (\u201eDas Gl\u00fcck liegt im n\u00e4chsten Akt\u201d), geschrieben vom Schauspieler Marius Manole und ver\u00f6ffentlicht vom Verlag Bookzone, wurde zum begehrtesten Buch gek\u00fcrt. Was die Top-Verlage angeht, belegten die ersten drei Pl\u00e4tze in dieser Reihenfolge Humanitas, Corint und erneut Bookzone. Der Preis f\u00fcr die \u00dcbersetzung aus dem Rum\u00e4nischen in eine Fremdsprache ging an Corneliu Popa f\u00fcr die \u00dcbersetzung der Gedichte von Dinu Fl\u0103m\u00e2nd ins Portugiesische, w\u00e4hrend Luana Schidu f\u00fcr die \u00dcbersetzung aus einer Fremdsprache ins Rum\u00e4nische ausgezeichnet wurde, die den Band \u201eStr\u0103inii No\u015ftri. Povestiri\u201d (\u201eUnsere Fremden. Geschichten\u201d) von Lydia Davis aus dem Englischen \u00fcbersetzt hat.<\/p>\n<p>&nbsp;<\/p>\n<p>Ehrenpr\u00e4sidentin der diesj\u00e4hrigen Ausgabe war die Journalistin und au\u00dfenpolitische Kommentatorin Sabina Fati. Sie betonte, dass an den St\u00e4nden rum\u00e4nische Ausgaben aller Nobelpreistr\u00e4ger der letzten 15 Jahre sowie alle B\u00fccher ausgestellt waren, die bei den gro\u00dfen Literaturwettbewerben in Frankreich und Gro\u00dfbritannien preisgekr\u00f6nt wurden. Sie sagte auch, dass die Menschen zunehmend mehr Sachb\u00fccher lesen. \u201eDer Markt der historischen und politischen B\u00fccher ist vielf\u00e4ltig und gut. Wir wissen nicht, inwieweit er viele Menschen erreicht oder erreichen kann, denn wie uns die bisherigen Untersuchungen zeigen, kaufen (nur) 5 % der Rum\u00e4nen B\u00fccher und noch weniger lesen sie\u201d, sagte Sabina Fati.<\/p>\n<p>&nbsp;<\/p>\n<p>Mit der Ausgabe in Bukarest endete zugleich die diesj\u00e4hrige Gaudeamus-Karawane, die zuvor Station in Craiova, Cluj (Klausenburg, Oradea (Gro\u00dfwardein), Buz\u0103u, Bra\u0219ov (Kronstadt), Hermannstadt und Ia\u0219i (Jassy) gemacht hat. Radio Rum\u00e4nien hebt hervor, dass es weltweit der einzige Sender sei, der sich in diesem Umfang mit einer eigenen Buchmesse f\u00fcr Bildung und Kultur engagiere. Finanziert wird das Kulturprojekt vom rum\u00e4nischen Kulturministerium und steht seit Jahren unter dem Motto: \u201eDie gr\u00f6\u00dfte Buchmesse des meistgeh\u00f6rten Radiosenders.\u201c<\/p>\n<p>&nbsp;<\/p>\n","protected":false},"excerpt":{"rendered":"<p>Die politischen Turbulenzen haben die Leidenschaft der Bukarester f\u00fcr Kultur nicht \u00fcberschattet. Am Wahltag f\u00fcr das Amt des B\u00fcrgermeisters ist auch die 32. Ausgabe der traditionsreichen Buchmesse Gaudeamus mit einem Besucherrekord zu Ende gegangen. \u00a0Die Kulturpresse bezeichnet Gaudeamus als ein wahres literarisches Fest, das dieses Jahr von Mittwoch bis Sonntag \u00fcber 180 Teilnehmer zusammenbrachte, die [&hellip;]<\/p>\n","protected":false},"author":105,"featured_media":958432,"comment_status":"closed","ping_status":"closed","sticky":false,"template":"","format":"standard","meta":{"_acf_changed":false,"footnotes":""},"categories":[99583],"tags":[120156,100487,159622,104763,100494,100877,102128,181763,100594,105156],"coauthors":[113297],"class_list":["post-960090","post","type-post","status-publish","format-standard","has-post-thumbnail","hentry","category-rri-aktuell","tag-buecher","tag-buchmesse","tag-gaudeamus-de","tag-karawane","tag-kinderliteratur","tag-kultur","tag-literatur","tag-radio-romania-de","tag-teilnehmer","tag-verlage"],"acf":[],"yoast_head":"<!-- This site is optimized with the Yoast SEO plugin v27.3 - https:\/\/yoast.com\/product\/yoast-seo-wordpress\/ -->\n<title>Buchmesse Gaudeamus zu Ende gegangen - Radio Rum\u00e4nien International<\/title>\n<meta name=\"robots\" content=\"index, follow, max-snippet:-1, max-image-preview:large, max-video-preview:-1\" \/>\n<link rel=\"canonical\" href=\"https:\/\/www.rri.ro\/de\/aktuell\/rri-aktuell\/buchmesse-gaudeamus-zu-ende-gegangen-id960090.html\" \/>\n<meta property=\"og:locale\" content=\"de_DE\" \/>\n<meta property=\"og:type\" content=\"article\" \/>\n<meta property=\"og:title\" content=\"Buchmesse Gaudeamus zu Ende gegangen - Radio Rum\u00e4nien International\" \/>\n<meta property=\"og:description\" content=\"Die politischen Turbulenzen haben die Leidenschaft der Bukarester f\u00fcr Kultur nicht \u00fcberschattet. Am Wahltag f\u00fcr das Amt des B\u00fcrgermeisters ist auch die 32. Ausgabe der traditionsreichen Buchmesse Gaudeamus mit einem Besucherrekord zu Ende gegangen. \u00a0Die Kulturpresse bezeichnet Gaudeamus als ein wahres literarisches Fest, das dieses Jahr von Mittwoch bis Sonntag \u00fcber 180 Teilnehmer zusammenbrachte, die [&hellip;]\" \/>\n<meta property=\"og:url\" content=\"https:\/\/www.rri.ro\/de\/aktuell\/rri-aktuell\/buchmesse-gaudeamus-zu-ende-gegangen-id960090.html\" \/>\n<meta property=\"og:site_name\" content=\"Radio Rum\u00e4nien International\" \/>\n<meta property=\"article:published_time\" content=\"2025-12-08T13:25:00+00:00\" \/>\n<meta property=\"og:image\" content=\"https:\/\/www.rri.ro\/wp-content\/uploads\/2025\/12\/Bucuresti-Gaudeamus-32-editia-decembrie-2025-foto-Alexandru-Dolea.jpg\" \/>\n\t<meta property=\"og:image:width\" content=\"1280\" \/>\n\t<meta property=\"og:image:height\" content=\"726\" \/>\n\t<meta property=\"og:image:type\" content=\"image\/jpeg\" \/>\n<meta name=\"author\" content=\"Bogdan Matei\" \/>\n<meta name=\"twitter:card\" content=\"summary_large_image\" \/>\n<meta name=\"twitter:label1\" content=\"Verfasst von\" \/>\n\t<meta name=\"twitter:data1\" content=\"Bogdan Matei\" \/>\n\t<meta name=\"twitter:label2\" content=\"Gesch\u00e4tzte Lesezeit\" \/>\n\t<meta name=\"twitter:data2\" content=\"2\u00a0Minuten\" \/>\n\t<meta name=\"twitter:label3\" content=\"Written by\" \/>\n\t<meta name=\"twitter:data3\" content=\"Bogdan Matei\" \/>\n<script type=\"application\/ld+json\" class=\"yoast-schema-graph\">{\"@context\":\"https:\\\/\\\/schema.org\",\"@graph\":[{\"@type\":\"Article\",\"@id\":\"https:\\\/\\\/www.rri.ro\\\/de\\\/aktuell\\\/rri-aktuell\\\/buchmesse-gaudeamus-zu-ende-gegangen-id960090.html#article\",\"isPartOf\":{\"@id\":\"https:\\\/\\\/www.rri.ro\\\/de\\\/aktuell\\\/rri-aktuell\\\/buchmesse-gaudeamus-zu-ende-gegangen-id960090.html\"},\"author\":{\"name\":\"Bogdan Matei\",\"@id\":\"https:\\\/\\\/www.rri.ro\\\/#\\\/schema\\\/person\\\/0ed327d40678578e6dbb840527e3ba32\"},\"headline\":\"Buchmesse Gaudeamus zu Ende gegangen\",\"datePublished\":\"2025-12-08T13:25:00+00:00\",\"mainEntityOfPage\":{\"@id\":\"https:\\\/\\\/www.rri.ro\\\/de\\\/aktuell\\\/rri-aktuell\\\/buchmesse-gaudeamus-zu-ende-gegangen-id960090.html\"},\"wordCount\":468,\"image\":{\"@id\":\"https:\\\/\\\/www.rri.ro\\\/de\\\/aktuell\\\/rri-aktuell\\\/buchmesse-gaudeamus-zu-ende-gegangen-id960090.html#primaryimage\"},\"thumbnailUrl\":\"https:\\\/\\\/www.rri.ro\\\/wp-content\\\/uploads\\\/2025\\\/12\\\/Bucuresti-Gaudeamus-32-editia-decembrie-2025-foto-Alexandru-Dolea.jpg\",\"keywords\":[\"B\u00fccher\",\"Buchmesse\",\"gaudeamus\",\"Karawane\",\"Kinderliteratur\",\"Kultur\",\"Literatur\",\"Radio Romania\",\"Teilnehmer\",\"Verlage\"],\"articleSection\":[\"RRI Aktuell\"],\"inLanguage\":\"de\"},{\"@type\":\"WebPage\",\"@id\":\"https:\\\/\\\/www.rri.ro\\\/de\\\/aktuell\\\/rri-aktuell\\\/buchmesse-gaudeamus-zu-ende-gegangen-id960090.html\",\"url\":\"https:\\\/\\\/www.rri.ro\\\/de\\\/aktuell\\\/rri-aktuell\\\/buchmesse-gaudeamus-zu-ende-gegangen-id960090.html\",\"name\":\"Buchmesse Gaudeamus zu Ende gegangen - Radio Rum\u00e4nien International\",\"isPartOf\":{\"@id\":\"https:\\\/\\\/www.rri.ro\\\/#website\"},\"primaryImageOfPage\":{\"@id\":\"https:\\\/\\\/www.rri.ro\\\/de\\\/aktuell\\\/rri-aktuell\\\/buchmesse-gaudeamus-zu-ende-gegangen-id960090.html#primaryimage\"},\"image\":{\"@id\":\"https:\\\/\\\/www.rri.ro\\\/de\\\/aktuell\\\/rri-aktuell\\\/buchmesse-gaudeamus-zu-ende-gegangen-id960090.html#primaryimage\"},\"thumbnailUrl\":\"https:\\\/\\\/www.rri.ro\\\/wp-content\\\/uploads\\\/2025\\\/12\\\/Bucuresti-Gaudeamus-32-editia-decembrie-2025-foto-Alexandru-Dolea.jpg\",\"datePublished\":\"2025-12-08T13:25:00+00:00\",\"author\":{\"@id\":\"https:\\\/\\\/www.rri.ro\\\/#\\\/schema\\\/person\\\/0ed327d40678578e6dbb840527e3ba32\"},\"breadcrumb\":{\"@id\":\"https:\\\/\\\/www.rri.ro\\\/de\\\/aktuell\\\/rri-aktuell\\\/buchmesse-gaudeamus-zu-ende-gegangen-id960090.html#breadcrumb\"},\"inLanguage\":\"de\",\"potentialAction\":[{\"@type\":\"ReadAction\",\"target\":[\"https:\\\/\\\/www.rri.ro\\\/de\\\/aktuell\\\/rri-aktuell\\\/buchmesse-gaudeamus-zu-ende-gegangen-id960090.html\"]}]},{\"@type\":\"ImageObject\",\"inLanguage\":\"de\",\"@id\":\"https:\\\/\\\/www.rri.ro\\\/de\\\/aktuell\\\/rri-aktuell\\\/buchmesse-gaudeamus-zu-ende-gegangen-id960090.html#primaryimage\",\"url\":\"https:\\\/\\\/www.rri.ro\\\/wp-content\\\/uploads\\\/2025\\\/12\\\/Bucuresti-Gaudeamus-32-editia-decembrie-2025-foto-Alexandru-Dolea.jpg\",\"contentUrl\":\"https:\\\/\\\/www.rri.ro\\\/wp-content\\\/uploads\\\/2025\\\/12\\\/Bucuresti-Gaudeamus-32-editia-decembrie-2025-foto-Alexandru-Dolea.jpg\",\"width\":1280,\"height\":726,\"caption\":\"Gaudeamus - Bucure\u015fti - foto Alexandru Dolea\"},{\"@type\":\"BreadcrumbList\",\"@id\":\"https:\\\/\\\/www.rri.ro\\\/de\\\/aktuell\\\/rri-aktuell\\\/buchmesse-gaudeamus-zu-ende-gegangen-id960090.html#breadcrumb\",\"itemListElement\":[{\"@type\":\"ListItem\",\"position\":1,\"name\":\"Startseite\",\"item\":\"https:\\\/\\\/www.rri.ro\\\/de\"},{\"@type\":\"ListItem\",\"position\":2,\"name\":\"Actualitate\",\"item\":\"https:\\\/\\\/www.rri.ro\\\/actualitate\"},{\"@type\":\"ListItem\",\"position\":3,\"name\":\"RRI Aktuell\",\"item\":\"https:\\\/\\\/www.rri.ro\\\/de\\\/aktuell\\\/rri-aktuell\"},{\"@type\":\"ListItem\",\"position\":4,\"name\":\"Buchmesse Gaudeamus zu Ende gegangen\"}]},{\"@type\":\"WebSite\",\"@id\":\"https:\\\/\\\/www.rri.ro\\\/#website\",\"url\":\"https:\\\/\\\/www.rri.ro\\\/\",\"name\":\"Radio Rum\u00e4nien International\",\"description\":\"Totul despre Rom\u00e2nia \u015fi rom\u00e2ni, \u00een 13 limbi\\\/dialecte!\",\"inLanguage\":\"de\"},{\"@type\":\"Person\",\"@id\":\"https:\\\/\\\/www.rri.ro\\\/#\\\/schema\\\/person\\\/0ed327d40678578e6dbb840527e3ba32\",\"name\":\"Bogdan Matei\",\"url\":\"https:\\\/\\\/www.rri.ro\\\/de\\\/author\\\/bogdan-matei\"}]}<\/script>\n<!-- \/ Yoast SEO plugin. -->","yoast_head_json":{"title":"Buchmesse Gaudeamus zu Ende gegangen - Radio Rum\u00e4nien International","robots":{"index":"index","follow":"follow","max-snippet":"max-snippet:-1","max-image-preview":"max-image-preview:large","max-video-preview":"max-video-preview:-1"},"canonical":"https:\/\/www.rri.ro\/de\/aktuell\/rri-aktuell\/buchmesse-gaudeamus-zu-ende-gegangen-id960090.html","og_locale":"de_DE","og_type":"article","og_title":"Buchmesse Gaudeamus zu Ende gegangen - Radio Rum\u00e4nien International","og_description":"Die politischen Turbulenzen haben die Leidenschaft der Bukarester f\u00fcr Kultur nicht \u00fcberschattet. Am Wahltag f\u00fcr das Amt des B\u00fcrgermeisters ist auch die 32. Ausgabe der traditionsreichen Buchmesse Gaudeamus mit einem Besucherrekord zu Ende gegangen. \u00a0Die Kulturpresse bezeichnet Gaudeamus als ein wahres literarisches Fest, das dieses Jahr von Mittwoch bis Sonntag \u00fcber 180 Teilnehmer zusammenbrachte, die [&hellip;]","og_url":"https:\/\/www.rri.ro\/de\/aktuell\/rri-aktuell\/buchmesse-gaudeamus-zu-ende-gegangen-id960090.html","og_site_name":"Radio Rum\u00e4nien International","article_published_time":"2025-12-08T13:25:00+00:00","og_image":[{"width":1280,"height":726,"url":"https:\/\/www.rri.ro\/wp-content\/uploads\/2025\/12\/Bucuresti-Gaudeamus-32-editia-decembrie-2025-foto-Alexandru-Dolea.jpg","type":"image\/jpeg"}],"author":"Bogdan Matei","twitter_card":"summary_large_image","twitter_misc":{"Verfasst von":"Bogdan Matei","Gesch\u00e4tzte Lesezeit":"2\u00a0Minuten","Written by":"Bogdan Matei"},"schema":{"@context":"https:\/\/schema.org","@graph":[{"@type":"Article","@id":"https:\/\/www.rri.ro\/de\/aktuell\/rri-aktuell\/buchmesse-gaudeamus-zu-ende-gegangen-id960090.html#article","isPartOf":{"@id":"https:\/\/www.rri.ro\/de\/aktuell\/rri-aktuell\/buchmesse-gaudeamus-zu-ende-gegangen-id960090.html"},"author":{"name":"Bogdan Matei","@id":"https:\/\/www.rri.ro\/#\/schema\/person\/0ed327d40678578e6dbb840527e3ba32"},"headline":"Buchmesse Gaudeamus zu Ende gegangen","datePublished":"2025-12-08T13:25:00+00:00","mainEntityOfPage":{"@id":"https:\/\/www.rri.ro\/de\/aktuell\/rri-aktuell\/buchmesse-gaudeamus-zu-ende-gegangen-id960090.html"},"wordCount":468,"image":{"@id":"https:\/\/www.rri.ro\/de\/aktuell\/rri-aktuell\/buchmesse-gaudeamus-zu-ende-gegangen-id960090.html#primaryimage"},"thumbnailUrl":"https:\/\/www.rri.ro\/wp-content\/uploads\/2025\/12\/Bucuresti-Gaudeamus-32-editia-decembrie-2025-foto-Alexandru-Dolea.jpg","keywords":["B\u00fccher","Buchmesse","gaudeamus","Karawane","Kinderliteratur","Kultur","Literatur","Radio Romania","Teilnehmer","Verlage"],"articleSection":["RRI Aktuell"],"inLanguage":"de"},{"@type":"WebPage","@id":"https:\/\/www.rri.ro\/de\/aktuell\/rri-aktuell\/buchmesse-gaudeamus-zu-ende-gegangen-id960090.html","url":"https:\/\/www.rri.ro\/de\/aktuell\/rri-aktuell\/buchmesse-gaudeamus-zu-ende-gegangen-id960090.html","name":"Buchmesse Gaudeamus zu Ende gegangen - Radio Rum\u00e4nien International","isPartOf":{"@id":"https:\/\/www.rri.ro\/#website"},"primaryImageOfPage":{"@id":"https:\/\/www.rri.ro\/de\/aktuell\/rri-aktuell\/buchmesse-gaudeamus-zu-ende-gegangen-id960090.html#primaryimage"},"image":{"@id":"https:\/\/www.rri.ro\/de\/aktuell\/rri-aktuell\/buchmesse-gaudeamus-zu-ende-gegangen-id960090.html#primaryimage"},"thumbnailUrl":"https:\/\/www.rri.ro\/wp-content\/uploads\/2025\/12\/Bucuresti-Gaudeamus-32-editia-decembrie-2025-foto-Alexandru-Dolea.jpg","datePublished":"2025-12-08T13:25:00+00:00","author":{"@id":"https:\/\/www.rri.ro\/#\/schema\/person\/0ed327d40678578e6dbb840527e3ba32"},"breadcrumb":{"@id":"https:\/\/www.rri.ro\/de\/aktuell\/rri-aktuell\/buchmesse-gaudeamus-zu-ende-gegangen-id960090.html#breadcrumb"},"inLanguage":"de","potentialAction":[{"@type":"ReadAction","target":["https:\/\/www.rri.ro\/de\/aktuell\/rri-aktuell\/buchmesse-gaudeamus-zu-ende-gegangen-id960090.html"]}]},{"@type":"ImageObject","inLanguage":"de","@id":"https:\/\/www.rri.ro\/de\/aktuell\/rri-aktuell\/buchmesse-gaudeamus-zu-ende-gegangen-id960090.html#primaryimage","url":"https:\/\/www.rri.ro\/wp-content\/uploads\/2025\/12\/Bucuresti-Gaudeamus-32-editia-decembrie-2025-foto-Alexandru-Dolea.jpg","contentUrl":"https:\/\/www.rri.ro\/wp-content\/uploads\/2025\/12\/Bucuresti-Gaudeamus-32-editia-decembrie-2025-foto-Alexandru-Dolea.jpg","width":1280,"height":726,"caption":"Gaudeamus - Bucure\u015fti - foto Alexandru Dolea"},{"@type":"BreadcrumbList","@id":"https:\/\/www.rri.ro\/de\/aktuell\/rri-aktuell\/buchmesse-gaudeamus-zu-ende-gegangen-id960090.html#breadcrumb","itemListElement":[{"@type":"ListItem","position":1,"name":"Startseite","item":"https:\/\/www.rri.ro\/de"},{"@type":"ListItem","position":2,"name":"Actualitate","item":"https:\/\/www.rri.ro\/actualitate"},{"@type":"ListItem","position":3,"name":"RRI Aktuell","item":"https:\/\/www.rri.ro\/de\/aktuell\/rri-aktuell"},{"@type":"ListItem","position":4,"name":"Buchmesse Gaudeamus zu Ende gegangen"}]},{"@type":"WebSite","@id":"https:\/\/www.rri.ro\/#website","url":"https:\/\/www.rri.ro\/","name":"Radio Rum\u00e4nien International","description":"Totul despre Rom\u00e2nia \u015fi rom\u00e2ni, \u00een 13 limbi\/dialecte!","inLanguage":"de"},{"@type":"Person","@id":"https:\/\/www.rri.ro\/#\/schema\/person\/0ed327d40678578e6dbb840527e3ba32","name":"Bogdan Matei","url":"https:\/\/www.rri.ro\/de\/author\/bogdan-matei"}]}},"_links":{"self":[{"href":"https:\/\/www.rri.ro\/de\/wp-json\/wp\/v2\/posts\/960090","targetHints":{"allow":["GET"]}}],"collection":[{"href":"https:\/\/www.rri.ro\/de\/wp-json\/wp\/v2\/posts"}],"about":[{"href":"https:\/\/www.rri.ro\/de\/wp-json\/wp\/v2\/types\/post"}],"author":[{"embeddable":true,"href":"https:\/\/www.rri.ro\/de\/wp-json\/wp\/v2\/users\/105"}],"replies":[{"embeddable":true,"href":"https:\/\/www.rri.ro\/de\/wp-json\/wp\/v2\/comments?post=960090"}],"version-history":[{"count":0,"href":"https:\/\/www.rri.ro\/de\/wp-json\/wp\/v2\/posts\/960090\/revisions"}],"wp:featuredmedia":[{"embeddable":true,"href":"https:\/\/www.rri.ro\/de\/wp-json\/wp\/v2\/media\/958432"}],"wp:attachment":[{"href":"https:\/\/www.rri.ro\/de\/wp-json\/wp\/v2\/media?parent=960090"}],"wp:term":[{"taxonomy":"category","embeddable":true,"href":"https:\/\/www.rri.ro\/de\/wp-json\/wp\/v2\/categories?post=960090"},{"taxonomy":"post_tag","embeddable":true,"href":"https:\/\/www.rri.ro\/de\/wp-json\/wp\/v2\/tags?post=960090"},{"taxonomy":"author","embeddable":true,"href":"https:\/\/www.rri.ro\/de\/wp-json\/wp\/v2\/coauthors?post=960090"}],"curies":[{"name":"wp","href":"https:\/\/api.w.org\/{rel}","templated":true}]}}