{"id":960178,"date":"2025-12-08T18:00:31","date_gmt":"2025-12-08T16:00:31","guid":{"rendered":"https:\/\/www.rri.ro\/?p=960178"},"modified":"2025-12-08T18:00:31","modified_gmt":"2025-12-08T16:00:31","slug":"teilwahlen-fuer-das-bukarester-generalbuergermeisteramt","status":"publish","type":"post","link":"https:\/\/www.rri.ro\/de\/aktuell\/rri-aktuell\/teilwahlen-fuer-das-bukarester-generalbuergermeisteramt-id960178.html","title":{"rendered":"Teilwahlen f\u00fcr das Bukarester Generalb\u00fcrgermeisteramt"},"content":{"rendered":"<p>Die Einwohner Bukarests waren am Sonntag aufgerufen, den zw\u00f6lften gew\u00e4hlten B\u00fcrgermeister der Hauptstadt seit der Revolution von 1989 zu w\u00e4hlen. Die bisherigen elf Amtszeiten wurden von acht B\u00fcrgermeistern bekleidet, da drei von ihnen zweimal gew\u00e4hlt wurden. Zwei dieser zweimal gew\u00e4hlten B\u00fcrgermeister, Traian B\u0103sescu und Nicu\u0219or Dan, wurden sp\u00e4ter Pr\u00e4sidenten Rum\u00e4niens. Diesmal gewann der Liberale Ciprian Ciucu die Wahlen zum Bukarester Rathaus am Sonntag mit etwas \u00fcber 36 % der Stimmen. Als enger Vertrauter des liberalen Premierministers Ilie Bolojan und amtierender B\u00fcrgermeister des 6. Bezirks der Hauptstadt gewann er die Wahl in f\u00fcnf der sechs Bukarester Bezirke. Seine Amtszeit wird k\u00fcrzer sein als die der nach den Wahlen im vergangenen Juni gew\u00e4hlten Amtstr\u00e4ger, n\u00e4mlich weniger als drei Jahre, bis zum Ende der Legislaturperiode 2028.<\/p>\n<p>Nach Bekanntgabe des Wahlergebnisses sagte Ciprian Ciucu: <em>\u201eWir werden im Bukarester Rathaus viel zusammenarbeiten und zahlreiche Projekte angehen. Ich m\u00f6chte Bukarest zu meinem Lebensprojekt machen. Und das nicht kurzfristig, sondern langfristig.\u201c<\/p>\n<p><\/em>Bei den Wahlen am Sonntag erreichte Anca Alexandrescu, unterst\u00fctzt von der populistischen, ultranationalistischen Oppositionspartei AUR, mit fast 22 Prozent den zweiten Platz, gefolgt vom Sozialdemokraten Daniel B\u0103lu\u021b\u0103 mit rund 21 Prozent. Auf Platz vier landete C\u0103t\u0103lin Drul\u0103 (USR) mit fast 14 Prozent, gefolgt von Ana Ciceal\u0103 (SENS) mit rund 6 Prozent. Die Wahlbeteiligung erreichte nicht die 33-Prozent-Marke. Dies ist das zweite Mal in den letzten drei Jahrzehnten, dass diese Zahl nicht erreicht wurde. Im ersten Fall, 2008, als die Wahlbeteiligung im ersten Wahlgang niedriger war, gab es ebenfalls einen zweiten Wahlgang, in dem das erforderliche Ergebnis \u00fcbertroffen wurde.<\/p>\n<p>Laut Reuters w\u00e4hlte Bukarest am Sonntag einen liberalen B\u00fcrgermeister. Dies verschaffte Premierminister Ilie Bolojan in seiner fragilen proeurop\u00e4ischen Regierungskoalition einen Vorteil und bescherte der rechtsextremen Kandidatin, die als eigentliche Gewinnerin dieser Wahlen betrachtet wird, eine Niederlage. Die Nachrichtenagentur erinnert daran, dass das einflussreiche Amt seit Mai vakant war, als der zentristische Unabh\u00e4ngige Nicu\u0219or Dan die wiederholten Pr\u00e4sidentschaftswahlen gewann \u2013 ein Jahr nach seiner Wiederwahl zum B\u00fcrgermeister.<\/p>\n<p>Umfragen zufolge stand Bukarest kurz davor, die erste Hauptstadt der Europ\u00e4ischen Union zu werden, die von einer rechtsextremen Politikerin regiert werden sollte. Reuters weist zudem darauf hin, dass die Wahl am Sonntag ein Jahr nach der Absage der ersten rum\u00e4nischen Pr\u00e4sidentschaftswahlen stattfand. Grund daf\u00fcr waren Vermutungen \u00fcber russische Einmischung, die einen rechtsextremen Kandidaten beg\u00fcnstigt hatte.<\/p>\n<p>Am Sonntag fanden in zw\u00f6lf weiteren rum\u00e4nischen Ortschaften auch Teilwahlen f\u00fcr B\u00fcrgermeister statt. Im Kreis Buz\u0103u (im S\u00fcdosten) gewann Marcel Ciolacu, PSD-Abgeordneter und ehemaliger Vorsitzender der Sozialdemokraten, mit mehr als der H\u00e4lfte der Stimmen die Pr\u00e4sidentschaft des Kreistags. Seit Juni 2024, also in rund anderthalb Jahren, gab es acht verschiedene Wahlen, zu denen die Einwohner Bukarests aufgerufen waren: Pr\u00e4sidentschaftswahlen, Kommunal- und Europawahlen sowie Kommunal- und Parlamentsreferenden.<\/p>\n","protected":false},"excerpt":{"rendered":"<p>Die Einwohner Bukarests waren am Sonntag aufgerufen, den zw\u00f6lften gew\u00e4hlten B\u00fcrgermeister der Hauptstadt seit der Revolution von 1989 zu w\u00e4hlen. Die bisherigen elf Amtszeiten wurden von acht B\u00fcrgermeistern bekleidet, da drei von ihnen zweimal gew\u00e4hlt wurden. Zwei dieser zweimal gew\u00e4hlten B\u00fcrgermeister, Traian B\u0103sescu und Nicu\u0219or Dan, wurden sp\u00e4ter Pr\u00e4sidenten Rum\u00e4niens. Diesmal gewann der Liberale Ciprian [&hellip;]<\/p>\n","protected":false},"author":107,"featured_media":959883,"comment_status":"closed","ping_status":"closed","sticky":false,"template":"","format":"standard","meta":{"_acf_changed":false,"footnotes":""},"categories":[99583],"tags":[99587,119564,181771,102747,101297],"coauthors":[113282,113301],"class_list":["post-960178","post","type-post","status-publish","format-standard","has-post-thumbnail","hentry","category-rri-aktuell","tag-bukarest","tag-ciprian-ciucu","tag-generalbuergermeister","tag-kommunalwahlen","tag-teilwahlen"],"acf":[],"yoast_head":"<!-- This site is optimized with the Yoast SEO plugin v27.5 - https:\/\/yoast.com\/product\/yoast-seo-wordpress\/ -->\n<title>Teilwahlen f\u00fcr das Bukarester Generalb\u00fcrgermeisteramt - Radio Rum\u00e4nien International<\/title>\n<meta name=\"robots\" content=\"index, follow, max-snippet:-1, max-image-preview:large, max-video-preview:-1\" \/>\n<link rel=\"canonical\" href=\"https:\/\/www.rri.ro\/de\/aktuell\/rri-aktuell\/teilwahlen-fuer-das-bukarester-generalbuergermeisteramt-id960178.html\" \/>\n<meta property=\"og:locale\" content=\"de_DE\" \/>\n<meta property=\"og:type\" content=\"article\" \/>\n<meta property=\"og:title\" content=\"Teilwahlen f\u00fcr das Bukarester Generalb\u00fcrgermeisteramt - Radio Rum\u00e4nien International\" \/>\n<meta property=\"og:description\" content=\"Die Einwohner Bukarests waren am Sonntag aufgerufen, den zw\u00f6lften gew\u00e4hlten B\u00fcrgermeister der Hauptstadt seit der Revolution von 1989 zu w\u00e4hlen. Die bisherigen elf Amtszeiten wurden von acht B\u00fcrgermeistern bekleidet, da drei von ihnen zweimal gew\u00e4hlt wurden. Zwei dieser zweimal gew\u00e4hlten B\u00fcrgermeister, Traian B\u0103sescu und Nicu\u0219or Dan, wurden sp\u00e4ter Pr\u00e4sidenten Rum\u00e4niens. Diesmal gewann der Liberale Ciprian [&hellip;]\" \/>\n<meta property=\"og:url\" content=\"https:\/\/www.rri.ro\/de\/aktuell\/rri-aktuell\/teilwahlen-fuer-das-bukarester-generalbuergermeisteramt-id960178.html\" \/>\n<meta property=\"og:site_name\" content=\"Radio Rum\u00e4nien International\" \/>\n<meta property=\"article:published_time\" content=\"2025-12-08T16:00:31+00:00\" \/>\n<meta property=\"og:image\" content=\"https:\/\/www.rri.ro\/wp-content\/uploads\/2025\/12\/alegeri-primarie-2025-sursa-foto-fb-com-Ciprian-Ciucu.jpg\" \/>\n\t<meta property=\"og:image:width\" content=\"1280\" \/>\n\t<meta property=\"og:image:height\" content=\"716\" \/>\n\t<meta property=\"og:image:type\" content=\"image\/jpeg\" \/>\n<meta name=\"author\" content=\"Daniela Budu, Florin Lungu\" \/>\n<meta name=\"twitter:card\" content=\"summary_large_image\" \/>\n<meta name=\"twitter:label1\" content=\"Verfasst von\" \/>\n\t<meta name=\"twitter:data1\" content=\"Daniela Budu\" \/>\n\t<meta name=\"twitter:label2\" content=\"Gesch\u00e4tzte Lesezeit\" \/>\n\t<meta name=\"twitter:data2\" content=\"2\u00a0Minuten\" \/>\n\t<meta name=\"twitter:label3\" content=\"Written by\" \/>\n\t<meta name=\"twitter:data3\" content=\"Daniela Budu, Florin Lungu\" \/>\n<script type=\"application\/ld+json\" class=\"yoast-schema-graph\">{\"@context\":\"https:\\\/\\\/schema.org\",\"@graph\":[{\"@type\":\"Article\",\"@id\":\"https:\\\/\\\/www.rri.ro\\\/de\\\/aktuell\\\/rri-aktuell\\\/teilwahlen-fuer-das-bukarester-generalbuergermeisteramt-id960178.html#article\",\"isPartOf\":{\"@id\":\"https:\\\/\\\/www.rri.ro\\\/de\\\/aktuell\\\/rri-aktuell\\\/teilwahlen-fuer-das-bukarester-generalbuergermeisteramt-id960178.html\"},\"author\":{\"name\":\"Daniela Budu\",\"@id\":\"https:\\\/\\\/www.rri.ro\\\/#\\\/schema\\\/person\\\/b46b8f80d7d6e4b5ac9f14f0acbad0c4\"},\"headline\":\"Teilwahlen f\u00fcr das Bukarester Generalb\u00fcrgermeisteramt\",\"datePublished\":\"2025-12-08T16:00:31+00:00\",\"mainEntityOfPage\":{\"@id\":\"https:\\\/\\\/www.rri.ro\\\/de\\\/aktuell\\\/rri-aktuell\\\/teilwahlen-fuer-das-bukarester-generalbuergermeisteramt-id960178.html\"},\"wordCount\":479,\"image\":{\"@id\":\"https:\\\/\\\/www.rri.ro\\\/de\\\/aktuell\\\/rri-aktuell\\\/teilwahlen-fuer-das-bukarester-generalbuergermeisteramt-id960178.html#primaryimage\"},\"thumbnailUrl\":\"https:\\\/\\\/www.rri.ro\\\/wp-content\\\/uploads\\\/2025\\\/12\\\/alegeri-primarie-2025-sursa-foto-fb-com-Ciprian-Ciucu.jpg\",\"keywords\":[\"Bukarest\",\"Ciprian Ciucu\",\"Generalb\u00fcrgermeister\",\"Kommunalwahlen\",\"Teilwahlen\"],\"articleSection\":[\"RRI Aktuell\"],\"inLanguage\":\"de\"},{\"@type\":\"WebPage\",\"@id\":\"https:\\\/\\\/www.rri.ro\\\/de\\\/aktuell\\\/rri-aktuell\\\/teilwahlen-fuer-das-bukarester-generalbuergermeisteramt-id960178.html\",\"url\":\"https:\\\/\\\/www.rri.ro\\\/de\\\/aktuell\\\/rri-aktuell\\\/teilwahlen-fuer-das-bukarester-generalbuergermeisteramt-id960178.html\",\"name\":\"Teilwahlen f\u00fcr das Bukarester Generalb\u00fcrgermeisteramt - Radio Rum\u00e4nien International\",\"isPartOf\":{\"@id\":\"https:\\\/\\\/www.rri.ro\\\/#website\"},\"primaryImageOfPage\":{\"@id\":\"https:\\\/\\\/www.rri.ro\\\/de\\\/aktuell\\\/rri-aktuell\\\/teilwahlen-fuer-das-bukarester-generalbuergermeisteramt-id960178.html#primaryimage\"},\"image\":{\"@id\":\"https:\\\/\\\/www.rri.ro\\\/de\\\/aktuell\\\/rri-aktuell\\\/teilwahlen-fuer-das-bukarester-generalbuergermeisteramt-id960178.html#primaryimage\"},\"thumbnailUrl\":\"https:\\\/\\\/www.rri.ro\\\/wp-content\\\/uploads\\\/2025\\\/12\\\/alegeri-primarie-2025-sursa-foto-fb-com-Ciprian-Ciucu.jpg\",\"datePublished\":\"2025-12-08T16:00:31+00:00\",\"author\":{\"@id\":\"https:\\\/\\\/www.rri.ro\\\/#\\\/schema\\\/person\\\/b46b8f80d7d6e4b5ac9f14f0acbad0c4\"},\"breadcrumb\":{\"@id\":\"https:\\\/\\\/www.rri.ro\\\/de\\\/aktuell\\\/rri-aktuell\\\/teilwahlen-fuer-das-bukarester-generalbuergermeisteramt-id960178.html#breadcrumb\"},\"inLanguage\":\"de\",\"potentialAction\":[{\"@type\":\"ReadAction\",\"target\":[\"https:\\\/\\\/www.rri.ro\\\/de\\\/aktuell\\\/rri-aktuell\\\/teilwahlen-fuer-das-bukarester-generalbuergermeisteramt-id960178.html\"]}]},{\"@type\":\"ImageObject\",\"inLanguage\":\"de\",\"@id\":\"https:\\\/\\\/www.rri.ro\\\/de\\\/aktuell\\\/rri-aktuell\\\/teilwahlen-fuer-das-bukarester-generalbuergermeisteramt-id960178.html#primaryimage\",\"url\":\"https:\\\/\\\/www.rri.ro\\\/wp-content\\\/uploads\\\/2025\\\/12\\\/alegeri-primarie-2025-sursa-foto-fb-com-Ciprian-Ciucu.jpg\",\"contentUrl\":\"https:\\\/\\\/www.rri.ro\\\/wp-content\\\/uploads\\\/2025\\\/12\\\/alegeri-primarie-2025-sursa-foto-fb-com-Ciprian-Ciucu.jpg\",\"width\":1280,\"height\":716,\"caption\":\"Sursa foto: fb.com \\\/ Ciprian Ciucu\"},{\"@type\":\"BreadcrumbList\",\"@id\":\"https:\\\/\\\/www.rri.ro\\\/de\\\/aktuell\\\/rri-aktuell\\\/teilwahlen-fuer-das-bukarester-generalbuergermeisteramt-id960178.html#breadcrumb\",\"itemListElement\":[{\"@type\":\"ListItem\",\"position\":1,\"name\":\"Startseite\",\"item\":\"https:\\\/\\\/www.rri.ro\\\/de\"},{\"@type\":\"ListItem\",\"position\":2,\"name\":\"Aktuell\",\"item\":\"https:\\\/\\\/www.rri.ro\\\/de\\\/aktuell\"},{\"@type\":\"ListItem\",\"position\":3,\"name\":\"RRI Aktuell\",\"item\":\"https:\\\/\\\/www.rri.ro\\\/de\\\/aktuell\\\/rri-aktuell\"},{\"@type\":\"ListItem\",\"position\":4,\"name\":\"Teilwahlen f\u00fcr das Bukarester Generalb\u00fcrgermeisteramt\"}]},{\"@type\":\"WebSite\",\"@id\":\"https:\\\/\\\/www.rri.ro\\\/#website\",\"url\":\"https:\\\/\\\/www.rri.ro\\\/\",\"name\":\"Radio Rum\u00e4nien International\",\"description\":\"Totul despre Rom\u00e2nia \u015fi rom\u00e2ni, \u00een 13 limbi\\\/dialecte!\",\"inLanguage\":\"de\"},{\"@type\":\"Person\",\"@id\":\"https:\\\/\\\/www.rri.ro\\\/#\\\/schema\\\/person\\\/b46b8f80d7d6e4b5ac9f14f0acbad0c4\",\"name\":\"Daniela Budu\",\"url\":\"https:\\\/\\\/www.rri.ro\\\/de\\\/author\\\/daniela-budu\"}]}<\/script>\n<!-- \/ Yoast SEO plugin. -->","yoast_head_json":{"title":"Teilwahlen f\u00fcr das Bukarester Generalb\u00fcrgermeisteramt - Radio Rum\u00e4nien International","robots":{"index":"index","follow":"follow","max-snippet":"max-snippet:-1","max-image-preview":"max-image-preview:large","max-video-preview":"max-video-preview:-1"},"canonical":"https:\/\/www.rri.ro\/de\/aktuell\/rri-aktuell\/teilwahlen-fuer-das-bukarester-generalbuergermeisteramt-id960178.html","og_locale":"de_DE","og_type":"article","og_title":"Teilwahlen f\u00fcr das Bukarester Generalb\u00fcrgermeisteramt - Radio Rum\u00e4nien International","og_description":"Die Einwohner Bukarests waren am Sonntag aufgerufen, den zw\u00f6lften gew\u00e4hlten B\u00fcrgermeister der Hauptstadt seit der Revolution von 1989 zu w\u00e4hlen. Die bisherigen elf Amtszeiten wurden von acht B\u00fcrgermeistern bekleidet, da drei von ihnen zweimal gew\u00e4hlt wurden. Zwei dieser zweimal gew\u00e4hlten B\u00fcrgermeister, Traian B\u0103sescu und Nicu\u0219or Dan, wurden sp\u00e4ter Pr\u00e4sidenten Rum\u00e4niens. Diesmal gewann der Liberale Ciprian [&hellip;]","og_url":"https:\/\/www.rri.ro\/de\/aktuell\/rri-aktuell\/teilwahlen-fuer-das-bukarester-generalbuergermeisteramt-id960178.html","og_site_name":"Radio Rum\u00e4nien International","article_published_time":"2025-12-08T16:00:31+00:00","og_image":[{"width":1280,"height":716,"url":"https:\/\/www.rri.ro\/wp-content\/uploads\/2025\/12\/alegeri-primarie-2025-sursa-foto-fb-com-Ciprian-Ciucu.jpg","type":"image\/jpeg"}],"author":"Daniela Budu, Florin Lungu","twitter_card":"summary_large_image","twitter_misc":{"Verfasst von":"Daniela Budu","Gesch\u00e4tzte Lesezeit":"2\u00a0Minuten","Written by":"Daniela Budu, Florin Lungu"},"schema":{"@context":"https:\/\/schema.org","@graph":[{"@type":"Article","@id":"https:\/\/www.rri.ro\/de\/aktuell\/rri-aktuell\/teilwahlen-fuer-das-bukarester-generalbuergermeisteramt-id960178.html#article","isPartOf":{"@id":"https:\/\/www.rri.ro\/de\/aktuell\/rri-aktuell\/teilwahlen-fuer-das-bukarester-generalbuergermeisteramt-id960178.html"},"author":{"name":"Daniela Budu","@id":"https:\/\/www.rri.ro\/#\/schema\/person\/b46b8f80d7d6e4b5ac9f14f0acbad0c4"},"headline":"Teilwahlen f\u00fcr das Bukarester Generalb\u00fcrgermeisteramt","datePublished":"2025-12-08T16:00:31+00:00","mainEntityOfPage":{"@id":"https:\/\/www.rri.ro\/de\/aktuell\/rri-aktuell\/teilwahlen-fuer-das-bukarester-generalbuergermeisteramt-id960178.html"},"wordCount":479,"image":{"@id":"https:\/\/www.rri.ro\/de\/aktuell\/rri-aktuell\/teilwahlen-fuer-das-bukarester-generalbuergermeisteramt-id960178.html#primaryimage"},"thumbnailUrl":"https:\/\/www.rri.ro\/wp-content\/uploads\/2025\/12\/alegeri-primarie-2025-sursa-foto-fb-com-Ciprian-Ciucu.jpg","keywords":["Bukarest","Ciprian Ciucu","Generalb\u00fcrgermeister","Kommunalwahlen","Teilwahlen"],"articleSection":["RRI Aktuell"],"inLanguage":"de"},{"@type":"WebPage","@id":"https:\/\/www.rri.ro\/de\/aktuell\/rri-aktuell\/teilwahlen-fuer-das-bukarester-generalbuergermeisteramt-id960178.html","url":"https:\/\/www.rri.ro\/de\/aktuell\/rri-aktuell\/teilwahlen-fuer-das-bukarester-generalbuergermeisteramt-id960178.html","name":"Teilwahlen f\u00fcr das Bukarester Generalb\u00fcrgermeisteramt - Radio Rum\u00e4nien International","isPartOf":{"@id":"https:\/\/www.rri.ro\/#website"},"primaryImageOfPage":{"@id":"https:\/\/www.rri.ro\/de\/aktuell\/rri-aktuell\/teilwahlen-fuer-das-bukarester-generalbuergermeisteramt-id960178.html#primaryimage"},"image":{"@id":"https:\/\/www.rri.ro\/de\/aktuell\/rri-aktuell\/teilwahlen-fuer-das-bukarester-generalbuergermeisteramt-id960178.html#primaryimage"},"thumbnailUrl":"https:\/\/www.rri.ro\/wp-content\/uploads\/2025\/12\/alegeri-primarie-2025-sursa-foto-fb-com-Ciprian-Ciucu.jpg","datePublished":"2025-12-08T16:00:31+00:00","author":{"@id":"https:\/\/www.rri.ro\/#\/schema\/person\/b46b8f80d7d6e4b5ac9f14f0acbad0c4"},"breadcrumb":{"@id":"https:\/\/www.rri.ro\/de\/aktuell\/rri-aktuell\/teilwahlen-fuer-das-bukarester-generalbuergermeisteramt-id960178.html#breadcrumb"},"inLanguage":"de","potentialAction":[{"@type":"ReadAction","target":["https:\/\/www.rri.ro\/de\/aktuell\/rri-aktuell\/teilwahlen-fuer-das-bukarester-generalbuergermeisteramt-id960178.html"]}]},{"@type":"ImageObject","inLanguage":"de","@id":"https:\/\/www.rri.ro\/de\/aktuell\/rri-aktuell\/teilwahlen-fuer-das-bukarester-generalbuergermeisteramt-id960178.html#primaryimage","url":"https:\/\/www.rri.ro\/wp-content\/uploads\/2025\/12\/alegeri-primarie-2025-sursa-foto-fb-com-Ciprian-Ciucu.jpg","contentUrl":"https:\/\/www.rri.ro\/wp-content\/uploads\/2025\/12\/alegeri-primarie-2025-sursa-foto-fb-com-Ciprian-Ciucu.jpg","width":1280,"height":716,"caption":"Sursa foto: fb.com \/ Ciprian Ciucu"},{"@type":"BreadcrumbList","@id":"https:\/\/www.rri.ro\/de\/aktuell\/rri-aktuell\/teilwahlen-fuer-das-bukarester-generalbuergermeisteramt-id960178.html#breadcrumb","itemListElement":[{"@type":"ListItem","position":1,"name":"Startseite","item":"https:\/\/www.rri.ro\/de"},{"@type":"ListItem","position":2,"name":"Aktuell","item":"https:\/\/www.rri.ro\/de\/aktuell"},{"@type":"ListItem","position":3,"name":"RRI Aktuell","item":"https:\/\/www.rri.ro\/de\/aktuell\/rri-aktuell"},{"@type":"ListItem","position":4,"name":"Teilwahlen f\u00fcr das Bukarester Generalb\u00fcrgermeisteramt"}]},{"@type":"WebSite","@id":"https:\/\/www.rri.ro\/#website","url":"https:\/\/www.rri.ro\/","name":"Radio Rum\u00e4nien International","description":"Totul despre Rom\u00e2nia \u015fi rom\u00e2ni, \u00een 13 limbi\/dialecte!","inLanguage":"de"},{"@type":"Person","@id":"https:\/\/www.rri.ro\/#\/schema\/person\/b46b8f80d7d6e4b5ac9f14f0acbad0c4","name":"Daniela Budu","url":"https:\/\/www.rri.ro\/de\/author\/daniela-budu"}]}},"_links":{"self":[{"href":"https:\/\/www.rri.ro\/de\/wp-json\/wp\/v2\/posts\/960178","targetHints":{"allow":["GET"]}}],"collection":[{"href":"https:\/\/www.rri.ro\/de\/wp-json\/wp\/v2\/posts"}],"about":[{"href":"https:\/\/www.rri.ro\/de\/wp-json\/wp\/v2\/types\/post"}],"author":[{"embeddable":true,"href":"https:\/\/www.rri.ro\/de\/wp-json\/wp\/v2\/users\/107"}],"replies":[{"embeddable":true,"href":"https:\/\/www.rri.ro\/de\/wp-json\/wp\/v2\/comments?post=960178"}],"version-history":[{"count":0,"href":"https:\/\/www.rri.ro\/de\/wp-json\/wp\/v2\/posts\/960178\/revisions"}],"wp:featuredmedia":[{"embeddable":true,"href":"https:\/\/www.rri.ro\/de\/wp-json\/wp\/v2\/media\/959883"}],"wp:attachment":[{"href":"https:\/\/www.rri.ro\/de\/wp-json\/wp\/v2\/media?parent=960178"}],"wp:term":[{"taxonomy":"category","embeddable":true,"href":"https:\/\/www.rri.ro\/de\/wp-json\/wp\/v2\/categories?post=960178"},{"taxonomy":"post_tag","embeddable":true,"href":"https:\/\/www.rri.ro\/de\/wp-json\/wp\/v2\/tags?post=960178"},{"taxonomy":"author","embeddable":true,"href":"https:\/\/www.rri.ro\/de\/wp-json\/wp\/v2\/coauthors?post=960178"}],"curies":[{"name":"wp","href":"https:\/\/api.w.org\/{rel}","templated":true}]}}