{"id":960628,"date":"2025-12-09T17:24:39","date_gmt":"2025-12-09T15:24:39","guid":{"rendered":"https:\/\/www.rri.ro\/?p=960628"},"modified":"2025-12-09T17:24:39","modified_gmt":"2025-12-09T15:24:39","slug":"nachrichten-09-12-2025","status":"publish","type":"post","link":"https:\/\/www.rri.ro\/de\/aktuell\/newsflash-de\/nachrichten-09-12-2025-id960628.html","title":{"rendered":"Nachrichten 09.12.2025"},"content":{"rendered":"<p>Der rum\u00e4nische Pr\u00e4sident Nicu\u015for Dan wird heute in Paris von seinem franz\u00f6sischen Amtskollegen Emmanuel Macron empfangen. Bei den Pariser Gespr\u00e4chen geht es inhaltlich um die St\u00e4rkung der bilateralen Beziehungen, insbesondere im Bereich der Verteidigung, die Fortsetzung der Unterst\u00fctzung f\u00fcr die Ukraine, den Kampf gegen Desinformation und die St\u00e4rkung der Demokratie in Europa. Laut einer Mitteilung des Pr\u00e4sidialamtes in Paris unterstreicht dieser erste offizielle Besuch des rum\u00e4nischen Pr\u00e4sidenten in Frankreich seit seiner Wahl im Mai die Bedeutung der strategischen Partnerschaft zwischen den beiden L\u00e4ndern. Laut dem Korrespondenten von Radio Romania in Paris, sollen Emmanuel Macron und Nicu\u015for Dan gemeinsam auch die Arbeiten des EU-Rates vorbereiten, die sich insbesondere mit Wirtschafts- und Wettbewerbsfragen befasset. Heute wird der rum\u00e4nische Staatschef auch mit Vertretern franz\u00f6sischer Wirtschaftsunternehmen und der B\u00fcrgermeisterin von Paris, Anne Hidalgo, zusammentreffen. Au\u00dferdem wird Nicu\u015for Dan an der Einweihungsfeier der Allee \u201eNicolae Titulescu\u201d im Parc Monceau in Paris teilnehmen. Am Montag traf er sich in der rum\u00e4nischen Botschaft in Paris mit Vertretern der rum\u00e4nischen Gemeinschaft in Frankreich.<\/p>\n<p>&nbsp;<\/p>\n<p>Fast acht von zehn rum\u00e4nischen Unternehmen investieren, viele davon haben Pl\u00e4ne zur Erweiterung ihrer Kapazit\u00e4ten, aber die allgemeine Stimmung bleibt pessimistischer als in der EU, wie die j\u00fcngste Umfrage der Europ\u00e4ischen Investitionsbank (EIB) zu Investitionen zeigt, die am Dienstag ver\u00f6ffentlicht wurde. Demnach haben 78 % der rum\u00e4nischen Unternehmen im letzten Jahr investiert, was einen Anstieg gegen\u00fcber den Vorjahren bedeutet, aber immer noch unter dem EU-Durchschnitt von 86 % liegt. Mit Blick auf die Zukunft beabsichtigen jedoch 44 % der rum\u00e4nischen Unternehmen, ihre Investitionen in den n\u00e4chsten drei Jahren auf die Erweiterung ihrer Produktionskapazit\u00e4ten zu konzentrieren, was deutlich \u00fcber dem EU-Durchschnitt von 26 % liegt. Die Umfrage zeigt auch, dass rum\u00e4nische Unternehmen offen f\u00fcr Ver\u00e4nderungen sind und mit vielf\u00e4ltigen Belastungen umgehen m\u00fcssen, von geopolitischen Faktoren und Unterbrechungen in der Lieferkette bis hin zu Klimarisiken und strengeren Vorschriften.<\/p>\n<p>&nbsp;<\/p>\n<p>Immer mehr rum\u00e4nische \u00c4rzte, die in westliche EU-L\u00e4nder abgewandert sind, wollen in ihr Land zur\u00fcckkehren, ermutigt durch die Verbesserung der medizinischen Infrastruktur und die Aufstockung der Finanzmittel. Die R\u00fcckkehr der Fach\u00e4rzte wird jedoch durch b\u00fcrokratische Verfahren erschwert, die in einigen F\u00e4llen sogar ein Jahr gedauert haben. Das Ressortministerium arbeitet derzeit an einer Verordnung, die die notwendigen Schritte f\u00fcr die R\u00fcckkehr von \u00c4rzten vereinfachen und die Zeit f\u00fcr die Anerkennung von Zeugnissen und beruflichen Qualifikationen verk\u00fcrzen soll.<\/p>\n<p>&nbsp;<\/p>\n<p>In der gemeinsamen Plenarsitzung der beiden Kammern der Legislative in Bukarest wurde ein Misstrauensantrag der Opposition gegen die pro-europ\u00e4ische Koalitionsregierung unter F\u00fchrung des Liberalen Ilie Bolojan vorgelegt. Die Opposition wirft der Koalitionsregierung vor, dass sie die Finanzen, das Gesundheitswesen, das Bildungswesen, die Sozialf\u00fcrsorge, die Justiz mangelhaft verwaltet h\u00e4tten. Die Parteien der Regierungskoalition \u2013 PSD, PNL, USR, UDMR \u2013 hatten angek\u00fcndigt, dass sie nicht f\u00fcr den Misstrauensantrag stimmen werden. Dieser wird am kommenden Montag zur Abstimmung gestellt.<\/p>\n","protected":false},"excerpt":{"rendered":"<p>Der rum\u00e4nische Pr\u00e4sident Nicu\u015for Dan wird heute in Paris von seinem franz\u00f6sischen Amtskollegen Emmanuel Macron empfangen. Bei den Pariser Gespr\u00e4chen geht es inhaltlich um die St\u00e4rkung der bilateralen Beziehungen, insbesondere im Bereich der Verteidigung, die Fortsetzung der Unterst\u00fctzung f\u00fcr die Ukraine, den Kampf gegen Desinformation und die St\u00e4rkung der Demokratie in Europa. Laut einer Mitteilung [&hellip;]<\/p>\n","protected":false},"author":63,"featured_media":723386,"comment_status":"closed","ping_status":"closed","sticky":false,"template":"","format":"standard","meta":{"_acf_changed":false,"footnotes":""},"categories":[116753],"tags":[147260,103197,99681,170232,100969],"coauthors":[132164],"class_list":["post-960628","post","type-post","status-publish","format-standard","has-post-thumbnail","hentry","category-newsflash-de","tag-emmanuel-macron-de","tag-fachaerzte","tag-misstrauensantrag","tag-praesident-nicusor-dan","tag-unternehmen"],"acf":[],"yoast_head":"<!-- This site is optimized with the Yoast SEO plugin v27.3 - https:\/\/yoast.com\/product\/yoast-seo-wordpress\/ -->\n<title>Nachrichten 09.12.2025 - Radio Rum\u00e4nien International<\/title>\n<meta name=\"robots\" content=\"index, follow, max-snippet:-1, max-image-preview:large, max-video-preview:-1\" \/>\n<link rel=\"canonical\" href=\"https:\/\/www.rri.ro\/de\/aktuell\/newsflash-de\/nachrichten-09-12-2025-id960628.html\" \/>\n<meta property=\"og:locale\" content=\"de_DE\" \/>\n<meta property=\"og:type\" content=\"article\" \/>\n<meta property=\"og:title\" content=\"Nachrichten 09.12.2025 - Radio Rum\u00e4nien International\" \/>\n<meta property=\"og:description\" content=\"Der rum\u00e4nische Pr\u00e4sident Nicu\u015for Dan wird heute in Paris von seinem franz\u00f6sischen Amtskollegen Emmanuel Macron empfangen. Bei den Pariser Gespr\u00e4chen geht es inhaltlich um die St\u00e4rkung der bilateralen Beziehungen, insbesondere im Bereich der Verteidigung, die Fortsetzung der Unterst\u00fctzung f\u00fcr die Ukraine, den Kampf gegen Desinformation und die St\u00e4rkung der Demokratie in Europa. Laut einer Mitteilung [&hellip;]\" \/>\n<meta property=\"og:url\" content=\"https:\/\/www.rri.ro\/de\/aktuell\/newsflash-de\/nachrichten-09-12-2025-id960628.html\" \/>\n<meta property=\"og:site_name\" content=\"Radio Rum\u00e4nien International\" \/>\n<meta property=\"article:published_time\" content=\"2025-12-09T15:24:39+00:00\" \/>\n<meta property=\"og:image\" content=\"https:\/\/www.rri.ro\/wp-content\/uploads\/2024\/03\/RRI-960x540-Nachrichten-2-NOU.jpg\" \/>\n\t<meta property=\"og:image:width\" content=\"960\" \/>\n\t<meta property=\"og:image:height\" content=\"540\" \/>\n\t<meta property=\"og:image:type\" content=\"image\/jpeg\" \/>\n<meta name=\"author\" content=\"Dora Mih\u0103lcescu\" \/>\n<meta name=\"twitter:card\" content=\"summary_large_image\" \/>\n<meta name=\"twitter:label1\" content=\"Verfasst von\" \/>\n\t<meta name=\"twitter:data1\" content=\"Dora Mih\u0103lcescu\" \/>\n\t<meta name=\"twitter:label2\" content=\"Gesch\u00e4tzte Lesezeit\" \/>\n\t<meta name=\"twitter:data2\" content=\"3\u00a0Minuten\" \/>\n\t<meta name=\"twitter:label3\" content=\"Written by\" \/>\n\t<meta name=\"twitter:data3\" content=\"Dora Mih\u0103lcescu\" \/>\n<script type=\"application\/ld+json\" class=\"yoast-schema-graph\">{\"@context\":\"https:\\\/\\\/schema.org\",\"@graph\":[{\"@type\":\"Article\",\"@id\":\"https:\\\/\\\/www.rri.ro\\\/de\\\/aktuell\\\/newsflash-de\\\/nachrichten-09-12-2025-id960628.html#article\",\"isPartOf\":{\"@id\":\"https:\\\/\\\/www.rri.ro\\\/de\\\/aktuell\\\/newsflash-de\\\/nachrichten-09-12-2025-id960628.html\"},\"author\":{\"name\":\"Dora Mih\u0103lcescu\",\"@id\":\"https:\\\/\\\/www.rri.ro\\\/#\\\/schema\\\/person\\\/7e97b879b2d121f1e084ccfefe15d7d0\"},\"headline\":\"Nachrichten 09.12.2025\",\"datePublished\":\"2025-12-09T15:24:39+00:00\",\"mainEntityOfPage\":{\"@id\":\"https:\\\/\\\/www.rri.ro\\\/de\\\/aktuell\\\/newsflash-de\\\/nachrichten-09-12-2025-id960628.html\"},\"wordCount\":501,\"image\":{\"@id\":\"https:\\\/\\\/www.rri.ro\\\/de\\\/aktuell\\\/newsflash-de\\\/nachrichten-09-12-2025-id960628.html#primaryimage\"},\"thumbnailUrl\":\"https:\\\/\\\/www.rri.ro\\\/wp-content\\\/uploads\\\/2024\\\/03\\\/RRI-960x540-Nachrichten-2-NOU.jpg\",\"keywords\":[\"Emmanuel Macron\",\"Fach\u00e4rzte\",\"Misstrauensantrag\",\"Pr\u00e4sident Nicusor Dan\",\"Unternehmen\"],\"articleSection\":[\"Newsflash\"],\"inLanguage\":\"de\"},{\"@type\":\"WebPage\",\"@id\":\"https:\\\/\\\/www.rri.ro\\\/de\\\/aktuell\\\/newsflash-de\\\/nachrichten-09-12-2025-id960628.html\",\"url\":\"https:\\\/\\\/www.rri.ro\\\/de\\\/aktuell\\\/newsflash-de\\\/nachrichten-09-12-2025-id960628.html\",\"name\":\"Nachrichten 09.12.2025 - Radio Rum\u00e4nien International\",\"isPartOf\":{\"@id\":\"https:\\\/\\\/www.rri.ro\\\/#website\"},\"primaryImageOfPage\":{\"@id\":\"https:\\\/\\\/www.rri.ro\\\/de\\\/aktuell\\\/newsflash-de\\\/nachrichten-09-12-2025-id960628.html#primaryimage\"},\"image\":{\"@id\":\"https:\\\/\\\/www.rri.ro\\\/de\\\/aktuell\\\/newsflash-de\\\/nachrichten-09-12-2025-id960628.html#primaryimage\"},\"thumbnailUrl\":\"https:\\\/\\\/www.rri.ro\\\/wp-content\\\/uploads\\\/2024\\\/03\\\/RRI-960x540-Nachrichten-2-NOU.jpg\",\"datePublished\":\"2025-12-09T15:24:39+00:00\",\"author\":{\"@id\":\"https:\\\/\\\/www.rri.ro\\\/#\\\/schema\\\/person\\\/7e97b879b2d121f1e084ccfefe15d7d0\"},\"breadcrumb\":{\"@id\":\"https:\\\/\\\/www.rri.ro\\\/de\\\/aktuell\\\/newsflash-de\\\/nachrichten-09-12-2025-id960628.html#breadcrumb\"},\"inLanguage\":\"de\",\"potentialAction\":[{\"@type\":\"ReadAction\",\"target\":[\"https:\\\/\\\/www.rri.ro\\\/de\\\/aktuell\\\/newsflash-de\\\/nachrichten-09-12-2025-id960628.html\"]}]},{\"@type\":\"ImageObject\",\"inLanguage\":\"de\",\"@id\":\"https:\\\/\\\/www.rri.ro\\\/de\\\/aktuell\\\/newsflash-de\\\/nachrichten-09-12-2025-id960628.html#primaryimage\",\"url\":\"https:\\\/\\\/www.rri.ro\\\/wp-content\\\/uploads\\\/2024\\\/03\\\/RRI-960x540-Nachrichten-2-NOU.jpg\",\"contentUrl\":\"https:\\\/\\\/www.rri.ro\\\/wp-content\\\/uploads\\\/2024\\\/03\\\/RRI-960x540-Nachrichten-2-NOU.jpg\",\"width\":960,\"height\":540},{\"@type\":\"BreadcrumbList\",\"@id\":\"https:\\\/\\\/www.rri.ro\\\/de\\\/aktuell\\\/newsflash-de\\\/nachrichten-09-12-2025-id960628.html#breadcrumb\",\"itemListElement\":[{\"@type\":\"ListItem\",\"position\":1,\"name\":\"Startseite\",\"item\":\"https:\\\/\\\/www.rri.ro\\\/de\"},{\"@type\":\"ListItem\",\"position\":2,\"name\":\"Aktuell\",\"item\":\"https:\\\/\\\/www.rri.ro\\\/de\\\/aktuell\"},{\"@type\":\"ListItem\",\"position\":3,\"name\":\"Newsflash\",\"item\":\"https:\\\/\\\/www.rri.ro\\\/de\\\/aktuell\\\/newsflash-de\"},{\"@type\":\"ListItem\",\"position\":4,\"name\":\"Nachrichten 09.12.2025\"}]},{\"@type\":\"WebSite\",\"@id\":\"https:\\\/\\\/www.rri.ro\\\/#website\",\"url\":\"https:\\\/\\\/www.rri.ro\\\/\",\"name\":\"Radio Rum\u00e4nien International\",\"description\":\"Totul despre Rom\u00e2nia \u015fi rom\u00e2ni, \u00een 13 limbi\\\/dialecte!\",\"inLanguage\":\"de\"},{\"@type\":\"Person\",\"@id\":\"https:\\\/\\\/www.rri.ro\\\/#\\\/schema\\\/person\\\/7e97b879b2d121f1e084ccfefe15d7d0\",\"name\":\"Dora Mih\u0103lcescu\",\"url\":\"https:\\\/\\\/www.rri.ro\\\/de\\\/author\\\/dora-mihalcescu\"}]}<\/script>\n<!-- \/ Yoast SEO plugin. -->","yoast_head_json":{"title":"Nachrichten 09.12.2025 - Radio Rum\u00e4nien International","robots":{"index":"index","follow":"follow","max-snippet":"max-snippet:-1","max-image-preview":"max-image-preview:large","max-video-preview":"max-video-preview:-1"},"canonical":"https:\/\/www.rri.ro\/de\/aktuell\/newsflash-de\/nachrichten-09-12-2025-id960628.html","og_locale":"de_DE","og_type":"article","og_title":"Nachrichten 09.12.2025 - Radio Rum\u00e4nien International","og_description":"Der rum\u00e4nische Pr\u00e4sident Nicu\u015for Dan wird heute in Paris von seinem franz\u00f6sischen Amtskollegen Emmanuel Macron empfangen. Bei den Pariser Gespr\u00e4chen geht es inhaltlich um die St\u00e4rkung der bilateralen Beziehungen, insbesondere im Bereich der Verteidigung, die Fortsetzung der Unterst\u00fctzung f\u00fcr die Ukraine, den Kampf gegen Desinformation und die St\u00e4rkung der Demokratie in Europa. Laut einer Mitteilung [&hellip;]","og_url":"https:\/\/www.rri.ro\/de\/aktuell\/newsflash-de\/nachrichten-09-12-2025-id960628.html","og_site_name":"Radio Rum\u00e4nien International","article_published_time":"2025-12-09T15:24:39+00:00","og_image":[{"width":960,"height":540,"url":"https:\/\/www.rri.ro\/wp-content\/uploads\/2024\/03\/RRI-960x540-Nachrichten-2-NOU.jpg","type":"image\/jpeg"}],"author":"Dora Mih\u0103lcescu","twitter_card":"summary_large_image","twitter_misc":{"Verfasst von":"Dora Mih\u0103lcescu","Gesch\u00e4tzte Lesezeit":"3\u00a0Minuten","Written by":"Dora Mih\u0103lcescu"},"schema":{"@context":"https:\/\/schema.org","@graph":[{"@type":"Article","@id":"https:\/\/www.rri.ro\/de\/aktuell\/newsflash-de\/nachrichten-09-12-2025-id960628.html#article","isPartOf":{"@id":"https:\/\/www.rri.ro\/de\/aktuell\/newsflash-de\/nachrichten-09-12-2025-id960628.html"},"author":{"name":"Dora Mih\u0103lcescu","@id":"https:\/\/www.rri.ro\/#\/schema\/person\/7e97b879b2d121f1e084ccfefe15d7d0"},"headline":"Nachrichten 09.12.2025","datePublished":"2025-12-09T15:24:39+00:00","mainEntityOfPage":{"@id":"https:\/\/www.rri.ro\/de\/aktuell\/newsflash-de\/nachrichten-09-12-2025-id960628.html"},"wordCount":501,"image":{"@id":"https:\/\/www.rri.ro\/de\/aktuell\/newsflash-de\/nachrichten-09-12-2025-id960628.html#primaryimage"},"thumbnailUrl":"https:\/\/www.rri.ro\/wp-content\/uploads\/2024\/03\/RRI-960x540-Nachrichten-2-NOU.jpg","keywords":["Emmanuel Macron","Fach\u00e4rzte","Misstrauensantrag","Pr\u00e4sident Nicusor Dan","Unternehmen"],"articleSection":["Newsflash"],"inLanguage":"de"},{"@type":"WebPage","@id":"https:\/\/www.rri.ro\/de\/aktuell\/newsflash-de\/nachrichten-09-12-2025-id960628.html","url":"https:\/\/www.rri.ro\/de\/aktuell\/newsflash-de\/nachrichten-09-12-2025-id960628.html","name":"Nachrichten 09.12.2025 - Radio Rum\u00e4nien International","isPartOf":{"@id":"https:\/\/www.rri.ro\/#website"},"primaryImageOfPage":{"@id":"https:\/\/www.rri.ro\/de\/aktuell\/newsflash-de\/nachrichten-09-12-2025-id960628.html#primaryimage"},"image":{"@id":"https:\/\/www.rri.ro\/de\/aktuell\/newsflash-de\/nachrichten-09-12-2025-id960628.html#primaryimage"},"thumbnailUrl":"https:\/\/www.rri.ro\/wp-content\/uploads\/2024\/03\/RRI-960x540-Nachrichten-2-NOU.jpg","datePublished":"2025-12-09T15:24:39+00:00","author":{"@id":"https:\/\/www.rri.ro\/#\/schema\/person\/7e97b879b2d121f1e084ccfefe15d7d0"},"breadcrumb":{"@id":"https:\/\/www.rri.ro\/de\/aktuell\/newsflash-de\/nachrichten-09-12-2025-id960628.html#breadcrumb"},"inLanguage":"de","potentialAction":[{"@type":"ReadAction","target":["https:\/\/www.rri.ro\/de\/aktuell\/newsflash-de\/nachrichten-09-12-2025-id960628.html"]}]},{"@type":"ImageObject","inLanguage":"de","@id":"https:\/\/www.rri.ro\/de\/aktuell\/newsflash-de\/nachrichten-09-12-2025-id960628.html#primaryimage","url":"https:\/\/www.rri.ro\/wp-content\/uploads\/2024\/03\/RRI-960x540-Nachrichten-2-NOU.jpg","contentUrl":"https:\/\/www.rri.ro\/wp-content\/uploads\/2024\/03\/RRI-960x540-Nachrichten-2-NOU.jpg","width":960,"height":540},{"@type":"BreadcrumbList","@id":"https:\/\/www.rri.ro\/de\/aktuell\/newsflash-de\/nachrichten-09-12-2025-id960628.html#breadcrumb","itemListElement":[{"@type":"ListItem","position":1,"name":"Startseite","item":"https:\/\/www.rri.ro\/de"},{"@type":"ListItem","position":2,"name":"Aktuell","item":"https:\/\/www.rri.ro\/de\/aktuell"},{"@type":"ListItem","position":3,"name":"Newsflash","item":"https:\/\/www.rri.ro\/de\/aktuell\/newsflash-de"},{"@type":"ListItem","position":4,"name":"Nachrichten 09.12.2025"}]},{"@type":"WebSite","@id":"https:\/\/www.rri.ro\/#website","url":"https:\/\/www.rri.ro\/","name":"Radio Rum\u00e4nien International","description":"Totul despre Rom\u00e2nia \u015fi rom\u00e2ni, \u00een 13 limbi\/dialecte!","inLanguage":"de"},{"@type":"Person","@id":"https:\/\/www.rri.ro\/#\/schema\/person\/7e97b879b2d121f1e084ccfefe15d7d0","name":"Dora Mih\u0103lcescu","url":"https:\/\/www.rri.ro\/de\/author\/dora-mihalcescu"}]}},"_links":{"self":[{"href":"https:\/\/www.rri.ro\/de\/wp-json\/wp\/v2\/posts\/960628","targetHints":{"allow":["GET"]}}],"collection":[{"href":"https:\/\/www.rri.ro\/de\/wp-json\/wp\/v2\/posts"}],"about":[{"href":"https:\/\/www.rri.ro\/de\/wp-json\/wp\/v2\/types\/post"}],"author":[{"embeddable":true,"href":"https:\/\/www.rri.ro\/de\/wp-json\/wp\/v2\/users\/63"}],"replies":[{"embeddable":true,"href":"https:\/\/www.rri.ro\/de\/wp-json\/wp\/v2\/comments?post=960628"}],"version-history":[{"count":0,"href":"https:\/\/www.rri.ro\/de\/wp-json\/wp\/v2\/posts\/960628\/revisions"}],"wp:featuredmedia":[{"embeddable":true,"href":"https:\/\/www.rri.ro\/de\/wp-json\/wp\/v2\/media\/723386"}],"wp:attachment":[{"href":"https:\/\/www.rri.ro\/de\/wp-json\/wp\/v2\/media?parent=960628"}],"wp:term":[{"taxonomy":"category","embeddable":true,"href":"https:\/\/www.rri.ro\/de\/wp-json\/wp\/v2\/categories?post=960628"},{"taxonomy":"post_tag","embeddable":true,"href":"https:\/\/www.rri.ro\/de\/wp-json\/wp\/v2\/tags?post=960628"},{"taxonomy":"author","embeddable":true,"href":"https:\/\/www.rri.ro\/de\/wp-json\/wp\/v2\/coauthors?post=960628"}],"curies":[{"name":"wp","href":"https:\/\/api.w.org\/{rel}","templated":true}]}}