{"id":961858,"date":"2025-12-12T18:11:46","date_gmt":"2025-12-12T16:11:46","guid":{"rendered":"https:\/\/www.rri.ro\/?p=961858"},"modified":"2025-12-12T18:11:46","modified_gmt":"2025-12-12T16:11:46","slug":"nachrichten-12-12-2025","status":"publish","type":"post","link":"https:\/\/www.rri.ro\/de\/aktuell\/newsflash-de\/nachrichten-12-12-2025-id961858.html","title":{"rendered":"Nachrichten 12.12.2025"},"content":{"rendered":"<div>Rum\u00e4nien wird Seltene Erden f\u00fcr die Vereinigten Staaten verarbeiten, gab der rum\u00e4nische Energieminister Bogdan Ivan bekannt. Die Erze werden in Gr\u00f6nland abgebaut und in der Uranaufbereitungsanlage Feldioara (Zentralrum\u00e4nien) von Nuclearelectrica verarbeitet. Ein Vertrag zur Entwicklung dieser Anlage wurde zwischen dem amerikanischen Unternehmen Critical Metals Corp. und dem rum\u00e4nischen Produzenten unterzeichnet. Ivan erkl\u00e4rte, das Projekt umfasse Investitionen in Rum\u00e4nien von rund drei Milliarden Euro. Die Produktion sei f\u00fcr die R\u00fcstungsindustrie sowie die Luft- und Raumfahrtindustrie bestimmt, insbesondere f\u00fcr den Bau von Satelliten und Mikrochips. Der Minister betonte au\u00dferdem, das Projekt werde die erste vollst\u00e4ndig integrierte westliche Lieferkette f\u00fcr kritische Rohstoffe darstellen und Rum\u00e4nien zum wichtigsten Partner der Vereinigten Staaten in Mittel- und Osteuropa im Bereich Seltener Erden machen.<\/div>\n<div><\/div>\n<div><\/div>\n<div>Die internationale Konferenz zum Wiederaufbau der Ukraine wird in Bukarest fortgesetzt. Laut dem rum\u00e4nischen Finanzminister Alexandru Nazare wird dieses Vorhaben Finanzmittel in einem Umfang erfordern, wie sie Europa seit dem Zweiten Weltkrieg nicht mehr gesehen hat. \u201eWir brauchen klare Vereinbarungen zwischen Bukarest und Kiew\u201c, bekr\u00e4ftigte der rum\u00e4nische Beamte und f\u00fcgte hinzu, Rum\u00e4nien sei als engagierter Nachbar und Partner bereit, zum Aufbau einer stabilen, prosperierenden und modernen Ukraine beizutragen. Laut Nazar\u00e9 ist der Wiederaufbau kein einmaliges Projekt, sondern erfordert ein grundlegendes Umdenken des gesamten Wirtschaftssystems mit einer neuen politischen Vision, institutioneller Zusammenarbeit und einer entscheidenden Beteiligung des Privatsektors.<\/div>\n<div><\/div>\n<div><\/div>\n<div>\u201eKorruption in der Justiz beseitigen!\u201c lautet das Motto einer neuen Demonstration, die heute Abend vor dem rum\u00e4nischen Regierungssitz stattfinden soll. Sie folgt auf eine journalistische Recherche, die die Korruption im Justizsystem aufgedeckt hat. Die Demonstranten fordern den R\u00fccktritt mehrerer Verantwortlicher sowie die Aufhebung des Gesetzes, das die Verschiebung von Strafprozessen bis zum Ablauf der Verj\u00e4hrungsfrist erm\u00f6glicht.<\/div>\n<div><\/div>\n<div><\/div>\n<div>Rum\u00e4nien hat seinen ersten Leprafall seit 44 Jahren gemeldet. Betroffen ist eine asiatische Frau, die als Masseurin in einem Salon in Cluj arbeitet. Dies gab Gesundheitsminister Alexandru Rogobete am Donnerstag bekannt. Drei weitere Mitarbeiter desselben Salons w\u00fcrden derzeit klinisch untersucht. In seiner Erkl\u00e4rung betonte Minister Rogobete, das Risiko f\u00fcr die Bev\u00f6lkerung sei weiterhin gering und die Situation werde mit gr\u00f6\u00dfter Ernsthaftigkeit analysiert. Lepra sei eine langsam fortschreitende und relativ wenig ansteckende Krankheit, die nur durch l\u00e4ngeren Kontakt \u00fcbertragen werden k\u00f6nne, stellte das Gesundheitsministerium klar.<\/div>\n<div><\/div>\n<div><\/div>\n<div>In Rum\u00e4nien blieb die j\u00e4hrliche Inflationsrate im November laut dem Nationalen Statistikinstitut (INS) bei 9,8 %. Das INS pr\u00e4zisiert, dass die Preise f\u00fcr Dienstleistungen und Non-Food-Produkte im Vergleich zum Vorjahreszeitraum um fast 11 % gestiegen seien, w\u00e4hrend die Lebensmittelpreise um fast 8 % zulegten. Das Handelsbilanzdefizit setzte seinen Aufw\u00e4rtstrend fort und erreichte fast 28 Milliarden Euro, rund 276 Millionen Euro mehr als im Vorjahr. Im Vergleich zum Vorjahr stiegen die Exporte um 4,3 % und die Importe um 3,4 %, berichtet das INS. Gleichzeitig ging der Einzelhandel im Vergleich zum Vorjahr zur\u00fcck \u2013 ein Zeichen daf\u00fcr, dass der Motor des Wirtschaftswachstums, der Konsum, an Schwung verloren hat.<\/div>\n<div><\/div>\n<div><\/div>\n<div>Hunderte Studierende demonstrierten am Donnerstag in den Universit\u00e4tsst\u00e4dten Cluj (Nordwesten) und Bra\u0219ov (Zentral) gegen die Sparma\u00dfnahmen der Regierung, insbesondere im Bildungsbereich. Sie prangerten die K\u00fcrzung der Studienbeihilfen an und kritisierten die Ma\u00dfnahmen, die zu einem R\u00fcckgang der Hochschulbildung f\u00fchren. Bildungsminister Daniel David erkl\u00e4rte daraufhin, sein Ministerium, das Ministerium f\u00fcr Europ\u00e4ische Investitionen und Projekte sowie die Europ\u00e4ische Kommission f\u00fchrten Gespr\u00e4che \u00fcber Finanzierungsl\u00f6sungen mit EU-Mitteln f\u00fcr Studienbeihilfen. Laut David k\u00f6nnten die ersten Auszahlungen im Februar erfolgen.<\/div>\n<div><\/div>\n<div><\/div>\n<div>In Rum\u00e4nien stehen Juden laut einer aktuellen Studie des Elie-Wiesel-Instituts f\u00fcr Holocaust-Studien an der Spitze der am meisten abgelehnten ethnischen Minderheiten. Mehr als 25 % der Befragten sprachen sich f\u00fcr eine vor\u00fcbergehende Anwesenheit oder die vollst\u00e4ndige Abwesenheit von Juden in Rum\u00e4nien aus, w\u00e4hrend die Ablehnung gegen\u00fcber Roma bei 15 % lag. Professor Daniel Buti von der SNSPA (Nationale Gesellschaft f\u00fcr Holocaust-Studien) erkl\u00e4rt, dass in einem Kontext zunehmender Verschw\u00f6rungstheorien, antisemitischer Rhetorik und sozialer Polarisierung eine Versch\u00e4rfung negativer Einstellungen gegen\u00fcber Minderheiten im Allgemeinen und Juden im Besonderen zu beobachten sei. Die Umfrage wurde mit einer Stichprobe von 1.004 Personen durchgef\u00fchrt.<\/div>\n<div><\/div>\n<div><\/div>\n<div>Die Europ\u00e4ische Kommission hat heute beschlossen, Rum\u00e4nien vor dem Gerichtshof der Europ\u00e4ischen Union wegen Nichteinhaltung der Verpflichtungen aus der Luftreinhalterichtlinie zu verklagen. Br\u00fcssel \u00fcbermittelte zudem eine begr\u00fcndete Stellungnahme, in der Bukarest vorgeworfen wird, seinen Verpflichtungen zur Reduzierung von Feinstaubemissionen nicht nachzukommen. Die Br\u00fcsseler Beh\u00f6rden haben festgestellt, dass die Feinstaubbelastung die zul\u00e4ssigen Grenzwerte deutlich \u00fcberschreitet und werfen dem Land vor, nicht ausreichend Ma\u00dfnahmen zu deren Reduzierung ergriffen zu haben. Diese Partikel sind gesundheitssch\u00e4dlich und erh\u00f6hen das Risiko von Atemwegs- und Herz-Kreislauf-Erkrankungen. Dar\u00fcber hinaus funktioniert das nationale Luftqualit\u00e4tsmessnetz nicht ordnungsgem\u00e4\u00df. Es gibt nicht gen\u00fcgend Messstationen, um die Luftqualit\u00e4t in St\u00e4dten und Industriegebieten zu erfassen, und die erhobenen Daten sind, entgegen den europ\u00e4ischen Standards, unvollst\u00e4ndig. Bukarest hat zwei Monate Zeit, diese Art der Verschmutzung zu reduzieren, das Luftqualit\u00e4tsmessnetz zu vervollst\u00e4ndigen und zu modernisieren, sodass die Daten zuverl\u00e4ssig und vollst\u00e4ndig sind. Andernfalls drohen dem Land Bu\u00dfgelder und Sanktionen.<\/div>\n","protected":false},"excerpt":{"rendered":"<p>Rum\u00e4nien wird Seltene Erden f\u00fcr die Vereinigten Staaten verarbeiten, gab der rum\u00e4nische Energieminister Bogdan Ivan bekannt. Die Erze werden in Gr\u00f6nland abgebaut und in der Uranaufbereitungsanlage Feldioara (Zentralrum\u00e4nien) von Nuclearelectrica verarbeitet. Ein Vertrag zur Entwicklung dieser Anlage wurde zwischen dem amerikanischen Unternehmen Critical Metals Corp. und dem rum\u00e4nischen Produzenten unterzeichnet. Ivan erkl\u00e4rte, das Projekt umfasse [&hellip;]<\/p>\n","protected":false},"author":113,"featured_media":723386,"comment_status":"closed","ping_status":"closed","sticky":false,"template":"","format":"standard","meta":{"_acf_changed":false,"footnotes":""},"categories":[116753],"tags":[102860,130783,175657,182090,182088,182089,105179],"coauthors":[116091],"class_list":["post-961858","post","type-post","status-publish","format-standard","has-post-thumbnail","hentry","category-newsflash-de","tag-demonstration","tag-elie-wiesel-institut","tag-energieminister-bogdan-ivan","tag-eu-gerichtshof","tag-konferenz-zum-wiederaufbau-der-ukraine","tag-leprafall","tag-sparmassnahmen"],"acf":[],"yoast_head":"<!-- This site is optimized with the Yoast SEO plugin v27.5 - https:\/\/yoast.com\/product\/yoast-seo-wordpress\/ -->\n<title>Nachrichten 12.12.2025 - Radio Rum\u00e4nien International<\/title>\n<meta name=\"robots\" content=\"index, follow, max-snippet:-1, max-image-preview:large, max-video-preview:-1\" \/>\n<link rel=\"canonical\" href=\"https:\/\/www.rri.ro\/de\/aktuell\/newsflash-de\/nachrichten-12-12-2025-id961858.html\" \/>\n<meta property=\"og:locale\" content=\"de_DE\" \/>\n<meta property=\"og:type\" content=\"article\" \/>\n<meta property=\"og:title\" content=\"Nachrichten 12.12.2025 - Radio Rum\u00e4nien International\" \/>\n<meta property=\"og:description\" content=\"Rum\u00e4nien wird Seltene Erden f\u00fcr die Vereinigten Staaten verarbeiten, gab der rum\u00e4nische Energieminister Bogdan Ivan bekannt. Die Erze werden in Gr\u00f6nland abgebaut und in der Uranaufbereitungsanlage Feldioara (Zentralrum\u00e4nien) von Nuclearelectrica verarbeitet. Ein Vertrag zur Entwicklung dieser Anlage wurde zwischen dem amerikanischen Unternehmen Critical Metals Corp. und dem rum\u00e4nischen Produzenten unterzeichnet. Ivan erkl\u00e4rte, das Projekt umfasse [&hellip;]\" \/>\n<meta property=\"og:url\" content=\"https:\/\/www.rri.ro\/de\/aktuell\/newsflash-de\/nachrichten-12-12-2025-id961858.html\" \/>\n<meta property=\"og:site_name\" content=\"Radio Rum\u00e4nien International\" \/>\n<meta property=\"article:published_time\" content=\"2025-12-12T16:11:46+00:00\" \/>\n<meta property=\"og:image\" content=\"https:\/\/www.rri.ro\/wp-content\/uploads\/2024\/03\/RRI-960x540-Nachrichten-2-NOU.jpg\" \/>\n\t<meta property=\"og:image:width\" content=\"960\" \/>\n\t<meta property=\"og:image:height\" content=\"540\" \/>\n\t<meta property=\"og:image:type\" content=\"image\/jpeg\" \/>\n<meta name=\"author\" content=\"Newsroom\" \/>\n<meta name=\"twitter:card\" content=\"summary_large_image\" \/>\n<meta name=\"twitter:label1\" content=\"Verfasst von\" \/>\n\t<meta name=\"twitter:data1\" content=\"Newsroom\" \/>\n\t<meta name=\"twitter:label2\" content=\"Gesch\u00e4tzte Lesezeit\" \/>\n\t<meta name=\"twitter:data2\" content=\"4\u00a0Minuten\" \/>\n\t<meta name=\"twitter:label3\" content=\"Written by\" \/>\n\t<meta name=\"twitter:data3\" content=\"Newsroom\" \/>\n<script type=\"application\/ld+json\" class=\"yoast-schema-graph\">{\"@context\":\"https:\\\/\\\/schema.org\",\"@graph\":[{\"@type\":\"Article\",\"@id\":\"https:\\\/\\\/www.rri.ro\\\/de\\\/aktuell\\\/newsflash-de\\\/nachrichten-12-12-2025-id961858.html#article\",\"isPartOf\":{\"@id\":\"https:\\\/\\\/www.rri.ro\\\/de\\\/aktuell\\\/newsflash-de\\\/nachrichten-12-12-2025-id961858.html\"},\"author\":{\"name\":\"Newsroom\",\"@id\":\"https:\\\/\\\/www.rri.ro\\\/#\\\/schema\\\/person\\\/4a479940371b9fdefd194f561e8a7f88\"},\"headline\":\"Nachrichten 12.12.2025\",\"datePublished\":\"2025-12-12T16:11:46+00:00\",\"mainEntityOfPage\":{\"@id\":\"https:\\\/\\\/www.rri.ro\\\/de\\\/aktuell\\\/newsflash-de\\\/nachrichten-12-12-2025-id961858.html\"},\"wordCount\":853,\"image\":{\"@id\":\"https:\\\/\\\/www.rri.ro\\\/de\\\/aktuell\\\/newsflash-de\\\/nachrichten-12-12-2025-id961858.html#primaryimage\"},\"thumbnailUrl\":\"https:\\\/\\\/www.rri.ro\\\/wp-content\\\/uploads\\\/2024\\\/03\\\/RRI-960x540-Nachrichten-2-NOU.jpg\",\"keywords\":[\"Demonstration\",\"Elie-Wiesel-Institut\",\"Energieminister Bogdan Ivan\",\"EU-Gerichtshof\",\"Konferenz zum Wiederaufbau der Ukraine\",\"Leprafall\",\"Sparma\u00dfnahmen\"],\"articleSection\":[\"Newsflash\"],\"inLanguage\":\"de\"},{\"@type\":\"WebPage\",\"@id\":\"https:\\\/\\\/www.rri.ro\\\/de\\\/aktuell\\\/newsflash-de\\\/nachrichten-12-12-2025-id961858.html\",\"url\":\"https:\\\/\\\/www.rri.ro\\\/de\\\/aktuell\\\/newsflash-de\\\/nachrichten-12-12-2025-id961858.html\",\"name\":\"Nachrichten 12.12.2025 - Radio Rum\u00e4nien International\",\"isPartOf\":{\"@id\":\"https:\\\/\\\/www.rri.ro\\\/#website\"},\"primaryImageOfPage\":{\"@id\":\"https:\\\/\\\/www.rri.ro\\\/de\\\/aktuell\\\/newsflash-de\\\/nachrichten-12-12-2025-id961858.html#primaryimage\"},\"image\":{\"@id\":\"https:\\\/\\\/www.rri.ro\\\/de\\\/aktuell\\\/newsflash-de\\\/nachrichten-12-12-2025-id961858.html#primaryimage\"},\"thumbnailUrl\":\"https:\\\/\\\/www.rri.ro\\\/wp-content\\\/uploads\\\/2024\\\/03\\\/RRI-960x540-Nachrichten-2-NOU.jpg\",\"datePublished\":\"2025-12-12T16:11:46+00:00\",\"author\":{\"@id\":\"https:\\\/\\\/www.rri.ro\\\/#\\\/schema\\\/person\\\/4a479940371b9fdefd194f561e8a7f88\"},\"breadcrumb\":{\"@id\":\"https:\\\/\\\/www.rri.ro\\\/de\\\/aktuell\\\/newsflash-de\\\/nachrichten-12-12-2025-id961858.html#breadcrumb\"},\"inLanguage\":\"de\",\"potentialAction\":[{\"@type\":\"ReadAction\",\"target\":[\"https:\\\/\\\/www.rri.ro\\\/de\\\/aktuell\\\/newsflash-de\\\/nachrichten-12-12-2025-id961858.html\"]}]},{\"@type\":\"ImageObject\",\"inLanguage\":\"de\",\"@id\":\"https:\\\/\\\/www.rri.ro\\\/de\\\/aktuell\\\/newsflash-de\\\/nachrichten-12-12-2025-id961858.html#primaryimage\",\"url\":\"https:\\\/\\\/www.rri.ro\\\/wp-content\\\/uploads\\\/2024\\\/03\\\/RRI-960x540-Nachrichten-2-NOU.jpg\",\"contentUrl\":\"https:\\\/\\\/www.rri.ro\\\/wp-content\\\/uploads\\\/2024\\\/03\\\/RRI-960x540-Nachrichten-2-NOU.jpg\",\"width\":960,\"height\":540},{\"@type\":\"BreadcrumbList\",\"@id\":\"https:\\\/\\\/www.rri.ro\\\/de\\\/aktuell\\\/newsflash-de\\\/nachrichten-12-12-2025-id961858.html#breadcrumb\",\"itemListElement\":[{\"@type\":\"ListItem\",\"position\":1,\"name\":\"Startseite\",\"item\":\"https:\\\/\\\/www.rri.ro\\\/de\"},{\"@type\":\"ListItem\",\"position\":2,\"name\":\"Aktuell\",\"item\":\"https:\\\/\\\/www.rri.ro\\\/de\\\/aktuell\"},{\"@type\":\"ListItem\",\"position\":3,\"name\":\"Newsflash\",\"item\":\"https:\\\/\\\/www.rri.ro\\\/de\\\/aktuell\\\/newsflash-de\"},{\"@type\":\"ListItem\",\"position\":4,\"name\":\"Nachrichten 12.12.2025\"}]},{\"@type\":\"WebSite\",\"@id\":\"https:\\\/\\\/www.rri.ro\\\/#website\",\"url\":\"https:\\\/\\\/www.rri.ro\\\/\",\"name\":\"Radio Rum\u00e4nien International\",\"description\":\"Totul despre Rom\u00e2nia \u015fi rom\u00e2ni, \u00een 13 limbi\\\/dialecte!\",\"inLanguage\":\"de\"},{\"@type\":\"Person\",\"@id\":\"https:\\\/\\\/www.rri.ro\\\/#\\\/schema\\\/person\\\/4a479940371b9fdefd194f561e8a7f88\",\"name\":\"Newsroom\",\"url\":\"https:\\\/\\\/www.rri.ro\\\/de\\\/author\\\/newsroom\"}]}<\/script>\n<!-- \/ Yoast SEO plugin. -->","yoast_head_json":{"title":"Nachrichten 12.12.2025 - Radio Rum\u00e4nien International","robots":{"index":"index","follow":"follow","max-snippet":"max-snippet:-1","max-image-preview":"max-image-preview:large","max-video-preview":"max-video-preview:-1"},"canonical":"https:\/\/www.rri.ro\/de\/aktuell\/newsflash-de\/nachrichten-12-12-2025-id961858.html","og_locale":"de_DE","og_type":"article","og_title":"Nachrichten 12.12.2025 - Radio Rum\u00e4nien International","og_description":"Rum\u00e4nien wird Seltene Erden f\u00fcr die Vereinigten Staaten verarbeiten, gab der rum\u00e4nische Energieminister Bogdan Ivan bekannt. Die Erze werden in Gr\u00f6nland abgebaut und in der Uranaufbereitungsanlage Feldioara (Zentralrum\u00e4nien) von Nuclearelectrica verarbeitet. Ein Vertrag zur Entwicklung dieser Anlage wurde zwischen dem amerikanischen Unternehmen Critical Metals Corp. und dem rum\u00e4nischen Produzenten unterzeichnet. Ivan erkl\u00e4rte, das Projekt umfasse [&hellip;]","og_url":"https:\/\/www.rri.ro\/de\/aktuell\/newsflash-de\/nachrichten-12-12-2025-id961858.html","og_site_name":"Radio Rum\u00e4nien International","article_published_time":"2025-12-12T16:11:46+00:00","og_image":[{"width":960,"height":540,"url":"https:\/\/www.rri.ro\/wp-content\/uploads\/2024\/03\/RRI-960x540-Nachrichten-2-NOU.jpg","type":"image\/jpeg"}],"author":"Newsroom","twitter_card":"summary_large_image","twitter_misc":{"Verfasst von":"Newsroom","Gesch\u00e4tzte Lesezeit":"4\u00a0Minuten","Written by":"Newsroom"},"schema":{"@context":"https:\/\/schema.org","@graph":[{"@type":"Article","@id":"https:\/\/www.rri.ro\/de\/aktuell\/newsflash-de\/nachrichten-12-12-2025-id961858.html#article","isPartOf":{"@id":"https:\/\/www.rri.ro\/de\/aktuell\/newsflash-de\/nachrichten-12-12-2025-id961858.html"},"author":{"name":"Newsroom","@id":"https:\/\/www.rri.ro\/#\/schema\/person\/4a479940371b9fdefd194f561e8a7f88"},"headline":"Nachrichten 12.12.2025","datePublished":"2025-12-12T16:11:46+00:00","mainEntityOfPage":{"@id":"https:\/\/www.rri.ro\/de\/aktuell\/newsflash-de\/nachrichten-12-12-2025-id961858.html"},"wordCount":853,"image":{"@id":"https:\/\/www.rri.ro\/de\/aktuell\/newsflash-de\/nachrichten-12-12-2025-id961858.html#primaryimage"},"thumbnailUrl":"https:\/\/www.rri.ro\/wp-content\/uploads\/2024\/03\/RRI-960x540-Nachrichten-2-NOU.jpg","keywords":["Demonstration","Elie-Wiesel-Institut","Energieminister Bogdan Ivan","EU-Gerichtshof","Konferenz zum Wiederaufbau der Ukraine","Leprafall","Sparma\u00dfnahmen"],"articleSection":["Newsflash"],"inLanguage":"de"},{"@type":"WebPage","@id":"https:\/\/www.rri.ro\/de\/aktuell\/newsflash-de\/nachrichten-12-12-2025-id961858.html","url":"https:\/\/www.rri.ro\/de\/aktuell\/newsflash-de\/nachrichten-12-12-2025-id961858.html","name":"Nachrichten 12.12.2025 - Radio Rum\u00e4nien International","isPartOf":{"@id":"https:\/\/www.rri.ro\/#website"},"primaryImageOfPage":{"@id":"https:\/\/www.rri.ro\/de\/aktuell\/newsflash-de\/nachrichten-12-12-2025-id961858.html#primaryimage"},"image":{"@id":"https:\/\/www.rri.ro\/de\/aktuell\/newsflash-de\/nachrichten-12-12-2025-id961858.html#primaryimage"},"thumbnailUrl":"https:\/\/www.rri.ro\/wp-content\/uploads\/2024\/03\/RRI-960x540-Nachrichten-2-NOU.jpg","datePublished":"2025-12-12T16:11:46+00:00","author":{"@id":"https:\/\/www.rri.ro\/#\/schema\/person\/4a479940371b9fdefd194f561e8a7f88"},"breadcrumb":{"@id":"https:\/\/www.rri.ro\/de\/aktuell\/newsflash-de\/nachrichten-12-12-2025-id961858.html#breadcrumb"},"inLanguage":"de","potentialAction":[{"@type":"ReadAction","target":["https:\/\/www.rri.ro\/de\/aktuell\/newsflash-de\/nachrichten-12-12-2025-id961858.html"]}]},{"@type":"ImageObject","inLanguage":"de","@id":"https:\/\/www.rri.ro\/de\/aktuell\/newsflash-de\/nachrichten-12-12-2025-id961858.html#primaryimage","url":"https:\/\/www.rri.ro\/wp-content\/uploads\/2024\/03\/RRI-960x540-Nachrichten-2-NOU.jpg","contentUrl":"https:\/\/www.rri.ro\/wp-content\/uploads\/2024\/03\/RRI-960x540-Nachrichten-2-NOU.jpg","width":960,"height":540},{"@type":"BreadcrumbList","@id":"https:\/\/www.rri.ro\/de\/aktuell\/newsflash-de\/nachrichten-12-12-2025-id961858.html#breadcrumb","itemListElement":[{"@type":"ListItem","position":1,"name":"Startseite","item":"https:\/\/www.rri.ro\/de"},{"@type":"ListItem","position":2,"name":"Aktuell","item":"https:\/\/www.rri.ro\/de\/aktuell"},{"@type":"ListItem","position":3,"name":"Newsflash","item":"https:\/\/www.rri.ro\/de\/aktuell\/newsflash-de"},{"@type":"ListItem","position":4,"name":"Nachrichten 12.12.2025"}]},{"@type":"WebSite","@id":"https:\/\/www.rri.ro\/#website","url":"https:\/\/www.rri.ro\/","name":"Radio Rum\u00e4nien International","description":"Totul despre Rom\u00e2nia \u015fi rom\u00e2ni, \u00een 13 limbi\/dialecte!","inLanguage":"de"},{"@type":"Person","@id":"https:\/\/www.rri.ro\/#\/schema\/person\/4a479940371b9fdefd194f561e8a7f88","name":"Newsroom","url":"https:\/\/www.rri.ro\/de\/author\/newsroom"}]}},"_links":{"self":[{"href":"https:\/\/www.rri.ro\/de\/wp-json\/wp\/v2\/posts\/961858","targetHints":{"allow":["GET"]}}],"collection":[{"href":"https:\/\/www.rri.ro\/de\/wp-json\/wp\/v2\/posts"}],"about":[{"href":"https:\/\/www.rri.ro\/de\/wp-json\/wp\/v2\/types\/post"}],"author":[{"embeddable":true,"href":"https:\/\/www.rri.ro\/de\/wp-json\/wp\/v2\/users\/113"}],"replies":[{"embeddable":true,"href":"https:\/\/www.rri.ro\/de\/wp-json\/wp\/v2\/comments?post=961858"}],"version-history":[{"count":0,"href":"https:\/\/www.rri.ro\/de\/wp-json\/wp\/v2\/posts\/961858\/revisions"}],"wp:featuredmedia":[{"embeddable":true,"href":"https:\/\/www.rri.ro\/de\/wp-json\/wp\/v2\/media\/723386"}],"wp:attachment":[{"href":"https:\/\/www.rri.ro\/de\/wp-json\/wp\/v2\/media?parent=961858"}],"wp:term":[{"taxonomy":"category","embeddable":true,"href":"https:\/\/www.rri.ro\/de\/wp-json\/wp\/v2\/categories?post=961858"},{"taxonomy":"post_tag","embeddable":true,"href":"https:\/\/www.rri.ro\/de\/wp-json\/wp\/v2\/tags?post=961858"},{"taxonomy":"author","embeddable":true,"href":"https:\/\/www.rri.ro\/de\/wp-json\/wp\/v2\/coauthors?post=961858"}],"curies":[{"name":"wp","href":"https:\/\/api.w.org\/{rel}","templated":true}]}}