{"id":975017,"date":"2026-01-24T18:00:03","date_gmt":"2026-01-24T16:00:03","guid":{"rendered":"https:\/\/www.rri.ro\/?p=975017"},"modified":"2026-01-25T09:45:16","modified_gmt":"2026-01-25T07:45:16","slug":"nachrichten-24-01-2026","status":"publish","type":"post","link":"https:\/\/www.rri.ro\/de\/aktuell\/newsflash-de\/nachrichten-24-01-2026-id975017.html","title":{"rendered":"Nachrichten 24.01.2026"},"content":{"rendered":"<p class=\"western\" align=\"left\"><span style=\"font-size: 14pt;\"><span style=\"font-family: Arial, serif;\"><span lang=\"de-DE\"><b>Feierlichkeiten:<\/b><\/span><\/span><span style=\"font-family: Arial, serif;\"><span lang=\"de-DE\"> Die rum\u00e4nische Gesellschaft leide unter einer Verwirrung der Werte. Es sei Pflicht, f\u00fcr Wahrheit, Wissenschaft und Wissen einzutreten. Dies hat Rum\u00e4niens Pr\u00e4sident Nicu\u0219or Dan heute in der ostrum\u00e4nischen statt Foc\u0219ani anl\u00e4sslich der Feierlichkeiten zur sogenannten Kleinen Vereinigung erkl\u00e4rt. Bei einem Besuch des \u00f6rtlichen Gymnasium \u201eUnirea\u201c zeichnete er die Schulleitung mit dem Verdienstorden f\u00fcr Bildung aus. Anlass ist der 167. Jahrestag der Vereinigung der rum\u00e4nischen Donau-F\u00fcrstent\u00fcmer Moldau und Walachei. Landesweit finden aus diesem Grund milit\u00e4rische und religi\u00f6se Zeremonien statt. Die Vereinigung der Moldau und der Walachei im Jahr 1859 gilt als erster Schritt zum modernen rum\u00e4nischen Nationalstaat und f\u00fchrte langfristig zur Unabh\u00e4ngigkeit 1877\/78 sowie mit dem Anschluss weiterer, \u00fcberwiegend rum\u00e4nisch besiedelter Gebiete zur staatlichen Einheit im Jahr 1918.<\/span><\/span><\/span><\/p>\n<p class=\"western\" align=\"left\"><span style=\"font-size: 14pt;\"><span style=\"font-family: Arial, serif;\"><span lang=\"de-DE\"><b>Verwaltungsreform:<\/b><\/span><\/span><span style=\"font-family: Arial, serif;\"><span lang=\"de-DE\"> Die Regierung in Bukarest will noch vor dem 1. Februar im Parlament die Vertrauensfrage f\u00fcr ein Reformpaket der \u00f6ffentlichen Verwaltung sowie f\u00fcr Ma\u00dfnahmen zur wirtschaftlichen Erholung stellen. Das k\u00fcndigte Premierminister Ilie Bolojan an. Ziel seien der Abbau von Haushaltsungleichgewichten, mehr Effizienz und eine st\u00e4rkere Dezentralisierung. Der Staatshaushalt solle rasch verabschiedet werden, mit einem Schwerpunkt auf Investitionen. F\u00fcr 2026 rechnet die Regierung mit einem Bruttoinlandsprodukt von \u00fcber zwei Billionen Lei (400 Mio. Euro), einem Defizit nahe sechs Prozent und einer Inflation von etwas \u00fcber vier Prozent. Verz\u00f6gerungen gebe es wegen fehlender Einigkeit innerhalb der Regierungskoalition, so der Ministerpr\u00e4sident.<\/span><\/span><\/span><\/p>\n<p class=\"western\" align=\"left\"><span style=\"font-size: 14pt;\"><span style=\"font-family: Arial, serif;\"><span lang=\"de-DE\"><b>Friedensrat:<\/b><\/span><\/span><span style=\"font-family: Arial, serif;\"><span lang=\"de-DE\"> Der Europ\u00e4ische Ausw\u00e4rtige Dienst \u00e4u\u00dfert Bedenken gegen die weitreichenden Befugnisse von US-Pr\u00e4sident Donald Trump in dem neu gegr\u00fcndeten sogenannten \u201eBoard of Peace\u201c. Nach Angaben der EU widerspreche die lebenslange Leitung durch Trump den verfassungsrechtlichen Grunds\u00e4tzen der Union. Das Gremium soll zun\u00e4chst den Gaza-Konflikt behandeln und sp\u00e4ter weitere Krisen. Mehrere EU-Staaten, darunter Frankreich und Spanien, wollen nicht beitreten. Ungarn und Bulgarien haben die Gr\u00fcndungsurkunde unterzeichnet. Rum\u00e4niens Pr\u00e4sident pr\u00fcft derzeit eine Beteiligung. Weltweit haben bislang 35 Staaten ihre Teilnahme zugesagt.<\/span><\/span><\/span><\/p>\n<p class=\"western\" align=\"left\"><span style=\"font-size: 14pt;\"><span style=\"font-family: Arial, serif;\"><span lang=\"de-DE\"><b>Buchmesse:<\/b><\/span><\/span><span style=\"font-family: Arial, serif;\"><span lang=\"de-DE\"> Rum\u00e4nien ist bis zum 3. Februar Ehrengast der Internationalen Buchmesse in Kairo, der gr\u00f6\u00dften ihrer Art in der arabischen Welt und in Afrika. Damit werden 120 Jahre diplomatische Beziehungen zu \u00c4gypten gew\u00fcrdigt. Geplant sind rund 30 Veranstaltungen mit mehr als 60 G\u00e4sten aus Literatur, Verlagswesen und Kultur. Kulturminister Andr\u00e1s Demeter traf in Kairo seinen \u00e4gyptischen Amtskollegen; beide vereinbarten ein Abkommen zur kulturellen Zusammenarbeit. Auch \u00c4gyptens Premierminister besuchte den rum\u00e4nischen Messestand.<\/span><\/span><\/span><\/p>\n<p class=\"western\" align=\"left\"><span style=\"font-size: 14pt;\"><span style=\"font-family: Arial, serif;\"><span lang=\"de-DE\"><b>Umfrage:<\/b><\/span><\/span><span style=\"font-family: Arial, serif;\"><span lang=\"de-DE\"> Sieben von zehn Rum\u00e4nen glauben, dass sich das Land in die falsche Richtung entwickelt. Das geht aus dem aktuellen Informat.ro\u2013INSCOP-Barometer hervor. Gut 22 Prozent sehen eine positive Entwicklung, sieben Prozent \u00e4u\u00dferten sich nicht. Besonders optimistisch sind demnach J\u00fcngere unter 30, Menschen mit h\u00f6herer Bildung sowie Bewohner gro\u00dfer St\u00e4dte. Am pessimistischsten zeigen sich \u00e4ltere Menschen, Personen mit niedriger Schulbildung und die Landbev\u00f6lkerung. Die Umfrage wurde Mitte Januar 2026 durchgef\u00fchrt.<\/span><\/span><\/span><\/p>\n<p class=\"western\" align=\"left\"><span style=\"font-size: 14pt;\"><span style=\"font-family: Arial, serif;\"><span lang=\"de-DE\"><b>Wetter:<\/b><\/span><\/span><span style=\"font-family: Arial, serif;\"><span lang=\"de-DE\"> In Rum\u00e4nien bleibt es in den Regionen au\u00dferhalb der Karpaten sowie \u00f6rtlich im Zentrum meist bedeckt, sonst zeitweise bew\u00f6lkt. Vereinzelt werden leichter Nieselregen oder Schneeregen im S\u00fcden und Osten erwartet, im \u00e4u\u00dfersten Norden auch geringe Misch\u00adniederschl\u00e4ge. Die H\u00f6chstwerte liegen zwischen minus zwei und zw\u00f6lf Grad. In Bukarest wurden zur Mittagszeit null Grad gemessen.<\/span><\/span><\/span><\/p>\n","protected":false},"excerpt":{"rendered":"<p>Feierlichkeiten: Die rum\u00e4nische Gesellschaft leide unter einer Verwirrung der Werte. Es sei Pflicht, f\u00fcr Wahrheit, Wissenschaft und Wissen einzutreten. Dies hat Rum\u00e4niens Pr\u00e4sident Nicu\u0219or Dan heute in der ostrum\u00e4nischen statt Foc\u0219ani anl\u00e4sslich der Feierlichkeiten zur sogenannten Kleinen Vereinigung erkl\u00e4rt. Bei einem Besuch des \u00f6rtlichen Gymnasium \u201eUnirea\u201c zeichnete er die Schulleitung mit dem Verdienstorden f\u00fcr Bildung [&hellip;]<\/p>\n","protected":false},"author":113,"featured_media":723386,"comment_status":"closed","ping_status":"closed","sticky":false,"template":"","format":"standard","meta":{"_acf_changed":false,"footnotes":""},"categories":[116753],"tags":[125978,132196,116921],"coauthors":[116091,115354],"class_list":["post-975017","post","type-post","status-publish","format-standard","has-post-thumbnail","hentry","category-newsflash-de","tag-nachrichten","tag-newsflash-de","tag-radio-rumaenien-international"],"acf":[],"yoast_head":"<!-- This site is optimized with the Yoast SEO plugin v27.3 - https:\/\/yoast.com\/product\/yoast-seo-wordpress\/ -->\n<title>Nachrichten 24.01.2026 - Radio Rum\u00e4nien International<\/title>\n<meta name=\"robots\" content=\"index, follow, max-snippet:-1, max-image-preview:large, max-video-preview:-1\" \/>\n<link rel=\"canonical\" href=\"https:\/\/www.rri.ro\/de\/aktuell\/newsflash-de\/nachrichten-24-01-2026-id975017.html\" \/>\n<meta property=\"og:locale\" content=\"de_DE\" \/>\n<meta property=\"og:type\" content=\"article\" \/>\n<meta property=\"og:title\" content=\"Nachrichten 24.01.2026 - Radio Rum\u00e4nien International\" \/>\n<meta property=\"og:description\" content=\"Feierlichkeiten: Die rum\u00e4nische Gesellschaft leide unter einer Verwirrung der Werte. Es sei Pflicht, f\u00fcr Wahrheit, Wissenschaft und Wissen einzutreten. Dies hat Rum\u00e4niens Pr\u00e4sident Nicu\u0219or Dan heute in der ostrum\u00e4nischen statt Foc\u0219ani anl\u00e4sslich der Feierlichkeiten zur sogenannten Kleinen Vereinigung erkl\u00e4rt. Bei einem Besuch des \u00f6rtlichen Gymnasium \u201eUnirea\u201c zeichnete er die Schulleitung mit dem Verdienstorden f\u00fcr Bildung [&hellip;]\" \/>\n<meta property=\"og:url\" content=\"https:\/\/www.rri.ro\/de\/aktuell\/newsflash-de\/nachrichten-24-01-2026-id975017.html\" \/>\n<meta property=\"og:site_name\" content=\"Radio Rum\u00e4nien International\" \/>\n<meta property=\"article:published_time\" content=\"2026-01-24T16:00:03+00:00\" \/>\n<meta property=\"article:modified_time\" content=\"2026-01-25T07:45:16+00:00\" \/>\n<meta property=\"og:image\" content=\"https:\/\/www.rri.ro\/wp-content\/uploads\/2024\/03\/RRI-960x540-Nachrichten-2-NOU.jpg\" \/>\n\t<meta property=\"og:image:width\" content=\"960\" \/>\n\t<meta property=\"og:image:height\" content=\"540\" \/>\n\t<meta property=\"og:image:type\" content=\"image\/jpeg\" \/>\n<meta name=\"author\" content=\"Newsroom, Sorin Georgescu\" \/>\n<meta name=\"twitter:card\" content=\"summary_large_image\" \/>\n<meta name=\"twitter:label1\" content=\"Verfasst von\" \/>\n\t<meta name=\"twitter:data1\" content=\"Newsroom\" \/>\n\t<meta name=\"twitter:label2\" content=\"Gesch\u00e4tzte Lesezeit\" \/>\n\t<meta name=\"twitter:data2\" content=\"3\u00a0Minuten\" \/>\n\t<meta name=\"twitter:label3\" content=\"Written by\" \/>\n\t<meta name=\"twitter:data3\" content=\"Newsroom, Sorin Georgescu\" \/>\n<script type=\"application\/ld+json\" class=\"yoast-schema-graph\">{\"@context\":\"https:\\\/\\\/schema.org\",\"@graph\":[{\"@type\":\"Article\",\"@id\":\"https:\\\/\\\/www.rri.ro\\\/de\\\/aktuell\\\/newsflash-de\\\/nachrichten-24-01-2026-id975017.html#article\",\"isPartOf\":{\"@id\":\"https:\\\/\\\/www.rri.ro\\\/de\\\/aktuell\\\/newsflash-de\\\/nachrichten-24-01-2026-id975017.html\"},\"author\":{\"name\":\"Newsroom\",\"@id\":\"https:\\\/\\\/www.rri.ro\\\/#\\\/schema\\\/person\\\/4a479940371b9fdefd194f561e8a7f88\"},\"headline\":\"Nachrichten 24.01.2026\",\"datePublished\":\"2026-01-24T16:00:03+00:00\",\"dateModified\":\"2026-01-25T07:45:16+00:00\",\"mainEntityOfPage\":{\"@id\":\"https:\\\/\\\/www.rri.ro\\\/de\\\/aktuell\\\/newsflash-de\\\/nachrichten-24-01-2026-id975017.html\"},\"wordCount\":539,\"image\":{\"@id\":\"https:\\\/\\\/www.rri.ro\\\/de\\\/aktuell\\\/newsflash-de\\\/nachrichten-24-01-2026-id975017.html#primaryimage\"},\"thumbnailUrl\":\"https:\\\/\\\/www.rri.ro\\\/wp-content\\\/uploads\\\/2024\\\/03\\\/RRI-960x540-Nachrichten-2-NOU.jpg\",\"keywords\":[\"Nachrichten\",\"Newsflash\",\"Radio Rum\u00e4nien International\"],\"articleSection\":[\"Newsflash\"],\"inLanguage\":\"de\"},{\"@type\":\"WebPage\",\"@id\":\"https:\\\/\\\/www.rri.ro\\\/de\\\/aktuell\\\/newsflash-de\\\/nachrichten-24-01-2026-id975017.html\",\"url\":\"https:\\\/\\\/www.rri.ro\\\/de\\\/aktuell\\\/newsflash-de\\\/nachrichten-24-01-2026-id975017.html\",\"name\":\"Nachrichten 24.01.2026 - Radio Rum\u00e4nien International\",\"isPartOf\":{\"@id\":\"https:\\\/\\\/www.rri.ro\\\/#website\"},\"primaryImageOfPage\":{\"@id\":\"https:\\\/\\\/www.rri.ro\\\/de\\\/aktuell\\\/newsflash-de\\\/nachrichten-24-01-2026-id975017.html#primaryimage\"},\"image\":{\"@id\":\"https:\\\/\\\/www.rri.ro\\\/de\\\/aktuell\\\/newsflash-de\\\/nachrichten-24-01-2026-id975017.html#primaryimage\"},\"thumbnailUrl\":\"https:\\\/\\\/www.rri.ro\\\/wp-content\\\/uploads\\\/2024\\\/03\\\/RRI-960x540-Nachrichten-2-NOU.jpg\",\"datePublished\":\"2026-01-24T16:00:03+00:00\",\"dateModified\":\"2026-01-25T07:45:16+00:00\",\"author\":{\"@id\":\"https:\\\/\\\/www.rri.ro\\\/#\\\/schema\\\/person\\\/4a479940371b9fdefd194f561e8a7f88\"},\"breadcrumb\":{\"@id\":\"https:\\\/\\\/www.rri.ro\\\/de\\\/aktuell\\\/newsflash-de\\\/nachrichten-24-01-2026-id975017.html#breadcrumb\"},\"inLanguage\":\"de\",\"potentialAction\":[{\"@type\":\"ReadAction\",\"target\":[\"https:\\\/\\\/www.rri.ro\\\/de\\\/aktuell\\\/newsflash-de\\\/nachrichten-24-01-2026-id975017.html\"]}]},{\"@type\":\"ImageObject\",\"inLanguage\":\"de\",\"@id\":\"https:\\\/\\\/www.rri.ro\\\/de\\\/aktuell\\\/newsflash-de\\\/nachrichten-24-01-2026-id975017.html#primaryimage\",\"url\":\"https:\\\/\\\/www.rri.ro\\\/wp-content\\\/uploads\\\/2024\\\/03\\\/RRI-960x540-Nachrichten-2-NOU.jpg\",\"contentUrl\":\"https:\\\/\\\/www.rri.ro\\\/wp-content\\\/uploads\\\/2024\\\/03\\\/RRI-960x540-Nachrichten-2-NOU.jpg\",\"width\":960,\"height\":540},{\"@type\":\"BreadcrumbList\",\"@id\":\"https:\\\/\\\/www.rri.ro\\\/de\\\/aktuell\\\/newsflash-de\\\/nachrichten-24-01-2026-id975017.html#breadcrumb\",\"itemListElement\":[{\"@type\":\"ListItem\",\"position\":1,\"name\":\"Startseite\",\"item\":\"https:\\\/\\\/www.rri.ro\\\/de\"},{\"@type\":\"ListItem\",\"position\":2,\"name\":\"Aktuell\",\"item\":\"https:\\\/\\\/www.rri.ro\\\/de\\\/aktuell\"},{\"@type\":\"ListItem\",\"position\":3,\"name\":\"Newsflash\",\"item\":\"https:\\\/\\\/www.rri.ro\\\/de\\\/aktuell\\\/newsflash-de\"},{\"@type\":\"ListItem\",\"position\":4,\"name\":\"Nachrichten 24.01.2026\"}]},{\"@type\":\"WebSite\",\"@id\":\"https:\\\/\\\/www.rri.ro\\\/#website\",\"url\":\"https:\\\/\\\/www.rri.ro\\\/\",\"name\":\"Radio Rum\u00e4nien International\",\"description\":\"Totul despre Rom\u00e2nia \u015fi rom\u00e2ni, \u00een 13 limbi\\\/dialecte!\",\"inLanguage\":\"de\"},{\"@type\":\"Person\",\"@id\":\"https:\\\/\\\/www.rri.ro\\\/#\\\/schema\\\/person\\\/4a479940371b9fdefd194f561e8a7f88\",\"name\":\"Newsroom\",\"url\":\"https:\\\/\\\/www.rri.ro\\\/de\\\/author\\\/newsroom\"}]}<\/script>\n<!-- \/ Yoast SEO plugin. -->","yoast_head_json":{"title":"Nachrichten 24.01.2026 - Radio Rum\u00e4nien International","robots":{"index":"index","follow":"follow","max-snippet":"max-snippet:-1","max-image-preview":"max-image-preview:large","max-video-preview":"max-video-preview:-1"},"canonical":"https:\/\/www.rri.ro\/de\/aktuell\/newsflash-de\/nachrichten-24-01-2026-id975017.html","og_locale":"de_DE","og_type":"article","og_title":"Nachrichten 24.01.2026 - Radio Rum\u00e4nien International","og_description":"Feierlichkeiten: Die rum\u00e4nische Gesellschaft leide unter einer Verwirrung der Werte. Es sei Pflicht, f\u00fcr Wahrheit, Wissenschaft und Wissen einzutreten. Dies hat Rum\u00e4niens Pr\u00e4sident Nicu\u0219or Dan heute in der ostrum\u00e4nischen statt Foc\u0219ani anl\u00e4sslich der Feierlichkeiten zur sogenannten Kleinen Vereinigung erkl\u00e4rt. Bei einem Besuch des \u00f6rtlichen Gymnasium \u201eUnirea\u201c zeichnete er die Schulleitung mit dem Verdienstorden f\u00fcr Bildung [&hellip;]","og_url":"https:\/\/www.rri.ro\/de\/aktuell\/newsflash-de\/nachrichten-24-01-2026-id975017.html","og_site_name":"Radio Rum\u00e4nien International","article_published_time":"2026-01-24T16:00:03+00:00","article_modified_time":"2026-01-25T07:45:16+00:00","og_image":[{"width":960,"height":540,"url":"https:\/\/www.rri.ro\/wp-content\/uploads\/2024\/03\/RRI-960x540-Nachrichten-2-NOU.jpg","type":"image\/jpeg"}],"author":"Newsroom, Sorin Georgescu","twitter_card":"summary_large_image","twitter_misc":{"Verfasst von":"Newsroom","Gesch\u00e4tzte Lesezeit":"3\u00a0Minuten","Written by":"Newsroom, Sorin Georgescu"},"schema":{"@context":"https:\/\/schema.org","@graph":[{"@type":"Article","@id":"https:\/\/www.rri.ro\/de\/aktuell\/newsflash-de\/nachrichten-24-01-2026-id975017.html#article","isPartOf":{"@id":"https:\/\/www.rri.ro\/de\/aktuell\/newsflash-de\/nachrichten-24-01-2026-id975017.html"},"author":{"name":"Newsroom","@id":"https:\/\/www.rri.ro\/#\/schema\/person\/4a479940371b9fdefd194f561e8a7f88"},"headline":"Nachrichten 24.01.2026","datePublished":"2026-01-24T16:00:03+00:00","dateModified":"2026-01-25T07:45:16+00:00","mainEntityOfPage":{"@id":"https:\/\/www.rri.ro\/de\/aktuell\/newsflash-de\/nachrichten-24-01-2026-id975017.html"},"wordCount":539,"image":{"@id":"https:\/\/www.rri.ro\/de\/aktuell\/newsflash-de\/nachrichten-24-01-2026-id975017.html#primaryimage"},"thumbnailUrl":"https:\/\/www.rri.ro\/wp-content\/uploads\/2024\/03\/RRI-960x540-Nachrichten-2-NOU.jpg","keywords":["Nachrichten","Newsflash","Radio Rum\u00e4nien International"],"articleSection":["Newsflash"],"inLanguage":"de"},{"@type":"WebPage","@id":"https:\/\/www.rri.ro\/de\/aktuell\/newsflash-de\/nachrichten-24-01-2026-id975017.html","url":"https:\/\/www.rri.ro\/de\/aktuell\/newsflash-de\/nachrichten-24-01-2026-id975017.html","name":"Nachrichten 24.01.2026 - Radio Rum\u00e4nien International","isPartOf":{"@id":"https:\/\/www.rri.ro\/#website"},"primaryImageOfPage":{"@id":"https:\/\/www.rri.ro\/de\/aktuell\/newsflash-de\/nachrichten-24-01-2026-id975017.html#primaryimage"},"image":{"@id":"https:\/\/www.rri.ro\/de\/aktuell\/newsflash-de\/nachrichten-24-01-2026-id975017.html#primaryimage"},"thumbnailUrl":"https:\/\/www.rri.ro\/wp-content\/uploads\/2024\/03\/RRI-960x540-Nachrichten-2-NOU.jpg","datePublished":"2026-01-24T16:00:03+00:00","dateModified":"2026-01-25T07:45:16+00:00","author":{"@id":"https:\/\/www.rri.ro\/#\/schema\/person\/4a479940371b9fdefd194f561e8a7f88"},"breadcrumb":{"@id":"https:\/\/www.rri.ro\/de\/aktuell\/newsflash-de\/nachrichten-24-01-2026-id975017.html#breadcrumb"},"inLanguage":"de","potentialAction":[{"@type":"ReadAction","target":["https:\/\/www.rri.ro\/de\/aktuell\/newsflash-de\/nachrichten-24-01-2026-id975017.html"]}]},{"@type":"ImageObject","inLanguage":"de","@id":"https:\/\/www.rri.ro\/de\/aktuell\/newsflash-de\/nachrichten-24-01-2026-id975017.html#primaryimage","url":"https:\/\/www.rri.ro\/wp-content\/uploads\/2024\/03\/RRI-960x540-Nachrichten-2-NOU.jpg","contentUrl":"https:\/\/www.rri.ro\/wp-content\/uploads\/2024\/03\/RRI-960x540-Nachrichten-2-NOU.jpg","width":960,"height":540},{"@type":"BreadcrumbList","@id":"https:\/\/www.rri.ro\/de\/aktuell\/newsflash-de\/nachrichten-24-01-2026-id975017.html#breadcrumb","itemListElement":[{"@type":"ListItem","position":1,"name":"Startseite","item":"https:\/\/www.rri.ro\/de"},{"@type":"ListItem","position":2,"name":"Aktuell","item":"https:\/\/www.rri.ro\/de\/aktuell"},{"@type":"ListItem","position":3,"name":"Newsflash","item":"https:\/\/www.rri.ro\/de\/aktuell\/newsflash-de"},{"@type":"ListItem","position":4,"name":"Nachrichten 24.01.2026"}]},{"@type":"WebSite","@id":"https:\/\/www.rri.ro\/#website","url":"https:\/\/www.rri.ro\/","name":"Radio Rum\u00e4nien International","description":"Totul despre Rom\u00e2nia \u015fi rom\u00e2ni, \u00een 13 limbi\/dialecte!","inLanguage":"de"},{"@type":"Person","@id":"https:\/\/www.rri.ro\/#\/schema\/person\/4a479940371b9fdefd194f561e8a7f88","name":"Newsroom","url":"https:\/\/www.rri.ro\/de\/author\/newsroom"}]}},"_links":{"self":[{"href":"https:\/\/www.rri.ro\/de\/wp-json\/wp\/v2\/posts\/975017","targetHints":{"allow":["GET"]}}],"collection":[{"href":"https:\/\/www.rri.ro\/de\/wp-json\/wp\/v2\/posts"}],"about":[{"href":"https:\/\/www.rri.ro\/de\/wp-json\/wp\/v2\/types\/post"}],"author":[{"embeddable":true,"href":"https:\/\/www.rri.ro\/de\/wp-json\/wp\/v2\/users\/113"}],"replies":[{"embeddable":true,"href":"https:\/\/www.rri.ro\/de\/wp-json\/wp\/v2\/comments?post=975017"}],"version-history":[{"count":0,"href":"https:\/\/www.rri.ro\/de\/wp-json\/wp\/v2\/posts\/975017\/revisions"}],"wp:featuredmedia":[{"embeddable":true,"href":"https:\/\/www.rri.ro\/de\/wp-json\/wp\/v2\/media\/723386"}],"wp:attachment":[{"href":"https:\/\/www.rri.ro\/de\/wp-json\/wp\/v2\/media?parent=975017"}],"wp:term":[{"taxonomy":"category","embeddable":true,"href":"https:\/\/www.rri.ro\/de\/wp-json\/wp\/v2\/categories?post=975017"},{"taxonomy":"post_tag","embeddable":true,"href":"https:\/\/www.rri.ro\/de\/wp-json\/wp\/v2\/tags?post=975017"},{"taxonomy":"author","embeddable":true,"href":"https:\/\/www.rri.ro\/de\/wp-json\/wp\/v2\/coauthors?post=975017"}],"curies":[{"name":"wp","href":"https:\/\/api.w.org\/{rel}","templated":true}]}}