{"id":975073,"date":"2026-01-24T15:06:28","date_gmt":"2026-01-24T13:06:28","guid":{"rendered":"https:\/\/www.rri.ro\/?p=975073"},"modified":"2026-01-25T15:19:02","modified_gmt":"2026-01-25T13:19:02","slug":"rueckblick-auf-die-ereignisse-der-woche-19-01-23-01-2026","status":"publish","type":"post","link":"https:\/\/www.rri.ro\/de\/aktuell\/wochenspiegel\/rueckblick-auf-die-ereignisse-der-woche-19-01-23-01-2026-id975073.html","title":{"rendered":"R\u00fcckblick auf die Ereignisse der Woche 19.01 \u2013 23.01.2026"},"content":{"rendered":"<div><strong>Vorerst Ruhe in gr\u00f6nl\u00e4ndischen Gew\u00e4ssern<\/strong><\/p>\n<p>Angesichts der zunehmend vehementen Forderungen des US-Pr\u00e4sidenten nach einem Kauf Gr\u00f6nlands trafen sich die Staats- und Regierungschefs der Europ\u00e4ischen Union Ende der Woche zu einem Krisentreffen, um L\u00f6sungen gegen Donald Trumps Annexionsbestrebungen zu finden. Der Gipfel, an dem auch der rum\u00e4nische Pr\u00e4sident Nicu\u0219or Dan teilnahm, fand statt, obwohl Trump zuvor in Davos erkl\u00e4rt hatte, er werde Gr\u00f6nland nicht mit Gewalt annektieren. Zudem gab er die Idee auf, Staaten, die ihre Unterst\u00fctzung f\u00fcr D\u00e4nemark und die arktische Insel bekundet hatten, mit zus\u00e4tzlichen Z\u00f6llen zu belegen. Im Vorfeld des Gipfels hatte Pr\u00e4sident Dan f\u00fcr eine Deeskalation und die Wiederaufnahme des diplomatischen Dialogs zwischen den transatlantischen Partnern pl\u00e4diert. Die europ\u00e4ischen Staats- und Regierungschefs erkl\u00e4rten, die Beziehungen zu den Vereinigten Staaten seien von gro\u00dfer Bedeutung, weshalb sie diese angespannte Phase hinter sich lassen wollen. Der Pr\u00e4sident des Europ\u00e4ischen Rates, Ant\u00f3nio Costa, erkl\u00e4rte jedoch, dass der Block von diesem strategischen Verb\u00fcndeten erwarte, sich k\u00fcnftig mit demselben Respekt und derselben Herzlichkeit zu verhalten wie die Union. Die Pr\u00e4sidentin der Europ\u00e4ischen Kommission, Ursula von der Leyen, lobte ihrerseits die Solidarit\u00e4t der Union mit D\u00e4nemark und Gr\u00f6nland. Gleichzeitig r\u00e4umte sie ein, dass die Union der Sicherheit der Arktisregion mehr Aufmerksamkeit widmen m\u00fcsse. Ursula von der Leyen k\u00fcndigte die Verdopplung der Investitionen in Gr\u00f6nland, eine m\u00f6gliche europ\u00e4ische Eisbrecherflotte aus Verteidigungsmitteln sowie eine verst\u00e4rkte Koordinierung mit der NATO zum besseren Schutz der Region an.<\/p>\n<p><strong>Einladung steht unter Pr\u00fcfung<\/strong><\/p>\n<p>Pr\u00e4sident Nicu\u0219or Dan gab bekannt, dass er eine eingehende Analyse der Inhalte und Auswirkungen eines Beitritts zur Charta des Friedensrates eingeleitet habe. Diese Initiative wurde von Donald Trump ins Leben gerufen, und Rum\u00e4nien wurde ebenfalls eingeladen. Ziel dieser Pr\u00fcfung ist es, den Grad der Vereinbarkeit der neuen Initiative mit den Verpflichtungen Rum\u00e4niens, insbesondere innerhalb der Vereinten Nationen und der Europ\u00e4ischen Union, zu ermitteln. Gleichzeitig wollen die rum\u00e4nischen Beh\u00f6rden die optimalen Wege ermitteln, wie Rum\u00e4nien zur Festigung des Weltfriedens beitragen kann. Der amerikanische Pr\u00e4sident rief am Donnerstag den Friedensrat ins Leben, der urspr\u00fcnglich zur Beendigung des Gaza-Krieges beitragen sollte. Mittlerweile sieht er jedoch eine umfassendere Rolle darin, was bei Europ\u00e4ern und dar\u00fcber hinaus die Bef\u00fcrchtung weckt, der Rat k\u00f6nne die Vereinten Nationen in Konkurrenz setzen oder gar untergraben. Trump, der den Vorsitz des Rates \u00fcbernehmen wird, hat Dutzende Staats- und Regierungschefs eingeladen, sich ihm anzuschlie\u00dfen, und nicht alle von ihnen repr\u00e4sentieren Demokratien. Traditionelle europ\u00e4ische Verb\u00fcndete der USA, wie Gro\u00dfbritannien, Frankreich oder angesehene nordische Staaten, haben die Einladung zur Teilnahme an diesem Rat bereits abgelehnt.<\/p>\n<p><strong>Voraussetzungen f\u00fcr Wiederankurbelung der Wirtschaft<\/strong><\/p>\n<p>Ohne Steuererh\u00f6hungen besteht eine solide Grundlage f\u00fcr die Erholung in diesem Jahr. Die ersehnte positive Nachricht kam von Premierminister Ilie Bolojan, der sich normalerweise mit guten Nachrichten zur\u00fcckh\u00e4lt. Laut dem Premierminister arbeitet die Regierung an der Erstellung des Haushaltsplans f\u00fcr 2026 auf realistischer Basis. Das Defizitziel liegt bei etwas \u00fcber 6 % und wird in der kommenden Zeit finalisiert. Die Inflation soll auf 4 % sinken. Ziel sei ein Haushalt f\u00fcr Erholung und Investitionen, betonte der Regierungschef. Laut seinen Angaben werden \u00fcber 15 Milliarden Euro aus europ\u00e4ischen Mitteln \u00fcber den PNRR und die Koh\u00e4sionspolitik flie\u00dfen. Dieses Geld soll in Infrastruktur, Wirtschaft und verbesserte \u00f6ffentliche Dienstleistungen investiert werden. Ende des Monats wird die Regierung die Verantwortung f\u00fcr die Gesetzgebung \u00fcbernehmen, die die Staatsausgaben im Verwaltungsbereich begrenzen und die wirtschaftliche Erholung unterst\u00fctzen soll. Der Staatshaushalt wird sp\u00e4ter verabschiedet. \u201eIch wei\u00df, dass die negativen Auswirkungen der Defizitreduzierung derzeit im Alltag sp\u00fcrbar sind. In den kommenden Monaten wird die rum\u00e4nische Wirtschaft, dank der beschlossenen Erholungsma\u00dfnahmen und auf einer ges\u00fcnderen wirtschaftlichen Basis, wieder auf den Erholungspfad zur\u00fcckkehren\u201c, erkl\u00e4rte Ilie Bolojan.<\/p>\n<p><strong>Vorbereitung auf alle Krisensituationen<\/strong><\/p>\n<p>Rum\u00e4nien muss eine Bev\u00f6lkerung haben, die auf verschiedene Krisensituationen \u2013 Br\u00e4nde, Erdbeben, \u00dcberschwemmungen \u2013 sowie auf die Unterst\u00fctzung von Kriegsanstrengungen vorbereitet ist. Die Erkl\u00e4rung stammt vom Chef des Verteidigungsstabes, General Gheorghi\u0163\u0103 Vlad, und wurde am Dienstag in Sibiu auf einer Pressekonferenz gemeinsam mit General Alexus Grynkewich, dem Befehlshaber der Alliierten Streitkr\u00e4fte in Europa, abgegeben. Vlad f\u00fcgte hinzu, dass die rum\u00e4nische Armee auch gemeinsam mit der Generalinspektion f\u00fcr Notfallsituationen Ausbildungsprogramme durchf\u00fchrt. Der Chef des Verteidigungsstabes k\u00fcndigte an, dass Rum\u00e4nien in K\u00fcrze \u00fcber ein funktionsf\u00e4higes Drohnenabwehrsystem aus den Vereinigten Staaten verf\u00fcgen wird, das zur Verteidigung des rum\u00e4nischen Luftraums beitragen soll. Der Oberbefehlshaber der Alliierten Streitkr\u00e4fte in Europa und der US-Streitkr\u00e4fte in der NATO, General Alexus Grynkewich, besuchte das Kommando der Multinationalen Gruppe S\u00fcdost in Sibiu und dankte Rum\u00e4nien herzlich f\u00fcr dessen Engagement im B\u00fcndnis. Er w\u00fcrdigte, dass Russland aufgrund des hohen Ausbildungsniveaus der rum\u00e4nischen Armee von einem Angriff auf die NATO-Ostflanke abgehalten wurde. \u201eDie strategische Partnerschaft zwischen Rum\u00e4nien und den Vereinigten Staaten von Amerika ist sehr stark und wird auch nach dem Abzug eines Teils der in Rum\u00e4nien stationierten US-Truppen fortbestehen\u201c, versicherte der amerikanische General.<\/p>\n<p><strong>Schwache Ergebnisse im Handball und Fu\u00dfball<\/strong><\/p>\n<p>Die rum\u00e4nische Handballnationalmannschaft der M\u00e4nner verlie\u00df die EM 2026 mit drei Niederlagen gegen D\u00e4nemark (eines der Gastgeberl\u00e4nder), Portugal und Nordmazedonien. Die Ergebnisse best\u00e4tigen traurigerweise, dass f\u00fcr die ehemalige Weltmeistermannschaft die Teilnahme an Endrundenturnieren die einzige realistische Leistung darstellt. Auch im Fu\u00dfball sieht es nicht besser aus: Meister FCSB unterlag am Donnerstagabend ausw\u00e4rts dem kroatischen Team Dinamo Zagreb mit 1:4 und hat nur noch eine theoretische Chance auf das Weiterkommen in der Europa League.<\/p><\/div>\n","protected":false},"excerpt":{"rendered":"<p>Vorerst Ruhe in gr\u00f6nl\u00e4ndischen Gew\u00e4ssern Angesichts der zunehmend vehementen Forderungen des US-Pr\u00e4sidenten nach einem Kauf Gr\u00f6nlands trafen sich die Staats- und Regierungschefs der Europ\u00e4ischen Union Ende der Woche zu einem Krisentreffen, um L\u00f6sungen gegen Donald Trumps Annexionsbestrebungen zu finden. Der Gipfel, an dem auch der rum\u00e4nische Pr\u00e4sident Nicu\u0219or Dan teilnahm, fand statt, obwohl Trump zuvor [&hellip;]<\/p>\n","protected":false},"author":110,"featured_media":892469,"comment_status":"closed","ping_status":"closed","sticky":false,"template":"","format":"standard","meta":{"_acf_changed":false,"footnotes":""},"categories":[116751],"tags":[184061,183677,184345,146391,184344],"coauthors":[113257,113301],"class_list":["post-975073","post","type-post","status-publish","format-standard","has-post-thumbnail","hentry","category-wochenspiegel","tag-friedensrat","tag-groenland","tag-krisenvorbereitung","tag-sport-de","tag-wirtschaftserholung"],"acf":[],"yoast_head":"<!-- This site is optimized with the Yoast SEO plugin v27.3 - https:\/\/yoast.com\/product\/yoast-seo-wordpress\/ -->\n<title>R\u00fcckblick auf die Ereignisse der Woche 19.01 \u2013 23.01.2026 - Radio Rum\u00e4nien International<\/title>\n<meta name=\"robots\" content=\"index, follow, max-snippet:-1, max-image-preview:large, max-video-preview:-1\" \/>\n<link rel=\"canonical\" href=\"https:\/\/www.rri.ro\/de\/aktuell\/wochenspiegel\/rueckblick-auf-die-ereignisse-der-woche-19-01-23-01-2026-id975073.html\" \/>\n<meta property=\"og:locale\" content=\"de_DE\" \/>\n<meta property=\"og:type\" content=\"article\" \/>\n<meta property=\"og:title\" content=\"R\u00fcckblick auf die Ereignisse der Woche 19.01 \u2013 23.01.2026 - Radio Rum\u00e4nien International\" \/>\n<meta property=\"og:description\" content=\"Vorerst Ruhe in gr\u00f6nl\u00e4ndischen Gew\u00e4ssern Angesichts der zunehmend vehementen Forderungen des US-Pr\u00e4sidenten nach einem Kauf Gr\u00f6nlands trafen sich die Staats- und Regierungschefs der Europ\u00e4ischen Union Ende der Woche zu einem Krisentreffen, um L\u00f6sungen gegen Donald Trumps Annexionsbestrebungen zu finden. Der Gipfel, an dem auch der rum\u00e4nische Pr\u00e4sident Nicu\u0219or Dan teilnahm, fand statt, obwohl Trump zuvor [&hellip;]\" \/>\n<meta property=\"og:url\" content=\"https:\/\/www.rri.ro\/de\/aktuell\/wochenspiegel\/rueckblick-auf-die-ereignisse-der-woche-19-01-23-01-2026-id975073.html\" \/>\n<meta property=\"og:site_name\" content=\"Radio Rum\u00e4nien International\" \/>\n<meta property=\"article:published_time\" content=\"2026-01-24T13:06:28+00:00\" \/>\n<meta property=\"article:modified_time\" content=\"2026-01-25T13:19:02+00:00\" \/>\n<meta property=\"og:image\" content=\"https:\/\/www.rri.ro\/wp-content\/uploads\/2025\/05\/eveniment-top-ND-2025.jpg\" \/>\n\t<meta property=\"og:image:width\" content=\"1200\" \/>\n\t<meta property=\"og:image:height\" content=\"720\" \/>\n\t<meta property=\"og:image:type\" content=\"image\/jpeg\" \/>\n<meta name=\"author\" content=\"\u015etefan Stoica, Florin Lungu\" \/>\n<meta name=\"twitter:card\" content=\"summary_large_image\" \/>\n<meta name=\"twitter:label1\" content=\"Verfasst von\" \/>\n\t<meta name=\"twitter:data1\" content=\"\u015etefan Stoica\" \/>\n\t<meta name=\"twitter:label2\" content=\"Gesch\u00e4tzte Lesezeit\" \/>\n\t<meta name=\"twitter:data2\" content=\"5\u00a0Minuten\" \/>\n\t<meta name=\"twitter:label3\" content=\"Written by\" \/>\n\t<meta name=\"twitter:data3\" content=\"\u015etefan Stoica, Florin Lungu\" \/>\n<script type=\"application\/ld+json\" class=\"yoast-schema-graph\">{\"@context\":\"https:\\\/\\\/schema.org\",\"@graph\":[{\"@type\":\"Article\",\"@id\":\"https:\\\/\\\/www.rri.ro\\\/de\\\/aktuell\\\/wochenspiegel\\\/rueckblick-auf-die-ereignisse-der-woche-19-01-23-01-2026-id975073.html#article\",\"isPartOf\":{\"@id\":\"https:\\\/\\\/www.rri.ro\\\/de\\\/aktuell\\\/wochenspiegel\\\/rueckblick-auf-die-ereignisse-der-woche-19-01-23-01-2026-id975073.html\"},\"author\":{\"name\":\"\u015etefan Stoica\",\"@id\":\"https:\\\/\\\/www.rri.ro\\\/#\\\/schema\\\/person\\\/2d81d5dc94d44190d13245f64551d334\"},\"headline\":\"R\u00fcckblick auf die Ereignisse der Woche 19.01 \u2013 23.01.2026\",\"datePublished\":\"2026-01-24T13:06:28+00:00\",\"dateModified\":\"2026-01-25T13:19:02+00:00\",\"mainEntityOfPage\":{\"@id\":\"https:\\\/\\\/www.rri.ro\\\/de\\\/aktuell\\\/wochenspiegel\\\/rueckblick-auf-die-ereignisse-der-woche-19-01-23-01-2026-id975073.html\"},\"wordCount\":965,\"image\":{\"@id\":\"https:\\\/\\\/www.rri.ro\\\/de\\\/aktuell\\\/wochenspiegel\\\/rueckblick-auf-die-ereignisse-der-woche-19-01-23-01-2026-id975073.html#primaryimage\"},\"thumbnailUrl\":\"https:\\\/\\\/www.rri.ro\\\/wp-content\\\/uploads\\\/2025\\\/05\\\/eveniment-top-ND-2025.jpg\",\"keywords\":[\"Friedensrat\",\"Gr\u00f6nland\",\"Krisenvorbereitung\",\"sport\",\"Wirtschaftserholung\"],\"articleSection\":[\"Wochenspiegel\"],\"inLanguage\":\"de\"},{\"@type\":\"WebPage\",\"@id\":\"https:\\\/\\\/www.rri.ro\\\/de\\\/aktuell\\\/wochenspiegel\\\/rueckblick-auf-die-ereignisse-der-woche-19-01-23-01-2026-id975073.html\",\"url\":\"https:\\\/\\\/www.rri.ro\\\/de\\\/aktuell\\\/wochenspiegel\\\/rueckblick-auf-die-ereignisse-der-woche-19-01-23-01-2026-id975073.html\",\"name\":\"R\u00fcckblick auf die Ereignisse der Woche 19.01 \u2013 23.01.2026 - Radio Rum\u00e4nien International\",\"isPartOf\":{\"@id\":\"https:\\\/\\\/www.rri.ro\\\/#website\"},\"primaryImageOfPage\":{\"@id\":\"https:\\\/\\\/www.rri.ro\\\/de\\\/aktuell\\\/wochenspiegel\\\/rueckblick-auf-die-ereignisse-der-woche-19-01-23-01-2026-id975073.html#primaryimage\"},\"image\":{\"@id\":\"https:\\\/\\\/www.rri.ro\\\/de\\\/aktuell\\\/wochenspiegel\\\/rueckblick-auf-die-ereignisse-der-woche-19-01-23-01-2026-id975073.html#primaryimage\"},\"thumbnailUrl\":\"https:\\\/\\\/www.rri.ro\\\/wp-content\\\/uploads\\\/2025\\\/05\\\/eveniment-top-ND-2025.jpg\",\"datePublished\":\"2026-01-24T13:06:28+00:00\",\"dateModified\":\"2026-01-25T13:19:02+00:00\",\"author\":{\"@id\":\"https:\\\/\\\/www.rri.ro\\\/#\\\/schema\\\/person\\\/2d81d5dc94d44190d13245f64551d334\"},\"breadcrumb\":{\"@id\":\"https:\\\/\\\/www.rri.ro\\\/de\\\/aktuell\\\/wochenspiegel\\\/rueckblick-auf-die-ereignisse-der-woche-19-01-23-01-2026-id975073.html#breadcrumb\"},\"inLanguage\":\"de\",\"potentialAction\":[{\"@type\":\"ReadAction\",\"target\":[\"https:\\\/\\\/www.rri.ro\\\/de\\\/aktuell\\\/wochenspiegel\\\/rueckblick-auf-die-ereignisse-der-woche-19-01-23-01-2026-id975073.html\"]}]},{\"@type\":\"ImageObject\",\"inLanguage\":\"de\",\"@id\":\"https:\\\/\\\/www.rri.ro\\\/de\\\/aktuell\\\/wochenspiegel\\\/rueckblick-auf-die-ereignisse-der-woche-19-01-23-01-2026-id975073.html#primaryimage\",\"url\":\"https:\\\/\\\/www.rri.ro\\\/wp-content\\\/uploads\\\/2025\\\/05\\\/eveniment-top-ND-2025.jpg\",\"contentUrl\":\"https:\\\/\\\/www.rri.ro\\\/wp-content\\\/uploads\\\/2025\\\/05\\\/eveniment-top-ND-2025.jpg\",\"width\":1200,\"height\":720,\"caption\":\"\u043e\u0433\u043b\u044f\u0434 \u043f\u043e\u0434\u0456\u0439 \u0442\u0438\u0436\u043d\u044f\"},{\"@type\":\"BreadcrumbList\",\"@id\":\"https:\\\/\\\/www.rri.ro\\\/de\\\/aktuell\\\/wochenspiegel\\\/rueckblick-auf-die-ereignisse-der-woche-19-01-23-01-2026-id975073.html#breadcrumb\",\"itemListElement\":[{\"@type\":\"ListItem\",\"position\":1,\"name\":\"Startseite\",\"item\":\"https:\\\/\\\/www.rri.ro\\\/de\"},{\"@type\":\"ListItem\",\"position\":2,\"name\":\"Aktuell\",\"item\":\"https:\\\/\\\/www.rri.ro\\\/de\\\/aktuell\"},{\"@type\":\"ListItem\",\"position\":3,\"name\":\"Wochenspiegel\",\"item\":\"https:\\\/\\\/www.rri.ro\\\/de\\\/aktuell\\\/wochenspiegel\"},{\"@type\":\"ListItem\",\"position\":4,\"name\":\"R\u00fcckblick auf die Ereignisse der Woche 19.01 \u2013 23.01.2026\"}]},{\"@type\":\"WebSite\",\"@id\":\"https:\\\/\\\/www.rri.ro\\\/#website\",\"url\":\"https:\\\/\\\/www.rri.ro\\\/\",\"name\":\"Radio Rum\u00e4nien International\",\"description\":\"Totul despre Rom\u00e2nia \u015fi rom\u00e2ni, \u00een 13 limbi\\\/dialecte!\",\"inLanguage\":\"de\"},{\"@type\":\"Person\",\"@id\":\"https:\\\/\\\/www.rri.ro\\\/#\\\/schema\\\/person\\\/2d81d5dc94d44190d13245f64551d334\",\"name\":\"\u015etefan Stoica\",\"url\":\"https:\\\/\\\/www.rri.ro\\\/de\\\/author\\\/stefan-stoica\"}]}<\/script>\n<!-- \/ Yoast SEO plugin. -->","yoast_head_json":{"title":"R\u00fcckblick auf die Ereignisse der Woche 19.01 \u2013 23.01.2026 - Radio Rum\u00e4nien International","robots":{"index":"index","follow":"follow","max-snippet":"max-snippet:-1","max-image-preview":"max-image-preview:large","max-video-preview":"max-video-preview:-1"},"canonical":"https:\/\/www.rri.ro\/de\/aktuell\/wochenspiegel\/rueckblick-auf-die-ereignisse-der-woche-19-01-23-01-2026-id975073.html","og_locale":"de_DE","og_type":"article","og_title":"R\u00fcckblick auf die Ereignisse der Woche 19.01 \u2013 23.01.2026 - Radio Rum\u00e4nien International","og_description":"Vorerst Ruhe in gr\u00f6nl\u00e4ndischen Gew\u00e4ssern Angesichts der zunehmend vehementen Forderungen des US-Pr\u00e4sidenten nach einem Kauf Gr\u00f6nlands trafen sich die Staats- und Regierungschefs der Europ\u00e4ischen Union Ende der Woche zu einem Krisentreffen, um L\u00f6sungen gegen Donald Trumps Annexionsbestrebungen zu finden. Der Gipfel, an dem auch der rum\u00e4nische Pr\u00e4sident Nicu\u0219or Dan teilnahm, fand statt, obwohl Trump zuvor [&hellip;]","og_url":"https:\/\/www.rri.ro\/de\/aktuell\/wochenspiegel\/rueckblick-auf-die-ereignisse-der-woche-19-01-23-01-2026-id975073.html","og_site_name":"Radio Rum\u00e4nien International","article_published_time":"2026-01-24T13:06:28+00:00","article_modified_time":"2026-01-25T13:19:02+00:00","og_image":[{"width":1200,"height":720,"url":"https:\/\/www.rri.ro\/wp-content\/uploads\/2025\/05\/eveniment-top-ND-2025.jpg","type":"image\/jpeg"}],"author":"\u015etefan Stoica, Florin Lungu","twitter_card":"summary_large_image","twitter_misc":{"Verfasst von":"\u015etefan Stoica","Gesch\u00e4tzte Lesezeit":"5\u00a0Minuten","Written by":"\u015etefan Stoica, Florin Lungu"},"schema":{"@context":"https:\/\/schema.org","@graph":[{"@type":"Article","@id":"https:\/\/www.rri.ro\/de\/aktuell\/wochenspiegel\/rueckblick-auf-die-ereignisse-der-woche-19-01-23-01-2026-id975073.html#article","isPartOf":{"@id":"https:\/\/www.rri.ro\/de\/aktuell\/wochenspiegel\/rueckblick-auf-die-ereignisse-der-woche-19-01-23-01-2026-id975073.html"},"author":{"name":"\u015etefan Stoica","@id":"https:\/\/www.rri.ro\/#\/schema\/person\/2d81d5dc94d44190d13245f64551d334"},"headline":"R\u00fcckblick auf die Ereignisse der Woche 19.01 \u2013 23.01.2026","datePublished":"2026-01-24T13:06:28+00:00","dateModified":"2026-01-25T13:19:02+00:00","mainEntityOfPage":{"@id":"https:\/\/www.rri.ro\/de\/aktuell\/wochenspiegel\/rueckblick-auf-die-ereignisse-der-woche-19-01-23-01-2026-id975073.html"},"wordCount":965,"image":{"@id":"https:\/\/www.rri.ro\/de\/aktuell\/wochenspiegel\/rueckblick-auf-die-ereignisse-der-woche-19-01-23-01-2026-id975073.html#primaryimage"},"thumbnailUrl":"https:\/\/www.rri.ro\/wp-content\/uploads\/2025\/05\/eveniment-top-ND-2025.jpg","keywords":["Friedensrat","Gr\u00f6nland","Krisenvorbereitung","sport","Wirtschaftserholung"],"articleSection":["Wochenspiegel"],"inLanguage":"de"},{"@type":"WebPage","@id":"https:\/\/www.rri.ro\/de\/aktuell\/wochenspiegel\/rueckblick-auf-die-ereignisse-der-woche-19-01-23-01-2026-id975073.html","url":"https:\/\/www.rri.ro\/de\/aktuell\/wochenspiegel\/rueckblick-auf-die-ereignisse-der-woche-19-01-23-01-2026-id975073.html","name":"R\u00fcckblick auf die Ereignisse der Woche 19.01 \u2013 23.01.2026 - Radio Rum\u00e4nien International","isPartOf":{"@id":"https:\/\/www.rri.ro\/#website"},"primaryImageOfPage":{"@id":"https:\/\/www.rri.ro\/de\/aktuell\/wochenspiegel\/rueckblick-auf-die-ereignisse-der-woche-19-01-23-01-2026-id975073.html#primaryimage"},"image":{"@id":"https:\/\/www.rri.ro\/de\/aktuell\/wochenspiegel\/rueckblick-auf-die-ereignisse-der-woche-19-01-23-01-2026-id975073.html#primaryimage"},"thumbnailUrl":"https:\/\/www.rri.ro\/wp-content\/uploads\/2025\/05\/eveniment-top-ND-2025.jpg","datePublished":"2026-01-24T13:06:28+00:00","dateModified":"2026-01-25T13:19:02+00:00","author":{"@id":"https:\/\/www.rri.ro\/#\/schema\/person\/2d81d5dc94d44190d13245f64551d334"},"breadcrumb":{"@id":"https:\/\/www.rri.ro\/de\/aktuell\/wochenspiegel\/rueckblick-auf-die-ereignisse-der-woche-19-01-23-01-2026-id975073.html#breadcrumb"},"inLanguage":"de","potentialAction":[{"@type":"ReadAction","target":["https:\/\/www.rri.ro\/de\/aktuell\/wochenspiegel\/rueckblick-auf-die-ereignisse-der-woche-19-01-23-01-2026-id975073.html"]}]},{"@type":"ImageObject","inLanguage":"de","@id":"https:\/\/www.rri.ro\/de\/aktuell\/wochenspiegel\/rueckblick-auf-die-ereignisse-der-woche-19-01-23-01-2026-id975073.html#primaryimage","url":"https:\/\/www.rri.ro\/wp-content\/uploads\/2025\/05\/eveniment-top-ND-2025.jpg","contentUrl":"https:\/\/www.rri.ro\/wp-content\/uploads\/2025\/05\/eveniment-top-ND-2025.jpg","width":1200,"height":720,"caption":"\u043e\u0433\u043b\u044f\u0434 \u043f\u043e\u0434\u0456\u0439 \u0442\u0438\u0436\u043d\u044f"},{"@type":"BreadcrumbList","@id":"https:\/\/www.rri.ro\/de\/aktuell\/wochenspiegel\/rueckblick-auf-die-ereignisse-der-woche-19-01-23-01-2026-id975073.html#breadcrumb","itemListElement":[{"@type":"ListItem","position":1,"name":"Startseite","item":"https:\/\/www.rri.ro\/de"},{"@type":"ListItem","position":2,"name":"Aktuell","item":"https:\/\/www.rri.ro\/de\/aktuell"},{"@type":"ListItem","position":3,"name":"Wochenspiegel","item":"https:\/\/www.rri.ro\/de\/aktuell\/wochenspiegel"},{"@type":"ListItem","position":4,"name":"R\u00fcckblick auf die Ereignisse der Woche 19.01 \u2013 23.01.2026"}]},{"@type":"WebSite","@id":"https:\/\/www.rri.ro\/#website","url":"https:\/\/www.rri.ro\/","name":"Radio Rum\u00e4nien International","description":"Totul despre Rom\u00e2nia \u015fi rom\u00e2ni, \u00een 13 limbi\/dialecte!","inLanguage":"de"},{"@type":"Person","@id":"https:\/\/www.rri.ro\/#\/schema\/person\/2d81d5dc94d44190d13245f64551d334","name":"\u015etefan Stoica","url":"https:\/\/www.rri.ro\/de\/author\/stefan-stoica"}]}},"_links":{"self":[{"href":"https:\/\/www.rri.ro\/de\/wp-json\/wp\/v2\/posts\/975073","targetHints":{"allow":["GET"]}}],"collection":[{"href":"https:\/\/www.rri.ro\/de\/wp-json\/wp\/v2\/posts"}],"about":[{"href":"https:\/\/www.rri.ro\/de\/wp-json\/wp\/v2\/types\/post"}],"author":[{"embeddable":true,"href":"https:\/\/www.rri.ro\/de\/wp-json\/wp\/v2\/users\/110"}],"replies":[{"embeddable":true,"href":"https:\/\/www.rri.ro\/de\/wp-json\/wp\/v2\/comments?post=975073"}],"version-history":[{"count":0,"href":"https:\/\/www.rri.ro\/de\/wp-json\/wp\/v2\/posts\/975073\/revisions"}],"wp:featuredmedia":[{"embeddable":true,"href":"https:\/\/www.rri.ro\/de\/wp-json\/wp\/v2\/media\/892469"}],"wp:attachment":[{"href":"https:\/\/www.rri.ro\/de\/wp-json\/wp\/v2\/media?parent=975073"}],"wp:term":[{"taxonomy":"category","embeddable":true,"href":"https:\/\/www.rri.ro\/de\/wp-json\/wp\/v2\/categories?post=975073"},{"taxonomy":"post_tag","embeddable":true,"href":"https:\/\/www.rri.ro\/de\/wp-json\/wp\/v2\/tags?post=975073"},{"taxonomy":"author","embeddable":true,"href":"https:\/\/www.rri.ro\/de\/wp-json\/wp\/v2\/coauthors?post=975073"}],"curies":[{"name":"wp","href":"https:\/\/api.w.org\/{rel}","templated":true}]}}