{"id":975686,"date":"2026-01-26T20:10:46","date_gmt":"2026-01-26T18:10:46","guid":{"rendered":"https:\/\/www.rri.ro\/?p=975686"},"modified":"2026-01-26T22:51:05","modified_gmt":"2026-01-26T20:51:05","slug":"krieg-in-transnistrien-1992-russland-hat-von-anfang-an-mitgemischt","status":"publish","type":"post","link":"https:\/\/www.rri.ro\/de\/feature-reportage\/pro-memoria-zur-geschichte-rumaeniens\/krieg-in-transnistrien-1992-russland-hat-von-anfang-an-mitgemischt-id975686.html","title":{"rendered":"Krieg in Transnistrien 1992: Russland hat von Anfang an mitgemischt"},"content":{"rendered":"<p>&nbsp;<\/p>\n<p><iframe loading=\"lazy\" src=\"https:\/\/w.soundcloud.com\/player\/?url=https%3A\/\/api.soundcloud.com\/tracks\/soundcloud%253Atracks%253A2254611755&amp;color=%2300b7f1&amp;inverse=false&amp;auto_play=false&amp;show_user=true\" width=\"100%\" height=\"20\" frameborder=\"no\" scrolling=\"no\"><\/iframe><\/p>\n<div style=\"font-size: 10px; color: #cccccc; line-break: anywhere; word-break: normal; overflow: hidden; white-space: nowrap; text-overflow: ellipsis; font-family: Interstate,Lucida Grande,Lucida Sans Unicode,Lucida Sans,Garuda,Verdana,Tahoma,sans-serif; font-weight: 100;\"><a style=\"color: #cccccc; text-decoration: none;\" title=\"RadioRomaniaInternational\" href=\"https:\/\/soundcloud.com\/radioromaniainternational\" target=\"_blank\" rel=\"noopener\">RadioRomaniaInternational<\/a> \u00b7 <a style=\"color: #cccccc; text-decoration: none;\" title=\"Krieg in Transnistrien 1992: Russland hat von Anfang an mitgemischt\" href=\"https:\/\/soundcloud.com\/radioromaniainternational\/krieg-in-transnistrien-1992-russland-hat-von-anfang-an-mitgemischt\" target=\"_blank\" rel=\"noopener\">Krieg in Transnistrien 1992: Russland hat von Anfang an mitgemischt<\/a><\/div>\n<p>&nbsp;<\/p>\n<p class=\"western\" lang=\"de-DE\" align=\"justify\"><span style=\"font-size: 14pt;\">Der Zerfall der Sowjetunion im Jahr 1991 ebnete den Weg zur Unabh\u00e4ngigkeit aller ehemaligen Unionsrepubliken. Die Republik Moldau erkl\u00e4rte am 27. August 1991 ihre staatliche Unabh\u00e4ngigkeit. Doch in den links des Dnjestr-Flusses gelegenen <span lang=\"ro-RO\">Rayons<\/span>, die sich bald darauf selbst zur \u201eTransnistrischen Moldauischen Republik\u201c, kurz Transnistrien, erkl\u00e4rten, bereiteten Politiker und paramilit\u00e4rische Formationen mit Unterst\u00fctzung Russlands die Sezession vor. Zwischen M\u00e4rz und Juli 1992 folgte ein bewaffneter Konflikt zwischen den legitimen Streitkr\u00e4ften der Republik Moldau und separatistischen Milizen \u2013 ein Konflikt, an dessen Ende Moldau die Kontrolle \u00fcber Transnistrien verlor.<\/span><\/p>\n<p class=\"western\" lang=\"de-DE\" align=\"justify\"><span style=\"font-size: 14pt;\">Der Jurist und Rechtsprofessor Adrian N\u0103stase war zwischen 1990 und 1992 Au\u00dfenminister Rum\u00e4niens \u2013 in der Zeit des Konflikts zwischen Moldau und Transnistrien. Bei der Vorstellung des Buches \u201eDer moldauisch-russische Krieg am Dnjestr im Fr\u00fchjahr\u2013Sommer 1992\u201c des Historikers Mihai Gribincea erkl\u00e4rte N\u0103stase, dass Russland aus juristischer Sicht Partei des Konflikts gewesen sei, auch wenn Moskau seine Beteiligung stets bestritten habe.<\/span><\/p>\n<p>&nbsp;<\/p>\n<p class=\"western\" lang=\"ro-RO\" align=\"justify\"><span style=\"font-size: 14pt;\">\u201e<span lang=\"de-DE\"><i>Dieser Konflikt, dieser Krieg, fand zwischen den F\u00fchrungsspitzen in Chi\u0219in\u0103u und den F\u00fchrungsspitzen in Tiraspol statt. Oder \u2013 wie aus Dokumenten hervorgeht, die m\u00f6glicherweise von russischer Seite mit viel zu gro\u00dfer Leichtigkeit unterzeichnet wurden \u2013 haben die Russen anerkannt, dass sie Teil des Konflikts waren, als dieser zu Ende ging. Die Tatsache, dass sie das Dokument zur Beendigung des Konflikts unterzeichnet haben und darin von \u00bbParteien\u00ab sprechen, ist ein eindeutiger Beweis daf\u00fcr, dass Russland an diesem Krieg beteiligt war.\u201c<\/i><\/span><\/span><\/p>\n<p>&nbsp;<\/p>\n<p class=\"western\" lang=\"de-DE\" align=\"justify\"><span style=\"font-size: 14pt;\">Eine Sichtweise, die viele Experten in der Republik Moldau und in Rum\u00e4nien teilen, wenn auch nicht so direkt. Doch Adrian N\u0103stase ist auch der Meinung, dass w\u00e4hrend des Transnistrien-Konflikts nicht allein Russland f\u00fcr die staatliche Destabilisierung der Moldau verantwortlich gemacht werden d\u00fcrfe. Auch der Nachbarstaat Ukraine habe ein Interesse an der Destabilisierung gehabt.<\/span><\/p>\n<p>&nbsp;<\/p>\n<p class=\"western\" lang=\"ro-RO\" align=\"justify\"><span style=\"font-size: 14pt;\">\u201e<span lang=\"de-DE\"><i>Die Ukraine hat in jener Zeit versucht, aus dem Krieg Nutzen zu ziehen. Sie h\u00e4tte die M\u00f6glichkeit gehabt, die Entsendung der Kosaken-Truppen zu verhindern. Sie hoffte, letztlich vielleicht sogar territorial aus diesem Konflikt Gewinn zu ziehen. Ich m\u00f6chte noch eines sagen, das wir unbedingt ber\u00fccksichtigen m\u00fcssen. Wir sprechen heute \u00fcber Hyperschallwaffen, \u00fcber hochentwickelte milit\u00e4rische Ausr\u00fcstung, \u00fcber Flugzeuge und so weiter. Sehr oft werden Kriege jedoch durch Verrat gewonnen. Und meiner Meinung nach hatte die Republik Moldau aus milit\u00e4rischer Sicht damals keinerlei Chance, zu gewinnen. Vor allem waren viele Kader in der moldauischen Armee Menschen, die in Moskau studiert hatten und Teil der sowjetischen Armee gewesen waren. Gemischte Ehen pr\u00e4gten weitgehend die F\u00fchrung des Landes \u2013 selbst Pr\u00e4sident Mircea Snegur war ein Beispiel daf\u00fcr, aber nicht nur er. Die meisten <\/i><\/span><span lang=\"de-DE\"><i>Spitzenpolitiker und Funktion\u00e4re<\/i><\/span><span lang=\"de-DE\"><i> hatten russische Ehefrauen.<\/i><\/span><\/span><\/p>\n<p class=\"western\" lang=\"de-DE\" align=\"justify\"><span style=\"font-size: 14pt;\"><i>In dieser Atmosph\u00e4re wurde die Republik Moldau milit\u00e4risch sehr leicht besiegt, weil viele Informationen \u00fcber die Truppenaufstellung \u2013 in Bender und anderswo \u2013 bereits im Voraus bekannt waren. Diejenigen, die tats\u00e4chlich an den K\u00e4mpfen teilnahmen, hatten keinerlei Erfahrung im Bereich der Aufkl\u00e4rung und Gegenspionage. Und zudem wusste die russische Armee ganz genau, wo die moldauischen Truppen stationiert waren, welche Angriffsabsichten bestanden und so weiter.\u201c<\/i><\/span><\/p>\n<p>&nbsp;<\/p>\n<p class=\"western\" lang=\"de-DE\" align=\"justify\"><span style=\"font-size: 14pt;\">Der Historiker und Autor Mihai Gribincea betont, dass die Abspaltung Transnistriens ein Ph\u00e4nomen j\u00fcngeren Datums sei.<\/span><\/p>\n<p>&nbsp;<\/p>\n<p class=\"western\" lang=\"ro-RO\" align=\"justify\"><span style=\"font-size: 14pt;\">\u201e<span lang=\"de-DE\"><i>Wenn wir die Geschichte der links des Dnjestr gelegenen Gebiete der Republik Moldau untersuchen, einschlie\u00dflich der <a href=\"https:\/\/de.wikipedia.org\/wiki\/Moldauische_Autonome_Sozialistische_Sowjetrepublik\" target=\"_blank\" rel=\"noopener\">Moldauischen Autonomen Sozialistischen Sowjetrepublik<\/a>, werden wir feststellen, dass es dort niemals eine separatistische Bewegung oder eine Bewegung zur Selbstbestimmung dieses Territoriums gegeben hat.<\/i><\/span><\/span><\/p>\n<p class=\"western\" lang=\"de-DE\" align=\"justify\"><span style=\"font-size: 14pt;\"><i>Mehr noch: Als 1924 die Moldauische Autonome Sozialistische Sowjetrepublik gegr\u00fcndet wurde, sollte sie ein Br\u00fcckenkopf Sowjetrusslands nach Bessarabien sein. Die lokale Bev\u00f6lkerung war gegen die Gr\u00fcndung dieser Republik. Es gibt sehr viele Dokumente \u2013 auch ich habe zahlreiche in meinem Archiv \u2013, aus denen hervorgeht, dass viele Ortschaften forderten, diese Republik nicht zu schaffen, weil die Bewohner Diskriminierung bef\u00fcrchteten. Die Lage beruhigte sich erst, als die Beh\u00f6rden erkl\u00e4rten, dass neben der moldauischen Sprache auch Ukrainisch und Russisch gleichberechtigt verwendet w\u00fcrden. Das war im Jahr 1924.<\/i><\/span><\/p>\n<p class=\"western\" lang=\"de-DE\" align=\"justify\"><span style=\"font-size: 14pt;\"><i>Es stellt sich also die Frage: Wenn es weder in der Zwischenkriegszeit noch w\u00e4hrend der Existenz der Moldauischen Autonomen Sozialistischen Sowjetrepublik eine Autonomie- oder Separationsbewegung gab, wie ist es dann zu erkl\u00e4ren, dass w\u00e4hrend der Perestroika pl\u00f6tzlich diese separatistische Bewegung und die Idee einer eigenen Republik mit der Hauptstadt Tiraspol entstanden?\u201c<\/i><\/span><\/p>\n<p>&nbsp;<\/p>\n<p class=\"western\" lang=\"de-DE\" align=\"justify\"><span style=\"font-size: 14pt;\">Dass Russland den Krieg in Transnistrien orchestriert habe, sei bereits damals offensichtlich gewesen. Mit seinem neuen Buch liefere Mihai Gribincea daf\u00fcr nun unwiderlegbare Beweise.<\/span><\/p>\n<p class=\"western\" lang=\"ro-RO\" align=\"justify\"><span style=\"font-size: 14pt;\">\u201e<span lang=\"de-DE\"><i>Tats\u00e4chlich h\u00e4tte eine solche Republik ohne die umfassende Unterst\u00fctzung Moskaus nicht entstehen k\u00f6nnen. Ziel dieser Republik war es, einerseits ein Instrument, ein Hindernis auf dem Weg zur Vereinigung der Republik M<\/i><\/span><span lang=\"de-DE\"><i>ol<\/i><\/span><span lang=\"de-DE\"><i>dau mit Rum\u00e4nien zu schaffen. Andererseits diente Transnistrien Russland als Vorwand, seine Truppen in diesem Gebiet zu behalten.<\/i><\/span><\/span><\/p>\n<p class=\"western\" lang=\"de-DE\" align=\"justify\"><span style=\"font-size: 14pt;\"><i>General Lebed sprach von Transnistrien als dem \u00bbSchl\u00fcssel zum Balkan\u00ab. Andere Politiker bezeichneten Transnistrien als das Gebiet, von dem aus die Wiederherstellung der UdSSR beginnen werde. Wieder andere sahen darin ein zweites Kaliningrad an den s\u00fcdlichen Grenzen der ehemaligen Sowjetunion.<\/i><\/span><\/p>\n<p class=\"western\" lang=\"de-DE\" align=\"justify\"><span style=\"font-size: 14pt;\"><i>Tats\u00e4chlich hatte dieser Konflikt keine lokalen Voraussetzungen, die einen Konflikt zwischen Chi\u0219in\u0103u und Tiraspol h\u00e4tten rechtfertigen k\u00f6nnen.\u201c<\/i><\/span><\/p>\n<p>&nbsp;<\/p>\n<p class=\"western\" lang=\"de-DE\" align=\"justify\"><span style=\"font-size: 14pt;\">Der Krieg in Transnistrien gilt heute als eingefrorener Konflikt und seine L\u00f6sung bleibt ungewiss.<\/span><\/p>\n","protected":false},"excerpt":{"rendered":"<p>&nbsp; RadioRomaniaInternational \u00b7 Krieg in Transnistrien 1992: Russland hat von Anfang an mitgemischt &nbsp; Der Zerfall der Sowjetunion im Jahr 1991 ebnete den Weg zur Unabh\u00e4ngigkeit aller ehemaligen Unionsrepubliken. Die Republik Moldau erkl\u00e4rte am 27. August 1991 ihre staatliche Unabh\u00e4ngigkeit. Doch in den links des Dnjestr-Flusses gelegenen Rayons, die sich bald darauf selbst zur \u201eTransnistrischen [&hellip;]<\/p>\n","protected":false},"author":127,"featured_media":50224,"comment_status":"closed","ping_status":"closed","sticky":false,"template":"","format":"audio","meta":{"_acf_changed":false,"footnotes":""},"categories":[116755],"tags":[184407,101474,184408,151607,100341,102005,184409,100115,99589,99824,101475,119109,184410,180675,99829,134268],"coauthors":[113318,115354],"class_list":["post-975686","post","type-post","status-publish","format-audio","has-post-thumbnail","hentry","category-pro-memoria-zur-geschichte-rumaeniens","tag-184407","tag-abspaltung","tag-bender","tag-chisinau-de","tag-geschichte","tag-krieg","tag-mihai-gribincea-de","tag-republik-moldau","tag-rumaenien","tag-russland","tag-separatisten","tag-sezession","tag-tighina-de","tag-tiraspol-de","tag-transnistrien","tag-ukraine-de","post_format-post-format-audio"],"acf":[],"yoast_head":"<!-- This site is optimized with the Yoast SEO plugin v27.3 - https:\/\/yoast.com\/product\/yoast-seo-wordpress\/ -->\n<title>Krieg in Transnistrien 1992: Russland hat von Anfang an mitgemischt - Radio Rum\u00e4nien International<\/title>\n<meta name=\"robots\" content=\"index, follow, max-snippet:-1, max-image-preview:large, max-video-preview:-1\" \/>\n<link rel=\"canonical\" href=\"https:\/\/www.rri.ro\/de\/feature-reportage\/pro-memoria-zur-geschichte-rumaeniens\/krieg-in-transnistrien-1992-russland-hat-von-anfang-an-mitgemischt-id975686.html\" \/>\n<meta property=\"og:locale\" content=\"de_DE\" \/>\n<meta property=\"og:type\" content=\"article\" \/>\n<meta property=\"og:title\" content=\"Krieg in Transnistrien 1992: Russland hat von Anfang an mitgemischt - Radio Rum\u00e4nien International\" \/>\n<meta property=\"og:description\" content=\"&nbsp; RadioRomaniaInternational \u00b7 Krieg in Transnistrien 1992: Russland hat von Anfang an mitgemischt &nbsp; Der Zerfall der Sowjetunion im Jahr 1991 ebnete den Weg zur Unabh\u00e4ngigkeit aller ehemaligen Unionsrepubliken. Die Republik Moldau erkl\u00e4rte am 27. August 1991 ihre staatliche Unabh\u00e4ngigkeit. Doch in den links des Dnjestr-Flusses gelegenen Rayons, die sich bald darauf selbst zur \u201eTransnistrischen [&hellip;]\" \/>\n<meta property=\"og:url\" content=\"https:\/\/www.rri.ro\/de\/feature-reportage\/pro-memoria-zur-geschichte-rumaeniens\/krieg-in-transnistrien-1992-russland-hat-von-anfang-an-mitgemischt-id975686.html\" \/>\n<meta property=\"og:site_name\" content=\"Radio Rum\u00e4nien International\" \/>\n<meta property=\"article:published_time\" content=\"2026-01-26T18:10:46+00:00\" \/>\n<meta property=\"article:modified_time\" content=\"2026-01-26T20:51:05+00:00\" \/>\n<meta property=\"og:image\" content=\"https:\/\/www.rri.ro\/wp-content\/uploads\/2023\/10\/harta-Transnistria-Rep-Moldova-640_medium.png\" \/>\n\t<meta property=\"og:image:width\" content=\"640\" \/>\n\t<meta property=\"og:image:height\" content=\"480\" \/>\n\t<meta property=\"og:image:type\" content=\"image\/png\" \/>\n<meta name=\"author\" content=\"Steliu Lambru, Sorin Georgescu\" \/>\n<meta name=\"twitter:card\" content=\"summary_large_image\" \/>\n<meta name=\"twitter:label1\" content=\"Verfasst von\" \/>\n\t<meta name=\"twitter:data1\" content=\"Steliu Lambru\" \/>\n\t<meta name=\"twitter:label2\" content=\"Gesch\u00e4tzte Lesezeit\" \/>\n\t<meta name=\"twitter:data2\" content=\"4\u00a0Minuten\" \/>\n\t<meta name=\"twitter:label3\" content=\"Written by\" \/>\n\t<meta name=\"twitter:data3\" content=\"Steliu Lambru, Sorin Georgescu\" \/>\n<script type=\"application\/ld+json\" class=\"yoast-schema-graph\">{\"@context\":\"https:\\\/\\\/schema.org\",\"@graph\":[{\"@type\":\"Article\",\"@id\":\"https:\\\/\\\/www.rri.ro\\\/de\\\/feature-reportage\\\/pro-memoria-zur-geschichte-rumaeniens\\\/krieg-in-transnistrien-1992-russland-hat-von-anfang-an-mitgemischt-id975686.html#article\",\"isPartOf\":{\"@id\":\"https:\\\/\\\/www.rri.ro\\\/de\\\/feature-reportage\\\/pro-memoria-zur-geschichte-rumaeniens\\\/krieg-in-transnistrien-1992-russland-hat-von-anfang-an-mitgemischt-id975686.html\"},\"author\":{\"name\":\"Steliu Lambru\",\"@id\":\"https:\\\/\\\/www.rri.ro\\\/#\\\/schema\\\/person\\\/32dfff47877fea659b3b498015876c1d\"},\"headline\":\"Krieg in Transnistrien 1992: Russland hat von Anfang an mitgemischt\",\"datePublished\":\"2026-01-26T18:10:46+00:00\",\"dateModified\":\"2026-01-26T20:51:05+00:00\",\"mainEntityOfPage\":{\"@id\":\"https:\\\/\\\/www.rri.ro\\\/de\\\/feature-reportage\\\/pro-memoria-zur-geschichte-rumaeniens\\\/krieg-in-transnistrien-1992-russland-hat-von-anfang-an-mitgemischt-id975686.html\"},\"wordCount\":899,\"image\":{\"@id\":\"https:\\\/\\\/www.rri.ro\\\/de\\\/feature-reportage\\\/pro-memoria-zur-geschichte-rumaeniens\\\/krieg-in-transnistrien-1992-russland-hat-von-anfang-an-mitgemischt-id975686.html#primaryimage\"},\"thumbnailUrl\":\"https:\\\/\\\/www.rri.ro\\\/wp-content\\\/uploads\\\/2023\\\/10\\\/harta-Transnistria-Rep-Moldova-640_medium.png\",\"keywords\":[\"1992\",\"Abspaltung\",\"Bender\",\"chisinau\",\"Geschichte\",\"Krieg\",\"Mihai Gribincea\",\"Republik Moldau\",\"Rum\u00e4nien\",\"Russland\",\"Separatisten\",\"Sezession\",\"Tighina\",\"Tiraspol\",\"Transnistrien\",\"Ukraine\"],\"articleSection\":[\"Pro Memoria \u2013 zur Geschichte Rum\u00e4niens\"],\"inLanguage\":\"de\"},{\"@type\":\"WebPage\",\"@id\":\"https:\\\/\\\/www.rri.ro\\\/de\\\/feature-reportage\\\/pro-memoria-zur-geschichte-rumaeniens\\\/krieg-in-transnistrien-1992-russland-hat-von-anfang-an-mitgemischt-id975686.html\",\"url\":\"https:\\\/\\\/www.rri.ro\\\/de\\\/feature-reportage\\\/pro-memoria-zur-geschichte-rumaeniens\\\/krieg-in-transnistrien-1992-russland-hat-von-anfang-an-mitgemischt-id975686.html\",\"name\":\"Krieg in Transnistrien 1992: Russland hat von Anfang an mitgemischt - Radio Rum\u00e4nien International\",\"isPartOf\":{\"@id\":\"https:\\\/\\\/www.rri.ro\\\/#website\"},\"primaryImageOfPage\":{\"@id\":\"https:\\\/\\\/www.rri.ro\\\/de\\\/feature-reportage\\\/pro-memoria-zur-geschichte-rumaeniens\\\/krieg-in-transnistrien-1992-russland-hat-von-anfang-an-mitgemischt-id975686.html#primaryimage\"},\"image\":{\"@id\":\"https:\\\/\\\/www.rri.ro\\\/de\\\/feature-reportage\\\/pro-memoria-zur-geschichte-rumaeniens\\\/krieg-in-transnistrien-1992-russland-hat-von-anfang-an-mitgemischt-id975686.html#primaryimage\"},\"thumbnailUrl\":\"https:\\\/\\\/www.rri.ro\\\/wp-content\\\/uploads\\\/2023\\\/10\\\/harta-Transnistria-Rep-Moldova-640_medium.png\",\"datePublished\":\"2026-01-26T18:10:46+00:00\",\"dateModified\":\"2026-01-26T20:51:05+00:00\",\"author\":{\"@id\":\"https:\\\/\\\/www.rri.ro\\\/#\\\/schema\\\/person\\\/32dfff47877fea659b3b498015876c1d\"},\"breadcrumb\":{\"@id\":\"https:\\\/\\\/www.rri.ro\\\/de\\\/feature-reportage\\\/pro-memoria-zur-geschichte-rumaeniens\\\/krieg-in-transnistrien-1992-russland-hat-von-anfang-an-mitgemischt-id975686.html#breadcrumb\"},\"inLanguage\":\"de\",\"potentialAction\":[{\"@type\":\"ReadAction\",\"target\":[\"https:\\\/\\\/www.rri.ro\\\/de\\\/feature-reportage\\\/pro-memoria-zur-geschichte-rumaeniens\\\/krieg-in-transnistrien-1992-russland-hat-von-anfang-an-mitgemischt-id975686.html\"]}]},{\"@type\":\"ImageObject\",\"inLanguage\":\"de\",\"@id\":\"https:\\\/\\\/www.rri.ro\\\/de\\\/feature-reportage\\\/pro-memoria-zur-geschichte-rumaeniens\\\/krieg-in-transnistrien-1992-russland-hat-von-anfang-an-mitgemischt-id975686.html#primaryimage\",\"url\":\"https:\\\/\\\/www.rri.ro\\\/wp-content\\\/uploads\\\/2023\\\/10\\\/harta-Transnistria-Rep-Moldova-640_medium.png\",\"contentUrl\":\"https:\\\/\\\/www.rri.ro\\\/wp-content\\\/uploads\\\/2023\\\/10\\\/harta-Transnistria-Rep-Moldova-640_medium.png\",\"width\":640,\"height\":480,\"caption\":\"Eingequetscht zwischen Republik Moldau und Ukraine: Transnistrien\"},{\"@type\":\"BreadcrumbList\",\"@id\":\"https:\\\/\\\/www.rri.ro\\\/de\\\/feature-reportage\\\/pro-memoria-zur-geschichte-rumaeniens\\\/krieg-in-transnistrien-1992-russland-hat-von-anfang-an-mitgemischt-id975686.html#breadcrumb\",\"itemListElement\":[{\"@type\":\"ListItem\",\"position\":1,\"name\":\"Startseite\",\"item\":\"https:\\\/\\\/www.rri.ro\\\/de\"},{\"@type\":\"ListItem\",\"position\":2,\"name\":\"Feature &amp; Reportage\",\"item\":\"https:\\\/\\\/www.rri.ro\\\/de\\\/feature-reportage\"},{\"@type\":\"ListItem\",\"position\":3,\"name\":\"Pro Memoria \u2013 zur Geschichte Rum\u00e4niens\",\"item\":\"https:\\\/\\\/www.rri.ro\\\/de\\\/feature-reportage\\\/pro-memoria-zur-geschichte-rumaeniens\"},{\"@type\":\"ListItem\",\"position\":4,\"name\":\"Krieg in Transnistrien 1992: Russland hat von Anfang an mitgemischt\"}]},{\"@type\":\"WebSite\",\"@id\":\"https:\\\/\\\/www.rri.ro\\\/#website\",\"url\":\"https:\\\/\\\/www.rri.ro\\\/\",\"name\":\"Radio Rum\u00e4nien International\",\"description\":\"Totul despre Rom\u00e2nia \u015fi rom\u00e2ni, \u00een 13 limbi\\\/dialecte!\",\"inLanguage\":\"de\"},{\"@type\":\"Person\",\"@id\":\"https:\\\/\\\/www.rri.ro\\\/#\\\/schema\\\/person\\\/32dfff47877fea659b3b498015876c1d\",\"name\":\"Steliu Lambru\",\"url\":\"https:\\\/\\\/www.rri.ro\\\/de\\\/author\\\/steliu-lambru\"}]}<\/script>\n<!-- \/ Yoast SEO plugin. -->","yoast_head_json":{"title":"Krieg in Transnistrien 1992: Russland hat von Anfang an mitgemischt - Radio Rum\u00e4nien International","robots":{"index":"index","follow":"follow","max-snippet":"max-snippet:-1","max-image-preview":"max-image-preview:large","max-video-preview":"max-video-preview:-1"},"canonical":"https:\/\/www.rri.ro\/de\/feature-reportage\/pro-memoria-zur-geschichte-rumaeniens\/krieg-in-transnistrien-1992-russland-hat-von-anfang-an-mitgemischt-id975686.html","og_locale":"de_DE","og_type":"article","og_title":"Krieg in Transnistrien 1992: Russland hat von Anfang an mitgemischt - Radio Rum\u00e4nien International","og_description":"&nbsp; RadioRomaniaInternational \u00b7 Krieg in Transnistrien 1992: Russland hat von Anfang an mitgemischt &nbsp; Der Zerfall der Sowjetunion im Jahr 1991 ebnete den Weg zur Unabh\u00e4ngigkeit aller ehemaligen Unionsrepubliken. Die Republik Moldau erkl\u00e4rte am 27. August 1991 ihre staatliche Unabh\u00e4ngigkeit. Doch in den links des Dnjestr-Flusses gelegenen Rayons, die sich bald darauf selbst zur \u201eTransnistrischen [&hellip;]","og_url":"https:\/\/www.rri.ro\/de\/feature-reportage\/pro-memoria-zur-geschichte-rumaeniens\/krieg-in-transnistrien-1992-russland-hat-von-anfang-an-mitgemischt-id975686.html","og_site_name":"Radio Rum\u00e4nien International","article_published_time":"2026-01-26T18:10:46+00:00","article_modified_time":"2026-01-26T20:51:05+00:00","og_image":[{"width":640,"height":480,"url":"https:\/\/www.rri.ro\/wp-content\/uploads\/2023\/10\/harta-Transnistria-Rep-Moldova-640_medium.png","type":"image\/png"}],"author":"Steliu Lambru, Sorin Georgescu","twitter_card":"summary_large_image","twitter_misc":{"Verfasst von":"Steliu Lambru","Gesch\u00e4tzte Lesezeit":"4\u00a0Minuten","Written by":"Steliu Lambru, Sorin Georgescu"},"schema":{"@context":"https:\/\/schema.org","@graph":[{"@type":"Article","@id":"https:\/\/www.rri.ro\/de\/feature-reportage\/pro-memoria-zur-geschichte-rumaeniens\/krieg-in-transnistrien-1992-russland-hat-von-anfang-an-mitgemischt-id975686.html#article","isPartOf":{"@id":"https:\/\/www.rri.ro\/de\/feature-reportage\/pro-memoria-zur-geschichte-rumaeniens\/krieg-in-transnistrien-1992-russland-hat-von-anfang-an-mitgemischt-id975686.html"},"author":{"name":"Steliu Lambru","@id":"https:\/\/www.rri.ro\/#\/schema\/person\/32dfff47877fea659b3b498015876c1d"},"headline":"Krieg in Transnistrien 1992: Russland hat von Anfang an mitgemischt","datePublished":"2026-01-26T18:10:46+00:00","dateModified":"2026-01-26T20:51:05+00:00","mainEntityOfPage":{"@id":"https:\/\/www.rri.ro\/de\/feature-reportage\/pro-memoria-zur-geschichte-rumaeniens\/krieg-in-transnistrien-1992-russland-hat-von-anfang-an-mitgemischt-id975686.html"},"wordCount":899,"image":{"@id":"https:\/\/www.rri.ro\/de\/feature-reportage\/pro-memoria-zur-geschichte-rumaeniens\/krieg-in-transnistrien-1992-russland-hat-von-anfang-an-mitgemischt-id975686.html#primaryimage"},"thumbnailUrl":"https:\/\/www.rri.ro\/wp-content\/uploads\/2023\/10\/harta-Transnistria-Rep-Moldova-640_medium.png","keywords":["1992","Abspaltung","Bender","chisinau","Geschichte","Krieg","Mihai Gribincea","Republik Moldau","Rum\u00e4nien","Russland","Separatisten","Sezession","Tighina","Tiraspol","Transnistrien","Ukraine"],"articleSection":["Pro Memoria \u2013 zur Geschichte Rum\u00e4niens"],"inLanguage":"de"},{"@type":"WebPage","@id":"https:\/\/www.rri.ro\/de\/feature-reportage\/pro-memoria-zur-geschichte-rumaeniens\/krieg-in-transnistrien-1992-russland-hat-von-anfang-an-mitgemischt-id975686.html","url":"https:\/\/www.rri.ro\/de\/feature-reportage\/pro-memoria-zur-geschichte-rumaeniens\/krieg-in-transnistrien-1992-russland-hat-von-anfang-an-mitgemischt-id975686.html","name":"Krieg in Transnistrien 1992: Russland hat von Anfang an mitgemischt - Radio Rum\u00e4nien International","isPartOf":{"@id":"https:\/\/www.rri.ro\/#website"},"primaryImageOfPage":{"@id":"https:\/\/www.rri.ro\/de\/feature-reportage\/pro-memoria-zur-geschichte-rumaeniens\/krieg-in-transnistrien-1992-russland-hat-von-anfang-an-mitgemischt-id975686.html#primaryimage"},"image":{"@id":"https:\/\/www.rri.ro\/de\/feature-reportage\/pro-memoria-zur-geschichte-rumaeniens\/krieg-in-transnistrien-1992-russland-hat-von-anfang-an-mitgemischt-id975686.html#primaryimage"},"thumbnailUrl":"https:\/\/www.rri.ro\/wp-content\/uploads\/2023\/10\/harta-Transnistria-Rep-Moldova-640_medium.png","datePublished":"2026-01-26T18:10:46+00:00","dateModified":"2026-01-26T20:51:05+00:00","author":{"@id":"https:\/\/www.rri.ro\/#\/schema\/person\/32dfff47877fea659b3b498015876c1d"},"breadcrumb":{"@id":"https:\/\/www.rri.ro\/de\/feature-reportage\/pro-memoria-zur-geschichte-rumaeniens\/krieg-in-transnistrien-1992-russland-hat-von-anfang-an-mitgemischt-id975686.html#breadcrumb"},"inLanguage":"de","potentialAction":[{"@type":"ReadAction","target":["https:\/\/www.rri.ro\/de\/feature-reportage\/pro-memoria-zur-geschichte-rumaeniens\/krieg-in-transnistrien-1992-russland-hat-von-anfang-an-mitgemischt-id975686.html"]}]},{"@type":"ImageObject","inLanguage":"de","@id":"https:\/\/www.rri.ro\/de\/feature-reportage\/pro-memoria-zur-geschichte-rumaeniens\/krieg-in-transnistrien-1992-russland-hat-von-anfang-an-mitgemischt-id975686.html#primaryimage","url":"https:\/\/www.rri.ro\/wp-content\/uploads\/2023\/10\/harta-Transnistria-Rep-Moldova-640_medium.png","contentUrl":"https:\/\/www.rri.ro\/wp-content\/uploads\/2023\/10\/harta-Transnistria-Rep-Moldova-640_medium.png","width":640,"height":480,"caption":"Eingequetscht zwischen Republik Moldau und Ukraine: Transnistrien"},{"@type":"BreadcrumbList","@id":"https:\/\/www.rri.ro\/de\/feature-reportage\/pro-memoria-zur-geschichte-rumaeniens\/krieg-in-transnistrien-1992-russland-hat-von-anfang-an-mitgemischt-id975686.html#breadcrumb","itemListElement":[{"@type":"ListItem","position":1,"name":"Startseite","item":"https:\/\/www.rri.ro\/de"},{"@type":"ListItem","position":2,"name":"Feature &amp; Reportage","item":"https:\/\/www.rri.ro\/de\/feature-reportage"},{"@type":"ListItem","position":3,"name":"Pro Memoria \u2013 zur Geschichte Rum\u00e4niens","item":"https:\/\/www.rri.ro\/de\/feature-reportage\/pro-memoria-zur-geschichte-rumaeniens"},{"@type":"ListItem","position":4,"name":"Krieg in Transnistrien 1992: Russland hat von Anfang an mitgemischt"}]},{"@type":"WebSite","@id":"https:\/\/www.rri.ro\/#website","url":"https:\/\/www.rri.ro\/","name":"Radio Rum\u00e4nien International","description":"Totul despre Rom\u00e2nia \u015fi rom\u00e2ni, \u00een 13 limbi\/dialecte!","inLanguage":"de"},{"@type":"Person","@id":"https:\/\/www.rri.ro\/#\/schema\/person\/32dfff47877fea659b3b498015876c1d","name":"Steliu Lambru","url":"https:\/\/www.rri.ro\/de\/author\/steliu-lambru"}]}},"_links":{"self":[{"href":"https:\/\/www.rri.ro\/de\/wp-json\/wp\/v2\/posts\/975686","targetHints":{"allow":["GET"]}}],"collection":[{"href":"https:\/\/www.rri.ro\/de\/wp-json\/wp\/v2\/posts"}],"about":[{"href":"https:\/\/www.rri.ro\/de\/wp-json\/wp\/v2\/types\/post"}],"author":[{"embeddable":true,"href":"https:\/\/www.rri.ro\/de\/wp-json\/wp\/v2\/users\/127"}],"replies":[{"embeddable":true,"href":"https:\/\/www.rri.ro\/de\/wp-json\/wp\/v2\/comments?post=975686"}],"version-history":[{"count":0,"href":"https:\/\/www.rri.ro\/de\/wp-json\/wp\/v2\/posts\/975686\/revisions"}],"wp:featuredmedia":[{"embeddable":true,"href":"https:\/\/www.rri.ro\/de\/wp-json\/wp\/v2\/media\/50224"}],"wp:attachment":[{"href":"https:\/\/www.rri.ro\/de\/wp-json\/wp\/v2\/media?parent=975686"}],"wp:term":[{"taxonomy":"category","embeddable":true,"href":"https:\/\/www.rri.ro\/de\/wp-json\/wp\/v2\/categories?post=975686"},{"taxonomy":"post_tag","embeddable":true,"href":"https:\/\/www.rri.ro\/de\/wp-json\/wp\/v2\/tags?post=975686"},{"taxonomy":"author","embeddable":true,"href":"https:\/\/www.rri.ro\/de\/wp-json\/wp\/v2\/coauthors?post=975686"}],"curies":[{"name":"wp","href":"https:\/\/api.w.org\/{rel}","templated":true}]}}