{"id":990542,"date":"2026-03-08T17:26:21","date_gmt":"2026-03-08T15:26:21","guid":{"rendered":"https:\/\/www.rri.ro\/?p=990542"},"modified":"2026-03-05T17:32:47","modified_gmt":"2026-03-05T15:32:47","slug":"laendlicher-tourismus-in-rumaenien","status":"publish","type":"post","link":"https:\/\/www.rri.ro\/de\/feature-reportage\/radio-tour-de\/laendlicher-tourismus-in-rumaenien-id990542.html","title":{"rendered":"L\u00e4ndlicher Tourismus in Rum\u00e4nien"},"content":{"rendered":"<p>&nbsp;<\/p>\n<p>Rum\u00e4nien besticht durch eine bemerkenswerte geografische Vielfalt \u2013 von den Bergen und H\u00fcgellandschaften bis hin zum Donaudelta. Doch zur sch\u00f6nen Landschaft gesellt sich heute auch eine gut ausgebaute touristische Infrastruktur. \u00dcber das Potenzial und die Entwicklung dieses Sektors haben wir mit der Universit\u00e4tsdozentin Dr. Maria Stoian gesprochen. Sie ist die Gr\u00fcnderin von ANTREC Rum\u00e4nien, dem Nationalen Verband f\u00fcr l\u00e4ndlichen, \u00f6kologischen und kulturellen Tourismus.<\/p>\n<p><em>\u201eIn den letzten zehn Jahren hat sich die Infrastruktur bemerkenswert entwickelt. Dem Touristen stehen heute ganz verschiedene Unterkunftsarten zur Verf\u00fcgung: von klassischen und agrotouristischen Pensionen \u00fcber Villen und Bungalows bis hin zu Glamping und kleinen Familienhotels. Auch der Stil variiert \u2013 vom rustikalen oder mittelalterlichen Flair bis hin zu ganz modernen Einrichtungen. Sie bieten einen Komfort, der allen Anspr\u00fcchen gerecht wird. Auch das kulinarische Angebot wurde wiederbelebt. Alte Rezepte und regionale Spezialit\u00e4ten stehen wieder im Mittelpunkt. Wenn man in den 90er Jahren unterwegs war, gab es meistens nur Grillfleisch mit Pommes. Heute findet man \u00fcberall die typischen Spezialit\u00e4ten der jeweiligen Region: deftige Suppen, traditionelle Eint\u00f6pfe, gebackene Polenta mit Schafsk\u00e4se und vieles mehr.\u201c<\/em><\/p>\n<p>Obwohl man bei \u201eUrlaub auf dem Land\u201c oft zuerst an Einfachheit denkt, hat der l\u00e4ndliche Tourismus in Rum\u00e4nien auch das Luxussegment erfolgreich integriert. Laut ANTREC-Gr\u00fcnderin Maria Stoian hebt Luxus auf dem Land die Authentizit\u00e4t nicht auf, sondern erg\u00e4nzt sie vielmehr.<\/p>\n<p><em>\u201eEin Luxusangebot bedeutet in erster Linie ein hohes Ma\u00df an Komfort. Wir sprechen hier von ger\u00e4umigen, hervorragend ausgestatteten Zimmern mit bequemen Matratzen und hochwertigen Pflegeprodukten. Daran ist absolut nichts verkehrt. Wir leben im 21. Jahrhundert, und die Ausstattung muss einfach mit den heutigen Anforderungen Schritt halten. Dar\u00fcber hinaus verf\u00fcgen viele Pensionen mittlerweile \u00fcber eigene Spa-Bereiche oder bieten attraktive Freizeitaktivit\u00e4ten wie zum Beispiel Fahrradtouren an.\u201c<\/em><\/p>\n<p>Doch neben Unterkunft und Landschaft suchen die Touristen vor allem nach Erlebnissen. Das rum\u00e4nische Dorf ist ein lebendiger Organismus, gepr\u00e4gt von zahlreichen Veranstaltungen, die das Gemeindeleben in ein authentisches Spektakel verwandeln.<\/p>\n<p><em>\u201eDer l\u00e4ndliche Veranstaltungskalender orientiert sich stark an den Traditionen des Hirtenlebens und dem b\u00e4uerlichen Alltag. Im Fr\u00fchling findet zum Beispiel in der Hermannst\u00e4dter Randau das sogenannte \u201aMilchmessen\u2018 statt \u2013 ein alter Brauch, der heute ein richtiges Festival ist. Die Einheimischen tragen ihre traditionellen Trachten und servieren regionale K\u00f6stlichkeiten. In der Region um die T\u00f6rzburg feiern wir im Herbst den Schafabtrieb. Und in der Bukowina, genauer gesagt in Cioc\u0103ne\u0219ti, gibt es das Forellen-Festival an der Bistritz. Da fahren dann die Fl\u00f6\u00dfe den Fluss hinunter. Das ist wirklich ein au\u00dfergew\u00f6hnliches Erlebnis! Es gibt dort auch einen Angelwettbewerb, aber das ist nur ein kleiner Teil. Dazu kommen Traditionen wie das Verzieren von Ostereiern oder einmalige Feste wie das Feigen-Festival an den Donaukesseln. Das wird von den dortigen Rum\u00e4nen gemeinsam mit der slowakischen und tschechischen Minderheit aus der Region organisiert.\u201c<\/em><\/p>\n<p>Ein wesentlicher Bestandteil dieser l\u00e4ndlichen Welt ist der direkte Kontakt zu den Kunsthandwerkern. In- und ausl\u00e4ndische Besucher haben die M\u00f6glichkeit, in den Werkst\u00e4tten mitzuerleben, wie traditionelle Gegenst\u00e4nde zum Leben erwachen. Maria Stoian betont, wie vielf\u00e4ltig dieses Handwerk ist. Oft empfangen die Handwerker ihre G\u00e4ste sogar mit interaktiven Workshops, bei denen man selbst kreativ werden kann.<\/p>\n<p><em>\u201eIn der Region Neam\u021b gibt es beispielsweise Programme wie \u201aZu Gast bei den Handwerksmeistern\u2018, wo Touristen beim Holzschnitzen und Bildhauern zuschauen k\u00f6nnen. In Horezu, der Hauptstadt der rum\u00e4nischen Keramik, treten die G\u00e4ste \u00fcber die Schwelle der T\u00f6pfer, um zu sehen, wie der Ton geknetet wird und wie die Kunstwerke an der T\u00f6pferscheibe Form annehmen. Und die Kunst der Osterei-Verzierung ist zwar sinnbildlich f\u00fcr die Bukowina, wird aber genauso liebevoll in der Maramuresch, in der Region Oltenien oder im Donaudelta gepflegt.\u201c<\/em><\/p>\n<p>Wir haben unseren Gast, Maria Stoian, gefragt, ob es eine Region gibt, mit der sie sich besonders verbunden f\u00fchlt und die sie Touristen f\u00fcr einen Urlaub auf dem Land ganz besonders empfehlen w\u00fcrde. Ihr Tipp f\u00fchrt uns in die Mitte des Landes, mitten hinein in die Berge.<\/p>\n<p><em>\u201eIch habe mich schon vor Jahren in eine Gegend im Gebiet Bran-Moieciu verliebt, genauer gesagt in Pe\u0219tera und M\u0103gura. Das sind zwei benachbarte D\u00f6rfer, die ich als eine Einheit betrachte. Sie liegen am Fu\u00dfe des K\u00f6nigsteins, mit Blick auf das Bucegi-Gebirge; das ist einfach die Gegend, in der ich mich am wohlsten f\u00fchle. Ich bin zwar in Craiova geboren, also tief im S\u00fcden, und in Bukarest aufgewachsen, aber diese Bergregion dort finde ich einfach au\u00dfergew\u00f6hnlich. Sie liegt zudem sehr zentral \u2013 also ein perfekter Ausgangspunkt, um nach Norden, S\u00fcden, Osten oder Westen aufzubrechen. Ich lade Sie also herzlich nach Bran-Moieciu ein, nach Pe\u0219tera und M\u0103gura.\u201c<\/em><\/p>\n<p>Nicht zuletzt ist der l\u00e4ndliche Tourismus auch eine Einladung auf eine kulinarische Entdeckungsreise. Der Reichtum der l\u00e4ndlichen K\u00fcche Rum\u00e4niens \u00fcberrascht immer wieder durch die enorme Vielfalt an Zutaten und Zubereitungsarten.<\/p>\n<p><em>\u201eDie l\u00e4ndliche K\u00fcche ist unglaublich vielf\u00e4ltig. Nehmen wir die Sarmale, die traditionellen Krautwickel. Das ist ein absolutes Nationalgericht, dem im Ort Praid sogar ein eigenes Festival gewidmet ist. Und doch unterscheiden sie sich von Region zu Region enorm: Sie werden mit oder ohne Reis zubereitet, in Kohlbl\u00e4ttern oder auch in Ampferbl\u00e4ttern. Dar\u00fcber hinaus hat jede Gegend ihre eigenen Spezialit\u00e4ten: In den Bergen dominieren Gerichte aus Schaffleisch, in der Region Buz\u0103u finden wir luftgetrocknete Spezialit\u00e4ten wie die Ple\u0219coi-W\u00fcrstchen, Babic oder Ghiudem. Und im Donaudelta ist die traditionelle Fischsuppe die absolute Hauptattraktion. Selbst innerhalb eines einzigen Dorfes bekommt jedes Rezept die ganz pers\u00f6nliche, unverwechselbare Note der jeweiligen Hausfrau.\u201c<\/em><\/p>\n<p>Heute zeigt der l\u00e4ndliche Tourismus in Rum\u00e4nien, dass er seine Identit\u00e4t und seinen unverwechselbaren Charme bewahren und sich gleichzeitig den Anspr\u00fcchen moderner Reisender anpassen kann. Das rum\u00e4nische Dorf hat sich als echtes Urlaubsziel etabliert \u2013 ein Ort, an dem Natur, Komfort und Gastfreundschaft zusammenkommen, um unvergessliche Erlebnisse zu schaffen.<\/p>\n","protected":false},"excerpt":{"rendered":"<p>&nbsp; Rum\u00e4nien besticht durch eine bemerkenswerte geografische Vielfalt \u2013 von den Bergen und H\u00fcgellandschaften bis hin zum Donaudelta. Doch zur sch\u00f6nen Landschaft gesellt sich heute auch eine gut ausgebaute touristische Infrastruktur. \u00dcber das Potenzial und die Entwicklung dieses Sektors haben wir mit der Universit\u00e4tsdozentin Dr. Maria Stoian gesprochen. Sie ist die Gr\u00fcnderin von ANTREC Rum\u00e4nien, [&hellip;]<\/p>\n","protected":false},"author":128,"featured_media":986394,"comment_status":"closed","ping_status":"closed","sticky":false,"template":"","format":"standard","meta":{"_acf_changed":false,"footnotes":""},"categories":[116760],"tags":[186822,100990,186821,118441,186819,131422,186817,186818,186820,122761],"coauthors":[113280,116739],"class_list":["post-990542","post","type-post","status-publish","format-standard","has-post-thumbnail","hentry","category-radio-tour-de","tag-antrec-de","tag-doerfer","tag-handwerksmeister","tag-keramik","tag-kunsthandwerker","tag-laendlicher-tourismus","tag-nationaler-verband-fuer-laendlichen","tag-oekologischen-und-kulturellen-tourismus","tag-osterei-verzierung","tag-toepfer"],"acf":[],"yoast_head":"<!-- This site is optimized with the Yoast SEO plugin v27.3 - https:\/\/yoast.com\/product\/yoast-seo-wordpress\/ -->\n<title>L\u00e4ndlicher Tourismus in Rum\u00e4nien - Radio Rum\u00e4nien International<\/title>\n<meta name=\"robots\" content=\"index, follow, max-snippet:-1, max-image-preview:large, max-video-preview:-1\" \/>\n<link rel=\"canonical\" href=\"https:\/\/www.rri.ro\/de\/feature-reportage\/radio-tour-de\/laendlicher-tourismus-in-rumaenien-id990542.html\" \/>\n<meta property=\"og:locale\" content=\"de_DE\" \/>\n<meta property=\"og:type\" content=\"article\" \/>\n<meta property=\"og:title\" content=\"L\u00e4ndlicher Tourismus in Rum\u00e4nien - Radio Rum\u00e4nien International\" \/>\n<meta property=\"og:description\" content=\"&nbsp; Rum\u00e4nien besticht durch eine bemerkenswerte geografische Vielfalt \u2013 von den Bergen und H\u00fcgellandschaften bis hin zum Donaudelta. Doch zur sch\u00f6nen Landschaft gesellt sich heute auch eine gut ausgebaute touristische Infrastruktur. \u00dcber das Potenzial und die Entwicklung dieses Sektors haben wir mit der Universit\u00e4tsdozentin Dr. Maria Stoian gesprochen. Sie ist die Gr\u00fcnderin von ANTREC Rum\u00e4nien, [&hellip;]\" \/>\n<meta property=\"og:url\" content=\"https:\/\/www.rri.ro\/de\/feature-reportage\/radio-tour-de\/laendlicher-tourismus-in-rumaenien-id990542.html\" \/>\n<meta property=\"og:site_name\" content=\"Radio Rum\u00e4nien International\" \/>\n<meta property=\"article:published_time\" content=\"2026-03-08T15:26:21+00:00\" \/>\n<meta property=\"og:image\" content=\"https:\/\/www.rri.ro\/wp-content\/uploads\/2026\/02\/traseu-ecoturistic-T8-Moieciu-sursa-foto-vacantelatara.jpg\" \/>\n\t<meta property=\"og:image:width\" content=\"1200\" \/>\n\t<meta property=\"og:image:height\" content=\"675\" \/>\n\t<meta property=\"og:image:type\" content=\"image\/jpeg\" \/>\n<meta name=\"author\" content=\"Daniel Onea, Adina Olaru\" \/>\n<meta name=\"twitter:card\" content=\"summary_large_image\" \/>\n<meta name=\"twitter:label1\" content=\"Verfasst von\" \/>\n\t<meta name=\"twitter:data1\" content=\"Daniel Onea\" \/>\n\t<meta name=\"twitter:label2\" content=\"Gesch\u00e4tzte Lesezeit\" \/>\n\t<meta name=\"twitter:data2\" content=\"5\u00a0Minuten\" \/>\n\t<meta name=\"twitter:label3\" content=\"Written by\" \/>\n\t<meta name=\"twitter:data3\" content=\"Daniel Onea, Adina Olaru\" \/>\n<script type=\"application\/ld+json\" class=\"yoast-schema-graph\">{\"@context\":\"https:\\\/\\\/schema.org\",\"@graph\":[{\"@type\":\"Article\",\"@id\":\"https:\\\/\\\/www.rri.ro\\\/de\\\/feature-reportage\\\/radio-tour-de\\\/laendlicher-tourismus-in-rumaenien-id990542.html#article\",\"isPartOf\":{\"@id\":\"https:\\\/\\\/www.rri.ro\\\/de\\\/feature-reportage\\\/radio-tour-de\\\/laendlicher-tourismus-in-rumaenien-id990542.html\"},\"author\":{\"name\":\"Daniel Onea\",\"@id\":\"https:\\\/\\\/www.rri.ro\\\/#\\\/schema\\\/person\\\/fcce42c208d45f30f5b054b64bc1e0df\"},\"headline\":\"L\u00e4ndlicher Tourismus in Rum\u00e4nien\",\"datePublished\":\"2026-03-08T15:26:21+00:00\",\"mainEntityOfPage\":{\"@id\":\"https:\\\/\\\/www.rri.ro\\\/de\\\/feature-reportage\\\/radio-tour-de\\\/laendlicher-tourismus-in-rumaenien-id990542.html\"},\"wordCount\":1006,\"image\":{\"@id\":\"https:\\\/\\\/www.rri.ro\\\/de\\\/feature-reportage\\\/radio-tour-de\\\/laendlicher-tourismus-in-rumaenien-id990542.html#primaryimage\"},\"thumbnailUrl\":\"https:\\\/\\\/www.rri.ro\\\/wp-content\\\/uploads\\\/2026\\\/02\\\/traseu-ecoturistic-T8-Moieciu-sursa-foto-vacantelatara.jpg\",\"keywords\":[\"ANTREC\",\"D\u00f6rfer\",\"Handwerksmeister\",\"Keramik\",\"Kunsthandwerker\",\"l\u00e4ndlicher Tourismus\",\"Nationaler Verband f\u00fcr l\u00e4ndlichen\",\"\u00f6kologischen und kulturellen Tourismus\",\"Osterei-Verzierung\",\"T\u00f6pfer\"],\"articleSection\":[\"Radiotour\"],\"inLanguage\":\"de\"},{\"@type\":\"WebPage\",\"@id\":\"https:\\\/\\\/www.rri.ro\\\/de\\\/feature-reportage\\\/radio-tour-de\\\/laendlicher-tourismus-in-rumaenien-id990542.html\",\"url\":\"https:\\\/\\\/www.rri.ro\\\/de\\\/feature-reportage\\\/radio-tour-de\\\/laendlicher-tourismus-in-rumaenien-id990542.html\",\"name\":\"L\u00e4ndlicher Tourismus in Rum\u00e4nien - Radio Rum\u00e4nien International\",\"isPartOf\":{\"@id\":\"https:\\\/\\\/www.rri.ro\\\/#website\"},\"primaryImageOfPage\":{\"@id\":\"https:\\\/\\\/www.rri.ro\\\/de\\\/feature-reportage\\\/radio-tour-de\\\/laendlicher-tourismus-in-rumaenien-id990542.html#primaryimage\"},\"image\":{\"@id\":\"https:\\\/\\\/www.rri.ro\\\/de\\\/feature-reportage\\\/radio-tour-de\\\/laendlicher-tourismus-in-rumaenien-id990542.html#primaryimage\"},\"thumbnailUrl\":\"https:\\\/\\\/www.rri.ro\\\/wp-content\\\/uploads\\\/2026\\\/02\\\/traseu-ecoturistic-T8-Moieciu-sursa-foto-vacantelatara.jpg\",\"datePublished\":\"2026-03-08T15:26:21+00:00\",\"author\":{\"@id\":\"https:\\\/\\\/www.rri.ro\\\/#\\\/schema\\\/person\\\/fcce42c208d45f30f5b054b64bc1e0df\"},\"breadcrumb\":{\"@id\":\"https:\\\/\\\/www.rri.ro\\\/de\\\/feature-reportage\\\/radio-tour-de\\\/laendlicher-tourismus-in-rumaenien-id990542.html#breadcrumb\"},\"inLanguage\":\"de\",\"potentialAction\":[{\"@type\":\"ReadAction\",\"target\":[\"https:\\\/\\\/www.rri.ro\\\/de\\\/feature-reportage\\\/radio-tour-de\\\/laendlicher-tourismus-in-rumaenien-id990542.html\"]}]},{\"@type\":\"ImageObject\",\"inLanguage\":\"de\",\"@id\":\"https:\\\/\\\/www.rri.ro\\\/de\\\/feature-reportage\\\/radio-tour-de\\\/laendlicher-tourismus-in-rumaenien-id990542.html#primaryimage\",\"url\":\"https:\\\/\\\/www.rri.ro\\\/wp-content\\\/uploads\\\/2026\\\/02\\\/traseu-ecoturistic-T8-Moieciu-sursa-foto-vacantelatara.jpg\",\"contentUrl\":\"https:\\\/\\\/www.rri.ro\\\/wp-content\\\/uploads\\\/2026\\\/02\\\/traseu-ecoturistic-T8-Moieciu-sursa-foto-vacantelatara.jpg\",\"width\":1200,\"height\":675,\"caption\":\"\u0421\u0456\u043b\u044c\u0441\u044c\u043a\u0438\u0439 \u0442\u0443\u0440\u0438\u0437\u043c \u0432 \u0420\u0443\u043c\u0443\u043d\u0456\u0457\"},{\"@type\":\"BreadcrumbList\",\"@id\":\"https:\\\/\\\/www.rri.ro\\\/de\\\/feature-reportage\\\/radio-tour-de\\\/laendlicher-tourismus-in-rumaenien-id990542.html#breadcrumb\",\"itemListElement\":[{\"@type\":\"ListItem\",\"position\":1,\"name\":\"Startseite\",\"item\":\"https:\\\/\\\/www.rri.ro\\\/de\"},{\"@type\":\"ListItem\",\"position\":2,\"name\":\"Feature &amp; Reportage\",\"item\":\"https:\\\/\\\/www.rri.ro\\\/de\\\/feature-reportage\"},{\"@type\":\"ListItem\",\"position\":3,\"name\":\"Radiotour\",\"item\":\"https:\\\/\\\/www.rri.ro\\\/de\\\/feature-reportage\\\/radio-tour-de\"},{\"@type\":\"ListItem\",\"position\":4,\"name\":\"L\u00e4ndlicher Tourismus in Rum\u00e4nien\"}]},{\"@type\":\"WebSite\",\"@id\":\"https:\\\/\\\/www.rri.ro\\\/#website\",\"url\":\"https:\\\/\\\/www.rri.ro\\\/\",\"name\":\"Radio Rum\u00e4nien International\",\"description\":\"Totul despre Rom\u00e2nia \u015fi rom\u00e2ni, \u00een 13 limbi\\\/dialecte!\",\"inLanguage\":\"de\"},{\"@type\":\"Person\",\"@id\":\"https:\\\/\\\/www.rri.ro\\\/#\\\/schema\\\/person\\\/fcce42c208d45f30f5b054b64bc1e0df\",\"name\":\"Daniel Onea\",\"url\":\"https:\\\/\\\/www.rri.ro\\\/de\\\/author\\\/daniel-onea\"}]}<\/script>\n<!-- \/ Yoast SEO plugin. -->","yoast_head_json":{"title":"L\u00e4ndlicher Tourismus in Rum\u00e4nien - Radio Rum\u00e4nien International","robots":{"index":"index","follow":"follow","max-snippet":"max-snippet:-1","max-image-preview":"max-image-preview:large","max-video-preview":"max-video-preview:-1"},"canonical":"https:\/\/www.rri.ro\/de\/feature-reportage\/radio-tour-de\/laendlicher-tourismus-in-rumaenien-id990542.html","og_locale":"de_DE","og_type":"article","og_title":"L\u00e4ndlicher Tourismus in Rum\u00e4nien - Radio Rum\u00e4nien International","og_description":"&nbsp; Rum\u00e4nien besticht durch eine bemerkenswerte geografische Vielfalt \u2013 von den Bergen und H\u00fcgellandschaften bis hin zum Donaudelta. Doch zur sch\u00f6nen Landschaft gesellt sich heute auch eine gut ausgebaute touristische Infrastruktur. \u00dcber das Potenzial und die Entwicklung dieses Sektors haben wir mit der Universit\u00e4tsdozentin Dr. Maria Stoian gesprochen. Sie ist die Gr\u00fcnderin von ANTREC Rum\u00e4nien, [&hellip;]","og_url":"https:\/\/www.rri.ro\/de\/feature-reportage\/radio-tour-de\/laendlicher-tourismus-in-rumaenien-id990542.html","og_site_name":"Radio Rum\u00e4nien International","article_published_time":"2026-03-08T15:26:21+00:00","og_image":[{"width":1200,"height":675,"url":"https:\/\/www.rri.ro\/wp-content\/uploads\/2026\/02\/traseu-ecoturistic-T8-Moieciu-sursa-foto-vacantelatara.jpg","type":"image\/jpeg"}],"author":"Daniel Onea, Adina Olaru","twitter_card":"summary_large_image","twitter_misc":{"Verfasst von":"Daniel Onea","Gesch\u00e4tzte Lesezeit":"5\u00a0Minuten","Written by":"Daniel Onea, Adina Olaru"},"schema":{"@context":"https:\/\/schema.org","@graph":[{"@type":"Article","@id":"https:\/\/www.rri.ro\/de\/feature-reportage\/radio-tour-de\/laendlicher-tourismus-in-rumaenien-id990542.html#article","isPartOf":{"@id":"https:\/\/www.rri.ro\/de\/feature-reportage\/radio-tour-de\/laendlicher-tourismus-in-rumaenien-id990542.html"},"author":{"name":"Daniel Onea","@id":"https:\/\/www.rri.ro\/#\/schema\/person\/fcce42c208d45f30f5b054b64bc1e0df"},"headline":"L\u00e4ndlicher Tourismus in Rum\u00e4nien","datePublished":"2026-03-08T15:26:21+00:00","mainEntityOfPage":{"@id":"https:\/\/www.rri.ro\/de\/feature-reportage\/radio-tour-de\/laendlicher-tourismus-in-rumaenien-id990542.html"},"wordCount":1006,"image":{"@id":"https:\/\/www.rri.ro\/de\/feature-reportage\/radio-tour-de\/laendlicher-tourismus-in-rumaenien-id990542.html#primaryimage"},"thumbnailUrl":"https:\/\/www.rri.ro\/wp-content\/uploads\/2026\/02\/traseu-ecoturistic-T8-Moieciu-sursa-foto-vacantelatara.jpg","keywords":["ANTREC","D\u00f6rfer","Handwerksmeister","Keramik","Kunsthandwerker","l\u00e4ndlicher Tourismus","Nationaler Verband f\u00fcr l\u00e4ndlichen","\u00f6kologischen und kulturellen Tourismus","Osterei-Verzierung","T\u00f6pfer"],"articleSection":["Radiotour"],"inLanguage":"de"},{"@type":"WebPage","@id":"https:\/\/www.rri.ro\/de\/feature-reportage\/radio-tour-de\/laendlicher-tourismus-in-rumaenien-id990542.html","url":"https:\/\/www.rri.ro\/de\/feature-reportage\/radio-tour-de\/laendlicher-tourismus-in-rumaenien-id990542.html","name":"L\u00e4ndlicher Tourismus in Rum\u00e4nien - Radio Rum\u00e4nien International","isPartOf":{"@id":"https:\/\/www.rri.ro\/#website"},"primaryImageOfPage":{"@id":"https:\/\/www.rri.ro\/de\/feature-reportage\/radio-tour-de\/laendlicher-tourismus-in-rumaenien-id990542.html#primaryimage"},"image":{"@id":"https:\/\/www.rri.ro\/de\/feature-reportage\/radio-tour-de\/laendlicher-tourismus-in-rumaenien-id990542.html#primaryimage"},"thumbnailUrl":"https:\/\/www.rri.ro\/wp-content\/uploads\/2026\/02\/traseu-ecoturistic-T8-Moieciu-sursa-foto-vacantelatara.jpg","datePublished":"2026-03-08T15:26:21+00:00","author":{"@id":"https:\/\/www.rri.ro\/#\/schema\/person\/fcce42c208d45f30f5b054b64bc1e0df"},"breadcrumb":{"@id":"https:\/\/www.rri.ro\/de\/feature-reportage\/radio-tour-de\/laendlicher-tourismus-in-rumaenien-id990542.html#breadcrumb"},"inLanguage":"de","potentialAction":[{"@type":"ReadAction","target":["https:\/\/www.rri.ro\/de\/feature-reportage\/radio-tour-de\/laendlicher-tourismus-in-rumaenien-id990542.html"]}]},{"@type":"ImageObject","inLanguage":"de","@id":"https:\/\/www.rri.ro\/de\/feature-reportage\/radio-tour-de\/laendlicher-tourismus-in-rumaenien-id990542.html#primaryimage","url":"https:\/\/www.rri.ro\/wp-content\/uploads\/2026\/02\/traseu-ecoturistic-T8-Moieciu-sursa-foto-vacantelatara.jpg","contentUrl":"https:\/\/www.rri.ro\/wp-content\/uploads\/2026\/02\/traseu-ecoturistic-T8-Moieciu-sursa-foto-vacantelatara.jpg","width":1200,"height":675,"caption":"\u0421\u0456\u043b\u044c\u0441\u044c\u043a\u0438\u0439 \u0442\u0443\u0440\u0438\u0437\u043c \u0432 \u0420\u0443\u043c\u0443\u043d\u0456\u0457"},{"@type":"BreadcrumbList","@id":"https:\/\/www.rri.ro\/de\/feature-reportage\/radio-tour-de\/laendlicher-tourismus-in-rumaenien-id990542.html#breadcrumb","itemListElement":[{"@type":"ListItem","position":1,"name":"Startseite","item":"https:\/\/www.rri.ro\/de"},{"@type":"ListItem","position":2,"name":"Feature &amp; Reportage","item":"https:\/\/www.rri.ro\/de\/feature-reportage"},{"@type":"ListItem","position":3,"name":"Radiotour","item":"https:\/\/www.rri.ro\/de\/feature-reportage\/radio-tour-de"},{"@type":"ListItem","position":4,"name":"L\u00e4ndlicher Tourismus in Rum\u00e4nien"}]},{"@type":"WebSite","@id":"https:\/\/www.rri.ro\/#website","url":"https:\/\/www.rri.ro\/","name":"Radio Rum\u00e4nien International","description":"Totul despre Rom\u00e2nia \u015fi rom\u00e2ni, \u00een 13 limbi\/dialecte!","inLanguage":"de"},{"@type":"Person","@id":"https:\/\/www.rri.ro\/#\/schema\/person\/fcce42c208d45f30f5b054b64bc1e0df","name":"Daniel Onea","url":"https:\/\/www.rri.ro\/de\/author\/daniel-onea"}]}},"_links":{"self":[{"href":"https:\/\/www.rri.ro\/de\/wp-json\/wp\/v2\/posts\/990542","targetHints":{"allow":["GET"]}}],"collection":[{"href":"https:\/\/www.rri.ro\/de\/wp-json\/wp\/v2\/posts"}],"about":[{"href":"https:\/\/www.rri.ro\/de\/wp-json\/wp\/v2\/types\/post"}],"author":[{"embeddable":true,"href":"https:\/\/www.rri.ro\/de\/wp-json\/wp\/v2\/users\/128"}],"replies":[{"embeddable":true,"href":"https:\/\/www.rri.ro\/de\/wp-json\/wp\/v2\/comments?post=990542"}],"version-history":[{"count":0,"href":"https:\/\/www.rri.ro\/de\/wp-json\/wp\/v2\/posts\/990542\/revisions"}],"wp:featuredmedia":[{"embeddable":true,"href":"https:\/\/www.rri.ro\/de\/wp-json\/wp\/v2\/media\/986394"}],"wp:attachment":[{"href":"https:\/\/www.rri.ro\/de\/wp-json\/wp\/v2\/media?parent=990542"}],"wp:term":[{"taxonomy":"category","embeddable":true,"href":"https:\/\/www.rri.ro\/de\/wp-json\/wp\/v2\/categories?post=990542"},{"taxonomy":"post_tag","embeddable":true,"href":"https:\/\/www.rri.ro\/de\/wp-json\/wp\/v2\/tags?post=990542"},{"taxonomy":"author","embeddable":true,"href":"https:\/\/www.rri.ro\/de\/wp-json\/wp\/v2\/coauthors?post=990542"}],"curies":[{"name":"wp","href":"https:\/\/api.w.org\/{rel}","templated":true}]}}