{"id":1010347,"date":"2026-04-26T13:28:21","date_gmt":"2026-04-26T10:28:21","guid":{"rendered":"https:\/\/www.rri.ro\/?p=1010347"},"modified":"2026-04-26T13:42:40","modified_gmt":"2026-04-26T10:42:40","slug":"april-26-2026","status":"publish","type":"post","link":"https:\/\/www.rri.ro\/en\/news-and-current-affairs\/newsflash\/april-26-2026-id1010347.html","title":{"rendered":"April 26, 2026"},"content":{"rendered":"<p><strong>Talks.<\/strong> President Nicu\u015for Dan will hold talks on Monday with the leaders of pro-European parties and groups in Bucharest, namely the Social Democratic Party, the National Liberal Party, the Save Romania Union, the Democratic Union of Ethnic Hungarians in Romania and the parliamentary group of national minorities, on the implementation of the major programmes for Romania, SAFE and the National Recovery and Resilience Plan. The president has in recent days reiterated his intention to remain a mediator after the Social Democrats withdrew their support for Prime Minister Ilie Bolojan and resigned from government. Nicu\u015for Dan has signed their resignations and the proposals for interim ministers submitted by the Prime Minister.<\/p>\n<p>&nbsp;<\/p>\n<p><strong>Attack.<\/strong> Panic in Washington, where a serious security incident interrupted the White House Correspondents&#8217; Dinner. President Donald Trump and First Lady Melania were evacuated after multiple gunshots were heard. Hundreds of guests, including journalists and senior officials such as Pentagon chief Pete Hegseth, took shelter under tables as Secret Service agents secured the area. The suspect, Cole Thomas Allen, described by CNN as an individual with an exceptional academic background and no criminal record, opened fire at a checkpoint, wounding an agent. After being arrested, the man told the authorities that he intended to shoot Trump administration officials, CBS News reported, citing two sources. Cole Thomas Allen was detained and is to be charged Monday with multiple federal crimes.<\/p>\n<p>&nbsp;<\/p>\n<p><strong>Nuclear.<\/strong> Ukraine marks the 40th anniversary of the Chernobyl nuclear disaster, amid persistent fears that Russia\u2019s war started four year ago may trigger a repeat of the world\u2019s worst nuclear accident. Millions of people were exposed to radiation and vast areas of land were contaminated after the Soviet plant\u2019s Unit 4 reactor exploded in the early hours of April 26, 1986. Thousands died later from radiation-related illnesses, but the exact toll and long-term health effects remain difficult to assess. A major international effort led to the installation in 2016 of a giant steel and concrete cover of the original sarcophagus, hastily built to contain the tonnes of radioactive waste. Kyiv says that during the current conflict, Moscow has repeatedly sent missiles and drones close to the plant to attack Ukrainian cities and allegedly damaged a protective shield in one of those attacks last year. No leaks have been detected, but the cover needs at least 500 million euros worth of repair work to prevent permanent damage, according to the European Bank for Reconstruction and Development.<\/p>\n<p>&nbsp;<\/p>\n<p><strong>Drone.<\/strong> President Nicu\u015for Dan and Prime Minister Ilie Bolojan have firmly condemned Russia&#8217;s irresponsible behaviour, after a drone used in the attacks on Ukraine recently fell in south-eastern Romania. The fresh violation of Romanian airspace by Russia is an irresponsible act and a serious violation of international law, said the two officials, as well as the Minister of Defence, Radu Miru\u0163\u0103, and the Minister of Foreign Affairs, Oana \u0162oiu, who after the incident summoned the Russian ambassador to Bucharest. The Romanian president said in a statement that this is the first incident in which Romanian property was effectively damaged, a threshold that, he says, we view with utmost concern. Romania is not a party to the conflict but it bears its consequences, generating challenges and vulnerabilities that must be treated most seriously, \u00a0Nicu\u015for Dan also said. As a NATO and EU member state, Romania actively participates in efforts to strengthen common security and this incident highlights the need to speed up the army&#8217;s equipment and modernisation programmes, for which the SAFE acquisition plan is essential, the president emphasised. Following the incident, the Defence General Staff is considering reorganising its monitoring devices on the border with Ukraine.<\/p>\n<p>&nbsp;<\/p>\n<p><strong>Letter.<\/strong> Romanian MEP Victor Negrescu has sent an official request to the EU foreign policy chief Kaja Kallas, calling for strengthening European mechanisms for monitoring and rapid response to airspace violations. He said the Russian drone that violated Romanian airspace on Friday night and fell on Romanian territory in a populated area in the city of Gala\u0163i (southeast), once again raises questions regarding the level of protection and the capacity to react to such threats at European level. This incident is not an isolated one, said Victor Negrescu, but \u201cpart of a dangerous pattern of escalation in the vicinity of the European Union\u2019s and NATO\u2019s borders\u201d, adding \u201cRomania is at the frontline of the Union and directly bears the consequences of the conflict in its vicinity. The protection of European citizens cannot be fragmented; it must be supported by a common, coordinated and credible effort,&#8221; the Romanian MEP said. (CM)<\/p>\n","protected":false},"excerpt":{"rendered":"<p>Talks. President Nicu\u015for Dan will hold talks on Monday with the leaders of pro-European parties and groups in Bucharest, namely the Social Democratic Party, the National Liberal Party, the Save Romania Union, the Democratic Union of Ethnic Hungarians in Romania and the parliamentary group of national minorities, on the implementation of the major programmes for [&hellip;]<\/p>\n","protected":false},"author":113,"featured_media":731782,"comment_status":"closed","ping_status":"closed","sticky":false,"template":"","format":"standard","meta":{"_acf_changed":false,"footnotes":""},"categories":[22],"tags":[],"coauthors":[116091],"class_list":["post-1010347","post","type-post","status-publish","format-standard","has-post-thumbnail","hentry","category-newsflash"],"acf":[],"yoast_head":"<!-- This site is optimized with the Yoast SEO plugin v27.5 - https:\/\/yoast.com\/product\/yoast-seo-wordpress\/ -->\n<title>April 26, 2026 - Radio Romania International<\/title>\n<meta name=\"robots\" content=\"index, follow, max-snippet:-1, max-image-preview:large, max-video-preview:-1\" \/>\n<link rel=\"canonical\" href=\"https:\/\/www.rri.ro\/en\/news-and-current-affairs\/newsflash\/april-26-2026-id1010347.html\" \/>\n<meta property=\"og:locale\" content=\"en_US\" \/>\n<meta property=\"og:type\" content=\"article\" \/>\n<meta property=\"og:title\" content=\"April 26, 2026 - Radio Romania International\" \/>\n<meta property=\"og:description\" content=\"Talks. President Nicu\u015for Dan will hold talks on Monday with the leaders of pro-European parties and groups in Bucharest, namely the Social Democratic Party, the National Liberal Party, the Save Romania Union, the Democratic Union of Ethnic Hungarians in Romania and the parliamentary group of national minorities, on the implementation of the major programmes for [&hellip;]\" \/>\n<meta property=\"og:url\" content=\"https:\/\/www.rri.ro\/en\/news-and-current-affairs\/newsflash\/april-26-2026-id1010347.html\" \/>\n<meta property=\"og:site_name\" content=\"Radio Romania International\" \/>\n<meta property=\"article:published_time\" content=\"2026-04-26T10:28:21+00:00\" \/>\n<meta property=\"article:modified_time\" content=\"2026-04-26T10:42:40+00:00\" \/>\n<meta property=\"og:image\" content=\"https:\/\/www.rri.ro\/wp-content\/uploads\/2024\/04\/Newsflash-stiri-bleu-960x540-1.jpg\" \/>\n\t<meta property=\"og:image:width\" content=\"960\" \/>\n\t<meta property=\"og:image:height\" content=\"540\" \/>\n\t<meta property=\"og:image:type\" content=\"image\/jpeg\" \/>\n<meta name=\"author\" content=\"Newsroom\" \/>\n<meta name=\"twitter:card\" content=\"summary_large_image\" \/>\n<meta name=\"twitter:label1\" content=\"Written by\" \/>\n\t<meta name=\"twitter:data1\" content=\"Newsroom\" \/>\n\t<meta name=\"twitter:label2\" content=\"Est. reading time\" \/>\n\t<meta name=\"twitter:data2\" content=\"4 minutes\" \/>\n<script type=\"application\/ld+json\" class=\"yoast-schema-graph\">{\"@context\":\"https:\\\/\\\/schema.org\",\"@graph\":[{\"@type\":\"Article\",\"@id\":\"https:\\\/\\\/www.rri.ro\\\/en\\\/news-and-current-affairs\\\/newsflash\\\/april-26-2026-id1010347.html#article\",\"isPartOf\":{\"@id\":\"https:\\\/\\\/www.rri.ro\\\/en\\\/news-and-current-affairs\\\/newsflash\\\/april-26-2026-id1010347.html\"},\"author\":{\"name\":\"Newsroom\",\"@id\":\"https:\\\/\\\/www.rri.ro\\\/#\\\/schema\\\/person\\\/4a479940371b9fdefd194f561e8a7f88\"},\"headline\":\"April 26, 2026\",\"datePublished\":\"2026-04-26T10:28:21+00:00\",\"dateModified\":\"2026-04-26T10:42:40+00:00\",\"mainEntityOfPage\":{\"@id\":\"https:\\\/\\\/www.rri.ro\\\/en\\\/news-and-current-affairs\\\/newsflash\\\/april-26-2026-id1010347.html\"},\"wordCount\":762,\"image\":{\"@id\":\"https:\\\/\\\/www.rri.ro\\\/en\\\/news-and-current-affairs\\\/newsflash\\\/april-26-2026-id1010347.html#primaryimage\"},\"thumbnailUrl\":\"https:\\\/\\\/www.rri.ro\\\/wp-content\\\/uploads\\\/2024\\\/04\\\/Newsflash-stiri-bleu-960x540-1.jpg\",\"articleSection\":[\"Newsflash\"],\"inLanguage\":\"en-US\"},{\"@type\":\"WebPage\",\"@id\":\"https:\\\/\\\/www.rri.ro\\\/en\\\/news-and-current-affairs\\\/newsflash\\\/april-26-2026-id1010347.html\",\"url\":\"https:\\\/\\\/www.rri.ro\\\/en\\\/news-and-current-affairs\\\/newsflash\\\/april-26-2026-id1010347.html\",\"name\":\"April 26, 2026 - Radio Romania International\",\"isPartOf\":{\"@id\":\"https:\\\/\\\/www.rri.ro\\\/#website\"},\"primaryImageOfPage\":{\"@id\":\"https:\\\/\\\/www.rri.ro\\\/en\\\/news-and-current-affairs\\\/newsflash\\\/april-26-2026-id1010347.html#primaryimage\"},\"image\":{\"@id\":\"https:\\\/\\\/www.rri.ro\\\/en\\\/news-and-current-affairs\\\/newsflash\\\/april-26-2026-id1010347.html#primaryimage\"},\"thumbnailUrl\":\"https:\\\/\\\/www.rri.ro\\\/wp-content\\\/uploads\\\/2024\\\/04\\\/Newsflash-stiri-bleu-960x540-1.jpg\",\"datePublished\":\"2026-04-26T10:28:21+00:00\",\"dateModified\":\"2026-04-26T10:42:40+00:00\",\"author\":{\"@id\":\"https:\\\/\\\/www.rri.ro\\\/#\\\/schema\\\/person\\\/4a479940371b9fdefd194f561e8a7f88\"},\"breadcrumb\":{\"@id\":\"https:\\\/\\\/www.rri.ro\\\/en\\\/news-and-current-affairs\\\/newsflash\\\/april-26-2026-id1010347.html#breadcrumb\"},\"inLanguage\":\"en-US\",\"potentialAction\":[{\"@type\":\"ReadAction\",\"target\":[\"https:\\\/\\\/www.rri.ro\\\/en\\\/news-and-current-affairs\\\/newsflash\\\/april-26-2026-id1010347.html\"]}]},{\"@type\":\"ImageObject\",\"inLanguage\":\"en-US\",\"@id\":\"https:\\\/\\\/www.rri.ro\\\/en\\\/news-and-current-affairs\\\/newsflash\\\/april-26-2026-id1010347.html#primaryimage\",\"url\":\"https:\\\/\\\/www.rri.ro\\\/wp-content\\\/uploads\\\/2024\\\/04\\\/Newsflash-stiri-bleu-960x540-1.jpg\",\"contentUrl\":\"https:\\\/\\\/www.rri.ro\\\/wp-content\\\/uploads\\\/2024\\\/04\\\/Newsflash-stiri-bleu-960x540-1.jpg\",\"width\":960,\"height\":540,\"caption\":\"Newsflash\"},{\"@type\":\"BreadcrumbList\",\"@id\":\"https:\\\/\\\/www.rri.ro\\\/en\\\/news-and-current-affairs\\\/newsflash\\\/april-26-2026-id1010347.html#breadcrumb\",\"itemListElement\":[{\"@type\":\"ListItem\",\"position\":1,\"name\":\"Homepage\",\"item\":\"https:\\\/\\\/www.rri.ro\\\/en\"},{\"@type\":\"ListItem\",\"position\":2,\"name\":\"News and Current Affairs\",\"item\":\"https:\\\/\\\/www.rri.ro\\\/en\\\/news-and-current-affairs\"},{\"@type\":\"ListItem\",\"position\":3,\"name\":\"Newsflash\",\"item\":\"https:\\\/\\\/www.rri.ro\\\/en\\\/news-and-current-affairs\\\/newsflash\"},{\"@type\":\"ListItem\",\"position\":4,\"name\":\"April 26, 2026\"}]},{\"@type\":\"WebSite\",\"@id\":\"https:\\\/\\\/www.rri.ro\\\/#website\",\"url\":\"https:\\\/\\\/www.rri.ro\\\/\",\"name\":\"Radio Romania International\",\"description\":\"Totul despre Rom\u00e2nia \u015fi rom\u00e2ni, \u00een 13 limbi\\\/dialecte!\",\"inLanguage\":\"en-US\"},{\"@type\":\"Person\",\"@id\":\"https:\\\/\\\/www.rri.ro\\\/#\\\/schema\\\/person\\\/4a479940371b9fdefd194f561e8a7f88\",\"name\":\"Newsroom\",\"url\":\"https:\\\/\\\/www.rri.ro\\\/en\\\/author\\\/newsroom\"}]}<\/script>\n<!-- \/ Yoast SEO plugin. -->","yoast_head_json":{"title":"April 26, 2026 - Radio Romania International","robots":{"index":"index","follow":"follow","max-snippet":"max-snippet:-1","max-image-preview":"max-image-preview:large","max-video-preview":"max-video-preview:-1"},"canonical":"https:\/\/www.rri.ro\/en\/news-and-current-affairs\/newsflash\/april-26-2026-id1010347.html","og_locale":"en_US","og_type":"article","og_title":"April 26, 2026 - Radio Romania International","og_description":"Talks. President Nicu\u015for Dan will hold talks on Monday with the leaders of pro-European parties and groups in Bucharest, namely the Social Democratic Party, the National Liberal Party, the Save Romania Union, the Democratic Union of Ethnic Hungarians in Romania and the parliamentary group of national minorities, on the implementation of the major programmes for [&hellip;]","og_url":"https:\/\/www.rri.ro\/en\/news-and-current-affairs\/newsflash\/april-26-2026-id1010347.html","og_site_name":"Radio Romania International","article_published_time":"2026-04-26T10:28:21+00:00","article_modified_time":"2026-04-26T10:42:40+00:00","og_image":[{"width":960,"height":540,"url":"https:\/\/www.rri.ro\/wp-content\/uploads\/2024\/04\/Newsflash-stiri-bleu-960x540-1.jpg","type":"image\/jpeg"}],"author":"Newsroom","twitter_card":"summary_large_image","twitter_misc":{"Written by":"Newsroom","Est. reading time":"4 minutes"},"schema":{"@context":"https:\/\/schema.org","@graph":[{"@type":"Article","@id":"https:\/\/www.rri.ro\/en\/news-and-current-affairs\/newsflash\/april-26-2026-id1010347.html#article","isPartOf":{"@id":"https:\/\/www.rri.ro\/en\/news-and-current-affairs\/newsflash\/april-26-2026-id1010347.html"},"author":{"name":"Newsroom","@id":"https:\/\/www.rri.ro\/#\/schema\/person\/4a479940371b9fdefd194f561e8a7f88"},"headline":"April 26, 2026","datePublished":"2026-04-26T10:28:21+00:00","dateModified":"2026-04-26T10:42:40+00:00","mainEntityOfPage":{"@id":"https:\/\/www.rri.ro\/en\/news-and-current-affairs\/newsflash\/april-26-2026-id1010347.html"},"wordCount":762,"image":{"@id":"https:\/\/www.rri.ro\/en\/news-and-current-affairs\/newsflash\/april-26-2026-id1010347.html#primaryimage"},"thumbnailUrl":"https:\/\/www.rri.ro\/wp-content\/uploads\/2024\/04\/Newsflash-stiri-bleu-960x540-1.jpg","articleSection":["Newsflash"],"inLanguage":"en-US"},{"@type":"WebPage","@id":"https:\/\/www.rri.ro\/en\/news-and-current-affairs\/newsflash\/april-26-2026-id1010347.html","url":"https:\/\/www.rri.ro\/en\/news-and-current-affairs\/newsflash\/april-26-2026-id1010347.html","name":"April 26, 2026 - Radio Romania International","isPartOf":{"@id":"https:\/\/www.rri.ro\/#website"},"primaryImageOfPage":{"@id":"https:\/\/www.rri.ro\/en\/news-and-current-affairs\/newsflash\/april-26-2026-id1010347.html#primaryimage"},"image":{"@id":"https:\/\/www.rri.ro\/en\/news-and-current-affairs\/newsflash\/april-26-2026-id1010347.html#primaryimage"},"thumbnailUrl":"https:\/\/www.rri.ro\/wp-content\/uploads\/2024\/04\/Newsflash-stiri-bleu-960x540-1.jpg","datePublished":"2026-04-26T10:28:21+00:00","dateModified":"2026-04-26T10:42:40+00:00","author":{"@id":"https:\/\/www.rri.ro\/#\/schema\/person\/4a479940371b9fdefd194f561e8a7f88"},"breadcrumb":{"@id":"https:\/\/www.rri.ro\/en\/news-and-current-affairs\/newsflash\/april-26-2026-id1010347.html#breadcrumb"},"inLanguage":"en-US","potentialAction":[{"@type":"ReadAction","target":["https:\/\/www.rri.ro\/en\/news-and-current-affairs\/newsflash\/april-26-2026-id1010347.html"]}]},{"@type":"ImageObject","inLanguage":"en-US","@id":"https:\/\/www.rri.ro\/en\/news-and-current-affairs\/newsflash\/april-26-2026-id1010347.html#primaryimage","url":"https:\/\/www.rri.ro\/wp-content\/uploads\/2024\/04\/Newsflash-stiri-bleu-960x540-1.jpg","contentUrl":"https:\/\/www.rri.ro\/wp-content\/uploads\/2024\/04\/Newsflash-stiri-bleu-960x540-1.jpg","width":960,"height":540,"caption":"Newsflash"},{"@type":"BreadcrumbList","@id":"https:\/\/www.rri.ro\/en\/news-and-current-affairs\/newsflash\/april-26-2026-id1010347.html#breadcrumb","itemListElement":[{"@type":"ListItem","position":1,"name":"Homepage","item":"https:\/\/www.rri.ro\/en"},{"@type":"ListItem","position":2,"name":"News and Current Affairs","item":"https:\/\/www.rri.ro\/en\/news-and-current-affairs"},{"@type":"ListItem","position":3,"name":"Newsflash","item":"https:\/\/www.rri.ro\/en\/news-and-current-affairs\/newsflash"},{"@type":"ListItem","position":4,"name":"April 26, 2026"}]},{"@type":"WebSite","@id":"https:\/\/www.rri.ro\/#website","url":"https:\/\/www.rri.ro\/","name":"Radio Romania International","description":"Totul despre Rom\u00e2nia \u015fi rom\u00e2ni, \u00een 13 limbi\/dialecte!","inLanguage":"en-US"},{"@type":"Person","@id":"https:\/\/www.rri.ro\/#\/schema\/person\/4a479940371b9fdefd194f561e8a7f88","name":"Newsroom","url":"https:\/\/www.rri.ro\/en\/author\/newsroom"}]}},"_links":{"self":[{"href":"https:\/\/www.rri.ro\/en\/wp-json\/wp\/v2\/posts\/1010347","targetHints":{"allow":["GET"]}}],"collection":[{"href":"https:\/\/www.rri.ro\/en\/wp-json\/wp\/v2\/posts"}],"about":[{"href":"https:\/\/www.rri.ro\/en\/wp-json\/wp\/v2\/types\/post"}],"author":[{"embeddable":true,"href":"https:\/\/www.rri.ro\/en\/wp-json\/wp\/v2\/users\/113"}],"replies":[{"embeddable":true,"href":"https:\/\/www.rri.ro\/en\/wp-json\/wp\/v2\/comments?post=1010347"}],"version-history":[{"count":0,"href":"https:\/\/www.rri.ro\/en\/wp-json\/wp\/v2\/posts\/1010347\/revisions"}],"wp:featuredmedia":[{"embeddable":true,"href":"https:\/\/www.rri.ro\/en\/wp-json\/wp\/v2\/media\/731782"}],"wp:attachment":[{"href":"https:\/\/www.rri.ro\/en\/wp-json\/wp\/v2\/media?parent=1010347"}],"wp:term":[{"taxonomy":"category","embeddable":true,"href":"https:\/\/www.rri.ro\/en\/wp-json\/wp\/v2\/categories?post=1010347"},{"taxonomy":"post_tag","embeddable":true,"href":"https:\/\/www.rri.ro\/en\/wp-json\/wp\/v2\/tags?post=1010347"},{"taxonomy":"author","embeddable":true,"href":"https:\/\/www.rri.ro\/en\/wp-json\/wp\/v2\/coauthors?post=1010347"}],"curies":[{"name":"wp","href":"https:\/\/api.w.org\/{rel}","templated":true}]}}