{"id":1010429,"date":"2026-04-26T19:19:58","date_gmt":"2026-04-26T16:19:58","guid":{"rendered":"https:\/\/www.rri.ro\/?p=1010429"},"modified":"2026-04-26T19:19:58","modified_gmt":"2026-04-26T16:19:58","slug":"april-26-2026-update","status":"publish","type":"post","link":"https:\/\/www.rri.ro\/en\/news-and-current-affairs\/newsflash\/april-26-2026-update-id1010429.html","title":{"rendered":"April 26, 2026 UPDATE"},"content":{"rendered":"<p><strong>Talks.<\/strong> President Nicu\u015for Dan will hold talks on Monday with the leaders of pro-European parties and groups in Bucharest, namely the Social Democratic Party, the National Liberal Party, the Save Romania Union, the Democratic Union of ethnic Hungarians in Romania and the parliamentary group of national minorities, on the implementation of the major programmes for Romania, SAFE and the National Recovery and Resilience Plan. The president has in recent days reiterated his intention to remain a mediator after the Social Democrats withdrew their support for Prime Minister Ilie Bolojan and resigned from government. Nicu\u015for Dan has signed their resignations and the proposals for interim ministers submitted by the Prime Minister.<\/p>\n<p>&nbsp;<\/p>\n<p><strong>Attack.<\/strong> European leaders, including Romanian President Nicu\u0219or Dan, condemned the incident that occurred on Saturday night in Washington, when shots were fired inside the hotel where the White House Correspondents&#8217; Dinner was taking place. They also expressed relief that President Donald Trump and the other dinner guests were not injured. In a post on X, the Romanian president said the incident was not only an attack on Donald Trump, but also on democracy. The White House leader and First Lady Melania were urgently evacuated, and hundreds of guests, including journalists and senior officials, such as Pentagon chief Pete Hegseth, took shelter under tables while Secret Service agents secured the area. The suspect, Cole Thomas Allen, opened fire at a checkpoint, wounding an agent. He was arrested and is facing multiple federal charges.<\/p>\n<p>&nbsp;<\/p>\n<p><strong>Nuclear.<\/strong> Ukrainian President Volodymyr Zelensky accused Russia of &#8220;nuclear terrorism&#8221; on Sunday, on the commemoration of 40 years since the nuclear disaster in Chernobyl. Moscow &#8220;is once again bringing the world to the brink of a man-made disaster,&#8221; he added, noting that Russian drones regularly fly over Chernobyl and that one of them hit its protective shell last year. Millions of people were exposed to radiation and vast areas of land were contaminated after the Soviet plant\u2019s Unit 4 reactor exploded in the early hours of April 26, 1986. Thousands died later from radiation-related illnesses, but the exact toll and long-term health effects remain difficult to assess. A major international effort led to the installation in 2016 of a giant steel and concrete cover of the original sarcophagus, hastily built to contain the tonnes of radioactive waste. Kyiv says that during the current conflict, Moscow has repeatedly sent missiles and drones close to the plant to attack Ukrainian cities and allegedly damaged a protective shield in one of those attacks last year.<\/p>\n<p>&nbsp;<\/p>\n<p><strong>Condemnation.<\/strong> President Nicu\u015for Dan and Prime Minister Ilie Bolojan have firmly condemned Russia&#8217;s irresponsible behaviour, after a drone used in the attacks on Ukraine recently fell in south-eastern Romania. The fresh violation of Romanian airspace by Russia is an irresponsible act and a serious violation of international law, said the two officials, as well as the Minister of Defence, Radu Miru\u0163\u0103, and the Minister of Foreign Affairs, Oana \u0162oiu, who after the incident summoned the Russian ambassador to Bucharest. The Romanian president said in a statement that this is the first incident in which Romanian property was effectively damaged, a threshold that, he says, we view utmost concern. Romania is not a party to the conflict but it feels its consequences, generating challenges and vulnerabilities that must be treated most seriously, \u00a0Nicu\u015for Dan also said. As a NATO and EU member state, Romania actively participates in efforts to strengthen common security and this incident highlights the need to speed up the army&#8217;s equipment and modernisation programmes, for which the SAFE acquisition plan is essential, the president emphasised. Following the incident, the Defence General Staff is considering reorganising its monitoring devices on the border with Ukraine.<\/p>\n<p>&nbsp;<\/p>\n<p><strong>Drones.<\/strong> Romanian MEP Victor Negrescu has sent an official request to the EU foreign policy chief Kaja Kallas, calling for strengthening European mechanisms for monitoring and rapid response to airspace violations. He said the Russian drone that violated Romanian airspace on Friday night and fell on Romanian territory in a populated area in the city of Gala\u0163i (southeast), once again raises questions regarding the level of protection and the capacity to react to such threats at European level. After the drone crashed in the city, hundreds of people were evacuated from their homes for several hours, for the authorities to be able to clear the site. On Sunday, new drone fragments were also reported in the neighbouring Tulcea county. The perimeter was secured by interior ministry staff, and a joint team of specialists from the defence and the Romanian Intelligence Service was dispatched to the site to investigate the situation.<\/p>\n<p>&nbsp;<\/p>\n<p><strong>Tennis.<\/strong> Romania\u2019s Sorana C\u00eerstea (24 WTA) on Sunday lost to world number 3 Coco Gauff in three sets, 4-6, 7-5, 6-1, at the WTA 1,000 tennis tournament in Madrid. Another Romanian player, Gabriela Ruse (71 WTA) was defeated by world no. 2 Elena Rybakina, while Jaqueline Cristian, also from Romania, (33 WTA) lost on Saturday evening to world no. 1 Arina Sabalenka. (CM)<\/p>\n","protected":false},"excerpt":{"rendered":"<p>Talks. President Nicu\u015for Dan will hold talks on Monday with the leaders of pro-European parties and groups in Bucharest, namely the Social Democratic Party, the National Liberal Party, the Save Romania Union, the Democratic Union of ethnic Hungarians in Romania and the parliamentary group of national minorities, on the implementation of the major programmes for [&hellip;]<\/p>\n","protected":false},"author":113,"featured_media":884000,"comment_status":"closed","ping_status":"closed","sticky":false,"template":"","format":"standard","meta":{"_acf_changed":false,"footnotes":""},"categories":[22],"tags":[],"coauthors":[116091],"class_list":["post-1010429","post","type-post","status-publish","format-standard","has-post-thumbnail","hentry","category-newsflash"],"acf":[],"yoast_head":"<!-- This site is optimized with the Yoast SEO plugin v27.5 - https:\/\/yoast.com\/product\/yoast-seo-wordpress\/ -->\n<title>April 26, 2026 UPDATE - Radio Romania International<\/title>\n<meta name=\"robots\" content=\"index, follow, max-snippet:-1, max-image-preview:large, max-video-preview:-1\" \/>\n<link rel=\"canonical\" href=\"https:\/\/www.rri.ro\/en\/news-and-current-affairs\/newsflash\/april-26-2026-update-id1010429.html\" \/>\n<meta property=\"og:locale\" content=\"en_US\" \/>\n<meta property=\"og:type\" content=\"article\" \/>\n<meta property=\"og:title\" content=\"April 26, 2026 UPDATE - Radio Romania International\" \/>\n<meta property=\"og:description\" content=\"Talks. President Nicu\u015for Dan will hold talks on Monday with the leaders of pro-European parties and groups in Bucharest, namely the Social Democratic Party, the National Liberal Party, the Save Romania Union, the Democratic Union of ethnic Hungarians in Romania and the parliamentary group of national minorities, on the implementation of the major programmes for [&hellip;]\" \/>\n<meta property=\"og:url\" content=\"https:\/\/www.rri.ro\/en\/news-and-current-affairs\/newsflash\/april-26-2026-update-id1010429.html\" \/>\n<meta property=\"og:site_name\" content=\"Radio Romania International\" \/>\n<meta property=\"article:published_time\" content=\"2026-04-26T16:19:58+00:00\" \/>\n<meta property=\"og:image\" content=\"https:\/\/www.rri.ro\/wp-content\/uploads\/2025\/05\/Newsflash-stiri-alb-960x540-1.jpg\" \/>\n\t<meta property=\"og:image:width\" content=\"960\" \/>\n\t<meta property=\"og:image:height\" content=\"540\" \/>\n\t<meta property=\"og:image:type\" content=\"image\/jpeg\" \/>\n<meta name=\"author\" content=\"Newsroom\" \/>\n<meta name=\"twitter:card\" content=\"summary_large_image\" \/>\n<meta name=\"twitter:label1\" content=\"Written by\" \/>\n\t<meta name=\"twitter:data1\" content=\"Newsroom\" \/>\n\t<meta name=\"twitter:label2\" content=\"Est. reading time\" \/>\n\t<meta name=\"twitter:data2\" content=\"4 minutes\" \/>\n<script type=\"application\/ld+json\" class=\"yoast-schema-graph\">{\"@context\":\"https:\\\/\\\/schema.org\",\"@graph\":[{\"@type\":\"Article\",\"@id\":\"https:\\\/\\\/www.rri.ro\\\/en\\\/news-and-current-affairs\\\/newsflash\\\/april-26-2026-update-id1010429.html#article\",\"isPartOf\":{\"@id\":\"https:\\\/\\\/www.rri.ro\\\/en\\\/news-and-current-affairs\\\/newsflash\\\/april-26-2026-update-id1010429.html\"},\"author\":{\"name\":\"Newsroom\",\"@id\":\"https:\\\/\\\/www.rri.ro\\\/#\\\/schema\\\/person\\\/4a479940371b9fdefd194f561e8a7f88\"},\"headline\":\"April 26, 2026 UPDATE\",\"datePublished\":\"2026-04-26T16:19:58+00:00\",\"mainEntityOfPage\":{\"@id\":\"https:\\\/\\\/www.rri.ro\\\/en\\\/news-and-current-affairs\\\/newsflash\\\/april-26-2026-update-id1010429.html\"},\"wordCount\":828,\"image\":{\"@id\":\"https:\\\/\\\/www.rri.ro\\\/en\\\/news-and-current-affairs\\\/newsflash\\\/april-26-2026-update-id1010429.html#primaryimage\"},\"thumbnailUrl\":\"https:\\\/\\\/www.rri.ro\\\/wp-content\\\/uploads\\\/2025\\\/05\\\/Newsflash-stiri-alb-960x540-1.jpg\",\"articleSection\":[\"Newsflash\"],\"inLanguage\":\"en-US\"},{\"@type\":\"WebPage\",\"@id\":\"https:\\\/\\\/www.rri.ro\\\/en\\\/news-and-current-affairs\\\/newsflash\\\/april-26-2026-update-id1010429.html\",\"url\":\"https:\\\/\\\/www.rri.ro\\\/en\\\/news-and-current-affairs\\\/newsflash\\\/april-26-2026-update-id1010429.html\",\"name\":\"April 26, 2026 UPDATE - Radio Romania International\",\"isPartOf\":{\"@id\":\"https:\\\/\\\/www.rri.ro\\\/#website\"},\"primaryImageOfPage\":{\"@id\":\"https:\\\/\\\/www.rri.ro\\\/en\\\/news-and-current-affairs\\\/newsflash\\\/april-26-2026-update-id1010429.html#primaryimage\"},\"image\":{\"@id\":\"https:\\\/\\\/www.rri.ro\\\/en\\\/news-and-current-affairs\\\/newsflash\\\/april-26-2026-update-id1010429.html#primaryimage\"},\"thumbnailUrl\":\"https:\\\/\\\/www.rri.ro\\\/wp-content\\\/uploads\\\/2025\\\/05\\\/Newsflash-stiri-alb-960x540-1.jpg\",\"datePublished\":\"2026-04-26T16:19:58+00:00\",\"author\":{\"@id\":\"https:\\\/\\\/www.rri.ro\\\/#\\\/schema\\\/person\\\/4a479940371b9fdefd194f561e8a7f88\"},\"breadcrumb\":{\"@id\":\"https:\\\/\\\/www.rri.ro\\\/en\\\/news-and-current-affairs\\\/newsflash\\\/april-26-2026-update-id1010429.html#breadcrumb\"},\"inLanguage\":\"en-US\",\"potentialAction\":[{\"@type\":\"ReadAction\",\"target\":[\"https:\\\/\\\/www.rri.ro\\\/en\\\/news-and-current-affairs\\\/newsflash\\\/april-26-2026-update-id1010429.html\"]}]},{\"@type\":\"ImageObject\",\"inLanguage\":\"en-US\",\"@id\":\"https:\\\/\\\/www.rri.ro\\\/en\\\/news-and-current-affairs\\\/newsflash\\\/april-26-2026-update-id1010429.html#primaryimage\",\"url\":\"https:\\\/\\\/www.rri.ro\\\/wp-content\\\/uploads\\\/2025\\\/05\\\/Newsflash-stiri-alb-960x540-1.jpg\",\"contentUrl\":\"https:\\\/\\\/www.rri.ro\\\/wp-content\\\/uploads\\\/2025\\\/05\\\/Newsflash-stiri-alb-960x540-1.jpg\",\"width\":960,\"height\":540},{\"@type\":\"BreadcrumbList\",\"@id\":\"https:\\\/\\\/www.rri.ro\\\/en\\\/news-and-current-affairs\\\/newsflash\\\/april-26-2026-update-id1010429.html#breadcrumb\",\"itemListElement\":[{\"@type\":\"ListItem\",\"position\":1,\"name\":\"Homepage\",\"item\":\"https:\\\/\\\/www.rri.ro\\\/en\"},{\"@type\":\"ListItem\",\"position\":2,\"name\":\"News and Current Affairs\",\"item\":\"https:\\\/\\\/www.rri.ro\\\/en\\\/news-and-current-affairs\"},{\"@type\":\"ListItem\",\"position\":3,\"name\":\"Newsflash\",\"item\":\"https:\\\/\\\/www.rri.ro\\\/en\\\/news-and-current-affairs\\\/newsflash\"},{\"@type\":\"ListItem\",\"position\":4,\"name\":\"April 26, 2026 UPDATE\"}]},{\"@type\":\"WebSite\",\"@id\":\"https:\\\/\\\/www.rri.ro\\\/#website\",\"url\":\"https:\\\/\\\/www.rri.ro\\\/\",\"name\":\"Radio Romania International\",\"description\":\"Totul despre Rom\u00e2nia \u015fi rom\u00e2ni, \u00een 13 limbi\\\/dialecte!\",\"inLanguage\":\"en-US\"},{\"@type\":\"Person\",\"@id\":\"https:\\\/\\\/www.rri.ro\\\/#\\\/schema\\\/person\\\/4a479940371b9fdefd194f561e8a7f88\",\"name\":\"Newsroom\",\"url\":\"https:\\\/\\\/www.rri.ro\\\/en\\\/author\\\/newsroom\"}]}<\/script>\n<!-- \/ Yoast SEO plugin. -->","yoast_head_json":{"title":"April 26, 2026 UPDATE - Radio Romania International","robots":{"index":"index","follow":"follow","max-snippet":"max-snippet:-1","max-image-preview":"max-image-preview:large","max-video-preview":"max-video-preview:-1"},"canonical":"https:\/\/www.rri.ro\/en\/news-and-current-affairs\/newsflash\/april-26-2026-update-id1010429.html","og_locale":"en_US","og_type":"article","og_title":"April 26, 2026 UPDATE - Radio Romania International","og_description":"Talks. President Nicu\u015for Dan will hold talks on Monday with the leaders of pro-European parties and groups in Bucharest, namely the Social Democratic Party, the National Liberal Party, the Save Romania Union, the Democratic Union of ethnic Hungarians in Romania and the parliamentary group of national minorities, on the implementation of the major programmes for [&hellip;]","og_url":"https:\/\/www.rri.ro\/en\/news-and-current-affairs\/newsflash\/april-26-2026-update-id1010429.html","og_site_name":"Radio Romania International","article_published_time":"2026-04-26T16:19:58+00:00","og_image":[{"width":960,"height":540,"url":"https:\/\/www.rri.ro\/wp-content\/uploads\/2025\/05\/Newsflash-stiri-alb-960x540-1.jpg","type":"image\/jpeg"}],"author":"Newsroom","twitter_card":"summary_large_image","twitter_misc":{"Written by":"Newsroom","Est. reading time":"4 minutes"},"schema":{"@context":"https:\/\/schema.org","@graph":[{"@type":"Article","@id":"https:\/\/www.rri.ro\/en\/news-and-current-affairs\/newsflash\/april-26-2026-update-id1010429.html#article","isPartOf":{"@id":"https:\/\/www.rri.ro\/en\/news-and-current-affairs\/newsflash\/april-26-2026-update-id1010429.html"},"author":{"name":"Newsroom","@id":"https:\/\/www.rri.ro\/#\/schema\/person\/4a479940371b9fdefd194f561e8a7f88"},"headline":"April 26, 2026 UPDATE","datePublished":"2026-04-26T16:19:58+00:00","mainEntityOfPage":{"@id":"https:\/\/www.rri.ro\/en\/news-and-current-affairs\/newsflash\/april-26-2026-update-id1010429.html"},"wordCount":828,"image":{"@id":"https:\/\/www.rri.ro\/en\/news-and-current-affairs\/newsflash\/april-26-2026-update-id1010429.html#primaryimage"},"thumbnailUrl":"https:\/\/www.rri.ro\/wp-content\/uploads\/2025\/05\/Newsflash-stiri-alb-960x540-1.jpg","articleSection":["Newsflash"],"inLanguage":"en-US"},{"@type":"WebPage","@id":"https:\/\/www.rri.ro\/en\/news-and-current-affairs\/newsflash\/april-26-2026-update-id1010429.html","url":"https:\/\/www.rri.ro\/en\/news-and-current-affairs\/newsflash\/april-26-2026-update-id1010429.html","name":"April 26, 2026 UPDATE - Radio Romania International","isPartOf":{"@id":"https:\/\/www.rri.ro\/#website"},"primaryImageOfPage":{"@id":"https:\/\/www.rri.ro\/en\/news-and-current-affairs\/newsflash\/april-26-2026-update-id1010429.html#primaryimage"},"image":{"@id":"https:\/\/www.rri.ro\/en\/news-and-current-affairs\/newsflash\/april-26-2026-update-id1010429.html#primaryimage"},"thumbnailUrl":"https:\/\/www.rri.ro\/wp-content\/uploads\/2025\/05\/Newsflash-stiri-alb-960x540-1.jpg","datePublished":"2026-04-26T16:19:58+00:00","author":{"@id":"https:\/\/www.rri.ro\/#\/schema\/person\/4a479940371b9fdefd194f561e8a7f88"},"breadcrumb":{"@id":"https:\/\/www.rri.ro\/en\/news-and-current-affairs\/newsflash\/april-26-2026-update-id1010429.html#breadcrumb"},"inLanguage":"en-US","potentialAction":[{"@type":"ReadAction","target":["https:\/\/www.rri.ro\/en\/news-and-current-affairs\/newsflash\/april-26-2026-update-id1010429.html"]}]},{"@type":"ImageObject","inLanguage":"en-US","@id":"https:\/\/www.rri.ro\/en\/news-and-current-affairs\/newsflash\/april-26-2026-update-id1010429.html#primaryimage","url":"https:\/\/www.rri.ro\/wp-content\/uploads\/2025\/05\/Newsflash-stiri-alb-960x540-1.jpg","contentUrl":"https:\/\/www.rri.ro\/wp-content\/uploads\/2025\/05\/Newsflash-stiri-alb-960x540-1.jpg","width":960,"height":540},{"@type":"BreadcrumbList","@id":"https:\/\/www.rri.ro\/en\/news-and-current-affairs\/newsflash\/april-26-2026-update-id1010429.html#breadcrumb","itemListElement":[{"@type":"ListItem","position":1,"name":"Homepage","item":"https:\/\/www.rri.ro\/en"},{"@type":"ListItem","position":2,"name":"News and Current Affairs","item":"https:\/\/www.rri.ro\/en\/news-and-current-affairs"},{"@type":"ListItem","position":3,"name":"Newsflash","item":"https:\/\/www.rri.ro\/en\/news-and-current-affairs\/newsflash"},{"@type":"ListItem","position":4,"name":"April 26, 2026 UPDATE"}]},{"@type":"WebSite","@id":"https:\/\/www.rri.ro\/#website","url":"https:\/\/www.rri.ro\/","name":"Radio Romania International","description":"Totul despre Rom\u00e2nia \u015fi rom\u00e2ni, \u00een 13 limbi\/dialecte!","inLanguage":"en-US"},{"@type":"Person","@id":"https:\/\/www.rri.ro\/#\/schema\/person\/4a479940371b9fdefd194f561e8a7f88","name":"Newsroom","url":"https:\/\/www.rri.ro\/en\/author\/newsroom"}]}},"_links":{"self":[{"href":"https:\/\/www.rri.ro\/en\/wp-json\/wp\/v2\/posts\/1010429","targetHints":{"allow":["GET"]}}],"collection":[{"href":"https:\/\/www.rri.ro\/en\/wp-json\/wp\/v2\/posts"}],"about":[{"href":"https:\/\/www.rri.ro\/en\/wp-json\/wp\/v2\/types\/post"}],"author":[{"embeddable":true,"href":"https:\/\/www.rri.ro\/en\/wp-json\/wp\/v2\/users\/113"}],"replies":[{"embeddable":true,"href":"https:\/\/www.rri.ro\/en\/wp-json\/wp\/v2\/comments?post=1010429"}],"version-history":[{"count":0,"href":"https:\/\/www.rri.ro\/en\/wp-json\/wp\/v2\/posts\/1010429\/revisions"}],"wp:featuredmedia":[{"embeddable":true,"href":"https:\/\/www.rri.ro\/en\/wp-json\/wp\/v2\/media\/884000"}],"wp:attachment":[{"href":"https:\/\/www.rri.ro\/en\/wp-json\/wp\/v2\/media?parent=1010429"}],"wp:term":[{"taxonomy":"category","embeddable":true,"href":"https:\/\/www.rri.ro\/en\/wp-json\/wp\/v2\/categories?post=1010429"},{"taxonomy":"post_tag","embeddable":true,"href":"https:\/\/www.rri.ro\/en\/wp-json\/wp\/v2\/tags?post=1010429"},{"taxonomy":"author","embeddable":true,"href":"https:\/\/www.rri.ro\/en\/wp-json\/wp\/v2\/coauthors?post=1010429"}],"curies":[{"name":"wp","href":"https:\/\/api.w.org\/{rel}","templated":true}]}}