{"id":101169,"date":"2016-07-09T12:20:00","date_gmt":"2016-07-09T09:20:00","guid":{"rendered":"http:\/\/devrri.freshlemon.ro\/news-and-current-affairs\/newsflash\/july-9-2016-update-101169.html"},"modified":"2024-02-15T19:58:25","modified_gmt":"2024-02-15T17:58:25","slug":"july-9-2016-update","status":"publish","type":"post","link":"https:\/\/www.rri.ro\/en\/news-and-current-affairs\/newsflash\/july-9-2016-update-id101169.html","title":{"rendered":"July 9, 2016 UPDATE"},"content":{"rendered":"<p><strong style=line-height: 1.6em;>NATO SUMMIT<\/strong> &#8212; Romania consolidates its position of NATO member state and regional actor, which contributes to maintaining security and stability in an area marked by many risks, Romania\u2019s President, Klaus Iohannis, said on Saturday, at the NATO Summit in Warsaw. The president who deemed the summit a success for Romania, stood for granting committed NATO support to the Republic of Moldova (a former Soviet state with a predominantly Romanian speaking population), Georgia and Ukraine. He also said the crises in Syria, Iraq and Libya, on NATO\u2019s southward border, generate multiple challenges and added that the ISIS terrorist group poses a severe threat to international security. In another move, also on Saturday, NATO Secretary General, Jens Stoltenberg, said the 28 member states are united in front of Russia, which is neither a threat nor a strategic partner. Strong defence and constructive dialogue are the commitments underlying the Alliance\u2019s relations with Russia, Stoltenberg concluded. On Friday, the first day of the summit, NATO announced the deployment of four multinational battalions to the Baltic States and to Poland and the setting up of a NATO multinational brigade in Romania. A NATO-EU joint declaration on cooperation in such domains as cyber crime and migration has been signed on the sidelines of the summit. The Alliance also decided to further provide support to Afghanistan, by 2020.<\/p>\n<p>&#13;<br \/>\n&#13;<\/p>\n<p>&#13;<br \/>\n&#13;<\/p>\n<p><strong>BREXIT EFFECTS<\/strong> &#8212; The Romanian Foreign Ministry on Saturday called on the British authorities to prevent any mounting tension and hostile acts against Romanian citizens in the United Kingdom. According to the Romanian Foreign Ministry, the Romanian state intends to prevent, through cooperation with the British authorities, any possible spike in acts of intimidation against Romanian citizens. Romanian nationals are urged, in case they are aware of such incidents, to notify the Romanian Embassy in London. The Romanian Foreign Ministry\u2019s reaction comes just a day after a shop belonging to Romanian citizens was set on fire in Norwich, on Friday. On the occasion of the European Council held late last month, British PM David Cameron assured Romania\u2019s President, Klaus Iohannis, that Romanian citizens will be allowed to stay and work in the UK and expressed regret over the xenophobic incidents which were reported after the Brexit vote.<\/p>\n<p>&#13;<br \/>\n&#13;<\/p>\n<p>&#13;<br \/>\n&#13;<\/p>\n<p><strong>TALKS<\/strong> &#8212; Romanian PM Dacian Ciolos has held talks with several Romanian MEPs on the impact of the Brexit vote, on Romania, the EU member states and the future of the European Union. According to a communiqu\u00e9 issued by the Romanian Government, the prime minister said one of Romania\u2019s top priorities, during the forth-coming negotiations, is to make sure the Romanian citizens\u2019 rights are non-discriminatorily observed. Ciolos also underlined how important it is for Romania to pay an active role in re-launching the European project and to show it further embraces and sticks to the fundamental values and principles of the European Union, pleading for a stronger, more inclusive and integrated Union. The focal points of the talks also included the functioning of the Schengen area, external border security, the migration and asylum policy, the visas for Canada, the Republic of Moldova and the relation with the EU, the Juncker Plan, as well as revising the Multi-annual Financial Framework Post 2020.<\/p>\n<p>&#13;<br \/>\n&#13;<\/p>\n<p>&#13;<br \/>\n&#13;<\/p>\n<p><strong>VISAS<\/strong>&#8212; The Head of the Chancellery of the Romanian PM, Dragos Tudorache, will discuss in Brussels on Monday with Canadian immigration minister, John McCallum, as well as with representatives of the European Commission and of Bulgaria, issues related to the lifting by Canada of travel visas for Romanian citizens. Romanian PM, Dacian Ciolos, has said earlier this week that progress has been made in the visa exemption file, also adding that in the absence of a political decision on the issue in Ottawa, Romania, as a EU member state, might, just like Bulgaria, not ratify the EU-Canada Commercial Agreement. In April, Canada and the US received an additional three-month deadline on the visa regime reciprocity, which stipulates that the countries whose citizens do not need mandatory visas should, in their turn, allow the free movement of all EU citizens. Canada now requires mandatory visas for Romanian and Bulgarian citizens, whereas the US imposes visas on five EU member states, Romania included.<\/p>\n<p>&#13;<br \/>\n&#13;<\/p>\n<p>&#13;<br \/>\n&#13;<\/p>\n<p><strong>DRILLS<\/strong> &#8211; Three Romanian military ships will participate in the multinational exercise BREEZE 16, over July 11- 17. The drills will unfold in Bulgaria\u2019s territorial waters and in the Black Sea international waters. Romania\u2019s ships are Frigate &#8220;Regina Maria&#8221;, with 240 marines on board, the sea minesweeper &#8220;Sublocotenent Alexandru AXENTE&#8221; and the &#8220;Lastun&#8221; Missile Carrier, with 60 military on board. The Romanian military ships are part of the forces and equipment made available by Romania to the North Atlantic Alliance, and the participation of the Romanian military in NATO exercises is meant to strengthen the interoperability of the ships\u2019 crews with similar partner military structures.<\/p>\n<p>&#13;<br \/>\n&#13;<\/p>\n<p>&#13;<br \/>\n&#13;<\/p>\n<p><strong>SPORTS<\/strong> &#8212; Romania will be represented by 96 athletes and 7 relays at the Olympic Games in Rio de Janeiro, between August 5-21, the Romanian Olympic Committee announced on Saturday. According to the Committee, Romania will take part in 16 sport events, with the largest number of athletes participating in rowing and athletics. Romania\u2019s flag will be carried by gymnast Catalina Ponor. 103 Romanian athletes participated in the previous edition of the Olympic Games, hosted by London, in 2012.<\/p>\n<p>&#13;<\/p>\n","protected":false},"excerpt":{"rendered":"<p>Romania consolidates its position of NATO member state and regional actor, Romanias President said at the NATO Summit\/ The Romanian Foreign Ministry has called on the British authorities to prevent any hostile acts against Romanians in the UK<\/p>\n","protected":false},"author":112,"featured_media":100004,"comment_status":"closed","ping_status":"closed","sticky":false,"template":"","format":"standard","meta":{"_acf_changed":false,"footnotes":""},"categories":[22],"tags":[14005,29483,28945,29274,28878,30557,116464,30556,30555],"coauthors":[],"class_list":["post-101169","post","type-post","status-publish","format-standard","has-post-thumbnail","hentry","category-newsflash","tag-brexit","tag-dacian-ciolos","tag-klaus-iohannis","tag-nato-summit","tag-news","tag-olympics","tag-romania-en","tag-romanians","tag-visas"],"acf":[],"yoast_head":"<!-- This site is optimized with the Yoast SEO plugin v27.3 - https:\/\/yoast.com\/product\/yoast-seo-wordpress\/ -->\n<title>July 9, 2016 UPDATE - Radio Romania International<\/title>\n<meta name=\"robots\" content=\"index, follow, max-snippet:-1, max-image-preview:large, max-video-preview:-1\" \/>\n<link rel=\"canonical\" href=\"https:\/\/www.rri.ro\/en\/news-and-current-affairs\/newsflash\/july-9-2016-update-id101169.html\" \/>\n<meta property=\"og:locale\" content=\"en_US\" \/>\n<meta property=\"og:type\" content=\"article\" \/>\n<meta property=\"og:title\" content=\"July 9, 2016 UPDATE - Radio Romania International\" \/>\n<meta property=\"og:description\" content=\"Romania consolidates its position of NATO member state and regional actor, Romanias President said at the NATO Summit\/ The Romanian Foreign Ministry has called on the British authorities to prevent any hostile acts against Romanians in the UK\" \/>\n<meta property=\"og:url\" content=\"https:\/\/www.rri.ro\/en\/news-and-current-affairs\/newsflash\/july-9-2016-update-id101169.html\" \/>\n<meta property=\"og:site_name\" content=\"Radio Romania International\" \/>\n<meta property=\"article:published_time\" content=\"2016-07-09T09:20:00+00:00\" \/>\n<meta property=\"article:modified_time\" content=\"2024-02-15T17:58:25+00:00\" \/>\n<meta property=\"og:image\" content=\"https:\/\/www.rri.ro\/wp-content\/uploads\/2023\/10\/engl-newshflash-new.png\" \/>\n\t<meta property=\"og:image:width\" content=\"640\" \/>\n\t<meta property=\"og:image:height\" content=\"480\" \/>\n\t<meta property=\"og:image:type\" content=\"image\/png\" \/>\n<meta name=\"author\" content=\"Florentin C\u0103pit\u0103nescu\" \/>\n<meta name=\"twitter:card\" content=\"summary_large_image\" \/>\n<meta name=\"twitter:label1\" content=\"Written by\" \/>\n\t<meta name=\"twitter:data1\" content=\"Florentin C\u0103pit\u0103nescu\" \/>\n\t<meta name=\"twitter:label2\" content=\"Est. reading time\" \/>\n\t<meta name=\"twitter:data2\" content=\"4 minutes\" \/>\n<script type=\"application\/ld+json\" class=\"yoast-schema-graph\">{\"@context\":\"https:\\\/\\\/schema.org\",\"@graph\":[{\"@type\":\"Article\",\"@id\":\"https:\\\/\\\/www.rri.ro\\\/en\\\/news-and-current-affairs\\\/newsflash\\\/july-9-2016-update-id101169.html#article\",\"isPartOf\":{\"@id\":\"https:\\\/\\\/www.rri.ro\\\/en\\\/news-and-current-affairs\\\/newsflash\\\/july-9-2016-update-id101169.html\"},\"author\":{\"name\":\"Florentin C\u0103pit\u0103nescu\",\"@id\":\"https:\\\/\\\/www.rri.ro\\\/#\\\/schema\\\/person\\\/430739eeb293f73734db2c6703951289\"},\"headline\":\"July 9, 2016 UPDATE\",\"datePublished\":\"2016-07-09T09:20:00+00:00\",\"dateModified\":\"2024-02-15T17:58:25+00:00\",\"mainEntityOfPage\":{\"@id\":\"https:\\\/\\\/www.rri.ro\\\/en\\\/news-and-current-affairs\\\/newsflash\\\/july-9-2016-update-id101169.html\"},\"wordCount\":874,\"image\":{\"@id\":\"https:\\\/\\\/www.rri.ro\\\/en\\\/news-and-current-affairs\\\/newsflash\\\/july-9-2016-update-id101169.html#primaryimage\"},\"thumbnailUrl\":\"https:\\\/\\\/www.rri.ro\\\/wp-content\\\/uploads\\\/2023\\\/10\\\/engl-newshflash-new.png\",\"keywords\":[\"Brexit\",\"Dacian Ciolos\",\"Klaus Iohannis\",\"NATO Summit\",\"News\",\"OLympics\",\"Romania\",\"Romanians\",\"visas\"],\"articleSection\":[\"Newsflash\"],\"inLanguage\":\"en-US\"},{\"@type\":\"WebPage\",\"@id\":\"https:\\\/\\\/www.rri.ro\\\/en\\\/news-and-current-affairs\\\/newsflash\\\/july-9-2016-update-id101169.html\",\"url\":\"https:\\\/\\\/www.rri.ro\\\/en\\\/news-and-current-affairs\\\/newsflash\\\/july-9-2016-update-id101169.html\",\"name\":\"July 9, 2016 UPDATE - Radio Romania International\",\"isPartOf\":{\"@id\":\"https:\\\/\\\/www.rri.ro\\\/#website\"},\"primaryImageOfPage\":{\"@id\":\"https:\\\/\\\/www.rri.ro\\\/en\\\/news-and-current-affairs\\\/newsflash\\\/july-9-2016-update-id101169.html#primaryimage\"},\"image\":{\"@id\":\"https:\\\/\\\/www.rri.ro\\\/en\\\/news-and-current-affairs\\\/newsflash\\\/july-9-2016-update-id101169.html#primaryimage\"},\"thumbnailUrl\":\"https:\\\/\\\/www.rri.ro\\\/wp-content\\\/uploads\\\/2023\\\/10\\\/engl-newshflash-new.png\",\"datePublished\":\"2016-07-09T09:20:00+00:00\",\"dateModified\":\"2024-02-15T17:58:25+00:00\",\"author\":{\"@id\":\"https:\\\/\\\/www.rri.ro\\\/#\\\/schema\\\/person\\\/430739eeb293f73734db2c6703951289\"},\"breadcrumb\":{\"@id\":\"https:\\\/\\\/www.rri.ro\\\/en\\\/news-and-current-affairs\\\/newsflash\\\/july-9-2016-update-id101169.html#breadcrumb\"},\"inLanguage\":\"en-US\",\"potentialAction\":[{\"@type\":\"ReadAction\",\"target\":[\"https:\\\/\\\/www.rri.ro\\\/en\\\/news-and-current-affairs\\\/newsflash\\\/july-9-2016-update-id101169.html\"]}]},{\"@type\":\"ImageObject\",\"inLanguage\":\"en-US\",\"@id\":\"https:\\\/\\\/www.rri.ro\\\/en\\\/news-and-current-affairs\\\/newsflash\\\/july-9-2016-update-id101169.html#primaryimage\",\"url\":\"https:\\\/\\\/www.rri.ro\\\/wp-content\\\/uploads\\\/2023\\\/10\\\/engl-newshflash-new.png\",\"contentUrl\":\"https:\\\/\\\/www.rri.ro\\\/wp-content\\\/uploads\\\/2023\\\/10\\\/engl-newshflash-new.png\",\"width\":640,\"height\":480},{\"@type\":\"BreadcrumbList\",\"@id\":\"https:\\\/\\\/www.rri.ro\\\/en\\\/news-and-current-affairs\\\/newsflash\\\/july-9-2016-update-id101169.html#breadcrumb\",\"itemListElement\":[{\"@type\":\"ListItem\",\"position\":1,\"name\":\"Homepage\",\"item\":\"https:\\\/\\\/www.rri.ro\\\/en\"},{\"@type\":\"ListItem\",\"position\":2,\"name\":\"News and Current Affairs\",\"item\":\"https:\\\/\\\/www.rri.ro\\\/en\\\/news-and-current-affairs\"},{\"@type\":\"ListItem\",\"position\":3,\"name\":\"Newsflash\",\"item\":\"https:\\\/\\\/www.rri.ro\\\/en\\\/news-and-current-affairs\\\/newsflash\"},{\"@type\":\"ListItem\",\"position\":4,\"name\":\"July 9, 2016 UPDATE\"}]},{\"@type\":\"WebSite\",\"@id\":\"https:\\\/\\\/www.rri.ro\\\/#website\",\"url\":\"https:\\\/\\\/www.rri.ro\\\/\",\"name\":\"Radio Romania International\",\"description\":\"Totul despre Rom\u00e2nia \u015fi rom\u00e2ni, \u00een 13 limbi\\\/dialecte!\",\"inLanguage\":\"en-US\"},{\"@type\":\"Person\",\"@id\":\"https:\\\/\\\/www.rri.ro\\\/#\\\/schema\\\/person\\\/430739eeb293f73734db2c6703951289\",\"name\":\"Florentin C\u0103pit\u0103nescu\",\"url\":\"https:\\\/\\\/www.rri.ro\\\/en\\\/author\\\/florentin-capitanescu\"}]}<\/script>\n<!-- \/ Yoast SEO plugin. -->","yoast_head_json":{"title":"July 9, 2016 UPDATE - Radio Romania International","robots":{"index":"index","follow":"follow","max-snippet":"max-snippet:-1","max-image-preview":"max-image-preview:large","max-video-preview":"max-video-preview:-1"},"canonical":"https:\/\/www.rri.ro\/en\/news-and-current-affairs\/newsflash\/july-9-2016-update-id101169.html","og_locale":"en_US","og_type":"article","og_title":"July 9, 2016 UPDATE - Radio Romania International","og_description":"Romania consolidates its position of NATO member state and regional actor, Romanias President said at the NATO Summit\/ The Romanian Foreign Ministry has called on the British authorities to prevent any hostile acts against Romanians in the UK","og_url":"https:\/\/www.rri.ro\/en\/news-and-current-affairs\/newsflash\/july-9-2016-update-id101169.html","og_site_name":"Radio Romania International","article_published_time":"2016-07-09T09:20:00+00:00","article_modified_time":"2024-02-15T17:58:25+00:00","og_image":[{"width":640,"height":480,"url":"https:\/\/www.rri.ro\/wp-content\/uploads\/2023\/10\/engl-newshflash-new.png","type":"image\/png"}],"author":"Florentin C\u0103pit\u0103nescu","twitter_card":"summary_large_image","twitter_misc":{"Written by":"Florentin C\u0103pit\u0103nescu","Est. reading time":"4 minutes"},"schema":{"@context":"https:\/\/schema.org","@graph":[{"@type":"Article","@id":"https:\/\/www.rri.ro\/en\/news-and-current-affairs\/newsflash\/july-9-2016-update-id101169.html#article","isPartOf":{"@id":"https:\/\/www.rri.ro\/en\/news-and-current-affairs\/newsflash\/july-9-2016-update-id101169.html"},"author":{"name":"Florentin C\u0103pit\u0103nescu","@id":"https:\/\/www.rri.ro\/#\/schema\/person\/430739eeb293f73734db2c6703951289"},"headline":"July 9, 2016 UPDATE","datePublished":"2016-07-09T09:20:00+00:00","dateModified":"2024-02-15T17:58:25+00:00","mainEntityOfPage":{"@id":"https:\/\/www.rri.ro\/en\/news-and-current-affairs\/newsflash\/july-9-2016-update-id101169.html"},"wordCount":874,"image":{"@id":"https:\/\/www.rri.ro\/en\/news-and-current-affairs\/newsflash\/july-9-2016-update-id101169.html#primaryimage"},"thumbnailUrl":"https:\/\/www.rri.ro\/wp-content\/uploads\/2023\/10\/engl-newshflash-new.png","keywords":["Brexit","Dacian Ciolos","Klaus Iohannis","NATO Summit","News","OLympics","Romania","Romanians","visas"],"articleSection":["Newsflash"],"inLanguage":"en-US"},{"@type":"WebPage","@id":"https:\/\/www.rri.ro\/en\/news-and-current-affairs\/newsflash\/july-9-2016-update-id101169.html","url":"https:\/\/www.rri.ro\/en\/news-and-current-affairs\/newsflash\/july-9-2016-update-id101169.html","name":"July 9, 2016 UPDATE - Radio Romania International","isPartOf":{"@id":"https:\/\/www.rri.ro\/#website"},"primaryImageOfPage":{"@id":"https:\/\/www.rri.ro\/en\/news-and-current-affairs\/newsflash\/july-9-2016-update-id101169.html#primaryimage"},"image":{"@id":"https:\/\/www.rri.ro\/en\/news-and-current-affairs\/newsflash\/july-9-2016-update-id101169.html#primaryimage"},"thumbnailUrl":"https:\/\/www.rri.ro\/wp-content\/uploads\/2023\/10\/engl-newshflash-new.png","datePublished":"2016-07-09T09:20:00+00:00","dateModified":"2024-02-15T17:58:25+00:00","author":{"@id":"https:\/\/www.rri.ro\/#\/schema\/person\/430739eeb293f73734db2c6703951289"},"breadcrumb":{"@id":"https:\/\/www.rri.ro\/en\/news-and-current-affairs\/newsflash\/july-9-2016-update-id101169.html#breadcrumb"},"inLanguage":"en-US","potentialAction":[{"@type":"ReadAction","target":["https:\/\/www.rri.ro\/en\/news-and-current-affairs\/newsflash\/july-9-2016-update-id101169.html"]}]},{"@type":"ImageObject","inLanguage":"en-US","@id":"https:\/\/www.rri.ro\/en\/news-and-current-affairs\/newsflash\/july-9-2016-update-id101169.html#primaryimage","url":"https:\/\/www.rri.ro\/wp-content\/uploads\/2023\/10\/engl-newshflash-new.png","contentUrl":"https:\/\/www.rri.ro\/wp-content\/uploads\/2023\/10\/engl-newshflash-new.png","width":640,"height":480},{"@type":"BreadcrumbList","@id":"https:\/\/www.rri.ro\/en\/news-and-current-affairs\/newsflash\/july-9-2016-update-id101169.html#breadcrumb","itemListElement":[{"@type":"ListItem","position":1,"name":"Homepage","item":"https:\/\/www.rri.ro\/en"},{"@type":"ListItem","position":2,"name":"News and Current Affairs","item":"https:\/\/www.rri.ro\/en\/news-and-current-affairs"},{"@type":"ListItem","position":3,"name":"Newsflash","item":"https:\/\/www.rri.ro\/en\/news-and-current-affairs\/newsflash"},{"@type":"ListItem","position":4,"name":"July 9, 2016 UPDATE"}]},{"@type":"WebSite","@id":"https:\/\/www.rri.ro\/#website","url":"https:\/\/www.rri.ro\/","name":"Radio Romania International","description":"Totul despre Rom\u00e2nia \u015fi rom\u00e2ni, \u00een 13 limbi\/dialecte!","inLanguage":"en-US"},{"@type":"Person","@id":"https:\/\/www.rri.ro\/#\/schema\/person\/430739eeb293f73734db2c6703951289","name":"Florentin C\u0103pit\u0103nescu","url":"https:\/\/www.rri.ro\/en\/author\/florentin-capitanescu"}]}},"_links":{"self":[{"href":"https:\/\/www.rri.ro\/en\/wp-json\/wp\/v2\/posts\/101169","targetHints":{"allow":["GET"]}}],"collection":[{"href":"https:\/\/www.rri.ro\/en\/wp-json\/wp\/v2\/posts"}],"about":[{"href":"https:\/\/www.rri.ro\/en\/wp-json\/wp\/v2\/types\/post"}],"author":[{"embeddable":true,"href":"https:\/\/www.rri.ro\/en\/wp-json\/wp\/v2\/users\/112"}],"replies":[{"embeddable":true,"href":"https:\/\/www.rri.ro\/en\/wp-json\/wp\/v2\/comments?post=101169"}],"version-history":[{"count":0,"href":"https:\/\/www.rri.ro\/en\/wp-json\/wp\/v2\/posts\/101169\/revisions"}],"wp:featuredmedia":[{"embeddable":true,"href":"https:\/\/www.rri.ro\/en\/wp-json\/wp\/v2\/media\/100004"}],"wp:attachment":[{"href":"https:\/\/www.rri.ro\/en\/wp-json\/wp\/v2\/media?parent=101169"}],"wp:term":[{"taxonomy":"category","embeddable":true,"href":"https:\/\/www.rri.ro\/en\/wp-json\/wp\/v2\/categories?post=101169"},{"taxonomy":"post_tag","embeddable":true,"href":"https:\/\/www.rri.ro\/en\/wp-json\/wp\/v2\/tags?post=101169"},{"taxonomy":"author","embeddable":true,"href":"https:\/\/www.rri.ro\/en\/wp-json\/wp\/v2\/coauthors?post=101169"}],"curies":[{"name":"wp","href":"https:\/\/api.w.org\/{rel}","templated":true}]}}