{"id":101389,"date":"2016-10-12T11:59:00","date_gmt":"2016-10-12T08:59:00","guid":{"rendered":"http:\/\/devrri.freshlemon.ro\/news-and-current-affairs\/newsflash\/12-october-2016-101389.html"},"modified":"2024-02-15T20:01:15","modified_gmt":"2024-02-15T18:01:15","slug":"12-october-2016","status":"publish","type":"post","link":"https:\/\/www.rri.ro\/en\/news-and-current-affairs\/newsflash\/12-october-2016-id101389.html","title":{"rendered":"12 October, 2016"},"content":{"rendered":"<p style=margin-bottom: 0cm; line-height: 200%; page-break-before: always>DIASPORA \u2013 Today is the last day for submitting the list of candidacies for the diaspora in the elections scheduled for December 11. On October 23rd the lists are definitive, and the Foreign Ministry proposed to the Permanent Election Authority the proposals for polls abroad, numbering 417, 111 more than in the elections in 2012.<\/p>\n<p>&#13;<br \/>\n&#13;<\/p>\n<p style=margin-bottom: 0cm; line-height: 200%>\n<p>&#13;<br \/>\n&#13;<\/p>\n<p style=margin-bottom: 0cm; line-height: 200%>JAKARTA \u2013 As part of his visit to Indonesia, Romanian Foreign Minister Lazar Comanescu held talks with his counterpart, Retno Marsudi, on enhancing political, economic and trade exchanges. The two attended a ceremony for the signing of a memorandum between the national chambers of commerce of the two countries. Comanescu expressed Romania&#8217;s willingness to act as Indonesia&#8217;s maritime gate to Europe. Jakarta is the first stage of a four day tour of Asia. On Thursday and Friday the head of diplomacy will take part, in Bangkok, Thailand, the 21st ministerial meeting of the EU-ASEAN meeting.<\/p>\n<p>&#13;<br \/>\n&#13;<\/p>\n<p style=margin-bottom: 0cm; line-height: 200%>\n<p>&#13;<br \/>\n&#13;<\/p>\n<p style=margin-bottom: 0cm; line-height: 200%>KIDNAPPING \u2013 The Bucharest Foreign Ministry has activated today an emergency response center after a Romanian engineer has been abducted in Nigeria. The ministry said that they follow closely the situation through the embassy in that country, keeping in touch with Nigerian authorities, as well as with the Romanian citizen&#8217;s family and employer. The Nigerian police and media claim the man was abducted as part of the wave of rebel attacks against oil and gas installations.<\/p>\n<p>&#13;<br \/>\n&#13;<\/p>\n<p style=margin-bottom: 0cm; line-height: 200%>\n<p>&#13;<br \/>\n&#13;<\/p>\n<p style=margin-bottom: 0cm; line-height: 200%>NATO -Romanian head of the general staff Nicolae Ciuca takes part today in the Strategic South Direction NATO conference, held in Naples, Italy. The agenda contains security issues, emphasizing NATO&#8217;s southern flank, as well as issues covered by this summer&#8217;s summit in Warsaw.<\/p>\n<p>&#13;<br \/>\n&#13;<\/p>\n<p style=margin-bottom: 0cm; line-height: 200%>\n<p>&#13;<br \/>\n&#13;<\/p>\n<p style=margin-bottom: 0cm; line-height: 200%>FOOTBALL \u2013 Romania&#8217;s national football team tied with a blank score board in Astana against the home team of Kazakhstan, in its third preliminary game of the 2018 World Cup scheduled for Russia. Also on Tuesday in group E, Poland defeated Armenia 2-1, while Montenegro defeated Denmark in an away game, 1-0. Montenegro and Poland lead the group with 7 points each, while Romania is third, with 5 points. Romania plays Poland on November 11th.<\/p>\n<p>&#13;<br \/>\n&#13;<\/p>\n<p style=margin-bottom: 0cm; line-height: 200%>\n<p>&#13;<br \/>\n&#13;<\/p>\n<p style=margin-bottom: 0cm; line-height: 200%>PRISONS \u2013 Romanian prison guards and employees are protesting the national authority employing them, against what they claim are unfair salaries and work conditions. They are also protesting against staff shortages, which bring along unpaid overtime.<\/p>\n<p>&#13;<br \/>\n&#13;<\/p>\n<p style=margin-bottom: 0cm; line-height: 200%>\n<p>&#13;<br \/>\n&#13;<\/p>\n<p style=margin-bottom: 0cm; line-height: 200%>TRIAL \u2013 The Romanian Anti-Corruption Directorate asked for presidential endorsement in pursuing in court the case against former Interior Minister Gabriel Oprea for manslaughter. Oprea, whose most recent public office was in Parliament, resigned his seat in the Senate on October 1st. According to legal provisions, the head of state has to approve warrants against government ministers. The former minister and MP has been indicted for the accidental death of police officer Bogdan Gigina, which occurred while he was part of the official convoy accompanying the then minister, which the latter was allegedly not entitled to at that moment.<\/p>\n<p>&#13;<\/p>\n","protected":false},"excerpt":{"rendered":"<p>Romanian diaspora prepares for voting, Romanian Foreign Minister visits Indonesia<\/p>\n","protected":false},"author":105,"featured_media":75903,"comment_status":"closed","ping_status":"closed","sticky":false,"template":"","format":"standard","meta":{"_acf_changed":false,"footnotes":""},"categories":[22],"tags":[146048,29134,31036,29214,13794,31034,31037,29872,29283,29475],"coauthors":[],"class_list":["post-101389","post","type-post","status-publish","format-standard","has-post-thumbnail","hentry","category-newsflash","tag-diaspora-en","tag-football","tag-jakarta","tag-kidnapping","tag-nato","tag-nigeria","tag-oprea","tag-prison","tag-trial","tag-voting"],"acf":[],"yoast_head":"<!-- This site is optimized with the Yoast SEO plugin v27.3 - https:\/\/yoast.com\/product\/yoast-seo-wordpress\/ -->\n<title>12 October, 2016 - Radio Romania International<\/title>\n<meta name=\"robots\" content=\"index, follow, max-snippet:-1, max-image-preview:large, max-video-preview:-1\" \/>\n<link rel=\"canonical\" href=\"https:\/\/www.rri.ro\/en\/news-and-current-affairs\/newsflash\/12-october-2016-id101389.html\" \/>\n<meta property=\"og:locale\" content=\"en_US\" \/>\n<meta property=\"og:type\" content=\"article\" \/>\n<meta property=\"og:title\" content=\"12 October, 2016 - Radio Romania International\" \/>\n<meta property=\"og:description\" content=\"Romanian diaspora prepares for voting, Romanian Foreign Minister visits Indonesia\" \/>\n<meta property=\"og:url\" content=\"https:\/\/www.rri.ro\/en\/news-and-current-affairs\/newsflash\/12-october-2016-id101389.html\" \/>\n<meta property=\"og:site_name\" content=\"Radio Romania International\" \/>\n<meta property=\"article:published_time\" content=\"2016-10-12T08:59:00+00:00\" \/>\n<meta property=\"article:modified_time\" content=\"2024-02-15T18:01:15+00:00\" \/>\n<meta property=\"og:image\" content=\"https:\/\/www.rri.ro\/wp-content\/uploads\/2023\/10\/stiri-engleza-ok.png\" \/>\n\t<meta property=\"og:image:width\" content=\"640\" \/>\n\t<meta property=\"og:image:height\" content=\"480\" \/>\n\t<meta property=\"og:image:type\" content=\"image\/png\" \/>\n<meta name=\"author\" content=\"Bogdan Matei\" \/>\n<meta name=\"twitter:card\" content=\"summary_large_image\" \/>\n<meta name=\"twitter:label1\" content=\"Written by\" \/>\n\t<meta name=\"twitter:data1\" content=\"Bogdan Matei\" \/>\n\t<meta name=\"twitter:label2\" content=\"Est. reading time\" \/>\n\t<meta name=\"twitter:data2\" content=\"2 minutes\" \/>\n<script type=\"application\/ld+json\" class=\"yoast-schema-graph\">{\"@context\":\"https:\\\/\\\/schema.org\",\"@graph\":[{\"@type\":\"Article\",\"@id\":\"https:\\\/\\\/www.rri.ro\\\/en\\\/news-and-current-affairs\\\/newsflash\\\/12-october-2016-id101389.html#article\",\"isPartOf\":{\"@id\":\"https:\\\/\\\/www.rri.ro\\\/en\\\/news-and-current-affairs\\\/newsflash\\\/12-october-2016-id101389.html\"},\"author\":{\"name\":\"Bogdan Matei\",\"@id\":\"https:\\\/\\\/www.rri.ro\\\/#\\\/schema\\\/person\\\/0ed327d40678578e6dbb840527e3ba32\"},\"headline\":\"12 October, 2016\",\"datePublished\":\"2016-10-12T08:59:00+00:00\",\"dateModified\":\"2024-02-15T18:01:15+00:00\",\"mainEntityOfPage\":{\"@id\":\"https:\\\/\\\/www.rri.ro\\\/en\\\/news-and-current-affairs\\\/newsflash\\\/12-october-2016-id101389.html\"},\"wordCount\":473,\"image\":{\"@id\":\"https:\\\/\\\/www.rri.ro\\\/en\\\/news-and-current-affairs\\\/newsflash\\\/12-october-2016-id101389.html#primaryimage\"},\"thumbnailUrl\":\"https:\\\/\\\/www.rri.ro\\\/wp-content\\\/uploads\\\/2023\\\/10\\\/stiri-engleza-ok.png\",\"keywords\":[\"diaspora\",\"football\",\"Jakarta\",\"kidnapping\",\"NATO\",\"Nigeria\",\"Oprea\",\"prison\",\"trial\",\"voting\"],\"articleSection\":[\"Newsflash\"],\"inLanguage\":\"en-US\"},{\"@type\":\"WebPage\",\"@id\":\"https:\\\/\\\/www.rri.ro\\\/en\\\/news-and-current-affairs\\\/newsflash\\\/12-october-2016-id101389.html\",\"url\":\"https:\\\/\\\/www.rri.ro\\\/en\\\/news-and-current-affairs\\\/newsflash\\\/12-october-2016-id101389.html\",\"name\":\"12 October, 2016 - Radio Romania International\",\"isPartOf\":{\"@id\":\"https:\\\/\\\/www.rri.ro\\\/#website\"},\"primaryImageOfPage\":{\"@id\":\"https:\\\/\\\/www.rri.ro\\\/en\\\/news-and-current-affairs\\\/newsflash\\\/12-october-2016-id101389.html#primaryimage\"},\"image\":{\"@id\":\"https:\\\/\\\/www.rri.ro\\\/en\\\/news-and-current-affairs\\\/newsflash\\\/12-october-2016-id101389.html#primaryimage\"},\"thumbnailUrl\":\"https:\\\/\\\/www.rri.ro\\\/wp-content\\\/uploads\\\/2023\\\/10\\\/stiri-engleza-ok.png\",\"datePublished\":\"2016-10-12T08:59:00+00:00\",\"dateModified\":\"2024-02-15T18:01:15+00:00\",\"author\":{\"@id\":\"https:\\\/\\\/www.rri.ro\\\/#\\\/schema\\\/person\\\/0ed327d40678578e6dbb840527e3ba32\"},\"breadcrumb\":{\"@id\":\"https:\\\/\\\/www.rri.ro\\\/en\\\/news-and-current-affairs\\\/newsflash\\\/12-october-2016-id101389.html#breadcrumb\"},\"inLanguage\":\"en-US\",\"potentialAction\":[{\"@type\":\"ReadAction\",\"target\":[\"https:\\\/\\\/www.rri.ro\\\/en\\\/news-and-current-affairs\\\/newsflash\\\/12-october-2016-id101389.html\"]}]},{\"@type\":\"ImageObject\",\"inLanguage\":\"en-US\",\"@id\":\"https:\\\/\\\/www.rri.ro\\\/en\\\/news-and-current-affairs\\\/newsflash\\\/12-october-2016-id101389.html#primaryimage\",\"url\":\"https:\\\/\\\/www.rri.ro\\\/wp-content\\\/uploads\\\/2023\\\/10\\\/stiri-engleza-ok.png\",\"contentUrl\":\"https:\\\/\\\/www.rri.ro\\\/wp-content\\\/uploads\\\/2023\\\/10\\\/stiri-engleza-ok.png\",\"width\":640,\"height\":480},{\"@type\":\"BreadcrumbList\",\"@id\":\"https:\\\/\\\/www.rri.ro\\\/en\\\/news-and-current-affairs\\\/newsflash\\\/12-october-2016-id101389.html#breadcrumb\",\"itemListElement\":[{\"@type\":\"ListItem\",\"position\":1,\"name\":\"Homepage\",\"item\":\"https:\\\/\\\/www.rri.ro\\\/en\"},{\"@type\":\"ListItem\",\"position\":2,\"name\":\"News and Current Affairs\",\"item\":\"https:\\\/\\\/www.rri.ro\\\/en\\\/news-and-current-affairs\"},{\"@type\":\"ListItem\",\"position\":3,\"name\":\"Newsflash\",\"item\":\"https:\\\/\\\/www.rri.ro\\\/en\\\/news-and-current-affairs\\\/newsflash\"},{\"@type\":\"ListItem\",\"position\":4,\"name\":\"12 October, 2016\"}]},{\"@type\":\"WebSite\",\"@id\":\"https:\\\/\\\/www.rri.ro\\\/#website\",\"url\":\"https:\\\/\\\/www.rri.ro\\\/\",\"name\":\"Radio Romania International\",\"description\":\"Totul despre Rom\u00e2nia \u015fi rom\u00e2ni, \u00een 13 limbi\\\/dialecte!\",\"inLanguage\":\"en-US\"},{\"@type\":\"Person\",\"@id\":\"https:\\\/\\\/www.rri.ro\\\/#\\\/schema\\\/person\\\/0ed327d40678578e6dbb840527e3ba32\",\"name\":\"Bogdan Matei\",\"url\":\"https:\\\/\\\/www.rri.ro\\\/en\\\/author\\\/bogdan-matei\"}]}<\/script>\n<!-- \/ Yoast SEO plugin. -->","yoast_head_json":{"title":"12 October, 2016 - Radio Romania International","robots":{"index":"index","follow":"follow","max-snippet":"max-snippet:-1","max-image-preview":"max-image-preview:large","max-video-preview":"max-video-preview:-1"},"canonical":"https:\/\/www.rri.ro\/en\/news-and-current-affairs\/newsflash\/12-october-2016-id101389.html","og_locale":"en_US","og_type":"article","og_title":"12 October, 2016 - Radio Romania International","og_description":"Romanian diaspora prepares for voting, Romanian Foreign Minister visits Indonesia","og_url":"https:\/\/www.rri.ro\/en\/news-and-current-affairs\/newsflash\/12-october-2016-id101389.html","og_site_name":"Radio Romania International","article_published_time":"2016-10-12T08:59:00+00:00","article_modified_time":"2024-02-15T18:01:15+00:00","og_image":[{"width":640,"height":480,"url":"https:\/\/www.rri.ro\/wp-content\/uploads\/2023\/10\/stiri-engleza-ok.png","type":"image\/png"}],"author":"Bogdan Matei","twitter_card":"summary_large_image","twitter_misc":{"Written by":"Bogdan Matei","Est. reading time":"2 minutes"},"schema":{"@context":"https:\/\/schema.org","@graph":[{"@type":"Article","@id":"https:\/\/www.rri.ro\/en\/news-and-current-affairs\/newsflash\/12-october-2016-id101389.html#article","isPartOf":{"@id":"https:\/\/www.rri.ro\/en\/news-and-current-affairs\/newsflash\/12-october-2016-id101389.html"},"author":{"name":"Bogdan Matei","@id":"https:\/\/www.rri.ro\/#\/schema\/person\/0ed327d40678578e6dbb840527e3ba32"},"headline":"12 October, 2016","datePublished":"2016-10-12T08:59:00+00:00","dateModified":"2024-02-15T18:01:15+00:00","mainEntityOfPage":{"@id":"https:\/\/www.rri.ro\/en\/news-and-current-affairs\/newsflash\/12-october-2016-id101389.html"},"wordCount":473,"image":{"@id":"https:\/\/www.rri.ro\/en\/news-and-current-affairs\/newsflash\/12-october-2016-id101389.html#primaryimage"},"thumbnailUrl":"https:\/\/www.rri.ro\/wp-content\/uploads\/2023\/10\/stiri-engleza-ok.png","keywords":["diaspora","football","Jakarta","kidnapping","NATO","Nigeria","Oprea","prison","trial","voting"],"articleSection":["Newsflash"],"inLanguage":"en-US"},{"@type":"WebPage","@id":"https:\/\/www.rri.ro\/en\/news-and-current-affairs\/newsflash\/12-october-2016-id101389.html","url":"https:\/\/www.rri.ro\/en\/news-and-current-affairs\/newsflash\/12-october-2016-id101389.html","name":"12 October, 2016 - Radio Romania International","isPartOf":{"@id":"https:\/\/www.rri.ro\/#website"},"primaryImageOfPage":{"@id":"https:\/\/www.rri.ro\/en\/news-and-current-affairs\/newsflash\/12-october-2016-id101389.html#primaryimage"},"image":{"@id":"https:\/\/www.rri.ro\/en\/news-and-current-affairs\/newsflash\/12-october-2016-id101389.html#primaryimage"},"thumbnailUrl":"https:\/\/www.rri.ro\/wp-content\/uploads\/2023\/10\/stiri-engleza-ok.png","datePublished":"2016-10-12T08:59:00+00:00","dateModified":"2024-02-15T18:01:15+00:00","author":{"@id":"https:\/\/www.rri.ro\/#\/schema\/person\/0ed327d40678578e6dbb840527e3ba32"},"breadcrumb":{"@id":"https:\/\/www.rri.ro\/en\/news-and-current-affairs\/newsflash\/12-october-2016-id101389.html#breadcrumb"},"inLanguage":"en-US","potentialAction":[{"@type":"ReadAction","target":["https:\/\/www.rri.ro\/en\/news-and-current-affairs\/newsflash\/12-october-2016-id101389.html"]}]},{"@type":"ImageObject","inLanguage":"en-US","@id":"https:\/\/www.rri.ro\/en\/news-and-current-affairs\/newsflash\/12-october-2016-id101389.html#primaryimage","url":"https:\/\/www.rri.ro\/wp-content\/uploads\/2023\/10\/stiri-engleza-ok.png","contentUrl":"https:\/\/www.rri.ro\/wp-content\/uploads\/2023\/10\/stiri-engleza-ok.png","width":640,"height":480},{"@type":"BreadcrumbList","@id":"https:\/\/www.rri.ro\/en\/news-and-current-affairs\/newsflash\/12-october-2016-id101389.html#breadcrumb","itemListElement":[{"@type":"ListItem","position":1,"name":"Homepage","item":"https:\/\/www.rri.ro\/en"},{"@type":"ListItem","position":2,"name":"News and Current Affairs","item":"https:\/\/www.rri.ro\/en\/news-and-current-affairs"},{"@type":"ListItem","position":3,"name":"Newsflash","item":"https:\/\/www.rri.ro\/en\/news-and-current-affairs\/newsflash"},{"@type":"ListItem","position":4,"name":"12 October, 2016"}]},{"@type":"WebSite","@id":"https:\/\/www.rri.ro\/#website","url":"https:\/\/www.rri.ro\/","name":"Radio Romania International","description":"Totul despre Rom\u00e2nia \u015fi rom\u00e2ni, \u00een 13 limbi\/dialecte!","inLanguage":"en-US"},{"@type":"Person","@id":"https:\/\/www.rri.ro\/#\/schema\/person\/0ed327d40678578e6dbb840527e3ba32","name":"Bogdan Matei","url":"https:\/\/www.rri.ro\/en\/author\/bogdan-matei"}]}},"_links":{"self":[{"href":"https:\/\/www.rri.ro\/en\/wp-json\/wp\/v2\/posts\/101389","targetHints":{"allow":["GET"]}}],"collection":[{"href":"https:\/\/www.rri.ro\/en\/wp-json\/wp\/v2\/posts"}],"about":[{"href":"https:\/\/www.rri.ro\/en\/wp-json\/wp\/v2\/types\/post"}],"author":[{"embeddable":true,"href":"https:\/\/www.rri.ro\/en\/wp-json\/wp\/v2\/users\/105"}],"replies":[{"embeddable":true,"href":"https:\/\/www.rri.ro\/en\/wp-json\/wp\/v2\/comments?post=101389"}],"version-history":[{"count":0,"href":"https:\/\/www.rri.ro\/en\/wp-json\/wp\/v2\/posts\/101389\/revisions"}],"wp:featuredmedia":[{"embeddable":true,"href":"https:\/\/www.rri.ro\/en\/wp-json\/wp\/v2\/media\/75903"}],"wp:attachment":[{"href":"https:\/\/www.rri.ro\/en\/wp-json\/wp\/v2\/media?parent=101389"}],"wp:term":[{"taxonomy":"category","embeddable":true,"href":"https:\/\/www.rri.ro\/en\/wp-json\/wp\/v2\/categories?post=101389"},{"taxonomy":"post_tag","embeddable":true,"href":"https:\/\/www.rri.ro\/en\/wp-json\/wp\/v2\/tags?post=101389"},{"taxonomy":"author","embeddable":true,"href":"https:\/\/www.rri.ro\/en\/wp-json\/wp\/v2\/coauthors?post=101389"}],"curies":[{"name":"wp","href":"https:\/\/api.w.org\/{rel}","templated":true}]}}