{"id":102345,"date":"2017-11-14T14:28:00","date_gmt":"2017-11-14T12:28:00","guid":{"rendered":"http:\/\/devrri.freshlemon.ro\/news-and-current-affairs\/newsflash\/november-14-2017-102345.html"},"modified":"2024-02-15T20:12:24","modified_gmt":"2024-02-15T18:12:24","slug":"november-14-2017","status":"publish","type":"post","link":"https:\/\/www.rri.ro\/en\/news-and-current-affairs\/newsflash\/november-14-2017-id102345.html","title":{"rendered":"November 14, 2017"},"content":{"rendered":"<p><strong style=line-height: 1.6em;>GDP<\/strong> &#8212; In 2017 Romania\u2019s real GDP went up by 2.6%  in the third quarter as against the previous quarter, and by 8.8% as compared with the same period last year, according to the National Statistics Institute. In the first nine months this year Romania\u2019s economy grew by 7%. Early this month the National Forecast Commission revised upwards the country\u2019s economic growth prospects for this year, from 5.6% to 6.1%. Also, according to the European Commission, the Romanian economy could go up by 5.3% this year and by 4.2% in 2018. In October the IMF also revised upwards the Romanian economy\u2019s growth estimations for this year, from 4.2% to 5.5%.<\/p>\n<p>&#13;<br \/>\n&#13;<\/p>\n<p>&#13;<br \/>\n&#13;<\/p>\n<p>&#13;<br \/>\n&#13;<\/p>\n<p><strong style=line-height: 1.6em;>CELEBRATION<\/strong> &#8212; Romania celebrates today 139 years since the southeastern province of Dobruja was unified with the country. The province had been, up to that point, under Ottoman rule. In 1878, following the Russian-Romanian-Turkish war, the International Peace Congress in Berlin recognised Romania\u2019s independence and the province of Dobruja together with the tiny Snake Island in the Black Sea as part of its territory. Authorities in the counties of Tulcea and Constanta are staging ceremonies to celebrate this historic event.<\/p>\n<p>&#13;<br \/>\n&#13;<\/p>\n<p>&#13;<br \/>\n&#13;<\/p>\n<p>&#13;<br \/>\n&#13;<\/p>\n<p><strong style=line-height: 1.6em;>NO-CONFIDENCE MOTION &#8211; <\/strong> The National Liberal Party, the main right wing opposition party in Parliament, is today starting negotiations with representatives of other parliamentary parties to support the no-confidence vote against the coalition government made up of the Social Democratic Party and the Alliance of Liberals and Democrats and headed by Mihai Tudose. The Liberal President Ludovic Orban has announced that information campaigns will be organised across the country and protest rallies will be staged in the country and abroad. The Liberals also requested the Ombudsman to challenge the tax reform promoted by the government in the Constitutional Court. Rallies were staged in Bucharest and other cities to protest against the governments new measures and the bills on the amendment of the laws governing the justice system. Both the prime minister Mihai Tudose and the Social Democratic leader Liviu Dragnea said they would not reconsider their planned changes to the tax code, which they say would bring in more revenues to the budget and the pension fund, while also simplifying procedures for businesses.<\/p>\n<p>&#13;<br \/>\n&#13;<\/p>\n<p>&#13;<br \/>\n&#13;<\/p>\n<p>&#13;<br \/>\n&#13;<\/p>\n<p><strong>QUAKE<\/strong> &#8211; Iran has declared a day of mourning for the victims of Sunday\u2019s quake. According to the authorities\u2019 latest report, over 450 people lost their lives after the earthquake struck the country near its Iraki border. The US Geological Survey said the epicentre was about 32 kilometers southwest of the city of Halabjah and measured 7.2.  On the Iraqi side, the most extensive damage was in the town of Darbandikhan, in the semi-autonomous Kurdistan Region. Iran is prone to near daily quakes as it sits on many major fault lines. In 2003, a 6.6 magnitude destroyed the historic city of Bam, killing 26,000 people.<\/p>\n<p>&#13;<br \/>\n&#13;<\/p>\n<p>&#13;<br \/>\n&#13;<\/p>\n<p>&#13;<br \/>\n&#13;<\/p>\n<p><strong>TENNIS &#8211; <\/strong> The Romanian-Dutch pair Horia Tecau and Jean-Julien Rojer today face the Finnish-Australian pair Henri Kontinen and John Peers in their second match at the ATP World Tour Finals in London. In their first match on Sunday, Tecau and Rojer lost to the all-French pair Pierre-Hugues Herbert and Nicolas Mahut. This is the fifth time Tecau plays in the World Tour Finals doubles after 2011, 2012, 2014 and 2015, the last time he was there winning the title together with Rojer. <\/p>\n<p>&#13;<br \/>\n&#13;<\/p>\n<p>&#13;<br \/>\n&#13;<\/p>\n<p>&#13;<br \/>\n&#13;<\/p>\n<p><strong>FOOTBLALL<\/strong> &#8211; The Romanian national football squad today take on the similar team of the Netherlands, in a friendly game in Bucharest. On Thursday, November 9, in the city of Cluj, Romania outclassed the national team of Turkey in a test game, 2-nil. Today\u2019s match is the fourth for the Romanian team with Cosmin Contra as head coach, who replaced in September the German Cristoph Daum.<\/p>\n<p>&#13;<br \/>\n&#13;<\/p>\n<p>(Translated by Elena Enache)<\/p>\n<p>&#13;<\/p>\n","protected":false},"excerpt":{"rendered":"<p>Romania&#8217;s GDP in the third quarter of the year, up by 8.8% as against the same period of 2016<\/p>\n","protected":false},"author":113,"featured_media":75903,"comment_status":"closed","ping_status":"closed","sticky":false,"template":"","format":"standard","meta":{"_acf_changed":false,"footnotes":""},"categories":[22],"tags":[29496,31693,32773,32774,29715,28988,31555,30787,32772],"coauthors":[],"class_list":["post-102345","post","type-post","status-publish","format-standard","has-post-thumbnail","hentry","category-newsflash","tag-atp-world-tour-finals","tag-gdp","tag-horia-tecau-and-jean-julien-rojer","tag-irak","tag-iran","tag-netherlands","tag-no-confidence-vote","tag-quake","tag-romanian-national-football-squad"],"acf":[],"yoast_head":"<!-- This site is optimized with the Yoast SEO plugin v27.3 - https:\/\/yoast.com\/product\/yoast-seo-wordpress\/ -->\n<title>November 14, 2017 - Radio Romania International<\/title>\n<meta name=\"robots\" content=\"index, follow, max-snippet:-1, max-image-preview:large, max-video-preview:-1\" \/>\n<link rel=\"canonical\" href=\"https:\/\/www.rri.ro\/en\/news-and-current-affairs\/newsflash\/november-14-2017-id102345.html\" \/>\n<meta property=\"og:locale\" content=\"en_US\" \/>\n<meta property=\"og:type\" content=\"article\" \/>\n<meta property=\"og:title\" content=\"November 14, 2017 - Radio Romania International\" \/>\n<meta property=\"og:description\" content=\"Romania&#039;s GDP in the third quarter of the year, up by 8.8% as against the same period of 2016\" \/>\n<meta property=\"og:url\" content=\"https:\/\/www.rri.ro\/en\/news-and-current-affairs\/newsflash\/november-14-2017-id102345.html\" \/>\n<meta property=\"og:site_name\" content=\"Radio Romania International\" \/>\n<meta property=\"article:published_time\" content=\"2017-11-14T12:28:00+00:00\" \/>\n<meta property=\"article:modified_time\" content=\"2024-02-15T18:12:24+00:00\" \/>\n<meta property=\"og:image\" content=\"https:\/\/www.rri.ro\/wp-content\/uploads\/2023\/10\/stiri-engleza-ok.png\" \/>\n\t<meta property=\"og:image:width\" content=\"640\" \/>\n\t<meta property=\"og:image:height\" content=\"480\" \/>\n\t<meta property=\"og:image:type\" content=\"image\/png\" \/>\n<meta name=\"author\" content=\"Newsroom\" \/>\n<meta name=\"twitter:card\" content=\"summary_large_image\" \/>\n<meta name=\"twitter:label1\" content=\"Written by\" \/>\n\t<meta name=\"twitter:data1\" content=\"Newsroom\" \/>\n\t<meta name=\"twitter:label2\" content=\"Est. reading time\" \/>\n\t<meta name=\"twitter:data2\" content=\"3 minutes\" \/>\n<script type=\"application\/ld+json\" class=\"yoast-schema-graph\">{\"@context\":\"https:\\\/\\\/schema.org\",\"@graph\":[{\"@type\":\"Article\",\"@id\":\"https:\\\/\\\/www.rri.ro\\\/en\\\/news-and-current-affairs\\\/newsflash\\\/november-14-2017-id102345.html#article\",\"isPartOf\":{\"@id\":\"https:\\\/\\\/www.rri.ro\\\/en\\\/news-and-current-affairs\\\/newsflash\\\/november-14-2017-id102345.html\"},\"author\":{\"name\":\"Newsroom\",\"@id\":\"https:\\\/\\\/www.rri.ro\\\/#\\\/schema\\\/person\\\/4a479940371b9fdefd194f561e8a7f88\"},\"headline\":\"November 14, 2017\",\"datePublished\":\"2017-11-14T12:28:00+00:00\",\"dateModified\":\"2024-02-15T18:12:24+00:00\",\"mainEntityOfPage\":{\"@id\":\"https:\\\/\\\/www.rri.ro\\\/en\\\/news-and-current-affairs\\\/newsflash\\\/november-14-2017-id102345.html\"},\"wordCount\":604,\"image\":{\"@id\":\"https:\\\/\\\/www.rri.ro\\\/en\\\/news-and-current-affairs\\\/newsflash\\\/november-14-2017-id102345.html#primaryimage\"},\"thumbnailUrl\":\"https:\\\/\\\/www.rri.ro\\\/wp-content\\\/uploads\\\/2023\\\/10\\\/stiri-engleza-ok.png\",\"keywords\":[\"ATP World Tour Finals\",\"GDP\",\"Horia Tecau and Jean-Julien Rojer\",\"Irak\",\"Iran\",\"Netherlands\",\"no-confidence vote\",\"quake\",\"Romanian national football squad\"],\"articleSection\":[\"Newsflash\"],\"inLanguage\":\"en-US\"},{\"@type\":\"WebPage\",\"@id\":\"https:\\\/\\\/www.rri.ro\\\/en\\\/news-and-current-affairs\\\/newsflash\\\/november-14-2017-id102345.html\",\"url\":\"https:\\\/\\\/www.rri.ro\\\/en\\\/news-and-current-affairs\\\/newsflash\\\/november-14-2017-id102345.html\",\"name\":\"November 14, 2017 - Radio Romania International\",\"isPartOf\":{\"@id\":\"https:\\\/\\\/www.rri.ro\\\/#website\"},\"primaryImageOfPage\":{\"@id\":\"https:\\\/\\\/www.rri.ro\\\/en\\\/news-and-current-affairs\\\/newsflash\\\/november-14-2017-id102345.html#primaryimage\"},\"image\":{\"@id\":\"https:\\\/\\\/www.rri.ro\\\/en\\\/news-and-current-affairs\\\/newsflash\\\/november-14-2017-id102345.html#primaryimage\"},\"thumbnailUrl\":\"https:\\\/\\\/www.rri.ro\\\/wp-content\\\/uploads\\\/2023\\\/10\\\/stiri-engleza-ok.png\",\"datePublished\":\"2017-11-14T12:28:00+00:00\",\"dateModified\":\"2024-02-15T18:12:24+00:00\",\"author\":{\"@id\":\"https:\\\/\\\/www.rri.ro\\\/#\\\/schema\\\/person\\\/4a479940371b9fdefd194f561e8a7f88\"},\"breadcrumb\":{\"@id\":\"https:\\\/\\\/www.rri.ro\\\/en\\\/news-and-current-affairs\\\/newsflash\\\/november-14-2017-id102345.html#breadcrumb\"},\"inLanguage\":\"en-US\",\"potentialAction\":[{\"@type\":\"ReadAction\",\"target\":[\"https:\\\/\\\/www.rri.ro\\\/en\\\/news-and-current-affairs\\\/newsflash\\\/november-14-2017-id102345.html\"]}]},{\"@type\":\"ImageObject\",\"inLanguage\":\"en-US\",\"@id\":\"https:\\\/\\\/www.rri.ro\\\/en\\\/news-and-current-affairs\\\/newsflash\\\/november-14-2017-id102345.html#primaryimage\",\"url\":\"https:\\\/\\\/www.rri.ro\\\/wp-content\\\/uploads\\\/2023\\\/10\\\/stiri-engleza-ok.png\",\"contentUrl\":\"https:\\\/\\\/www.rri.ro\\\/wp-content\\\/uploads\\\/2023\\\/10\\\/stiri-engleza-ok.png\",\"width\":640,\"height\":480},{\"@type\":\"BreadcrumbList\",\"@id\":\"https:\\\/\\\/www.rri.ro\\\/en\\\/news-and-current-affairs\\\/newsflash\\\/november-14-2017-id102345.html#breadcrumb\",\"itemListElement\":[{\"@type\":\"ListItem\",\"position\":1,\"name\":\"Homepage\",\"item\":\"https:\\\/\\\/www.rri.ro\\\/en\"},{\"@type\":\"ListItem\",\"position\":2,\"name\":\"News and Current Affairs\",\"item\":\"https:\\\/\\\/www.rri.ro\\\/en\\\/news-and-current-affairs\"},{\"@type\":\"ListItem\",\"position\":3,\"name\":\"Newsflash\",\"item\":\"https:\\\/\\\/www.rri.ro\\\/en\\\/news-and-current-affairs\\\/newsflash\"},{\"@type\":\"ListItem\",\"position\":4,\"name\":\"November 14, 2017\"}]},{\"@type\":\"WebSite\",\"@id\":\"https:\\\/\\\/www.rri.ro\\\/#website\",\"url\":\"https:\\\/\\\/www.rri.ro\\\/\",\"name\":\"Radio Romania International\",\"description\":\"Totul despre Rom\u00e2nia \u015fi rom\u00e2ni, \u00een 13 limbi\\\/dialecte!\",\"inLanguage\":\"en-US\"},{\"@type\":\"Person\",\"@id\":\"https:\\\/\\\/www.rri.ro\\\/#\\\/schema\\\/person\\\/4a479940371b9fdefd194f561e8a7f88\",\"name\":\"Newsroom\",\"url\":\"https:\\\/\\\/www.rri.ro\\\/en\\\/author\\\/newsroom\"}]}<\/script>\n<!-- \/ Yoast SEO plugin. -->","yoast_head_json":{"title":"November 14, 2017 - Radio Romania International","robots":{"index":"index","follow":"follow","max-snippet":"max-snippet:-1","max-image-preview":"max-image-preview:large","max-video-preview":"max-video-preview:-1"},"canonical":"https:\/\/www.rri.ro\/en\/news-and-current-affairs\/newsflash\/november-14-2017-id102345.html","og_locale":"en_US","og_type":"article","og_title":"November 14, 2017 - Radio Romania International","og_description":"Romania's GDP in the third quarter of the year, up by 8.8% as against the same period of 2016","og_url":"https:\/\/www.rri.ro\/en\/news-and-current-affairs\/newsflash\/november-14-2017-id102345.html","og_site_name":"Radio Romania International","article_published_time":"2017-11-14T12:28:00+00:00","article_modified_time":"2024-02-15T18:12:24+00:00","og_image":[{"width":640,"height":480,"url":"https:\/\/www.rri.ro\/wp-content\/uploads\/2023\/10\/stiri-engleza-ok.png","type":"image\/png"}],"author":"Newsroom","twitter_card":"summary_large_image","twitter_misc":{"Written by":"Newsroom","Est. reading time":"3 minutes"},"schema":{"@context":"https:\/\/schema.org","@graph":[{"@type":"Article","@id":"https:\/\/www.rri.ro\/en\/news-and-current-affairs\/newsflash\/november-14-2017-id102345.html#article","isPartOf":{"@id":"https:\/\/www.rri.ro\/en\/news-and-current-affairs\/newsflash\/november-14-2017-id102345.html"},"author":{"name":"Newsroom","@id":"https:\/\/www.rri.ro\/#\/schema\/person\/4a479940371b9fdefd194f561e8a7f88"},"headline":"November 14, 2017","datePublished":"2017-11-14T12:28:00+00:00","dateModified":"2024-02-15T18:12:24+00:00","mainEntityOfPage":{"@id":"https:\/\/www.rri.ro\/en\/news-and-current-affairs\/newsflash\/november-14-2017-id102345.html"},"wordCount":604,"image":{"@id":"https:\/\/www.rri.ro\/en\/news-and-current-affairs\/newsflash\/november-14-2017-id102345.html#primaryimage"},"thumbnailUrl":"https:\/\/www.rri.ro\/wp-content\/uploads\/2023\/10\/stiri-engleza-ok.png","keywords":["ATP World Tour Finals","GDP","Horia Tecau and Jean-Julien Rojer","Irak","Iran","Netherlands","no-confidence vote","quake","Romanian national football squad"],"articleSection":["Newsflash"],"inLanguage":"en-US"},{"@type":"WebPage","@id":"https:\/\/www.rri.ro\/en\/news-and-current-affairs\/newsflash\/november-14-2017-id102345.html","url":"https:\/\/www.rri.ro\/en\/news-and-current-affairs\/newsflash\/november-14-2017-id102345.html","name":"November 14, 2017 - Radio Romania International","isPartOf":{"@id":"https:\/\/www.rri.ro\/#website"},"primaryImageOfPage":{"@id":"https:\/\/www.rri.ro\/en\/news-and-current-affairs\/newsflash\/november-14-2017-id102345.html#primaryimage"},"image":{"@id":"https:\/\/www.rri.ro\/en\/news-and-current-affairs\/newsflash\/november-14-2017-id102345.html#primaryimage"},"thumbnailUrl":"https:\/\/www.rri.ro\/wp-content\/uploads\/2023\/10\/stiri-engleza-ok.png","datePublished":"2017-11-14T12:28:00+00:00","dateModified":"2024-02-15T18:12:24+00:00","author":{"@id":"https:\/\/www.rri.ro\/#\/schema\/person\/4a479940371b9fdefd194f561e8a7f88"},"breadcrumb":{"@id":"https:\/\/www.rri.ro\/en\/news-and-current-affairs\/newsflash\/november-14-2017-id102345.html#breadcrumb"},"inLanguage":"en-US","potentialAction":[{"@type":"ReadAction","target":["https:\/\/www.rri.ro\/en\/news-and-current-affairs\/newsflash\/november-14-2017-id102345.html"]}]},{"@type":"ImageObject","inLanguage":"en-US","@id":"https:\/\/www.rri.ro\/en\/news-and-current-affairs\/newsflash\/november-14-2017-id102345.html#primaryimage","url":"https:\/\/www.rri.ro\/wp-content\/uploads\/2023\/10\/stiri-engleza-ok.png","contentUrl":"https:\/\/www.rri.ro\/wp-content\/uploads\/2023\/10\/stiri-engleza-ok.png","width":640,"height":480},{"@type":"BreadcrumbList","@id":"https:\/\/www.rri.ro\/en\/news-and-current-affairs\/newsflash\/november-14-2017-id102345.html#breadcrumb","itemListElement":[{"@type":"ListItem","position":1,"name":"Homepage","item":"https:\/\/www.rri.ro\/en"},{"@type":"ListItem","position":2,"name":"News and Current Affairs","item":"https:\/\/www.rri.ro\/en\/news-and-current-affairs"},{"@type":"ListItem","position":3,"name":"Newsflash","item":"https:\/\/www.rri.ro\/en\/news-and-current-affairs\/newsflash"},{"@type":"ListItem","position":4,"name":"November 14, 2017"}]},{"@type":"WebSite","@id":"https:\/\/www.rri.ro\/#website","url":"https:\/\/www.rri.ro\/","name":"Radio Romania International","description":"Totul despre Rom\u00e2nia \u015fi rom\u00e2ni, \u00een 13 limbi\/dialecte!","inLanguage":"en-US"},{"@type":"Person","@id":"https:\/\/www.rri.ro\/#\/schema\/person\/4a479940371b9fdefd194f561e8a7f88","name":"Newsroom","url":"https:\/\/www.rri.ro\/en\/author\/newsroom"}]}},"_links":{"self":[{"href":"https:\/\/www.rri.ro\/en\/wp-json\/wp\/v2\/posts\/102345","targetHints":{"allow":["GET"]}}],"collection":[{"href":"https:\/\/www.rri.ro\/en\/wp-json\/wp\/v2\/posts"}],"about":[{"href":"https:\/\/www.rri.ro\/en\/wp-json\/wp\/v2\/types\/post"}],"author":[{"embeddable":true,"href":"https:\/\/www.rri.ro\/en\/wp-json\/wp\/v2\/users\/113"}],"replies":[{"embeddable":true,"href":"https:\/\/www.rri.ro\/en\/wp-json\/wp\/v2\/comments?post=102345"}],"version-history":[{"count":0,"href":"https:\/\/www.rri.ro\/en\/wp-json\/wp\/v2\/posts\/102345\/revisions"}],"wp:featuredmedia":[{"embeddable":true,"href":"https:\/\/www.rri.ro\/en\/wp-json\/wp\/v2\/media\/75903"}],"wp:attachment":[{"href":"https:\/\/www.rri.ro\/en\/wp-json\/wp\/v2\/media?parent=102345"}],"wp:term":[{"taxonomy":"category","embeddable":true,"href":"https:\/\/www.rri.ro\/en\/wp-json\/wp\/v2\/categories?post=102345"},{"taxonomy":"post_tag","embeddable":true,"href":"https:\/\/www.rri.ro\/en\/wp-json\/wp\/v2\/tags?post=102345"},{"taxonomy":"author","embeddable":true,"href":"https:\/\/www.rri.ro\/en\/wp-json\/wp\/v2\/coauthors?post=102345"}],"curies":[{"name":"wp","href":"https:\/\/api.w.org\/{rel}","templated":true}]}}