{"id":102526,"date":"2018-01-23T19:42:00","date_gmt":"2018-01-23T17:42:00","guid":{"rendered":"http:\/\/devrri.freshlemon.ro\/news-and-current-affairs\/newsflash\/january-23-2018-update-102526.html"},"modified":"2024-02-15T20:14:18","modified_gmt":"2024-02-15T18:14:18","slug":"january-23-2018-update","status":"publish","type":"post","link":"https:\/\/www.rri.ro\/en\/news-and-current-affairs\/newsflash\/january-23-2018-update-id102526.html","title":{"rendered":"January 23, 2018 UPDATE"},"content":{"rendered":"<p><strong>SCHENGEN<\/strong> &#8211; Romania\u2019s President Klaus Iohannis on Tuesday stated, at the annual meeting with the heads of the diplomatic missions accredited to Bucharest, that Romania\u2019s joining the Schengen area is essential. He has also stated that the logistics needed for Romania\u2019s holding the presidency of the EU Council in 2019 must be properly prepared. The head of state has given assurances that Romania will keep taking part in the debates on strengthening the economic and monetary union and has added that unless it joins the Schengen area, Romania will not enjoy all the benefits ensured by its EU integration. The president has also stated that Romania\u2019s foreign policy pillars are the strategic partnership with the US and its membership to the EU and NATO. Klaus Iohannis has also stated that Bucharest firmly pleads for strengthening trans-Atlantic ties.<\/p>\n<p>&#13;<br \/>\n&#13;<\/p>\n<p>&#13;<br \/>\n&#13;<\/p>\n<p><strong>OPPOSITION<\/strong> &#8211; The National Liberal Party, the main opposition party in Romania, on Tuesday presented the so-called \u201cblack book of the ruling coalition\u201d. The president of the party Ludovic Orban has stated that 2017 was a lost year for Romania and the country is heading in the wrong direction from a democratic, economic and social point of view. According to the analysis made by the Liberals, out of the 724 measures that the government formed by the Social Democratic Party and the Alliance of Liberals and Democrats committed to implementing, only 33 were implemented, and as regards major fields such as education, health and the economy, less than 5% of the promised measures were taken. Also, budget expenditure exceeded revenues and the money was not used for development, it was mainly spent on personnel expenditure. The National Liberal Party also claims that when the coalition started ruling, the inflation rate was 0.2%, to then reach 3.3% in 2017. Previously, Orban had announced that the Liberals would establish the way in which they were going to act in Parliament, to prevent the validation of the new governmental team, headed by the Social Democrat MEP Viorica Dancila.<\/p>\n<p>&#13;<br \/>\n&#13;<\/p>\n<p>&#13;<br \/>\n&#13;<\/p>\n<p><strong>JUSTICE LAWS<\/strong> &#8211; The Constitutional Court on Tuesday delayed a decision on the challenges lodged by the High Court of Cassation and Justice and the National Liberal Party and Save Romania Union in opposition for January 30. The Court did announce that the law referring to the setup of a special Prosecutor\u2019s Office responsible for investigating judges and prosecutors is constitutional. Magistrates believe that this breaks the principle of equality before the law, as they would become the only professional category in Romania to have a special office for their own prosecution. In turn, the Liberals say that the changes brought to the justice laws break several constitutional principles, including the senators\u2019 and deputies\u2019 right to have legislative initiatives. On Saturday, dozens of thousands of people protested again against the ruling coalition in Romania, whom they blame for trying to subordinate magistrates and to put an end to the fight against corruption. The changes in the justice laws have also been criticized by president Klaus Iohannis, the media and some of Romania\u2019s western partners.<\/p>\n<p>&#13;<br \/>\n&#13;<\/p>\n<p>&#13;<br \/>\n&#13;<\/p>\n<p><strong>IMF<\/strong> &#8211; In an update on its bi-annual \u201cWorld Economic Outlook\u201d, the International Monetary Fund estimates that world economy will increase its growth rate to 4% in 2018 and 2019. Also, the report reads that last year, economic activity in Europe and Asia was surprisingly better than estimated, so the fund has revised upwards its estimates for the Eurozone, in particular for Germany, Italy and the Netherlands. According to the IMF, the US economy would register an economic growth rate of 2.7% in 2018, but that would slow down to 2.5% in 2019. The Chinese economy would register a rate of 6.6% this year, and 6.4% in 2019. As regards Romania, in its \u201cWorld Economic Outlook\u201d, published in October 2017, the IMF revised the growth rate estimated for Romania in 2018, from 3.4% to 4.4%.<\/p>\n<p>&#13;<br \/>\n&#13;<\/p>\n<p>&#13;<br \/>\n&#13;<\/p>\n<p><strong>FLU<\/strong> &#8211; A 40-year old woman has died in Botosani, north-eastern Romania, of complications triggered by the flu. This is the third death caused by flu viruses this year in Romania, after a 69 year old woman in Bucharest and a 15-year old boy in Salaj, north-western Romania. The Health Minister Florian Bodog has called on family doctors to continue the anti-flu vaccination campaign this month too, especially of people who are at risk. According to the National Centre for Disease Surveillance and Control, the total number of cases of acute respiratory infections has reached 75,000. Specialists say that, as compared to the same period last season, the total number of ill people is smaller by some 25%.<\/p>\n<p>&#13;<br \/>\n&#13;<\/p>\n<p>&#13;<br \/>\n&#13;<\/p>\n<p><strong>PACE<\/strong> &#8212; Senator Titus Corlatean, the head of Romania\u2019s Parliamentary delegation in the Parliamentary Assembly of the Council of Europe, was elected vice-president of the Assembly in 2018 for the second time in a row. The election was made on the sidelines of a PACE session in Strasbourg. Titus Corlatean was also designated PACE rapporteur for the emergency debate \u201cThe Peacemaking Process in the Middle East: the contribution of the Council of Europe\u201d. Scheduled for Thursday, the debate will also occasion a report presented by Corlatean, who will also submit a resolution on this topic to the Assembly for approval.<\/p>\n<p>&#13;<br \/>\n&#13;<\/p>\n<p>&#13;<br \/>\n&#13;<\/p>\n<p><strong>TENNIS<\/strong> &#8211; The pair made up of the Romanian tennis players Irina Begu and Monica Niculescu has qualified for the semifinals of the Australian Open, the first Grand Slam of the year, after a 3 set victory against the US couple Jennifer Brady\/Vania King. Next, Begu and Niculescu will take on the Russians Ekaterina Makarova\/Elena Vesnina, who won the title in Melbourne back in 2014. On Wednesday, Romania\u2019s only representatives in the singles, Simona Halep, takes on Karolina Pliskova of the Czech Republic. Halep is the world\u2019s number one player and also first-seed at the Australian Open. (Translated by M. Ignatescu &#038; V. Palcu)<\/p>\n<p>&#13;<\/p>\n","protected":false},"excerpt":{"rendered":"<p>For a roundup of domestic and international news, click here<\/p>\n","protected":false},"author":113,"featured_media":75903,"comment_status":"closed","ping_status":"closed","sticky":false,"template":"","format":"standard","meta":{"_acf_changed":false,"footnotes":""},"categories":[22],"tags":[29795,30041,30824,32472,28945,32733,33055,32546,33056],"coauthors":[],"class_list":["post-102526","post","type-post","status-publish","format-standard","has-post-thumbnail","hentry","category-newsflash","tag-australian-open","tag-constitutional-court","tag-imf-report","tag-justice-laws","tag-klaus-iohannis","tag-opposition-parties","tag-pace-vice-presidency","tag-schengen-area","tag-titus-corlatean"],"acf":[],"yoast_head":"<!-- This site is optimized with the Yoast SEO plugin v27.5 - https:\/\/yoast.com\/product\/yoast-seo-wordpress\/ -->\n<title>January 23, 2018 UPDATE - Radio Romania International<\/title>\n<meta name=\"robots\" content=\"index, follow, max-snippet:-1, max-image-preview:large, max-video-preview:-1\" \/>\n<link rel=\"canonical\" href=\"https:\/\/www.rri.ro\/en\/news-and-current-affairs\/newsflash\/january-23-2018-update-id102526.html\" \/>\n<meta property=\"og:locale\" content=\"en_US\" \/>\n<meta property=\"og:type\" content=\"article\" \/>\n<meta property=\"og:title\" content=\"January 23, 2018 UPDATE - Radio Romania International\" \/>\n<meta property=\"og:description\" content=\"For a roundup of domestic and international news, click here\" \/>\n<meta property=\"og:url\" content=\"https:\/\/www.rri.ro\/en\/news-and-current-affairs\/newsflash\/january-23-2018-update-id102526.html\" \/>\n<meta property=\"og:site_name\" content=\"Radio Romania International\" \/>\n<meta property=\"article:published_time\" content=\"2018-01-23T17:42:00+00:00\" \/>\n<meta property=\"article:modified_time\" content=\"2024-02-15T18:14:18+00:00\" \/>\n<meta property=\"og:image\" content=\"https:\/\/www.rri.ro\/wp-content\/uploads\/2023\/10\/stiri-engleza-ok.png\" \/>\n\t<meta property=\"og:image:width\" content=\"640\" \/>\n\t<meta property=\"og:image:height\" content=\"480\" \/>\n\t<meta property=\"og:image:type\" content=\"image\/png\" \/>\n<meta name=\"author\" content=\"Newsroom\" \/>\n<meta name=\"twitter:card\" content=\"summary_large_image\" \/>\n<meta name=\"twitter:label1\" content=\"Written by\" \/>\n\t<meta name=\"twitter:data1\" content=\"Newsroom\" \/>\n\t<meta name=\"twitter:label2\" content=\"Est. reading time\" \/>\n\t<meta name=\"twitter:data2\" content=\"5 minutes\" \/>\n<script type=\"application\/ld+json\" class=\"yoast-schema-graph\">{\"@context\":\"https:\\\/\\\/schema.org\",\"@graph\":[{\"@type\":\"Article\",\"@id\":\"https:\\\/\\\/www.rri.ro\\\/en\\\/news-and-current-affairs\\\/newsflash\\\/january-23-2018-update-id102526.html#article\",\"isPartOf\":{\"@id\":\"https:\\\/\\\/www.rri.ro\\\/en\\\/news-and-current-affairs\\\/newsflash\\\/january-23-2018-update-id102526.html\"},\"author\":{\"name\":\"Newsroom\",\"@id\":\"https:\\\/\\\/www.rri.ro\\\/#\\\/schema\\\/person\\\/4a479940371b9fdefd194f561e8a7f88\"},\"headline\":\"January 23, 2018 UPDATE\",\"datePublished\":\"2018-01-23T17:42:00+00:00\",\"dateModified\":\"2024-02-15T18:14:18+00:00\",\"mainEntityOfPage\":{\"@id\":\"https:\\\/\\\/www.rri.ro\\\/en\\\/news-and-current-affairs\\\/newsflash\\\/january-23-2018-update-id102526.html\"},\"wordCount\":946,\"image\":{\"@id\":\"https:\\\/\\\/www.rri.ro\\\/en\\\/news-and-current-affairs\\\/newsflash\\\/january-23-2018-update-id102526.html#primaryimage\"},\"thumbnailUrl\":\"https:\\\/\\\/www.rri.ro\\\/wp-content\\\/uploads\\\/2023\\\/10\\\/stiri-engleza-ok.png\",\"keywords\":[\"Australian Open\",\"Constitutional Court\",\"IMF report\",\"justice laws\",\"Klaus Iohannis\",\"opposition parties\",\"PACE vice-presidency\",\"Schengen area\",\"Titus Corlatean\"],\"articleSection\":[\"Newsflash\"],\"inLanguage\":\"en-US\"},{\"@type\":\"WebPage\",\"@id\":\"https:\\\/\\\/www.rri.ro\\\/en\\\/news-and-current-affairs\\\/newsflash\\\/january-23-2018-update-id102526.html\",\"url\":\"https:\\\/\\\/www.rri.ro\\\/en\\\/news-and-current-affairs\\\/newsflash\\\/january-23-2018-update-id102526.html\",\"name\":\"January 23, 2018 UPDATE - Radio Romania International\",\"isPartOf\":{\"@id\":\"https:\\\/\\\/www.rri.ro\\\/#website\"},\"primaryImageOfPage\":{\"@id\":\"https:\\\/\\\/www.rri.ro\\\/en\\\/news-and-current-affairs\\\/newsflash\\\/january-23-2018-update-id102526.html#primaryimage\"},\"image\":{\"@id\":\"https:\\\/\\\/www.rri.ro\\\/en\\\/news-and-current-affairs\\\/newsflash\\\/january-23-2018-update-id102526.html#primaryimage\"},\"thumbnailUrl\":\"https:\\\/\\\/www.rri.ro\\\/wp-content\\\/uploads\\\/2023\\\/10\\\/stiri-engleza-ok.png\",\"datePublished\":\"2018-01-23T17:42:00+00:00\",\"dateModified\":\"2024-02-15T18:14:18+00:00\",\"author\":{\"@id\":\"https:\\\/\\\/www.rri.ro\\\/#\\\/schema\\\/person\\\/4a479940371b9fdefd194f561e8a7f88\"},\"breadcrumb\":{\"@id\":\"https:\\\/\\\/www.rri.ro\\\/en\\\/news-and-current-affairs\\\/newsflash\\\/january-23-2018-update-id102526.html#breadcrumb\"},\"inLanguage\":\"en-US\",\"potentialAction\":[{\"@type\":\"ReadAction\",\"target\":[\"https:\\\/\\\/www.rri.ro\\\/en\\\/news-and-current-affairs\\\/newsflash\\\/january-23-2018-update-id102526.html\"]}]},{\"@type\":\"ImageObject\",\"inLanguage\":\"en-US\",\"@id\":\"https:\\\/\\\/www.rri.ro\\\/en\\\/news-and-current-affairs\\\/newsflash\\\/january-23-2018-update-id102526.html#primaryimage\",\"url\":\"https:\\\/\\\/www.rri.ro\\\/wp-content\\\/uploads\\\/2023\\\/10\\\/stiri-engleza-ok.png\",\"contentUrl\":\"https:\\\/\\\/www.rri.ro\\\/wp-content\\\/uploads\\\/2023\\\/10\\\/stiri-engleza-ok.png\",\"width\":640,\"height\":480},{\"@type\":\"BreadcrumbList\",\"@id\":\"https:\\\/\\\/www.rri.ro\\\/en\\\/news-and-current-affairs\\\/newsflash\\\/january-23-2018-update-id102526.html#breadcrumb\",\"itemListElement\":[{\"@type\":\"ListItem\",\"position\":1,\"name\":\"Homepage\",\"item\":\"https:\\\/\\\/www.rri.ro\\\/en\"},{\"@type\":\"ListItem\",\"position\":2,\"name\":\"News and Current Affairs\",\"item\":\"https:\\\/\\\/www.rri.ro\\\/en\\\/news-and-current-affairs\"},{\"@type\":\"ListItem\",\"position\":3,\"name\":\"Newsflash\",\"item\":\"https:\\\/\\\/www.rri.ro\\\/en\\\/news-and-current-affairs\\\/newsflash\"},{\"@type\":\"ListItem\",\"position\":4,\"name\":\"January 23, 2018 UPDATE\"}]},{\"@type\":\"WebSite\",\"@id\":\"https:\\\/\\\/www.rri.ro\\\/#website\",\"url\":\"https:\\\/\\\/www.rri.ro\\\/\",\"name\":\"Radio Romania International\",\"description\":\"Totul despre Rom\u00e2nia \u015fi rom\u00e2ni, \u00een 13 limbi\\\/dialecte!\",\"inLanguage\":\"en-US\"},{\"@type\":\"Person\",\"@id\":\"https:\\\/\\\/www.rri.ro\\\/#\\\/schema\\\/person\\\/4a479940371b9fdefd194f561e8a7f88\",\"name\":\"Newsroom\",\"url\":\"https:\\\/\\\/www.rri.ro\\\/en\\\/author\\\/newsroom\"}]}<\/script>\n<!-- \/ Yoast SEO plugin. -->","yoast_head_json":{"title":"January 23, 2018 UPDATE - Radio Romania International","robots":{"index":"index","follow":"follow","max-snippet":"max-snippet:-1","max-image-preview":"max-image-preview:large","max-video-preview":"max-video-preview:-1"},"canonical":"https:\/\/www.rri.ro\/en\/news-and-current-affairs\/newsflash\/january-23-2018-update-id102526.html","og_locale":"en_US","og_type":"article","og_title":"January 23, 2018 UPDATE - Radio Romania International","og_description":"For a roundup of domestic and international news, click here","og_url":"https:\/\/www.rri.ro\/en\/news-and-current-affairs\/newsflash\/january-23-2018-update-id102526.html","og_site_name":"Radio Romania International","article_published_time":"2018-01-23T17:42:00+00:00","article_modified_time":"2024-02-15T18:14:18+00:00","og_image":[{"width":640,"height":480,"url":"https:\/\/www.rri.ro\/wp-content\/uploads\/2023\/10\/stiri-engleza-ok.png","type":"image\/png"}],"author":"Newsroom","twitter_card":"summary_large_image","twitter_misc":{"Written by":"Newsroom","Est. reading time":"5 minutes"},"schema":{"@context":"https:\/\/schema.org","@graph":[{"@type":"Article","@id":"https:\/\/www.rri.ro\/en\/news-and-current-affairs\/newsflash\/january-23-2018-update-id102526.html#article","isPartOf":{"@id":"https:\/\/www.rri.ro\/en\/news-and-current-affairs\/newsflash\/january-23-2018-update-id102526.html"},"author":{"name":"Newsroom","@id":"https:\/\/www.rri.ro\/#\/schema\/person\/4a479940371b9fdefd194f561e8a7f88"},"headline":"January 23, 2018 UPDATE","datePublished":"2018-01-23T17:42:00+00:00","dateModified":"2024-02-15T18:14:18+00:00","mainEntityOfPage":{"@id":"https:\/\/www.rri.ro\/en\/news-and-current-affairs\/newsflash\/january-23-2018-update-id102526.html"},"wordCount":946,"image":{"@id":"https:\/\/www.rri.ro\/en\/news-and-current-affairs\/newsflash\/january-23-2018-update-id102526.html#primaryimage"},"thumbnailUrl":"https:\/\/www.rri.ro\/wp-content\/uploads\/2023\/10\/stiri-engleza-ok.png","keywords":["Australian Open","Constitutional Court","IMF report","justice laws","Klaus Iohannis","opposition parties","PACE vice-presidency","Schengen area","Titus Corlatean"],"articleSection":["Newsflash"],"inLanguage":"en-US"},{"@type":"WebPage","@id":"https:\/\/www.rri.ro\/en\/news-and-current-affairs\/newsflash\/january-23-2018-update-id102526.html","url":"https:\/\/www.rri.ro\/en\/news-and-current-affairs\/newsflash\/january-23-2018-update-id102526.html","name":"January 23, 2018 UPDATE - Radio Romania International","isPartOf":{"@id":"https:\/\/www.rri.ro\/#website"},"primaryImageOfPage":{"@id":"https:\/\/www.rri.ro\/en\/news-and-current-affairs\/newsflash\/january-23-2018-update-id102526.html#primaryimage"},"image":{"@id":"https:\/\/www.rri.ro\/en\/news-and-current-affairs\/newsflash\/january-23-2018-update-id102526.html#primaryimage"},"thumbnailUrl":"https:\/\/www.rri.ro\/wp-content\/uploads\/2023\/10\/stiri-engleza-ok.png","datePublished":"2018-01-23T17:42:00+00:00","dateModified":"2024-02-15T18:14:18+00:00","author":{"@id":"https:\/\/www.rri.ro\/#\/schema\/person\/4a479940371b9fdefd194f561e8a7f88"},"breadcrumb":{"@id":"https:\/\/www.rri.ro\/en\/news-and-current-affairs\/newsflash\/january-23-2018-update-id102526.html#breadcrumb"},"inLanguage":"en-US","potentialAction":[{"@type":"ReadAction","target":["https:\/\/www.rri.ro\/en\/news-and-current-affairs\/newsflash\/january-23-2018-update-id102526.html"]}]},{"@type":"ImageObject","inLanguage":"en-US","@id":"https:\/\/www.rri.ro\/en\/news-and-current-affairs\/newsflash\/january-23-2018-update-id102526.html#primaryimage","url":"https:\/\/www.rri.ro\/wp-content\/uploads\/2023\/10\/stiri-engleza-ok.png","contentUrl":"https:\/\/www.rri.ro\/wp-content\/uploads\/2023\/10\/stiri-engleza-ok.png","width":640,"height":480},{"@type":"BreadcrumbList","@id":"https:\/\/www.rri.ro\/en\/news-and-current-affairs\/newsflash\/january-23-2018-update-id102526.html#breadcrumb","itemListElement":[{"@type":"ListItem","position":1,"name":"Homepage","item":"https:\/\/www.rri.ro\/en"},{"@type":"ListItem","position":2,"name":"News and Current Affairs","item":"https:\/\/www.rri.ro\/en\/news-and-current-affairs"},{"@type":"ListItem","position":3,"name":"Newsflash","item":"https:\/\/www.rri.ro\/en\/news-and-current-affairs\/newsflash"},{"@type":"ListItem","position":4,"name":"January 23, 2018 UPDATE"}]},{"@type":"WebSite","@id":"https:\/\/www.rri.ro\/#website","url":"https:\/\/www.rri.ro\/","name":"Radio Romania International","description":"Totul despre Rom\u00e2nia \u015fi rom\u00e2ni, \u00een 13 limbi\/dialecte!","inLanguage":"en-US"},{"@type":"Person","@id":"https:\/\/www.rri.ro\/#\/schema\/person\/4a479940371b9fdefd194f561e8a7f88","name":"Newsroom","url":"https:\/\/www.rri.ro\/en\/author\/newsroom"}]}},"_links":{"self":[{"href":"https:\/\/www.rri.ro\/en\/wp-json\/wp\/v2\/posts\/102526","targetHints":{"allow":["GET"]}}],"collection":[{"href":"https:\/\/www.rri.ro\/en\/wp-json\/wp\/v2\/posts"}],"about":[{"href":"https:\/\/www.rri.ro\/en\/wp-json\/wp\/v2\/types\/post"}],"author":[{"embeddable":true,"href":"https:\/\/www.rri.ro\/en\/wp-json\/wp\/v2\/users\/113"}],"replies":[{"embeddable":true,"href":"https:\/\/www.rri.ro\/en\/wp-json\/wp\/v2\/comments?post=102526"}],"version-history":[{"count":0,"href":"https:\/\/www.rri.ro\/en\/wp-json\/wp\/v2\/posts\/102526\/revisions"}],"wp:featuredmedia":[{"embeddable":true,"href":"https:\/\/www.rri.ro\/en\/wp-json\/wp\/v2\/media\/75903"}],"wp:attachment":[{"href":"https:\/\/www.rri.ro\/en\/wp-json\/wp\/v2\/media?parent=102526"}],"wp:term":[{"taxonomy":"category","embeddable":true,"href":"https:\/\/www.rri.ro\/en\/wp-json\/wp\/v2\/categories?post=102526"},{"taxonomy":"post_tag","embeddable":true,"href":"https:\/\/www.rri.ro\/en\/wp-json\/wp\/v2\/tags?post=102526"},{"taxonomy":"author","embeddable":true,"href":"https:\/\/www.rri.ro\/en\/wp-json\/wp\/v2\/coauthors?post=102526"}],"curies":[{"name":"wp","href":"https:\/\/api.w.org\/{rel}","templated":true}]}}