{"id":102596,"date":"2018-02-20T19:58:00","date_gmt":"2018-02-20T17:58:00","guid":{"rendered":"http:\/\/devrri.freshlemon.ro\/news-and-current-affairs\/newsflash\/february-20-2018-update-102596.html"},"modified":"2024-02-15T20:15:02","modified_gmt":"2024-02-15T18:15:02","slug":"february-20-2018-update","status":"publish","type":"post","link":"https:\/\/www.rri.ro\/en\/news-and-current-affairs\/newsflash\/february-20-2018-update-id102596.html","title":{"rendered":"February 20, 2018 UPDATE"},"content":{"rendered":"<p><strong style=line-height: 1.6em;>VISIT<\/strong> &#8212; Romania\u2019s Prime Minister Viorica D\u0103ncil\u0103, on Tuesday, after a meeting in Brussels with the president of the European Parliament, Antonio Tajani, said that they discussed about Romania taking over the presidency of the EU Council in 2019. Strengthening the relations between Bucharest and Brussels is essential, PM D\u0103ncil\u0103 said, both in the context of Romania taking over the presidency of the EU Council and for the country\u2019s involvement in the most important projects on the European agenda. In his turn, Antonio Tajani called on the Bucharest Government to continue the fight against corruption and further consolidate the rule of law. This is PM Dancila\u2019s first official visit to Brussels in this capacity. Also on Tuesday, the Romanian official had meetings with the head of the European Council, Donald Tusk and with the European Commissioner for regional policy, Corina Cre\u0163u. On Wednesday she will have a meeting with the president of the European Commission, Jean Claude Junker.<\/p>\n<p>&#13;<br \/>\n&#13;<\/p>\n<p>&#13;<br \/>\n&#13;<\/p>\n<p>&#13;<br \/>\n&#13;<\/p>\n<p><strong style=line-height: 1.6em;>MOTION<\/strong> &#8212; The Romanian Chamber of Deputies on Wednesday is voting on a simple motion against the Social Democrat Labour Minister Lia Olguta Vasilescu, tabled by the National Liberal Party, in the opposition. During the debates on Monday the Liberals asked for the Minister\u2019s resignation over the fact that the transfer of social security contributions from employers to employees, starting January 1st, has resulted in pay cuts for a significant number of employees in Romania. The signatories of the simple motion also said that through the laws that she endorsed, Lia Olguta Vasilescu has created chaos in the public and private sector alike. In her turn, the Labour Minister said before Parliament that the Liberal\u2019s estimates were not correct and that Labour Inspectorates must look into the matter and make sure the employees\u2019 salaries do not go down.<\/p>\n<p>&#13;<br \/>\n&#13;<\/p>\n<p>&#13;<br \/>\n&#13;<\/p>\n<p>&#13;<br \/>\n&#13;<\/p>\n<p><strong style=line-height: 1.6em;>MEETING<\/strong> &#8211; The development of the economic component of the Romanian-American Strategic Partnership was the main topic discussed on Tuesday with the US Ambassador in Bucharest, Hans Klemm, Speaker of the Romanian Chamber of Deputies, Liviu Dragnea, said on Tuesday. Dragnea defined the Partnership as vital for Romania and hailed the development of its military component, but voiced regret at the fact that Bucharest did not gain more in economic terms. The Romanian official said that also discussed with Ambassador Klemm was the Romanian-American cooperation within NATO.<\/p>\n<p>&#13;<br \/>\n&#13;<\/p>\n<p>&#13;<br \/>\n&#13;<\/p>\n<p>&#13;<br \/>\n&#13;<\/p>\n<p><strong style=line-height: 1.6em;>TRIAL<\/strong> &#8212; The High Court of Cassation and Justice in Bucharest on Tuesday started trying the case concerning the June 1990 miners\u2019 riots, in which the ex-president Ion Iliescu and former PM Petre Roman are charged with crimes against humanity. Prosecutors argue that the authorities have planned the violent attacks against peaceful protesters gathered at the University Square in Bucharest in June 1990. Governmental agencies were illegally involved in the crackdown, prosecutors claim, alongside coal miners and other workers from various parts of the country. Four people died and nearly 1,400 were wounded.<\/p>\n<p>&#13;<br \/>\n&#13;<\/p>\n<p>&#13;<br \/>\n&#13;<\/p>\n<p>&#13;<br \/>\n&#13;<\/p>\n<p><strong>FLU<\/strong> &#8212; Another 2 people died from the flu in Romania, with the death toll reaching 39, and more than 500 cases this season, reported the authorities have announced. Most of the flu patients are in Bucharest, and in the counties of Constanta (south-east), Olt (south), Bra\u015fov (centre) and Ia\u015fi (north-east). The authorities recommend vaccination, and the Healthcare Ministry announced that around 80,000 shots were still available. So far over 920,000 people have received flu vaccines. The Healthcare Minister, Sorina Pintea, says Romania is not facing a flu epidemic at present. <\/p>\n<p>&#13;<br \/>\n&#13;<\/p>\n<p>&#13;<br \/>\n&#13;<\/p>\n<p>&#13;<br \/>\n&#13;<\/p>\n<p><strong>MAGISTRATES<\/strong> &#8211; For a nation that aspires to a dignified future, the law and the independence of the people working in the justice system are not negotiable, Romanian President Klaus Iohannis said Tuesday. At a meeting with graduates of the National Institute of Magistracy, Iohannis said they chose to become magistrates \u201cat a time when the act of justice is questioned publicly, by the very people that are being brought to justice.\u201d The head of state made these statements against the background of accusations levelled against the National Anti-Corruption Directorate by politicians involved in corruption cases. On Thursday, Justice Minister Tudorel Toader will present an assessment of the activity of the General Prosecutor\u2019s Office, the National Anti-Corruption Directorate and the Directorate for the Investigation of Organized Crime and Terrorism.<\/p>\n<p>&#13;<br \/>\n&#13;<\/p>\n<p>&#13;<br \/>\n&#13;<\/p>\n<p>&#13;<br \/>\n&#13;<\/p>\n<p><strong style=line-height: 1.6em;>DEFENCE<\/strong> &#8212; The Romanian Defence Minister, Mihai Fifor, says the state will get involved in extending the military base in Mihail Kog\u0103lniceanu, in the south-east of the country, and announced talks in this respect had already been held with the American partners. He added he would like a permanent American presence in that unit. Over the past few years, thousands of Romanian and American troops have taken part in joint military exercises in Mihail Kog\u0103lniceanu, some of them also attended by troops from other NATO countries. The same base hosted last year air policing missions, with British, Canadian and Romanian aircraft taking part.<\/p>\n<p>&#13;<br \/>\n&#13;<\/p>\n<p>&#13;<br \/>\n&#13;<\/p>\n<p>&#13;<br \/>\n&#13;<\/p>\n<p><strong style=line-height: 1.6em;>FOOTBAL<\/strong>L &#8211; Romanian football vice-champions FCSB, former Steaua Bucharest, last week defeated Italy\u2019s Lazio Rome 1-nil on National Arena Stadium in Bucharest and are now preparing for the return leg, scheduled for next Thursday, to be played on Stadio Olimpico di Roma.  The match is counting towards the first leg of the Europa League round of 32. (<em>Translated by E. Enache)<\/em><\/p>\n<p>&#13;<br \/>\n&#13;<\/p>\n<p>&#13;<\/p>\n","protected":false},"excerpt":{"rendered":"<p>The High Court of Cassation and Justice started trying the case concerning the June 1990 miners riots, in which ex-president Ion Iliescu and former PM Petre Roman are charged with crimes against humanity.<\/p>\n","protected":false},"author":113,"featured_media":75903,"comment_status":"closed","ping_status":"closed","sticky":false,"template":"","format":"standard","meta":{"_acf_changed":false,"footnotes":""},"categories":[22],"tags":[33164,31466,30366,32162,33038,29286,29292,32197,28945,33165,30117,32557,29409,33035],"coauthors":[],"class_list":["post-102596","post","type-post","status-publish","format-standard","has-post-thumbnail","hentry","category-newsflash","tag-1990-miners-riots","tag-antonio-tajani","tag-europa-league","tag-fcsb","tag-flu","tag-government","tag-hans-klemm","tag-ion-iliescu","tag-klaus-iohannis","tag-lazio-rome","tag-lia-olguta-vasilescu","tag-mihai-fifor","tag-petre-roman","tag-viorica-dancila"],"acf":[],"yoast_head":"<!-- This site is optimized with the Yoast SEO plugin v27.3 - https:\/\/yoast.com\/product\/yoast-seo-wordpress\/ -->\n<title>February 20, 2018 UPDATE - Radio Romania International<\/title>\n<meta name=\"robots\" content=\"index, follow, max-snippet:-1, max-image-preview:large, max-video-preview:-1\" \/>\n<link rel=\"canonical\" href=\"https:\/\/www.rri.ro\/en\/news-and-current-affairs\/newsflash\/february-20-2018-update-id102596.html\" \/>\n<meta property=\"og:locale\" content=\"en_US\" \/>\n<meta property=\"og:type\" content=\"article\" \/>\n<meta property=\"og:title\" content=\"February 20, 2018 UPDATE - Radio Romania International\" \/>\n<meta property=\"og:description\" content=\"The High Court of Cassation and Justice started trying the case concerning the June 1990 miners riots, in which ex-president Ion Iliescu and former PM Petre Roman are charged with crimes against humanity.\" \/>\n<meta property=\"og:url\" content=\"https:\/\/www.rri.ro\/en\/news-and-current-affairs\/newsflash\/february-20-2018-update-id102596.html\" \/>\n<meta property=\"og:site_name\" content=\"Radio Romania International\" \/>\n<meta property=\"article:published_time\" content=\"2018-02-20T17:58:00+00:00\" \/>\n<meta property=\"article:modified_time\" content=\"2024-02-15T18:15:02+00:00\" \/>\n<meta property=\"og:image\" content=\"https:\/\/www.rri.ro\/wp-content\/uploads\/2023\/10\/stiri-engleza-ok.png\" \/>\n\t<meta property=\"og:image:width\" content=\"640\" \/>\n\t<meta property=\"og:image:height\" content=\"480\" \/>\n\t<meta property=\"og:image:type\" content=\"image\/png\" \/>\n<meta name=\"author\" content=\"Newsroom\" \/>\n<meta name=\"twitter:card\" content=\"summary_large_image\" \/>\n<meta name=\"twitter:label1\" content=\"Written by\" \/>\n\t<meta name=\"twitter:data1\" content=\"Newsroom\" \/>\n\t<meta name=\"twitter:label2\" content=\"Est. reading time\" \/>\n\t<meta name=\"twitter:data2\" content=\"4 minutes\" \/>\n<script type=\"application\/ld+json\" class=\"yoast-schema-graph\">{\"@context\":\"https:\\\/\\\/schema.org\",\"@graph\":[{\"@type\":\"Article\",\"@id\":\"https:\\\/\\\/www.rri.ro\\\/en\\\/news-and-current-affairs\\\/newsflash\\\/february-20-2018-update-id102596.html#article\",\"isPartOf\":{\"@id\":\"https:\\\/\\\/www.rri.ro\\\/en\\\/news-and-current-affairs\\\/newsflash\\\/february-20-2018-update-id102596.html\"},\"author\":{\"name\":\"Newsroom\",\"@id\":\"https:\\\/\\\/www.rri.ro\\\/#\\\/schema\\\/person\\\/4a479940371b9fdefd194f561e8a7f88\"},\"headline\":\"February 20, 2018 UPDATE\",\"datePublished\":\"2018-02-20T17:58:00+00:00\",\"dateModified\":\"2024-02-15T18:15:02+00:00\",\"mainEntityOfPage\":{\"@id\":\"https:\\\/\\\/www.rri.ro\\\/en\\\/news-and-current-affairs\\\/newsflash\\\/february-20-2018-update-id102596.html\"},\"wordCount\":866,\"image\":{\"@id\":\"https:\\\/\\\/www.rri.ro\\\/en\\\/news-and-current-affairs\\\/newsflash\\\/february-20-2018-update-id102596.html#primaryimage\"},\"thumbnailUrl\":\"https:\\\/\\\/www.rri.ro\\\/wp-content\\\/uploads\\\/2023\\\/10\\\/stiri-engleza-ok.png\",\"keywords\":[\"1990 miners riots\",\"Antonio Tajani\",\"Europa League\",\"FCSB\",\"flu\",\"government\",\"Hans Klemm\",\"Ion Iliescu\",\"Klaus Iohannis\",\"Lazio Rome\",\"Lia Olguta Vasilescu\",\"mihai fifor\",\"Petre Roman\",\"viorica dancila\"],\"articleSection\":[\"Newsflash\"],\"inLanguage\":\"en-US\"},{\"@type\":\"WebPage\",\"@id\":\"https:\\\/\\\/www.rri.ro\\\/en\\\/news-and-current-affairs\\\/newsflash\\\/february-20-2018-update-id102596.html\",\"url\":\"https:\\\/\\\/www.rri.ro\\\/en\\\/news-and-current-affairs\\\/newsflash\\\/february-20-2018-update-id102596.html\",\"name\":\"February 20, 2018 UPDATE - Radio Romania International\",\"isPartOf\":{\"@id\":\"https:\\\/\\\/www.rri.ro\\\/#website\"},\"primaryImageOfPage\":{\"@id\":\"https:\\\/\\\/www.rri.ro\\\/en\\\/news-and-current-affairs\\\/newsflash\\\/february-20-2018-update-id102596.html#primaryimage\"},\"image\":{\"@id\":\"https:\\\/\\\/www.rri.ro\\\/en\\\/news-and-current-affairs\\\/newsflash\\\/february-20-2018-update-id102596.html#primaryimage\"},\"thumbnailUrl\":\"https:\\\/\\\/www.rri.ro\\\/wp-content\\\/uploads\\\/2023\\\/10\\\/stiri-engleza-ok.png\",\"datePublished\":\"2018-02-20T17:58:00+00:00\",\"dateModified\":\"2024-02-15T18:15:02+00:00\",\"author\":{\"@id\":\"https:\\\/\\\/www.rri.ro\\\/#\\\/schema\\\/person\\\/4a479940371b9fdefd194f561e8a7f88\"},\"breadcrumb\":{\"@id\":\"https:\\\/\\\/www.rri.ro\\\/en\\\/news-and-current-affairs\\\/newsflash\\\/february-20-2018-update-id102596.html#breadcrumb\"},\"inLanguage\":\"en-US\",\"potentialAction\":[{\"@type\":\"ReadAction\",\"target\":[\"https:\\\/\\\/www.rri.ro\\\/en\\\/news-and-current-affairs\\\/newsflash\\\/february-20-2018-update-id102596.html\"]}]},{\"@type\":\"ImageObject\",\"inLanguage\":\"en-US\",\"@id\":\"https:\\\/\\\/www.rri.ro\\\/en\\\/news-and-current-affairs\\\/newsflash\\\/february-20-2018-update-id102596.html#primaryimage\",\"url\":\"https:\\\/\\\/www.rri.ro\\\/wp-content\\\/uploads\\\/2023\\\/10\\\/stiri-engleza-ok.png\",\"contentUrl\":\"https:\\\/\\\/www.rri.ro\\\/wp-content\\\/uploads\\\/2023\\\/10\\\/stiri-engleza-ok.png\",\"width\":640,\"height\":480},{\"@type\":\"BreadcrumbList\",\"@id\":\"https:\\\/\\\/www.rri.ro\\\/en\\\/news-and-current-affairs\\\/newsflash\\\/february-20-2018-update-id102596.html#breadcrumb\",\"itemListElement\":[{\"@type\":\"ListItem\",\"position\":1,\"name\":\"Homepage\",\"item\":\"https:\\\/\\\/www.rri.ro\\\/en\"},{\"@type\":\"ListItem\",\"position\":2,\"name\":\"News and Current Affairs\",\"item\":\"https:\\\/\\\/www.rri.ro\\\/en\\\/news-and-current-affairs\"},{\"@type\":\"ListItem\",\"position\":3,\"name\":\"Newsflash\",\"item\":\"https:\\\/\\\/www.rri.ro\\\/en\\\/news-and-current-affairs\\\/newsflash\"},{\"@type\":\"ListItem\",\"position\":4,\"name\":\"February 20, 2018 UPDATE\"}]},{\"@type\":\"WebSite\",\"@id\":\"https:\\\/\\\/www.rri.ro\\\/#website\",\"url\":\"https:\\\/\\\/www.rri.ro\\\/\",\"name\":\"Radio Romania International\",\"description\":\"Totul despre Rom\u00e2nia \u015fi rom\u00e2ni, \u00een 13 limbi\\\/dialecte!\",\"inLanguage\":\"en-US\"},{\"@type\":\"Person\",\"@id\":\"https:\\\/\\\/www.rri.ro\\\/#\\\/schema\\\/person\\\/4a479940371b9fdefd194f561e8a7f88\",\"name\":\"Newsroom\",\"url\":\"https:\\\/\\\/www.rri.ro\\\/en\\\/author\\\/newsroom\"}]}<\/script>\n<!-- \/ Yoast SEO plugin. -->","yoast_head_json":{"title":"February 20, 2018 UPDATE - Radio Romania International","robots":{"index":"index","follow":"follow","max-snippet":"max-snippet:-1","max-image-preview":"max-image-preview:large","max-video-preview":"max-video-preview:-1"},"canonical":"https:\/\/www.rri.ro\/en\/news-and-current-affairs\/newsflash\/february-20-2018-update-id102596.html","og_locale":"en_US","og_type":"article","og_title":"February 20, 2018 UPDATE - Radio Romania International","og_description":"The High Court of Cassation and Justice started trying the case concerning the June 1990 miners riots, in which ex-president Ion Iliescu and former PM Petre Roman are charged with crimes against humanity.","og_url":"https:\/\/www.rri.ro\/en\/news-and-current-affairs\/newsflash\/february-20-2018-update-id102596.html","og_site_name":"Radio Romania International","article_published_time":"2018-02-20T17:58:00+00:00","article_modified_time":"2024-02-15T18:15:02+00:00","og_image":[{"width":640,"height":480,"url":"https:\/\/www.rri.ro\/wp-content\/uploads\/2023\/10\/stiri-engleza-ok.png","type":"image\/png"}],"author":"Newsroom","twitter_card":"summary_large_image","twitter_misc":{"Written by":"Newsroom","Est. reading time":"4 minutes"},"schema":{"@context":"https:\/\/schema.org","@graph":[{"@type":"Article","@id":"https:\/\/www.rri.ro\/en\/news-and-current-affairs\/newsflash\/february-20-2018-update-id102596.html#article","isPartOf":{"@id":"https:\/\/www.rri.ro\/en\/news-and-current-affairs\/newsflash\/february-20-2018-update-id102596.html"},"author":{"name":"Newsroom","@id":"https:\/\/www.rri.ro\/#\/schema\/person\/4a479940371b9fdefd194f561e8a7f88"},"headline":"February 20, 2018 UPDATE","datePublished":"2018-02-20T17:58:00+00:00","dateModified":"2024-02-15T18:15:02+00:00","mainEntityOfPage":{"@id":"https:\/\/www.rri.ro\/en\/news-and-current-affairs\/newsflash\/february-20-2018-update-id102596.html"},"wordCount":866,"image":{"@id":"https:\/\/www.rri.ro\/en\/news-and-current-affairs\/newsflash\/february-20-2018-update-id102596.html#primaryimage"},"thumbnailUrl":"https:\/\/www.rri.ro\/wp-content\/uploads\/2023\/10\/stiri-engleza-ok.png","keywords":["1990 miners riots","Antonio Tajani","Europa League","FCSB","flu","government","Hans Klemm","Ion Iliescu","Klaus Iohannis","Lazio Rome","Lia Olguta Vasilescu","mihai fifor","Petre Roman","viorica dancila"],"articleSection":["Newsflash"],"inLanguage":"en-US"},{"@type":"WebPage","@id":"https:\/\/www.rri.ro\/en\/news-and-current-affairs\/newsflash\/february-20-2018-update-id102596.html","url":"https:\/\/www.rri.ro\/en\/news-and-current-affairs\/newsflash\/february-20-2018-update-id102596.html","name":"February 20, 2018 UPDATE - Radio Romania International","isPartOf":{"@id":"https:\/\/www.rri.ro\/#website"},"primaryImageOfPage":{"@id":"https:\/\/www.rri.ro\/en\/news-and-current-affairs\/newsflash\/february-20-2018-update-id102596.html#primaryimage"},"image":{"@id":"https:\/\/www.rri.ro\/en\/news-and-current-affairs\/newsflash\/february-20-2018-update-id102596.html#primaryimage"},"thumbnailUrl":"https:\/\/www.rri.ro\/wp-content\/uploads\/2023\/10\/stiri-engleza-ok.png","datePublished":"2018-02-20T17:58:00+00:00","dateModified":"2024-02-15T18:15:02+00:00","author":{"@id":"https:\/\/www.rri.ro\/#\/schema\/person\/4a479940371b9fdefd194f561e8a7f88"},"breadcrumb":{"@id":"https:\/\/www.rri.ro\/en\/news-and-current-affairs\/newsflash\/february-20-2018-update-id102596.html#breadcrumb"},"inLanguage":"en-US","potentialAction":[{"@type":"ReadAction","target":["https:\/\/www.rri.ro\/en\/news-and-current-affairs\/newsflash\/february-20-2018-update-id102596.html"]}]},{"@type":"ImageObject","inLanguage":"en-US","@id":"https:\/\/www.rri.ro\/en\/news-and-current-affairs\/newsflash\/february-20-2018-update-id102596.html#primaryimage","url":"https:\/\/www.rri.ro\/wp-content\/uploads\/2023\/10\/stiri-engleza-ok.png","contentUrl":"https:\/\/www.rri.ro\/wp-content\/uploads\/2023\/10\/stiri-engleza-ok.png","width":640,"height":480},{"@type":"BreadcrumbList","@id":"https:\/\/www.rri.ro\/en\/news-and-current-affairs\/newsflash\/february-20-2018-update-id102596.html#breadcrumb","itemListElement":[{"@type":"ListItem","position":1,"name":"Homepage","item":"https:\/\/www.rri.ro\/en"},{"@type":"ListItem","position":2,"name":"News and Current Affairs","item":"https:\/\/www.rri.ro\/en\/news-and-current-affairs"},{"@type":"ListItem","position":3,"name":"Newsflash","item":"https:\/\/www.rri.ro\/en\/news-and-current-affairs\/newsflash"},{"@type":"ListItem","position":4,"name":"February 20, 2018 UPDATE"}]},{"@type":"WebSite","@id":"https:\/\/www.rri.ro\/#website","url":"https:\/\/www.rri.ro\/","name":"Radio Romania International","description":"Totul despre Rom\u00e2nia \u015fi rom\u00e2ni, \u00een 13 limbi\/dialecte!","inLanguage":"en-US"},{"@type":"Person","@id":"https:\/\/www.rri.ro\/#\/schema\/person\/4a479940371b9fdefd194f561e8a7f88","name":"Newsroom","url":"https:\/\/www.rri.ro\/en\/author\/newsroom"}]}},"_links":{"self":[{"href":"https:\/\/www.rri.ro\/en\/wp-json\/wp\/v2\/posts\/102596","targetHints":{"allow":["GET"]}}],"collection":[{"href":"https:\/\/www.rri.ro\/en\/wp-json\/wp\/v2\/posts"}],"about":[{"href":"https:\/\/www.rri.ro\/en\/wp-json\/wp\/v2\/types\/post"}],"author":[{"embeddable":true,"href":"https:\/\/www.rri.ro\/en\/wp-json\/wp\/v2\/users\/113"}],"replies":[{"embeddable":true,"href":"https:\/\/www.rri.ro\/en\/wp-json\/wp\/v2\/comments?post=102596"}],"version-history":[{"count":0,"href":"https:\/\/www.rri.ro\/en\/wp-json\/wp\/v2\/posts\/102596\/revisions"}],"wp:featuredmedia":[{"embeddable":true,"href":"https:\/\/www.rri.ro\/en\/wp-json\/wp\/v2\/media\/75903"}],"wp:attachment":[{"href":"https:\/\/www.rri.ro\/en\/wp-json\/wp\/v2\/media?parent=102596"}],"wp:term":[{"taxonomy":"category","embeddable":true,"href":"https:\/\/www.rri.ro\/en\/wp-json\/wp\/v2\/categories?post=102596"},{"taxonomy":"post_tag","embeddable":true,"href":"https:\/\/www.rri.ro\/en\/wp-json\/wp\/v2\/tags?post=102596"},{"taxonomy":"author","embeddable":true,"href":"https:\/\/www.rri.ro\/en\/wp-json\/wp\/v2\/coauthors?post=102596"}],"curies":[{"name":"wp","href":"https:\/\/api.w.org\/{rel}","templated":true}]}}