{"id":102842,"date":"2018-06-14T14:56:49","date_gmt":"2018-06-14T14:56:49","guid":{"rendered":"http:\/\/devrri.freshlemon.ro\/news-and-current-affairs\/newsflash\/june-14-2018-2-102842.html"},"modified":"2018-06-14T14:56:49","modified_gmt":"2018-06-14T14:56:49","slug":"june-14-2018-2","status":"publish","type":"post","link":"https:\/\/www.rri.ro\/en\/news-and-current-affairs\/newsflash\/june-14-2018-2-id102842.html","title":{"rendered":"June 14, 2018"},"content":{"rendered":"<p>VISIT- Romanian Prime Minister Viorica Dancila today begins an official three-day visit to Lithuania and Estonia. She says the political dialogue with the representatives of these two EU member states will focus on the reconfiguration of close bilateral relations, based on a similar journey and common interests, related to European issues and the security of the eastern flank. A major objective is the European agenda and the preparation of Romania\u2019s rotating presidency of the European Council. In the Lithuanian capital Vilnius, prime minister Dancila will have talks with her counterpart Saulius Skvernelis and the speaker of Parliament Viktoras Pranckietis. As for her trip to Estonia, it\u2019s the first by a Romanian prime minister after the re-establishment of diplomatic ties with this Baltic state in 1991.<\/p>\n<p>&#13;<br \/>\n&#13;<\/p>\n<p>&#13;\n <\/p>\n<p>&#13;<br \/>\n&#13;<\/p>\n<p>INTELLIGENCE &#8211; Romania\u2019s President Klaus Iohannis has proposed the Social Democratic deputy Petru-Gabriel Vlase for the office of Director of the Foreign Intelligence Service, according to a communiqu\u00e9 issued today by the presidential administration. Petru-Gabriel Valse is vice-president of the Chamber of Deputies, member of the defence, public order, and national security committee and member of the Joint Special Parliamentary Committee in charge with security legislation review. He is a graduate of higher education institutions in the field of national security and defence, and he has a PhD degree in military science and intelligence. Vlase would replace Mihai Razvan Ungureanu, who resigned in September 2016.<\/p>\n<p>&#13;<br \/>\n&#13;<\/p>\n<p>&#13;\n <\/p>\n<p>&#13;<br \/>\n&#13;<\/p>\n<p>BANKING &#8211; The top management of the National Bank of Romania submits today a new report on financial stability. It comes as the annual rate of inflation in May went above 5.4%, the highest in the last five years, with an exchange rate for the national currency around 4.66 lei per euro, rising deficits and rising public debt. The report analyzes the risks to financial stability and their gravity, as well as the domestic and international economic and financial context, the infrastructure and the regulatory framework. The previous document, issued late last year, revealed that there was no systemic financial risk, but that the plunging confidence of investors in emerging states was deemed a high risk, while rising macroeconomic tensions, personal debt were considered moderate risks.<\/p>\n<p>&#13;<br \/>\n&#13;<\/p>\n<p>&#13;<br \/>\n&#13;<\/p>\n<p>MOSCOW &#8212; The 21st edition of the World Football Championship kicks off in Russia today. It is the first edition of the championship hosted by a former communist bloc country. Proving their mettle in the final tournament are 32 national teams, while 11 cities across Russia will make the venues for the scheduled fixtures. The opening game will see Russia taking on Saudi Arabia. According to the correspondent of Radio Romania\u2019s News and Current Affairs Channel in Moscow, Russia has invested tens of billions of dollars in the championship\u2019s infrastructure, as well as a significant amount of political capital, hoping the event would bolster Russia\u2019s image around the world. We recall Romania\u2019s national team has failed to make it to the current edition of the World Cup. The World Championship held in France in 1998 was the last edition the national squad took part in.<\/p>\n<p>&#13;<br \/>\n&#13;<\/p>\n<p>&#13;\n <\/p>\n<p>&#13;<br \/>\n&#13;<\/p>\n<p>HANDBALL &#8212; Romanian national men\u2019s handball team\u2019s head-coach, Spaniard Xavier Pascual Fuertes, has amiably terminated his collaboration wit the Romanian handball federation on Wednesday, in the wake of the national team\u2019s playoff fixture against Macedonia, counting towards the qualification for the 2019 edition of the World Championship. The Spanish coach stated he had taken the decision some time ago. We recall Xavier Pascual Fuertes signed a four-year contract with the Romanian Handball Federation, with the stated aim to have the national team qualify for the 2020 edition of the Olympic Games. We recall Romania has failed to make it to the 2019 edition of the World Championships although on Wednesday in Cluj, Romania defeated Macedonia, 26-25. However, our national squad went eight goals down from Macedonia in the first game, so on aggregate they were eliminated form the competition.<\/p>\n<p>&#13;<br \/>\n&#13;<\/p>\n<p>&#13;<\/p>\n","protected":false},"excerpt":{"rendered":"<p>Romanian PM Viorica Dancila visits Baltic countries; President Klaus Iohannis nominated the head of national intelligence<\/p>\n","protected":false},"author":109,"featured_media":75903,"comment_status":"closed","ping_status":"closed","sticky":false,"template":"","format":"standard","meta":{"_acf_changed":false,"footnotes":""},"categories":[22],"tags":[33647,32630,33066,29134,29572,31505,29125,29647,33648],"coauthors":[],"class_list":["post-102842","post","type-post","status-publish","format-standard","has-post-thumbnail","hentry","category-newsflash","tag-baltic","tag-banking","tag-dancila","tag-football","tag-handball","tag-intelligence","tag-iohannis","tag-moscow","tag-vlase"],"acf":[],"yoast_head":"<!-- This site is optimized with the Yoast SEO plugin v27.3 - https:\/\/yoast.com\/product\/yoast-seo-wordpress\/ -->\n<title>June 14, 2018 - Radio Romania International<\/title>\n<meta name=\"robots\" content=\"index, follow, max-snippet:-1, max-image-preview:large, max-video-preview:-1\" \/>\n<link rel=\"canonical\" href=\"https:\/\/www.rri.ro\/en\/news-and-current-affairs\/newsflash\/june-14-2018-2-id102842.html\" \/>\n<meta property=\"og:locale\" content=\"en_US\" \/>\n<meta property=\"og:type\" content=\"article\" \/>\n<meta property=\"og:title\" content=\"June 14, 2018 - Radio Romania International\" \/>\n<meta property=\"og:description\" content=\"Romanian PM Viorica Dancila visits Baltic countries; President Klaus Iohannis nominated the head of national intelligence\" \/>\n<meta property=\"og:url\" content=\"https:\/\/www.rri.ro\/en\/news-and-current-affairs\/newsflash\/june-14-2018-2-id102842.html\" \/>\n<meta property=\"og:site_name\" content=\"Radio Romania International\" \/>\n<meta property=\"article:published_time\" content=\"2018-06-14T14:56:49+00:00\" \/>\n<meta property=\"og:image\" content=\"https:\/\/www.rri.ro\/wp-content\/uploads\/2023\/10\/stiri-engleza-ok.png\" \/>\n\t<meta property=\"og:image:width\" content=\"640\" \/>\n\t<meta property=\"og:image:height\" content=\"480\" \/>\n\t<meta property=\"og:image:type\" content=\"image\/png\" \/>\n<meta name=\"author\" content=\"Roxana Vasile\" \/>\n<meta name=\"twitter:card\" content=\"summary_large_image\" \/>\n<meta name=\"twitter:label1\" content=\"Written by\" \/>\n\t<meta name=\"twitter:data1\" content=\"Roxana Vasile\" \/>\n\t<meta name=\"twitter:label2\" content=\"Est. reading time\" \/>\n\t<meta name=\"twitter:data2\" content=\"3 minutes\" \/>\n<script type=\"application\/ld+json\" class=\"yoast-schema-graph\">{\"@context\":\"https:\\\/\\\/schema.org\",\"@graph\":[{\"@type\":\"Article\",\"@id\":\"https:\\\/\\\/www.rri.ro\\\/en\\\/news-and-current-affairs\\\/newsflash\\\/june-14-2018-2-id102842.html#article\",\"isPartOf\":{\"@id\":\"https:\\\/\\\/www.rri.ro\\\/en\\\/news-and-current-affairs\\\/newsflash\\\/june-14-2018-2-id102842.html\"},\"author\":{\"name\":\"Roxana Vasile\",\"@id\":\"https:\\\/\\\/www.rri.ro\\\/#\\\/schema\\\/person\\\/0745b519f2d1287783422f162c4112af\"},\"headline\":\"June 14, 2018\",\"datePublished\":\"2018-06-14T14:56:49+00:00\",\"mainEntityOfPage\":{\"@id\":\"https:\\\/\\\/www.rri.ro\\\/en\\\/news-and-current-affairs\\\/newsflash\\\/june-14-2018-2-id102842.html\"},\"wordCount\":641,\"image\":{\"@id\":\"https:\\\/\\\/www.rri.ro\\\/en\\\/news-and-current-affairs\\\/newsflash\\\/june-14-2018-2-id102842.html#primaryimage\"},\"thumbnailUrl\":\"https:\\\/\\\/www.rri.ro\\\/wp-content\\\/uploads\\\/2023\\\/10\\\/stiri-engleza-ok.png\",\"keywords\":[\"Baltic\",\"banking\",\"Dancila\",\"football\",\"handball\",\"intelligence\",\"Iohannis\",\"Moscow\",\"Vlase\"],\"articleSection\":[\"Newsflash\"],\"inLanguage\":\"en-US\"},{\"@type\":\"WebPage\",\"@id\":\"https:\\\/\\\/www.rri.ro\\\/en\\\/news-and-current-affairs\\\/newsflash\\\/june-14-2018-2-id102842.html\",\"url\":\"https:\\\/\\\/www.rri.ro\\\/en\\\/news-and-current-affairs\\\/newsflash\\\/june-14-2018-2-id102842.html\",\"name\":\"June 14, 2018 - Radio Romania International\",\"isPartOf\":{\"@id\":\"https:\\\/\\\/www.rri.ro\\\/#website\"},\"primaryImageOfPage\":{\"@id\":\"https:\\\/\\\/www.rri.ro\\\/en\\\/news-and-current-affairs\\\/newsflash\\\/june-14-2018-2-id102842.html#primaryimage\"},\"image\":{\"@id\":\"https:\\\/\\\/www.rri.ro\\\/en\\\/news-and-current-affairs\\\/newsflash\\\/june-14-2018-2-id102842.html#primaryimage\"},\"thumbnailUrl\":\"https:\\\/\\\/www.rri.ro\\\/wp-content\\\/uploads\\\/2023\\\/10\\\/stiri-engleza-ok.png\",\"datePublished\":\"2018-06-14T14:56:49+00:00\",\"author\":{\"@id\":\"https:\\\/\\\/www.rri.ro\\\/#\\\/schema\\\/person\\\/0745b519f2d1287783422f162c4112af\"},\"breadcrumb\":{\"@id\":\"https:\\\/\\\/www.rri.ro\\\/en\\\/news-and-current-affairs\\\/newsflash\\\/june-14-2018-2-id102842.html#breadcrumb\"},\"inLanguage\":\"en-US\",\"potentialAction\":[{\"@type\":\"ReadAction\",\"target\":[\"https:\\\/\\\/www.rri.ro\\\/en\\\/news-and-current-affairs\\\/newsflash\\\/june-14-2018-2-id102842.html\"]}]},{\"@type\":\"ImageObject\",\"inLanguage\":\"en-US\",\"@id\":\"https:\\\/\\\/www.rri.ro\\\/en\\\/news-and-current-affairs\\\/newsflash\\\/june-14-2018-2-id102842.html#primaryimage\",\"url\":\"https:\\\/\\\/www.rri.ro\\\/wp-content\\\/uploads\\\/2023\\\/10\\\/stiri-engleza-ok.png\",\"contentUrl\":\"https:\\\/\\\/www.rri.ro\\\/wp-content\\\/uploads\\\/2023\\\/10\\\/stiri-engleza-ok.png\",\"width\":640,\"height\":480},{\"@type\":\"BreadcrumbList\",\"@id\":\"https:\\\/\\\/www.rri.ro\\\/en\\\/news-and-current-affairs\\\/newsflash\\\/june-14-2018-2-id102842.html#breadcrumb\",\"itemListElement\":[{\"@type\":\"ListItem\",\"position\":1,\"name\":\"Homepage\",\"item\":\"https:\\\/\\\/www.rri.ro\\\/en\"},{\"@type\":\"ListItem\",\"position\":2,\"name\":\"News and Current Affairs\",\"item\":\"https:\\\/\\\/www.rri.ro\\\/en\\\/news-and-current-affairs\"},{\"@type\":\"ListItem\",\"position\":3,\"name\":\"Newsflash\",\"item\":\"https:\\\/\\\/www.rri.ro\\\/en\\\/news-and-current-affairs\\\/newsflash\"},{\"@type\":\"ListItem\",\"position\":4,\"name\":\"June 14, 2018\"}]},{\"@type\":\"WebSite\",\"@id\":\"https:\\\/\\\/www.rri.ro\\\/#website\",\"url\":\"https:\\\/\\\/www.rri.ro\\\/\",\"name\":\"Radio Romania International\",\"description\":\"Totul despre Rom\u00e2nia \u015fi rom\u00e2ni, \u00een 13 limbi\\\/dialecte!\",\"inLanguage\":\"en-US\"},{\"@type\":\"Person\",\"@id\":\"https:\\\/\\\/www.rri.ro\\\/#\\\/schema\\\/person\\\/0745b519f2d1287783422f162c4112af\",\"name\":\"Roxana Vasile\",\"url\":\"https:\\\/\\\/www.rri.ro\\\/en\\\/author\\\/roxana-vasile\"}]}<\/script>\n<!-- \/ Yoast SEO plugin. -->","yoast_head_json":{"title":"June 14, 2018 - Radio Romania International","robots":{"index":"index","follow":"follow","max-snippet":"max-snippet:-1","max-image-preview":"max-image-preview:large","max-video-preview":"max-video-preview:-1"},"canonical":"https:\/\/www.rri.ro\/en\/news-and-current-affairs\/newsflash\/june-14-2018-2-id102842.html","og_locale":"en_US","og_type":"article","og_title":"June 14, 2018 - Radio Romania International","og_description":"Romanian PM Viorica Dancila visits Baltic countries; President Klaus Iohannis nominated the head of national intelligence","og_url":"https:\/\/www.rri.ro\/en\/news-and-current-affairs\/newsflash\/june-14-2018-2-id102842.html","og_site_name":"Radio Romania International","article_published_time":"2018-06-14T14:56:49+00:00","og_image":[{"width":640,"height":480,"url":"https:\/\/www.rri.ro\/wp-content\/uploads\/2023\/10\/stiri-engleza-ok.png","type":"image\/png"}],"author":"Roxana Vasile","twitter_card":"summary_large_image","twitter_misc":{"Written by":"Roxana Vasile","Est. reading time":"3 minutes"},"schema":{"@context":"https:\/\/schema.org","@graph":[{"@type":"Article","@id":"https:\/\/www.rri.ro\/en\/news-and-current-affairs\/newsflash\/june-14-2018-2-id102842.html#article","isPartOf":{"@id":"https:\/\/www.rri.ro\/en\/news-and-current-affairs\/newsflash\/june-14-2018-2-id102842.html"},"author":{"name":"Roxana Vasile","@id":"https:\/\/www.rri.ro\/#\/schema\/person\/0745b519f2d1287783422f162c4112af"},"headline":"June 14, 2018","datePublished":"2018-06-14T14:56:49+00:00","mainEntityOfPage":{"@id":"https:\/\/www.rri.ro\/en\/news-and-current-affairs\/newsflash\/june-14-2018-2-id102842.html"},"wordCount":641,"image":{"@id":"https:\/\/www.rri.ro\/en\/news-and-current-affairs\/newsflash\/june-14-2018-2-id102842.html#primaryimage"},"thumbnailUrl":"https:\/\/www.rri.ro\/wp-content\/uploads\/2023\/10\/stiri-engleza-ok.png","keywords":["Baltic","banking","Dancila","football","handball","intelligence","Iohannis","Moscow","Vlase"],"articleSection":["Newsflash"],"inLanguage":"en-US"},{"@type":"WebPage","@id":"https:\/\/www.rri.ro\/en\/news-and-current-affairs\/newsflash\/june-14-2018-2-id102842.html","url":"https:\/\/www.rri.ro\/en\/news-and-current-affairs\/newsflash\/june-14-2018-2-id102842.html","name":"June 14, 2018 - Radio Romania International","isPartOf":{"@id":"https:\/\/www.rri.ro\/#website"},"primaryImageOfPage":{"@id":"https:\/\/www.rri.ro\/en\/news-and-current-affairs\/newsflash\/june-14-2018-2-id102842.html#primaryimage"},"image":{"@id":"https:\/\/www.rri.ro\/en\/news-and-current-affairs\/newsflash\/june-14-2018-2-id102842.html#primaryimage"},"thumbnailUrl":"https:\/\/www.rri.ro\/wp-content\/uploads\/2023\/10\/stiri-engleza-ok.png","datePublished":"2018-06-14T14:56:49+00:00","author":{"@id":"https:\/\/www.rri.ro\/#\/schema\/person\/0745b519f2d1287783422f162c4112af"},"breadcrumb":{"@id":"https:\/\/www.rri.ro\/en\/news-and-current-affairs\/newsflash\/june-14-2018-2-id102842.html#breadcrumb"},"inLanguage":"en-US","potentialAction":[{"@type":"ReadAction","target":["https:\/\/www.rri.ro\/en\/news-and-current-affairs\/newsflash\/june-14-2018-2-id102842.html"]}]},{"@type":"ImageObject","inLanguage":"en-US","@id":"https:\/\/www.rri.ro\/en\/news-and-current-affairs\/newsflash\/june-14-2018-2-id102842.html#primaryimage","url":"https:\/\/www.rri.ro\/wp-content\/uploads\/2023\/10\/stiri-engleza-ok.png","contentUrl":"https:\/\/www.rri.ro\/wp-content\/uploads\/2023\/10\/stiri-engleza-ok.png","width":640,"height":480},{"@type":"BreadcrumbList","@id":"https:\/\/www.rri.ro\/en\/news-and-current-affairs\/newsflash\/june-14-2018-2-id102842.html#breadcrumb","itemListElement":[{"@type":"ListItem","position":1,"name":"Homepage","item":"https:\/\/www.rri.ro\/en"},{"@type":"ListItem","position":2,"name":"News and Current Affairs","item":"https:\/\/www.rri.ro\/en\/news-and-current-affairs"},{"@type":"ListItem","position":3,"name":"Newsflash","item":"https:\/\/www.rri.ro\/en\/news-and-current-affairs\/newsflash"},{"@type":"ListItem","position":4,"name":"June 14, 2018"}]},{"@type":"WebSite","@id":"https:\/\/www.rri.ro\/#website","url":"https:\/\/www.rri.ro\/","name":"Radio Romania International","description":"Totul despre Rom\u00e2nia \u015fi rom\u00e2ni, \u00een 13 limbi\/dialecte!","inLanguage":"en-US"},{"@type":"Person","@id":"https:\/\/www.rri.ro\/#\/schema\/person\/0745b519f2d1287783422f162c4112af","name":"Roxana Vasile","url":"https:\/\/www.rri.ro\/en\/author\/roxana-vasile"}]}},"_links":{"self":[{"href":"https:\/\/www.rri.ro\/en\/wp-json\/wp\/v2\/posts\/102842","targetHints":{"allow":["GET"]}}],"collection":[{"href":"https:\/\/www.rri.ro\/en\/wp-json\/wp\/v2\/posts"}],"about":[{"href":"https:\/\/www.rri.ro\/en\/wp-json\/wp\/v2\/types\/post"}],"author":[{"embeddable":true,"href":"https:\/\/www.rri.ro\/en\/wp-json\/wp\/v2\/users\/109"}],"replies":[{"embeddable":true,"href":"https:\/\/www.rri.ro\/en\/wp-json\/wp\/v2\/comments?post=102842"}],"version-history":[{"count":0,"href":"https:\/\/www.rri.ro\/en\/wp-json\/wp\/v2\/posts\/102842\/revisions"}],"wp:featuredmedia":[{"embeddable":true,"href":"https:\/\/www.rri.ro\/en\/wp-json\/wp\/v2\/media\/75903"}],"wp:attachment":[{"href":"https:\/\/www.rri.ro\/en\/wp-json\/wp\/v2\/media?parent=102842"}],"wp:term":[{"taxonomy":"category","embeddable":true,"href":"https:\/\/www.rri.ro\/en\/wp-json\/wp\/v2\/categories?post=102842"},{"taxonomy":"post_tag","embeddable":true,"href":"https:\/\/www.rri.ro\/en\/wp-json\/wp\/v2\/tags?post=102842"},{"taxonomy":"author","embeddable":true,"href":"https:\/\/www.rri.ro\/en\/wp-json\/wp\/v2\/coauthors?post=102842"}],"curies":[{"name":"wp","href":"https:\/\/api.w.org\/{rel}","templated":true}]}}