{"id":103406,"date":"2019-03-20T20:27:00","date_gmt":"2019-03-20T18:27:00","guid":{"rendered":"http:\/\/devrri.freshlemon.ro\/news-and-current-affairs\/newsflash\/march-20-2019-update-103406.html"},"modified":"2024-02-15T20:30:56","modified_gmt":"2024-02-15T18:30:56","slug":"march-20-2019-update","status":"publish","type":"post","link":"https:\/\/www.rri.ro\/en\/news-and-current-affairs\/newsflash\/march-20-2019-update-id103406.html","title":{"rendered":"March 20, 2019 UPDATE"},"content":{"rendered":"<\/p>\n<p>TALKS Negotiators of the European Parliament and of the EU Council on&#13;<br \/>\nWednesday ended their first round of talks over the appointment of the European&#13;<br \/>\nChief-prosecutor without reaching an agreement. We recall that the former head&#13;<br \/>\nof Romania&#8217;s main anti-corruption agency (DNA), Laura Codruta Kovesi, is also&#13;<br \/>\nrunning for this position. The next rounds of talks are to be held on 27th&#13;<br \/>\nMarch as well as on 4th and the 10th April. We recall&#13;<br \/>\nthat the president of the European Parliament Antonio Tajani has sent an&#13;<br \/>\nofficial letter to the Romanian Delegate Minister for European Affairs, George&#13;<br \/>\nCiamba informing him that Mrs. Kovesi is the European Parliament&#8217;s candidate&#13;<br \/>\nfor the position of European chief-prosecutor. The EU Council is backing the&#13;<br \/>\nFrench candidate Jean-Francois Bohnert. The European Prosecutor&#8217;s Office, which&#13;<br \/>\nis due to commence activity by the end of 2020, is to be an independent office&#13;<br \/>\nin charge of investigating and prosecuting frauds against the EU budget. The&#13;<br \/>\nEuropean Chief Prosecutor will have a 7-year mandate, which cannot be extended.&#13;\n<\/p>\n<p><\/p>\n<p><\/p>\n<p>&#13;<br \/>\n&#13;<br \/>\n&#13;<br \/>\n&#13;<br \/>\n&#13;<br \/>\n&#13;<br \/>\n&#13;<br \/>\n&#13;<br \/>\n&#13;<br \/>\n&#13;<\/p>\n<p>TENNIS Romanian tennis player Monica Niculescu is on the main draw of the WTA&#13;<br \/>\ntournament in Miami, Florida after 6-2, 6-4 win against Katerina Kozlova of&#13;<br \/>\nUkraine in the last qualifying round. On Thursday, Romanian challenger Irina&#13;<br \/>\nBegu is playing the Romanian-born Canadian Bianca Andreescu, who has recently&#13;<br \/>\nwon the Indian Wells tournament. Marius Copil also from the Romanian delegation&#13;<br \/>\nwill be playing Albert Ramos Vinolas in the first round, while in the women&#8217;s&#13;<br \/>\ndoubles, a Romanian-German pair made up of Simona Halep and Julia Goerges will&#13;<br \/>\nbe up against Timea Babos of Hungary and Kristina Mladenovic of France. Monica&#13;<br \/>\nNiculescu of Romania and Abigail Spears of the USA will be playing Anna-Lena&#13;<br \/>\nGroenefeld of Germany and Lucie Hradecka of the Czech Republic. Romanians Irina&#13;<br \/>\nBegu and Mihaela Buzarnescu are meeting the Taiwanese pair made up of Hao-Ching&#13;<br \/>\nand Latisha Chan. In the men&#8217;s doubles the Romanian-Dutch pair Horia Tecau -&#13;<br \/>\nJean-Julien Rojer will be playing Oliver Marach of Austria and Mate Pavic of&#13;<br \/>\nCroatia. <\/p>\n<p><\/p>\n<p><\/p>\n<p><\/p>\n<p>&#13;<br \/>\n&#13;<br \/>\n&#13;<br \/>\n&#13;<\/p>\n<p>SUMMIT Romania constantly affirmed the importance of ensuring a standard of&#13;<br \/>\nliving for citizens as high as possible, Romania&#8217;s Prime Minister Viorica&#13;<br \/>\nDancila said in Brussels on Wednesday during the Tripartite Social Summit unfolding&#13;<br \/>\nunder the motto &#8216;for a stronger united and forward-looking Europe&#8217;. The summit,&#13;<br \/>\nwhich also brought together representatives of European trade unions and employers&#13;<br \/>\nassociations was co-chaired by the president of the European Council Donald&#13;<br \/>\nTusk, the president of the European Commission Jean-Claude Juncker and by&#13;<br \/>\nRomania&#8217;s Prime Minister Viorica Dancila as this country is currently holding&#13;<br \/>\nthe EU rotating presidency. According to Dancila, besides moves at European&#13;<br \/>\nlevel, Romania has also taken a series of concrete measures at the domestic&#13;<br \/>\nlevel aimed at meeting the convergence objective. Also on Wednesday, Prime&#13;<br \/>\nMinister Dancila held talks with the First Vice-president of the European&#13;<br \/>\nCommission Frans Timmermans. According to a spokesperson for the Commission, the&#13;<br \/>\ntwo officials confirmed that Romania had stepped up measures aimed at&#13;<br \/>\nimplementing recommendations from the Cooperation and Verification Mechanism and&#13;<br \/>\nconcrete results in this respect could be expected shortly. <\/p>\n<p>&#13;<br \/>\n&#13;<br \/>\n&#13;<br \/>\n&#13;<br \/>\n&#13;<br \/>\n&#13;<\/p>\n<p><\/p>\n<p>(translated by bill)<\/p>\n<p><\/p>\n","protected":false},"excerpt":{"rendered":"<p>Click here for a roundup of domestic and international news<\/p>\n","protected":false},"author":113,"featured_media":75903,"comment_status":"closed","ping_status":"closed","sticky":false,"template":"","format":"standard","meta":{"_acf_changed":false,"footnotes":""},"categories":[22],"tags":[34590,33066,34588,34589,31922,34587],"coauthors":[],"class_list":["post-103406","post","type-post","status-publish","format-standard","has-post-thumbnail","hentry","category-newsflash","tag-buzarnescu","tag-dancila","tag-frans","tag-mihaela","tag-timmermans","tag-viorica"],"acf":[],"yoast_head":"<!-- This site is optimized with the Yoast SEO plugin v27.5 - https:\/\/yoast.com\/product\/yoast-seo-wordpress\/ -->\n<title>March 20, 2019 UPDATE - Radio Romania International<\/title>\n<meta name=\"robots\" content=\"index, follow, max-snippet:-1, max-image-preview:large, max-video-preview:-1\" \/>\n<link rel=\"canonical\" href=\"https:\/\/www.rri.ro\/en\/news-and-current-affairs\/newsflash\/march-20-2019-update-id103406.html\" \/>\n<meta property=\"og:locale\" content=\"en_US\" \/>\n<meta property=\"og:type\" content=\"article\" \/>\n<meta property=\"og:title\" content=\"March 20, 2019 UPDATE - Radio Romania International\" \/>\n<meta property=\"og:description\" content=\"Click here for a roundup of domestic and international news\" \/>\n<meta property=\"og:url\" content=\"https:\/\/www.rri.ro\/en\/news-and-current-affairs\/newsflash\/march-20-2019-update-id103406.html\" \/>\n<meta property=\"og:site_name\" content=\"Radio Romania International\" \/>\n<meta property=\"article:published_time\" content=\"2019-03-20T18:27:00+00:00\" \/>\n<meta property=\"article:modified_time\" content=\"2024-02-15T18:30:56+00:00\" \/>\n<meta property=\"og:image\" content=\"https:\/\/www.rri.ro\/wp-content\/uploads\/2023\/10\/stiri-engleza-ok.png\" \/>\n\t<meta property=\"og:image:width\" content=\"640\" \/>\n\t<meta property=\"og:image:height\" content=\"480\" \/>\n\t<meta property=\"og:image:type\" content=\"image\/png\" \/>\n<meta name=\"author\" content=\"Newsroom\" \/>\n<meta name=\"twitter:card\" content=\"summary_large_image\" \/>\n<meta name=\"twitter:label1\" content=\"Written by\" \/>\n\t<meta name=\"twitter:data1\" content=\"Newsroom\" \/>\n\t<meta name=\"twitter:label2\" content=\"Est. reading time\" \/>\n\t<meta name=\"twitter:data2\" content=\"3 minutes\" \/>\n<script type=\"application\/ld+json\" class=\"yoast-schema-graph\">{\"@context\":\"https:\\\/\\\/schema.org\",\"@graph\":[{\"@type\":\"Article\",\"@id\":\"https:\\\/\\\/www.rri.ro\\\/en\\\/news-and-current-affairs\\\/newsflash\\\/march-20-2019-update-id103406.html#article\",\"isPartOf\":{\"@id\":\"https:\\\/\\\/www.rri.ro\\\/en\\\/news-and-current-affairs\\\/newsflash\\\/march-20-2019-update-id103406.html\"},\"author\":{\"name\":\"Newsroom\",\"@id\":\"https:\\\/\\\/www.rri.ro\\\/#\\\/schema\\\/person\\\/4a479940371b9fdefd194f561e8a7f88\"},\"headline\":\"March 20, 2019 UPDATE\",\"datePublished\":\"2019-03-20T18:27:00+00:00\",\"dateModified\":\"2024-02-15T18:30:56+00:00\",\"mainEntityOfPage\":{\"@id\":\"https:\\\/\\\/www.rri.ro\\\/en\\\/news-and-current-affairs\\\/newsflash\\\/march-20-2019-update-id103406.html\"},\"wordCount\":521,\"image\":{\"@id\":\"https:\\\/\\\/www.rri.ro\\\/en\\\/news-and-current-affairs\\\/newsflash\\\/march-20-2019-update-id103406.html#primaryimage\"},\"thumbnailUrl\":\"https:\\\/\\\/www.rri.ro\\\/wp-content\\\/uploads\\\/2023\\\/10\\\/stiri-engleza-ok.png\",\"keywords\":[\"Buzarnescu\",\"Dancila\",\"Frans\",\"Mihaela\",\"Timmermans\",\"Viorica\"],\"articleSection\":[\"Newsflash\"],\"inLanguage\":\"en-US\"},{\"@type\":\"WebPage\",\"@id\":\"https:\\\/\\\/www.rri.ro\\\/en\\\/news-and-current-affairs\\\/newsflash\\\/march-20-2019-update-id103406.html\",\"url\":\"https:\\\/\\\/www.rri.ro\\\/en\\\/news-and-current-affairs\\\/newsflash\\\/march-20-2019-update-id103406.html\",\"name\":\"March 20, 2019 UPDATE - Radio Romania International\",\"isPartOf\":{\"@id\":\"https:\\\/\\\/www.rri.ro\\\/#website\"},\"primaryImageOfPage\":{\"@id\":\"https:\\\/\\\/www.rri.ro\\\/en\\\/news-and-current-affairs\\\/newsflash\\\/march-20-2019-update-id103406.html#primaryimage\"},\"image\":{\"@id\":\"https:\\\/\\\/www.rri.ro\\\/en\\\/news-and-current-affairs\\\/newsflash\\\/march-20-2019-update-id103406.html#primaryimage\"},\"thumbnailUrl\":\"https:\\\/\\\/www.rri.ro\\\/wp-content\\\/uploads\\\/2023\\\/10\\\/stiri-engleza-ok.png\",\"datePublished\":\"2019-03-20T18:27:00+00:00\",\"dateModified\":\"2024-02-15T18:30:56+00:00\",\"author\":{\"@id\":\"https:\\\/\\\/www.rri.ro\\\/#\\\/schema\\\/person\\\/4a479940371b9fdefd194f561e8a7f88\"},\"breadcrumb\":{\"@id\":\"https:\\\/\\\/www.rri.ro\\\/en\\\/news-and-current-affairs\\\/newsflash\\\/march-20-2019-update-id103406.html#breadcrumb\"},\"inLanguage\":\"en-US\",\"potentialAction\":[{\"@type\":\"ReadAction\",\"target\":[\"https:\\\/\\\/www.rri.ro\\\/en\\\/news-and-current-affairs\\\/newsflash\\\/march-20-2019-update-id103406.html\"]}]},{\"@type\":\"ImageObject\",\"inLanguage\":\"en-US\",\"@id\":\"https:\\\/\\\/www.rri.ro\\\/en\\\/news-and-current-affairs\\\/newsflash\\\/march-20-2019-update-id103406.html#primaryimage\",\"url\":\"https:\\\/\\\/www.rri.ro\\\/wp-content\\\/uploads\\\/2023\\\/10\\\/stiri-engleza-ok.png\",\"contentUrl\":\"https:\\\/\\\/www.rri.ro\\\/wp-content\\\/uploads\\\/2023\\\/10\\\/stiri-engleza-ok.png\",\"width\":640,\"height\":480},{\"@type\":\"BreadcrumbList\",\"@id\":\"https:\\\/\\\/www.rri.ro\\\/en\\\/news-and-current-affairs\\\/newsflash\\\/march-20-2019-update-id103406.html#breadcrumb\",\"itemListElement\":[{\"@type\":\"ListItem\",\"position\":1,\"name\":\"Homepage\",\"item\":\"https:\\\/\\\/www.rri.ro\\\/en\"},{\"@type\":\"ListItem\",\"position\":2,\"name\":\"News and Current Affairs\",\"item\":\"https:\\\/\\\/www.rri.ro\\\/en\\\/news-and-current-affairs\"},{\"@type\":\"ListItem\",\"position\":3,\"name\":\"Newsflash\",\"item\":\"https:\\\/\\\/www.rri.ro\\\/en\\\/news-and-current-affairs\\\/newsflash\"},{\"@type\":\"ListItem\",\"position\":4,\"name\":\"March 20, 2019 UPDATE\"}]},{\"@type\":\"WebSite\",\"@id\":\"https:\\\/\\\/www.rri.ro\\\/#website\",\"url\":\"https:\\\/\\\/www.rri.ro\\\/\",\"name\":\"Radio Romania International\",\"description\":\"Totul despre Rom\u00e2nia \u015fi rom\u00e2ni, \u00een 13 limbi\\\/dialecte!\",\"inLanguage\":\"en-US\"},{\"@type\":\"Person\",\"@id\":\"https:\\\/\\\/www.rri.ro\\\/#\\\/schema\\\/person\\\/4a479940371b9fdefd194f561e8a7f88\",\"name\":\"Newsroom\",\"url\":\"https:\\\/\\\/www.rri.ro\\\/en\\\/author\\\/newsroom\"}]}<\/script>\n<!-- \/ Yoast SEO plugin. -->","yoast_head_json":{"title":"March 20, 2019 UPDATE - Radio Romania International","robots":{"index":"index","follow":"follow","max-snippet":"max-snippet:-1","max-image-preview":"max-image-preview:large","max-video-preview":"max-video-preview:-1"},"canonical":"https:\/\/www.rri.ro\/en\/news-and-current-affairs\/newsflash\/march-20-2019-update-id103406.html","og_locale":"en_US","og_type":"article","og_title":"March 20, 2019 UPDATE - Radio Romania International","og_description":"Click here for a roundup of domestic and international news","og_url":"https:\/\/www.rri.ro\/en\/news-and-current-affairs\/newsflash\/march-20-2019-update-id103406.html","og_site_name":"Radio Romania International","article_published_time":"2019-03-20T18:27:00+00:00","article_modified_time":"2024-02-15T18:30:56+00:00","og_image":[{"width":640,"height":480,"url":"https:\/\/www.rri.ro\/wp-content\/uploads\/2023\/10\/stiri-engleza-ok.png","type":"image\/png"}],"author":"Newsroom","twitter_card":"summary_large_image","twitter_misc":{"Written by":"Newsroom","Est. reading time":"3 minutes"},"schema":{"@context":"https:\/\/schema.org","@graph":[{"@type":"Article","@id":"https:\/\/www.rri.ro\/en\/news-and-current-affairs\/newsflash\/march-20-2019-update-id103406.html#article","isPartOf":{"@id":"https:\/\/www.rri.ro\/en\/news-and-current-affairs\/newsflash\/march-20-2019-update-id103406.html"},"author":{"name":"Newsroom","@id":"https:\/\/www.rri.ro\/#\/schema\/person\/4a479940371b9fdefd194f561e8a7f88"},"headline":"March 20, 2019 UPDATE","datePublished":"2019-03-20T18:27:00+00:00","dateModified":"2024-02-15T18:30:56+00:00","mainEntityOfPage":{"@id":"https:\/\/www.rri.ro\/en\/news-and-current-affairs\/newsflash\/march-20-2019-update-id103406.html"},"wordCount":521,"image":{"@id":"https:\/\/www.rri.ro\/en\/news-and-current-affairs\/newsflash\/march-20-2019-update-id103406.html#primaryimage"},"thumbnailUrl":"https:\/\/www.rri.ro\/wp-content\/uploads\/2023\/10\/stiri-engleza-ok.png","keywords":["Buzarnescu","Dancila","Frans","Mihaela","Timmermans","Viorica"],"articleSection":["Newsflash"],"inLanguage":"en-US"},{"@type":"WebPage","@id":"https:\/\/www.rri.ro\/en\/news-and-current-affairs\/newsflash\/march-20-2019-update-id103406.html","url":"https:\/\/www.rri.ro\/en\/news-and-current-affairs\/newsflash\/march-20-2019-update-id103406.html","name":"March 20, 2019 UPDATE - Radio Romania International","isPartOf":{"@id":"https:\/\/www.rri.ro\/#website"},"primaryImageOfPage":{"@id":"https:\/\/www.rri.ro\/en\/news-and-current-affairs\/newsflash\/march-20-2019-update-id103406.html#primaryimage"},"image":{"@id":"https:\/\/www.rri.ro\/en\/news-and-current-affairs\/newsflash\/march-20-2019-update-id103406.html#primaryimage"},"thumbnailUrl":"https:\/\/www.rri.ro\/wp-content\/uploads\/2023\/10\/stiri-engleza-ok.png","datePublished":"2019-03-20T18:27:00+00:00","dateModified":"2024-02-15T18:30:56+00:00","author":{"@id":"https:\/\/www.rri.ro\/#\/schema\/person\/4a479940371b9fdefd194f561e8a7f88"},"breadcrumb":{"@id":"https:\/\/www.rri.ro\/en\/news-and-current-affairs\/newsflash\/march-20-2019-update-id103406.html#breadcrumb"},"inLanguage":"en-US","potentialAction":[{"@type":"ReadAction","target":["https:\/\/www.rri.ro\/en\/news-and-current-affairs\/newsflash\/march-20-2019-update-id103406.html"]}]},{"@type":"ImageObject","inLanguage":"en-US","@id":"https:\/\/www.rri.ro\/en\/news-and-current-affairs\/newsflash\/march-20-2019-update-id103406.html#primaryimage","url":"https:\/\/www.rri.ro\/wp-content\/uploads\/2023\/10\/stiri-engleza-ok.png","contentUrl":"https:\/\/www.rri.ro\/wp-content\/uploads\/2023\/10\/stiri-engleza-ok.png","width":640,"height":480},{"@type":"BreadcrumbList","@id":"https:\/\/www.rri.ro\/en\/news-and-current-affairs\/newsflash\/march-20-2019-update-id103406.html#breadcrumb","itemListElement":[{"@type":"ListItem","position":1,"name":"Homepage","item":"https:\/\/www.rri.ro\/en"},{"@type":"ListItem","position":2,"name":"News and Current Affairs","item":"https:\/\/www.rri.ro\/en\/news-and-current-affairs"},{"@type":"ListItem","position":3,"name":"Newsflash","item":"https:\/\/www.rri.ro\/en\/news-and-current-affairs\/newsflash"},{"@type":"ListItem","position":4,"name":"March 20, 2019 UPDATE"}]},{"@type":"WebSite","@id":"https:\/\/www.rri.ro\/#website","url":"https:\/\/www.rri.ro\/","name":"Radio Romania International","description":"Totul despre Rom\u00e2nia \u015fi rom\u00e2ni, \u00een 13 limbi\/dialecte!","inLanguage":"en-US"},{"@type":"Person","@id":"https:\/\/www.rri.ro\/#\/schema\/person\/4a479940371b9fdefd194f561e8a7f88","name":"Newsroom","url":"https:\/\/www.rri.ro\/en\/author\/newsroom"}]}},"_links":{"self":[{"href":"https:\/\/www.rri.ro\/en\/wp-json\/wp\/v2\/posts\/103406","targetHints":{"allow":["GET"]}}],"collection":[{"href":"https:\/\/www.rri.ro\/en\/wp-json\/wp\/v2\/posts"}],"about":[{"href":"https:\/\/www.rri.ro\/en\/wp-json\/wp\/v2\/types\/post"}],"author":[{"embeddable":true,"href":"https:\/\/www.rri.ro\/en\/wp-json\/wp\/v2\/users\/113"}],"replies":[{"embeddable":true,"href":"https:\/\/www.rri.ro\/en\/wp-json\/wp\/v2\/comments?post=103406"}],"version-history":[{"count":0,"href":"https:\/\/www.rri.ro\/en\/wp-json\/wp\/v2\/posts\/103406\/revisions"}],"wp:featuredmedia":[{"embeddable":true,"href":"https:\/\/www.rri.ro\/en\/wp-json\/wp\/v2\/media\/75903"}],"wp:attachment":[{"href":"https:\/\/www.rri.ro\/en\/wp-json\/wp\/v2\/media?parent=103406"}],"wp:term":[{"taxonomy":"category","embeddable":true,"href":"https:\/\/www.rri.ro\/en\/wp-json\/wp\/v2\/categories?post=103406"},{"taxonomy":"post_tag","embeddable":true,"href":"https:\/\/www.rri.ro\/en\/wp-json\/wp\/v2\/tags?post=103406"},{"taxonomy":"author","embeddable":true,"href":"https:\/\/www.rri.ro\/en\/wp-json\/wp\/v2\/coauthors?post=103406"}],"curies":[{"name":"wp","href":"https:\/\/api.w.org\/{rel}","templated":true}]}}