{"id":103620,"date":"2019-07-03T14:00:00","date_gmt":"2019-07-03T11:00:00","guid":{"rendered":"http:\/\/devrri.freshlemon.ro\/news-and-current-affairs\/newsflash\/july-3-2019-103620.html"},"modified":"2024-02-15T20:33:52","modified_gmt":"2024-02-15T18:33:52","slug":"july-3-2019","status":"publish","type":"post","link":"https:\/\/www.rri.ro\/en\/news-and-current-affairs\/newsflash\/july-3-2019-id103620.html","title":{"rendered":"July 3, 2019"},"content":{"rendered":"<p>REPORT -&#13;<br \/>\nPrime Minister Viorica Dancila has presented a report on the Romanian&#13;<br \/>\npresidency of the Council of the European Union in the first half of the year.&#13;<br \/>\nAccording to Prime Minister Dancila, the presidency was a success, Romania&#13;<br \/>\nproving it is strongly attached to European Parliament values, acting to&#13;<br \/>\nconsolidate the European project, for a union of the citizens, liberties,&#13;<br \/>\nconcerted efforts and capabilities. Romania&#8217;s term in office coincided with the&#13;<br \/>\nEuropean election and was marked by Brexit developments, amidst swift changes&#13;<br \/>\nat global level. The Romanian official recalled Romania has done its duty and&#13;<br \/>\nproved it is a responsible member state, concerned with the advancement of the&#13;<br \/>\nEuropean agenda to the citizens&#8217; benefit. A total of 90 files were completed&#13;<br \/>\nduring our country&#8217;s term in office, including those on the banking union, improving&#13;<br \/>\nwork conditions and social rights, boosting Single Market integration, moving&#13;<br \/>\ntowards low-emission mobility, consolidating the digital Europe or the&#13;<br \/>\nDirective on natural gas. Another landmark this year was the EU Summit held in&#13;<br \/>\nSibiu on May 9, Europe Day.  <\/p>\n<p><\/p>\n<p>VOTING&#13;<br \/>\nLAW &#8211; The Chamber of Deputies earlier today passed a bill&#13;<br \/>\naimed at avoiding delays and difficulties in the voting process abroad, such as&#13;<br \/>\nwas the case with the latest European Parliament election. The bill allows&#13;<br \/>\nRomanians abroad to vote in the presidential election this year either by post,&#13;<br \/>\nor during a three-day period. In the latter case, the vote will start on Friday&#13;<br \/>\nat 12 PM and will end at 9 PM, while on Saturday and Sunday the vote will&#13;<br \/>\nunfold in the 7 AM &#8211; 9 PM interval, with the possibility of further extending&#13;<br \/>\nthe vote until midnight on Sunday. The same will go for the voting process at&#13;<br \/>\nhome, as long as citizens are still waiting in line to cast their votes outside&#13;<br \/>\npolling stations. As compared to the draft adopted by the Senate, the Judicial&#13;<br \/>\nCommittee of the Chamber of Deputies introduced an amendment at the suggestion&#13;<br \/>\nof the Permanent Election Authority, stating that exit-polls will now be made&#13;<br \/>\npublic after midnight on Sunday. Another provision in the new law stipulates&#13;<br \/>\nthat candidates, whether parties, political alliances or independent&#13;<br \/>\ncandidates, must now gather 200,000 signatures to become eligible. Another new&#13;<br \/>\naspect is related to the funding of election campaigns using the budget of&#13;<br \/>\npolitical parties. <\/p>\n<p><\/p>\n<p>EU -&#13;<br \/>\nThe European Parliament is today electing its President, as the MEPs start the&#13;<br \/>\nprocess of ratifying the appointment of Germany&#8217;s Defense Minister, Ursula von&#13;<br \/>\nder Leyen, as European Commission President. Heads of EU Governments have&#13;<br \/>\nappointed Von der Leyen to replace Jean-Claude Juncker at the end of three days&#13;<br \/>\nof negotiations. Over the next five years, Spain&#8217;s Foreign Minister, Josep&#13;<br \/>\nBorrell will be the next High Representative for Foreign Affairs, Belgium&#8217;s&#13;<br \/>\nPrime Minister Charles Michel will be the next European Council President,&#13;<br \/>\nwhile France&#8217;s Christine Lagarde will take over the European Central Bank. The new&#13;<br \/>\nEU leadership strikes a balance between political representation in the&#13;<br \/>\nEuropean Parliament, geographical location and gender. <\/p>\n<p><\/p>\n<p>MOLDOVA -&#13;<br \/>\nProspects of consolidating top-level dialogue between the Republic of Moldova&#13;<br \/>\nand the European Union were high on today&#8217;s agenda for talks between Moldovan&#13;<br \/>\nPrime Minister Maia Sandu and EU Commissioner for European Neighborhood Policy&#13;<br \/>\nand Enlargement Negotiations, Johannes Hahn, held in Brussels. Prime Minister&#13;<br \/>\nMaia Sandu pointed out her Government wants to rebuild democratic institutions&#13;<br \/>\nand restore citizens&#8217; trust in the state, by means of investigating the abuses&#13;<br \/>\nand irregularities of the previous Government, creating a judiciary based on&#13;<br \/>\nintegrity and public trust, promoting professionals in key positions as well as&#13;<br \/>\nfulfilling the requirements of the Association Agreement signed with the EU.&#13;<br \/>\nTalks also focused on cooperation in terms of EU assistance and possibilities&#13;<br \/>\nto boost bilateral cooperation using the Eastern Partnership platform, which&#13;<br \/>\nhas reached its 10th year of existence. Commissioner Hahn hailed the&#13;<br \/>\nMoldovan Government&#8217;s efforts to advance reforms, saying the EU is closely&#13;<br \/>\nmonitoring developments in the Republic of Moldova. <\/p>\n<p><\/p>\n<p><p>LONDON &#8211; Romanian&#13;<br \/>\ntennis players Simona Halep and Mihaela Buzarnescu are today pitted against&#13;<br \/>\neach other in the second round at Wimbledon, the third Grand Slam of the year.&#13;<br \/>\nHalep and Buzarnescu went up against each other only once, the former defeating&#13;<br \/>\nthe latter at a tournament in Italy. Another Romanian, Monica Niculescu, has&#13;<br \/>\nadvanced to the second round. <\/p>\n<p>(Translated by V. Palcu)<\/p>\n<p><\/p>\n<p><\/p>\n","protected":false},"excerpt":{"rendered":"<p>A roundup of domestic and international news<\/p>\n","protected":false},"author":113,"featured_media":75903,"comment_status":"closed","ping_status":"closed","sticky":false,"template":"","format":"standard","meta":{"_acf_changed":false,"footnotes":""},"categories":[22],"tags":[29406,31174,34367,33035,34859,28925],"coauthors":[],"class_list":["post-103620","post","type-post","status-publish","format-standard","has-post-thumbnail","hentry","category-newsflash","tag-european-parliament","tag-maia-sandu","tag-romanian-presidency-of-the-council-of-the-european-union","tag-viorica-dancila","tag-voting-law","tag-wimbledon"],"acf":[],"yoast_head":"<!-- This site is optimized with the Yoast SEO plugin v27.3 - https:\/\/yoast.com\/product\/yoast-seo-wordpress\/ -->\n<title>July 3, 2019 - Radio Romania International<\/title>\n<meta name=\"robots\" content=\"index, follow, max-snippet:-1, max-image-preview:large, max-video-preview:-1\" \/>\n<link rel=\"canonical\" href=\"https:\/\/www.rri.ro\/en\/news-and-current-affairs\/newsflash\/july-3-2019-id103620.html\" \/>\n<meta property=\"og:locale\" content=\"en_US\" \/>\n<meta property=\"og:type\" content=\"article\" \/>\n<meta property=\"og:title\" content=\"July 3, 2019 - Radio Romania International\" \/>\n<meta property=\"og:description\" content=\"A roundup of domestic and international news\" \/>\n<meta property=\"og:url\" content=\"https:\/\/www.rri.ro\/en\/news-and-current-affairs\/newsflash\/july-3-2019-id103620.html\" \/>\n<meta property=\"og:site_name\" content=\"Radio Romania International\" \/>\n<meta property=\"article:published_time\" content=\"2019-07-03T11:00:00+00:00\" \/>\n<meta property=\"article:modified_time\" content=\"2024-02-15T18:33:52+00:00\" \/>\n<meta property=\"og:image\" content=\"https:\/\/www.rri.ro\/wp-content\/uploads\/2023\/10\/stiri-engleza-ok.png\" \/>\n\t<meta property=\"og:image:width\" content=\"640\" \/>\n\t<meta property=\"og:image:height\" content=\"480\" \/>\n\t<meta property=\"og:image:type\" content=\"image\/png\" \/>\n<meta name=\"author\" content=\"Newsroom\" \/>\n<meta name=\"twitter:card\" content=\"summary_large_image\" \/>\n<meta name=\"twitter:label1\" content=\"Written by\" \/>\n\t<meta name=\"twitter:data1\" content=\"Newsroom\" \/>\n\t<meta name=\"twitter:label2\" content=\"Est. reading time\" \/>\n\t<meta name=\"twitter:data2\" content=\"4 minutes\" \/>\n<script type=\"application\/ld+json\" class=\"yoast-schema-graph\">{\"@context\":\"https:\\\/\\\/schema.org\",\"@graph\":[{\"@type\":\"Article\",\"@id\":\"https:\\\/\\\/www.rri.ro\\\/en\\\/news-and-current-affairs\\\/newsflash\\\/july-3-2019-id103620.html#article\",\"isPartOf\":{\"@id\":\"https:\\\/\\\/www.rri.ro\\\/en\\\/news-and-current-affairs\\\/newsflash\\\/july-3-2019-id103620.html\"},\"author\":{\"name\":\"Newsroom\",\"@id\":\"https:\\\/\\\/www.rri.ro\\\/#\\\/schema\\\/person\\\/4a479940371b9fdefd194f561e8a7f88\"},\"headline\":\"July 3, 2019\",\"datePublished\":\"2019-07-03T11:00:00+00:00\",\"dateModified\":\"2024-02-15T18:33:52+00:00\",\"mainEntityOfPage\":{\"@id\":\"https:\\\/\\\/www.rri.ro\\\/en\\\/news-and-current-affairs\\\/newsflash\\\/july-3-2019-id103620.html\"},\"wordCount\":717,\"image\":{\"@id\":\"https:\\\/\\\/www.rri.ro\\\/en\\\/news-and-current-affairs\\\/newsflash\\\/july-3-2019-id103620.html#primaryimage\"},\"thumbnailUrl\":\"https:\\\/\\\/www.rri.ro\\\/wp-content\\\/uploads\\\/2023\\\/10\\\/stiri-engleza-ok.png\",\"keywords\":[\"European Parliament\",\"Maia Sandu\",\"Romanian Presidency of the Council of the European Union\",\"viorica dancila\",\"voting law\",\"Wimbledon\"],\"articleSection\":[\"Newsflash\"],\"inLanguage\":\"en-US\"},{\"@type\":\"WebPage\",\"@id\":\"https:\\\/\\\/www.rri.ro\\\/en\\\/news-and-current-affairs\\\/newsflash\\\/july-3-2019-id103620.html\",\"url\":\"https:\\\/\\\/www.rri.ro\\\/en\\\/news-and-current-affairs\\\/newsflash\\\/july-3-2019-id103620.html\",\"name\":\"July 3, 2019 - Radio Romania International\",\"isPartOf\":{\"@id\":\"https:\\\/\\\/www.rri.ro\\\/#website\"},\"primaryImageOfPage\":{\"@id\":\"https:\\\/\\\/www.rri.ro\\\/en\\\/news-and-current-affairs\\\/newsflash\\\/july-3-2019-id103620.html#primaryimage\"},\"image\":{\"@id\":\"https:\\\/\\\/www.rri.ro\\\/en\\\/news-and-current-affairs\\\/newsflash\\\/july-3-2019-id103620.html#primaryimage\"},\"thumbnailUrl\":\"https:\\\/\\\/www.rri.ro\\\/wp-content\\\/uploads\\\/2023\\\/10\\\/stiri-engleza-ok.png\",\"datePublished\":\"2019-07-03T11:00:00+00:00\",\"dateModified\":\"2024-02-15T18:33:52+00:00\",\"author\":{\"@id\":\"https:\\\/\\\/www.rri.ro\\\/#\\\/schema\\\/person\\\/4a479940371b9fdefd194f561e8a7f88\"},\"breadcrumb\":{\"@id\":\"https:\\\/\\\/www.rri.ro\\\/en\\\/news-and-current-affairs\\\/newsflash\\\/july-3-2019-id103620.html#breadcrumb\"},\"inLanguage\":\"en-US\",\"potentialAction\":[{\"@type\":\"ReadAction\",\"target\":[\"https:\\\/\\\/www.rri.ro\\\/en\\\/news-and-current-affairs\\\/newsflash\\\/july-3-2019-id103620.html\"]}]},{\"@type\":\"ImageObject\",\"inLanguage\":\"en-US\",\"@id\":\"https:\\\/\\\/www.rri.ro\\\/en\\\/news-and-current-affairs\\\/newsflash\\\/july-3-2019-id103620.html#primaryimage\",\"url\":\"https:\\\/\\\/www.rri.ro\\\/wp-content\\\/uploads\\\/2023\\\/10\\\/stiri-engleza-ok.png\",\"contentUrl\":\"https:\\\/\\\/www.rri.ro\\\/wp-content\\\/uploads\\\/2023\\\/10\\\/stiri-engleza-ok.png\",\"width\":640,\"height\":480},{\"@type\":\"BreadcrumbList\",\"@id\":\"https:\\\/\\\/www.rri.ro\\\/en\\\/news-and-current-affairs\\\/newsflash\\\/july-3-2019-id103620.html#breadcrumb\",\"itemListElement\":[{\"@type\":\"ListItem\",\"position\":1,\"name\":\"Homepage\",\"item\":\"https:\\\/\\\/www.rri.ro\\\/en\"},{\"@type\":\"ListItem\",\"position\":2,\"name\":\"News and Current Affairs\",\"item\":\"https:\\\/\\\/www.rri.ro\\\/en\\\/news-and-current-affairs\"},{\"@type\":\"ListItem\",\"position\":3,\"name\":\"Newsflash\",\"item\":\"https:\\\/\\\/www.rri.ro\\\/en\\\/news-and-current-affairs\\\/newsflash\"},{\"@type\":\"ListItem\",\"position\":4,\"name\":\"July 3, 2019\"}]},{\"@type\":\"WebSite\",\"@id\":\"https:\\\/\\\/www.rri.ro\\\/#website\",\"url\":\"https:\\\/\\\/www.rri.ro\\\/\",\"name\":\"Radio Romania International\",\"description\":\"Totul despre Rom\u00e2nia \u015fi rom\u00e2ni, \u00een 13 limbi\\\/dialecte!\",\"inLanguage\":\"en-US\"},{\"@type\":\"Person\",\"@id\":\"https:\\\/\\\/www.rri.ro\\\/#\\\/schema\\\/person\\\/4a479940371b9fdefd194f561e8a7f88\",\"name\":\"Newsroom\",\"url\":\"https:\\\/\\\/www.rri.ro\\\/en\\\/author\\\/newsroom\"}]}<\/script>\n<!-- \/ Yoast SEO plugin. -->","yoast_head_json":{"title":"July 3, 2019 - Radio Romania International","robots":{"index":"index","follow":"follow","max-snippet":"max-snippet:-1","max-image-preview":"max-image-preview:large","max-video-preview":"max-video-preview:-1"},"canonical":"https:\/\/www.rri.ro\/en\/news-and-current-affairs\/newsflash\/july-3-2019-id103620.html","og_locale":"en_US","og_type":"article","og_title":"July 3, 2019 - Radio Romania International","og_description":"A roundup of domestic and international news","og_url":"https:\/\/www.rri.ro\/en\/news-and-current-affairs\/newsflash\/july-3-2019-id103620.html","og_site_name":"Radio Romania International","article_published_time":"2019-07-03T11:00:00+00:00","article_modified_time":"2024-02-15T18:33:52+00:00","og_image":[{"width":640,"height":480,"url":"https:\/\/www.rri.ro\/wp-content\/uploads\/2023\/10\/stiri-engleza-ok.png","type":"image\/png"}],"author":"Newsroom","twitter_card":"summary_large_image","twitter_misc":{"Written by":"Newsroom","Est. reading time":"4 minutes"},"schema":{"@context":"https:\/\/schema.org","@graph":[{"@type":"Article","@id":"https:\/\/www.rri.ro\/en\/news-and-current-affairs\/newsflash\/july-3-2019-id103620.html#article","isPartOf":{"@id":"https:\/\/www.rri.ro\/en\/news-and-current-affairs\/newsflash\/july-3-2019-id103620.html"},"author":{"name":"Newsroom","@id":"https:\/\/www.rri.ro\/#\/schema\/person\/4a479940371b9fdefd194f561e8a7f88"},"headline":"July 3, 2019","datePublished":"2019-07-03T11:00:00+00:00","dateModified":"2024-02-15T18:33:52+00:00","mainEntityOfPage":{"@id":"https:\/\/www.rri.ro\/en\/news-and-current-affairs\/newsflash\/july-3-2019-id103620.html"},"wordCount":717,"image":{"@id":"https:\/\/www.rri.ro\/en\/news-and-current-affairs\/newsflash\/july-3-2019-id103620.html#primaryimage"},"thumbnailUrl":"https:\/\/www.rri.ro\/wp-content\/uploads\/2023\/10\/stiri-engleza-ok.png","keywords":["European Parliament","Maia Sandu","Romanian Presidency of the Council of the European Union","viorica dancila","voting law","Wimbledon"],"articleSection":["Newsflash"],"inLanguage":"en-US"},{"@type":"WebPage","@id":"https:\/\/www.rri.ro\/en\/news-and-current-affairs\/newsflash\/july-3-2019-id103620.html","url":"https:\/\/www.rri.ro\/en\/news-and-current-affairs\/newsflash\/july-3-2019-id103620.html","name":"July 3, 2019 - Radio Romania International","isPartOf":{"@id":"https:\/\/www.rri.ro\/#website"},"primaryImageOfPage":{"@id":"https:\/\/www.rri.ro\/en\/news-and-current-affairs\/newsflash\/july-3-2019-id103620.html#primaryimage"},"image":{"@id":"https:\/\/www.rri.ro\/en\/news-and-current-affairs\/newsflash\/july-3-2019-id103620.html#primaryimage"},"thumbnailUrl":"https:\/\/www.rri.ro\/wp-content\/uploads\/2023\/10\/stiri-engleza-ok.png","datePublished":"2019-07-03T11:00:00+00:00","dateModified":"2024-02-15T18:33:52+00:00","author":{"@id":"https:\/\/www.rri.ro\/#\/schema\/person\/4a479940371b9fdefd194f561e8a7f88"},"breadcrumb":{"@id":"https:\/\/www.rri.ro\/en\/news-and-current-affairs\/newsflash\/july-3-2019-id103620.html#breadcrumb"},"inLanguage":"en-US","potentialAction":[{"@type":"ReadAction","target":["https:\/\/www.rri.ro\/en\/news-and-current-affairs\/newsflash\/july-3-2019-id103620.html"]}]},{"@type":"ImageObject","inLanguage":"en-US","@id":"https:\/\/www.rri.ro\/en\/news-and-current-affairs\/newsflash\/july-3-2019-id103620.html#primaryimage","url":"https:\/\/www.rri.ro\/wp-content\/uploads\/2023\/10\/stiri-engleza-ok.png","contentUrl":"https:\/\/www.rri.ro\/wp-content\/uploads\/2023\/10\/stiri-engleza-ok.png","width":640,"height":480},{"@type":"BreadcrumbList","@id":"https:\/\/www.rri.ro\/en\/news-and-current-affairs\/newsflash\/july-3-2019-id103620.html#breadcrumb","itemListElement":[{"@type":"ListItem","position":1,"name":"Homepage","item":"https:\/\/www.rri.ro\/en"},{"@type":"ListItem","position":2,"name":"News and Current Affairs","item":"https:\/\/www.rri.ro\/en\/news-and-current-affairs"},{"@type":"ListItem","position":3,"name":"Newsflash","item":"https:\/\/www.rri.ro\/en\/news-and-current-affairs\/newsflash"},{"@type":"ListItem","position":4,"name":"July 3, 2019"}]},{"@type":"WebSite","@id":"https:\/\/www.rri.ro\/#website","url":"https:\/\/www.rri.ro\/","name":"Radio Romania International","description":"Totul despre Rom\u00e2nia \u015fi rom\u00e2ni, \u00een 13 limbi\/dialecte!","inLanguage":"en-US"},{"@type":"Person","@id":"https:\/\/www.rri.ro\/#\/schema\/person\/4a479940371b9fdefd194f561e8a7f88","name":"Newsroom","url":"https:\/\/www.rri.ro\/en\/author\/newsroom"}]}},"_links":{"self":[{"href":"https:\/\/www.rri.ro\/en\/wp-json\/wp\/v2\/posts\/103620","targetHints":{"allow":["GET"]}}],"collection":[{"href":"https:\/\/www.rri.ro\/en\/wp-json\/wp\/v2\/posts"}],"about":[{"href":"https:\/\/www.rri.ro\/en\/wp-json\/wp\/v2\/types\/post"}],"author":[{"embeddable":true,"href":"https:\/\/www.rri.ro\/en\/wp-json\/wp\/v2\/users\/113"}],"replies":[{"embeddable":true,"href":"https:\/\/www.rri.ro\/en\/wp-json\/wp\/v2\/comments?post=103620"}],"version-history":[{"count":0,"href":"https:\/\/www.rri.ro\/en\/wp-json\/wp\/v2\/posts\/103620\/revisions"}],"wp:featuredmedia":[{"embeddable":true,"href":"https:\/\/www.rri.ro\/en\/wp-json\/wp\/v2\/media\/75903"}],"wp:attachment":[{"href":"https:\/\/www.rri.ro\/en\/wp-json\/wp\/v2\/media?parent=103620"}],"wp:term":[{"taxonomy":"category","embeddable":true,"href":"https:\/\/www.rri.ro\/en\/wp-json\/wp\/v2\/categories?post=103620"},{"taxonomy":"post_tag","embeddable":true,"href":"https:\/\/www.rri.ro\/en\/wp-json\/wp\/v2\/tags?post=103620"},{"taxonomy":"author","embeddable":true,"href":"https:\/\/www.rri.ro\/en\/wp-json\/wp\/v2\/coauthors?post=103620"}],"curies":[{"name":"wp","href":"https:\/\/api.w.org\/{rel}","templated":true}]}}