{"id":103671,"date":"2019-07-29T14:18:00","date_gmt":"2019-07-29T11:18:00","guid":{"rendered":"http:\/\/devrri.freshlemon.ro\/news-and-current-affairs\/newsflash\/29-july-2019-103671.html"},"modified":"2024-02-15T20:34:32","modified_gmt":"2024-02-15T18:34:32","slug":"29-july-2019","status":"publish","type":"post","link":"https:\/\/www.rri.ro\/en\/news-and-current-affairs\/newsflash\/29-july-2019-id103671.html","title":{"rendered":"29 July, 2019"},"content":{"rendered":"<p><p><strong class=cms-bold>Killing.<\/strong> The chief of the special telecommunications service Ionel&#13;<br \/>\nVasilica has resigned today in the context of the killings in Caracal that&#13;<br \/>\nshook the entire country. The interior minister Nicolae Moga and former and&#13;<br \/>\ncurrent officials from the police and the General Directorate for Internal&#13;<br \/>\nProtection will today be heard by the defence committee of the Chamber of&#13;<br \/>\nDeputies in Bucharest. The MPs are looking into how those involved have fulfilled&#13;<br \/>\ntheir duties. A preliminary report in this respect is to be presented tomorrow&#13;<br \/>\nbefore the Country&#8217;s Supreme Defence Council at the request of president Klaus&#13;<br \/>\nIohannis. The latter is expected to propose measures to prevent such tragedies&#13;<br \/>\nin the future. He says the resignations of all those who have mismanaged the&#13;<br \/>\ncase are obligatory but in no way sufficient. Klaus Iohannis has emphasised the&#13;<br \/>\nneed to address the profound causes that have made this tragedy possible. For&#13;<br \/>\nher part, the prime minister Viorica Dancila has decided to create an&#13;<br \/>\ninter-institutional working group to draw up a set of urgent measures to reduce&#13;<br \/>\nreaction time in critical situations. Last but not least, the Judicial&#13;<br \/>\nInspectorate is looking into how the magistrates involved in solving the case&#13;<br \/>\nhave met the procedures in place. Last Wednesday, 15-year-old Alexandra&#13;<br \/>\nMacesanu was abducted from the street, sequestered, raped and then killed.&#13;<br \/>\nDespite making three emergency calls, the authorities were unable to track her&#13;<br \/>\nlocation and only entered the house of her captor 19 hours after the girl&#8217;s&#13;<br \/>\nlast emergency call. 18-year-old Luiza Mihaela Melencu met with the same fate&#13;<br \/>\nin April. Gheorghe Dinca, aged around 60, admitted on Sunday that he killed the&#13;<br \/>\ntwo girls. <\/p>\n<p><\/p>\n<p>&#13;<br \/>\n&#13;<br \/>\n&#13;<br \/>\n&#13;<\/p>\n<p><strong class=cms-bold>Elections.<\/strong> Romanians living abroad&#13;<br \/>\ncan register, beginning on Sunday, at <a href=http:\/\/www.votstrainatate.ro\/>www.votstrainatate.ro<\/a>. The website has&#13;<br \/>\nbeen created by the Electoral Authority to have a better record of the&#13;<br \/>\nRomanians abroad and so that they can be better informed about the voting&#13;<br \/>\nprocess, in the run-up to the presidential elections in November. The ministry&#13;<br \/>\nfor Romanians abroad has also launched an information campaign, with the&#13;<br \/>\nministry saying over 5 million and a half Romanians have left the country.&#13;<br \/>\nTogether with those living in the historical communities, the number of&#13;<br \/>\nRomanians living outside Romania&#8217;s borders is close to ten million. The&#13;<br \/>\nminister for Romanians abroad Natalia Intotero has told Radio Romania that the&#13;<br \/>\nrole of her ministry is to support all institutions with responsibilities in&#13;<br \/>\nthe organisation of the upcoming elections through all available means,&#13;<br \/>\nincluding the associations of Romanians living abroad and through collaboration&#13;<br \/>\nwith the diplomatic missions and the representatives of the general consulates.&#13;\n<\/p>\n<p><\/p>\n<p>&#13;<br \/>\n&#13;<br \/>\n&#13;<br \/>\n&#13;<\/p>\n<p><strong class=cms-bold>Anthem.<\/strong> National&#13;<br \/>\nAnthem Day is celebrated today in Romania, with various events being held in&#13;<br \/>\nthe big cities and at all army garrisons across the country. In Bucharest, the&#13;<br \/>\nFlag Square hosted a special military and religious ceremony. Celebrated on the&#13;<br \/>\n29th of July, National Anthem Day was first established in 1998. The&#13;<br \/>\ncurrent anthem of Romania, considered a national symbol and entitled Wake up, Romanians!,&#13;<br \/>\nwas chosen after the collapse of the communist regime in December 1989. The&#13;<br \/>\norigin of the anthem is a patriotic poem by Andrei Muresanu published in 1848,&#13;<br \/>\nwhile the melody was collected by Anton Pann. <\/p>\n<p><\/p>\n<p>&#13;<br \/>\n&#13;<br \/>\n&#13;<br \/>\n&#13;<br \/>\n&#13;<br \/>\n&#13;<\/p>\n<p><strong class=cms-bold>Festival. <\/strong>Rasnov, in central&#13;<br \/>\nRomania, has played host to the 11th Film and History Festival. Film&#13;<br \/>\nscreenings, theatre performances and classical and rock music concerts were&#13;<br \/>\nheld in a new venue in the centre of the city. The festival also hosted debates&#13;<br \/>\nabout the revolution of December 1989, economic freedom, the music of freedom,&#13;<br \/>\nfreedom won versus freedom lost, 30 years after 1989, and cinema and freedom.&#13;<br \/>\nSubjects were approached such as Romanian emigration, the future of Europe post-Brexit,&#13;<br \/>\nthe new technologies and the minorities. The 50th anniversary of the&#13;<br \/>\nmoon landing and the 70th anniversary of NATO were also celebrated.&#13;<br \/>\nThis year&#8217;s edition of the festival also hosted a summer school attended by 72&#13;<br \/>\nstudents and 23 high school children from Romania and the Republic of Moldova,&#13;<br \/>\na neighbouring ex-Soviet state with a majority Romanian-speaking population. <\/p>\n<p>&#13;<br \/>\n&#13;<br \/>\n&#13;<br \/>\n&#13;<br \/><\/p>\n","protected":false},"excerpt":{"rendered":"<p>A roundup of the some of the main stories in Romania today.<\/p>\n","protected":false},"author":113,"featured_media":75903,"comment_status":"closed","ping_status":"closed","sticky":false,"template":"","format":"standard","meta":{"_acf_changed":false,"footnotes":""},"categories":[22],"tags":[34938,30247,34937,34898],"coauthors":[],"class_list":["post-103671","post","type-post","status-publish","format-standard","has-post-thumbnail","hentry","category-newsflash","tag-anthem","tag-elections","tag-killing","tag-rasnov"],"acf":[],"yoast_head":"<!-- This site is optimized with the Yoast SEO plugin v27.5 - https:\/\/yoast.com\/product\/yoast-seo-wordpress\/ -->\n<title>29 July, 2019 - Radio Romania International<\/title>\n<meta name=\"robots\" content=\"index, follow, max-snippet:-1, max-image-preview:large, max-video-preview:-1\" \/>\n<link rel=\"canonical\" href=\"https:\/\/www.rri.ro\/en\/news-and-current-affairs\/newsflash\/29-july-2019-id103671.html\" \/>\n<meta property=\"og:locale\" content=\"en_US\" \/>\n<meta property=\"og:type\" content=\"article\" \/>\n<meta property=\"og:title\" content=\"29 July, 2019 - Radio Romania International\" \/>\n<meta property=\"og:description\" content=\"A roundup of the some of the main stories in Romania today.\" \/>\n<meta property=\"og:url\" content=\"https:\/\/www.rri.ro\/en\/news-and-current-affairs\/newsflash\/29-july-2019-id103671.html\" \/>\n<meta property=\"og:site_name\" content=\"Radio Romania International\" \/>\n<meta property=\"article:published_time\" content=\"2019-07-29T11:18:00+00:00\" \/>\n<meta property=\"article:modified_time\" content=\"2024-02-15T18:34:32+00:00\" \/>\n<meta property=\"og:image\" content=\"https:\/\/www.rri.ro\/wp-content\/uploads\/2023\/10\/stiri-engleza-ok.png\" \/>\n\t<meta property=\"og:image:width\" content=\"640\" \/>\n\t<meta property=\"og:image:height\" content=\"480\" \/>\n\t<meta property=\"og:image:type\" content=\"image\/png\" \/>\n<meta name=\"author\" content=\"Newsroom\" \/>\n<meta name=\"twitter:card\" content=\"summary_large_image\" \/>\n<meta name=\"twitter:label1\" content=\"Written by\" \/>\n\t<meta name=\"twitter:data1\" content=\"Newsroom\" \/>\n\t<meta name=\"twitter:label2\" content=\"Est. reading time\" \/>\n\t<meta name=\"twitter:data2\" content=\"3 minutes\" \/>\n<script type=\"application\/ld+json\" class=\"yoast-schema-graph\">{\"@context\":\"https:\\\/\\\/schema.org\",\"@graph\":[{\"@type\":\"Article\",\"@id\":\"https:\\\/\\\/www.rri.ro\\\/en\\\/news-and-current-affairs\\\/newsflash\\\/29-july-2019-id103671.html#article\",\"isPartOf\":{\"@id\":\"https:\\\/\\\/www.rri.ro\\\/en\\\/news-and-current-affairs\\\/newsflash\\\/29-july-2019-id103671.html\"},\"author\":{\"name\":\"Newsroom\",\"@id\":\"https:\\\/\\\/www.rri.ro\\\/#\\\/schema\\\/person\\\/4a479940371b9fdefd194f561e8a7f88\"},\"headline\":\"29 July, 2019\",\"datePublished\":\"2019-07-29T11:18:00+00:00\",\"dateModified\":\"2024-02-15T18:34:32+00:00\",\"mainEntityOfPage\":{\"@id\":\"https:\\\/\\\/www.rri.ro\\\/en\\\/news-and-current-affairs\\\/newsflash\\\/29-july-2019-id103671.html\"},\"wordCount\":658,\"image\":{\"@id\":\"https:\\\/\\\/www.rri.ro\\\/en\\\/news-and-current-affairs\\\/newsflash\\\/29-july-2019-id103671.html#primaryimage\"},\"thumbnailUrl\":\"https:\\\/\\\/www.rri.ro\\\/wp-content\\\/uploads\\\/2023\\\/10\\\/stiri-engleza-ok.png\",\"keywords\":[\"anthem\",\"elections\",\"killing\",\"Rasnov\"],\"articleSection\":[\"Newsflash\"],\"inLanguage\":\"en-US\"},{\"@type\":\"WebPage\",\"@id\":\"https:\\\/\\\/www.rri.ro\\\/en\\\/news-and-current-affairs\\\/newsflash\\\/29-july-2019-id103671.html\",\"url\":\"https:\\\/\\\/www.rri.ro\\\/en\\\/news-and-current-affairs\\\/newsflash\\\/29-july-2019-id103671.html\",\"name\":\"29 July, 2019 - Radio Romania International\",\"isPartOf\":{\"@id\":\"https:\\\/\\\/www.rri.ro\\\/#website\"},\"primaryImageOfPage\":{\"@id\":\"https:\\\/\\\/www.rri.ro\\\/en\\\/news-and-current-affairs\\\/newsflash\\\/29-july-2019-id103671.html#primaryimage\"},\"image\":{\"@id\":\"https:\\\/\\\/www.rri.ro\\\/en\\\/news-and-current-affairs\\\/newsflash\\\/29-july-2019-id103671.html#primaryimage\"},\"thumbnailUrl\":\"https:\\\/\\\/www.rri.ro\\\/wp-content\\\/uploads\\\/2023\\\/10\\\/stiri-engleza-ok.png\",\"datePublished\":\"2019-07-29T11:18:00+00:00\",\"dateModified\":\"2024-02-15T18:34:32+00:00\",\"author\":{\"@id\":\"https:\\\/\\\/www.rri.ro\\\/#\\\/schema\\\/person\\\/4a479940371b9fdefd194f561e8a7f88\"},\"breadcrumb\":{\"@id\":\"https:\\\/\\\/www.rri.ro\\\/en\\\/news-and-current-affairs\\\/newsflash\\\/29-july-2019-id103671.html#breadcrumb\"},\"inLanguage\":\"en-US\",\"potentialAction\":[{\"@type\":\"ReadAction\",\"target\":[\"https:\\\/\\\/www.rri.ro\\\/en\\\/news-and-current-affairs\\\/newsflash\\\/29-july-2019-id103671.html\"]}]},{\"@type\":\"ImageObject\",\"inLanguage\":\"en-US\",\"@id\":\"https:\\\/\\\/www.rri.ro\\\/en\\\/news-and-current-affairs\\\/newsflash\\\/29-july-2019-id103671.html#primaryimage\",\"url\":\"https:\\\/\\\/www.rri.ro\\\/wp-content\\\/uploads\\\/2023\\\/10\\\/stiri-engleza-ok.png\",\"contentUrl\":\"https:\\\/\\\/www.rri.ro\\\/wp-content\\\/uploads\\\/2023\\\/10\\\/stiri-engleza-ok.png\",\"width\":640,\"height\":480},{\"@type\":\"BreadcrumbList\",\"@id\":\"https:\\\/\\\/www.rri.ro\\\/en\\\/news-and-current-affairs\\\/newsflash\\\/29-july-2019-id103671.html#breadcrumb\",\"itemListElement\":[{\"@type\":\"ListItem\",\"position\":1,\"name\":\"Homepage\",\"item\":\"https:\\\/\\\/www.rri.ro\\\/en\"},{\"@type\":\"ListItem\",\"position\":2,\"name\":\"News and Current Affairs\",\"item\":\"https:\\\/\\\/www.rri.ro\\\/en\\\/news-and-current-affairs\"},{\"@type\":\"ListItem\",\"position\":3,\"name\":\"Newsflash\",\"item\":\"https:\\\/\\\/www.rri.ro\\\/en\\\/news-and-current-affairs\\\/newsflash\"},{\"@type\":\"ListItem\",\"position\":4,\"name\":\"29 July, 2019\"}]},{\"@type\":\"WebSite\",\"@id\":\"https:\\\/\\\/www.rri.ro\\\/#website\",\"url\":\"https:\\\/\\\/www.rri.ro\\\/\",\"name\":\"Radio Romania International\",\"description\":\"Totul despre Rom\u00e2nia \u015fi rom\u00e2ni, \u00een 13 limbi\\\/dialecte!\",\"inLanguage\":\"en-US\"},{\"@type\":\"Person\",\"@id\":\"https:\\\/\\\/www.rri.ro\\\/#\\\/schema\\\/person\\\/4a479940371b9fdefd194f561e8a7f88\",\"name\":\"Newsroom\",\"url\":\"https:\\\/\\\/www.rri.ro\\\/en\\\/author\\\/newsroom\"}]}<\/script>\n<!-- \/ Yoast SEO plugin. -->","yoast_head_json":{"title":"29 July, 2019 - Radio Romania International","robots":{"index":"index","follow":"follow","max-snippet":"max-snippet:-1","max-image-preview":"max-image-preview:large","max-video-preview":"max-video-preview:-1"},"canonical":"https:\/\/www.rri.ro\/en\/news-and-current-affairs\/newsflash\/29-july-2019-id103671.html","og_locale":"en_US","og_type":"article","og_title":"29 July, 2019 - Radio Romania International","og_description":"A roundup of the some of the main stories in Romania today.","og_url":"https:\/\/www.rri.ro\/en\/news-and-current-affairs\/newsflash\/29-july-2019-id103671.html","og_site_name":"Radio Romania International","article_published_time":"2019-07-29T11:18:00+00:00","article_modified_time":"2024-02-15T18:34:32+00:00","og_image":[{"width":640,"height":480,"url":"https:\/\/www.rri.ro\/wp-content\/uploads\/2023\/10\/stiri-engleza-ok.png","type":"image\/png"}],"author":"Newsroom","twitter_card":"summary_large_image","twitter_misc":{"Written by":"Newsroom","Est. reading time":"3 minutes"},"schema":{"@context":"https:\/\/schema.org","@graph":[{"@type":"Article","@id":"https:\/\/www.rri.ro\/en\/news-and-current-affairs\/newsflash\/29-july-2019-id103671.html#article","isPartOf":{"@id":"https:\/\/www.rri.ro\/en\/news-and-current-affairs\/newsflash\/29-july-2019-id103671.html"},"author":{"name":"Newsroom","@id":"https:\/\/www.rri.ro\/#\/schema\/person\/4a479940371b9fdefd194f561e8a7f88"},"headline":"29 July, 2019","datePublished":"2019-07-29T11:18:00+00:00","dateModified":"2024-02-15T18:34:32+00:00","mainEntityOfPage":{"@id":"https:\/\/www.rri.ro\/en\/news-and-current-affairs\/newsflash\/29-july-2019-id103671.html"},"wordCount":658,"image":{"@id":"https:\/\/www.rri.ro\/en\/news-and-current-affairs\/newsflash\/29-july-2019-id103671.html#primaryimage"},"thumbnailUrl":"https:\/\/www.rri.ro\/wp-content\/uploads\/2023\/10\/stiri-engleza-ok.png","keywords":["anthem","elections","killing","Rasnov"],"articleSection":["Newsflash"],"inLanguage":"en-US"},{"@type":"WebPage","@id":"https:\/\/www.rri.ro\/en\/news-and-current-affairs\/newsflash\/29-july-2019-id103671.html","url":"https:\/\/www.rri.ro\/en\/news-and-current-affairs\/newsflash\/29-july-2019-id103671.html","name":"29 July, 2019 - Radio Romania International","isPartOf":{"@id":"https:\/\/www.rri.ro\/#website"},"primaryImageOfPage":{"@id":"https:\/\/www.rri.ro\/en\/news-and-current-affairs\/newsflash\/29-july-2019-id103671.html#primaryimage"},"image":{"@id":"https:\/\/www.rri.ro\/en\/news-and-current-affairs\/newsflash\/29-july-2019-id103671.html#primaryimage"},"thumbnailUrl":"https:\/\/www.rri.ro\/wp-content\/uploads\/2023\/10\/stiri-engleza-ok.png","datePublished":"2019-07-29T11:18:00+00:00","dateModified":"2024-02-15T18:34:32+00:00","author":{"@id":"https:\/\/www.rri.ro\/#\/schema\/person\/4a479940371b9fdefd194f561e8a7f88"},"breadcrumb":{"@id":"https:\/\/www.rri.ro\/en\/news-and-current-affairs\/newsflash\/29-july-2019-id103671.html#breadcrumb"},"inLanguage":"en-US","potentialAction":[{"@type":"ReadAction","target":["https:\/\/www.rri.ro\/en\/news-and-current-affairs\/newsflash\/29-july-2019-id103671.html"]}]},{"@type":"ImageObject","inLanguage":"en-US","@id":"https:\/\/www.rri.ro\/en\/news-and-current-affairs\/newsflash\/29-july-2019-id103671.html#primaryimage","url":"https:\/\/www.rri.ro\/wp-content\/uploads\/2023\/10\/stiri-engleza-ok.png","contentUrl":"https:\/\/www.rri.ro\/wp-content\/uploads\/2023\/10\/stiri-engleza-ok.png","width":640,"height":480},{"@type":"BreadcrumbList","@id":"https:\/\/www.rri.ro\/en\/news-and-current-affairs\/newsflash\/29-july-2019-id103671.html#breadcrumb","itemListElement":[{"@type":"ListItem","position":1,"name":"Homepage","item":"https:\/\/www.rri.ro\/en"},{"@type":"ListItem","position":2,"name":"News and Current Affairs","item":"https:\/\/www.rri.ro\/en\/news-and-current-affairs"},{"@type":"ListItem","position":3,"name":"Newsflash","item":"https:\/\/www.rri.ro\/en\/news-and-current-affairs\/newsflash"},{"@type":"ListItem","position":4,"name":"29 July, 2019"}]},{"@type":"WebSite","@id":"https:\/\/www.rri.ro\/#website","url":"https:\/\/www.rri.ro\/","name":"Radio Romania International","description":"Totul despre Rom\u00e2nia \u015fi rom\u00e2ni, \u00een 13 limbi\/dialecte!","inLanguage":"en-US"},{"@type":"Person","@id":"https:\/\/www.rri.ro\/#\/schema\/person\/4a479940371b9fdefd194f561e8a7f88","name":"Newsroom","url":"https:\/\/www.rri.ro\/en\/author\/newsroom"}]}},"_links":{"self":[{"href":"https:\/\/www.rri.ro\/en\/wp-json\/wp\/v2\/posts\/103671","targetHints":{"allow":["GET"]}}],"collection":[{"href":"https:\/\/www.rri.ro\/en\/wp-json\/wp\/v2\/posts"}],"about":[{"href":"https:\/\/www.rri.ro\/en\/wp-json\/wp\/v2\/types\/post"}],"author":[{"embeddable":true,"href":"https:\/\/www.rri.ro\/en\/wp-json\/wp\/v2\/users\/113"}],"replies":[{"embeddable":true,"href":"https:\/\/www.rri.ro\/en\/wp-json\/wp\/v2\/comments?post=103671"}],"version-history":[{"count":0,"href":"https:\/\/www.rri.ro\/en\/wp-json\/wp\/v2\/posts\/103671\/revisions"}],"wp:featuredmedia":[{"embeddable":true,"href":"https:\/\/www.rri.ro\/en\/wp-json\/wp\/v2\/media\/75903"}],"wp:attachment":[{"href":"https:\/\/www.rri.ro\/en\/wp-json\/wp\/v2\/media?parent=103671"}],"wp:term":[{"taxonomy":"category","embeddable":true,"href":"https:\/\/www.rri.ro\/en\/wp-json\/wp\/v2\/categories?post=103671"},{"taxonomy":"post_tag","embeddable":true,"href":"https:\/\/www.rri.ro\/en\/wp-json\/wp\/v2\/tags?post=103671"},{"taxonomy":"author","embeddable":true,"href":"https:\/\/www.rri.ro\/en\/wp-json\/wp\/v2\/coauthors?post=103671"}],"curies":[{"name":"wp","href":"https:\/\/api.w.org\/{rel}","templated":true}]}}