{"id":104255,"date":"2020-04-06T13:55:00","date_gmt":"2020-04-06T10:55:00","guid":{"rendered":"http:\/\/devrri.freshlemon.ro\/news-and-current-affairs\/newsflash\/april-6-2020-104255.html"},"modified":"2024-02-15T20:41:40","modified_gmt":"2024-02-15T18:41:40","slug":"april-6-2020","status":"publish","type":"post","link":"https:\/\/www.rri.ro\/en\/news-and-current-affairs\/newsflash\/april-6-2020-id104255.html","title":{"rendered":"April 6, 2020"},"content":{"rendered":"<p><p>CORONAVIRUS IN ROMANIA &#8211; President Klaus Iohannis is today chairing a new meeting analyzing&#13;<br \/>\nmeasures to combat the COVID-19 outbreak, jointly with the Prime Minister and&#13;<br \/>\nGovernment members. The death toll in Romania has reached 157. According to the&#13;<br \/>\nlatest data centralized by the Group for Strategic Communication, the total&#13;<br \/>\nnumber of infections stands at 4,057 confirmed cases, of whom 406 people have&#13;<br \/>\nrecovered. Some 24,000 people are quarantined and another 106,000 are under&#13;<br \/>\nmedical monitoring in home isolation. 627 Romanian citizens abroad have tested&#13;<br \/>\npositive for COVID-19 and 29 have died.<\/p>\n<p><\/p>\n<p>&#13;<br \/>\n&#13;<br \/>\n&#13;<br \/>\n&#13;<\/p>\n<p>CORONAVIRUS WORLDWIDE &#8211; Some 1,2 million people have contracted the coronavirus at global&#13;<br \/>\nlevel and 70,000 have died to the virus, France Press reports. Europe is facing&#13;<br \/>\nthe most difficulties at present, with Italy, Spain and France reporting half&#13;<br \/>\nof the total number of deaths at global level. In Italy the number of infected&#13;<br \/>\nis going down every day. According to Radio Romania&#8217;s correspondent in Rome,&#13;<br \/>\nthe authorities want to keep restrictions in place until May 9. In Spain too&#13;<br \/>\nthe number of deaths has been on the wane for the past four days, and the&#13;<br \/>\nsituation seems to improve in France as well, with the exception of Paris,&#13;<br \/>\nwhere the number of sick continues to rise. Some patients are being transferred&#13;<br \/>\nto other regions of the country as well as abroad. The United States is also&#13;<br \/>\nfacing serious problems, the local death toll standing at nearly 10,000. The&#13;<br \/>\nauthorities say the epidemic has not reached its peak and speak of a nationwide&#13;<br \/>\nimpact similar to the Pearl Harbor and 9\/11 attacks. <\/p>\n<p><\/p>\n<p>&#13;<br \/>\n&#13;<br \/>\n&#13;<br \/>\n&#13;<\/p>\n<p>ADJUSTMENT &#8211; The Liberal Government is today analyzing&#13;<br \/>\nthe budget adjustment draft law, which is necessary to continue the fight&#13;<br \/>\nagainst the pandemic. Prime Minister Ludovic Orban said the Government session&#13;<br \/>\ntoday will also address a draft emergency decree under which bonuses will be&#13;<br \/>\npaid to medical and auxiliary staff treating the coronavirus sick. The bonuses&#13;<br \/>\nwill be paid using European funds, which will also be employed to purchase&#13;<br \/>\nmedical equipment and materials used to treat the sick. Under the same decree&#13;<br \/>\nthe state will be able to recover the money paid to companies whose employees&#13;<br \/>\nhave applied for technical unemployment benefits during the state of emergency.<\/p>\n<p><\/p>\n<p>&#13;<br \/>\n&#13;<br \/>\n&#13;<br \/>\n&#13;<\/p>\n<p>AGRICULTURE &#8211; Two Romanian counties, Calarasi and&#13;<br \/>\nIalomita, both in southeast, are among the EU&#8217;s regions most specialized in&#13;<br \/>\nagriculture, a recent Eurostat report reads. Ileia on Greece&#8217;s western coast is&#13;<br \/>\nthe country with the highest agricultural activity in Europe, followed by&#13;<br \/>\nSilistra in northeastern Bulgaria. In 2017, Caralasi accounted for 20.4% of the&#13;<br \/>\nregion&#8217;s gross value added coming from agriculture.<\/p>\n<p><\/p>\n<p>&#13;<br \/>\n&#13;<br \/>\n&#13;<br \/>\n&#13;<\/p>\n<p>CORONABONDS &#8211; EU Commissioner for the Internal&#13;<br \/>\nMarket, Thierry Breton of France and the EU Commissioner for Economy,  Paolo Gentiloni of Italy, have called on the&#13;<br \/>\n27 Member States to prove their solidarity by setting up a pan-European aid&#13;<br \/>\nprogramme capable of issuing long-term bonds in response to the coronavirus&#13;<br \/>\ncrisis. Their plea was published in an article released by Frankfurter&#13;<br \/>\nAllgemeine Zeitung and Le Monde. At the same time, the President of France&#8217;s&#13;<br \/>\nNational Assembly, Richard Ferrand and the President of the Bundestag, Wolfgang&#13;<br \/>\nSchauble, have pleaded for more financial solidarity and integration in Europe,&#13;<br \/>\nin a press article carried by Frankfurter Allgemeine Zeitung and Le Figaro,&#13;<br \/>\nFrance Press reports. The two officials pointed out that all instruments at&#13;<br \/>\nEU&#8217;s disposal must be used to deal with the emergencies arisen and to convey a&#13;<br \/>\nmessage of solidarity across the EU. EU members have called on Germany and other&#13;<br \/>\nstates in northern Europe to back the so-called coronabonds, under which&#13;<br \/>\ncertain debt will be mutualized in order to deal with the effects of the&#13;<br \/>\nCOVID-19 pandemic. Germany, the Netherlands and other wealthy northern states&#13;<br \/>\nhave ruled out calls to create a common debt instrument. <\/p>\n<p>&#13;<br \/>\n&#13;<\/p>\n<p>(Translated&#13;<br \/>\nby V. Palcu)<\/p>\n<p>&#13;<br \/>\n&#13;<br \/>\n&#13;<br \/>\n&#13;<br \/>\n&#13;<br \/>\n&#13;<br \/><\/p>\n","protected":false},"excerpt":{"rendered":"<p>A roundup of domestic and international news<\/p>\n","protected":false},"author":113,"featured_media":75903,"comment_status":"closed","ping_status":"closed","sticky":false,"template":"","format":"standard","meta":{"_acf_changed":false,"footnotes":""},"categories":[22],"tags":[29402,35374,34400,35457,35254,35456,29000],"coauthors":[],"class_list":["post-104255","post","type-post","status-publish","format-standard","has-post-thumbnail","hentry","category-newsflash","tag-budget-adjustment","tag-covid-19","tag-eurostat-report","tag-financial-solidarity-in-the-eu","tag-liberal-government","tag-local-death-toll","tag-president-klaus-iohannis"],"acf":[],"yoast_head":"<!-- This site is optimized with the Yoast SEO plugin v27.5 - https:\/\/yoast.com\/product\/yoast-seo-wordpress\/ -->\n<title>April 6, 2020 - Radio Romania International<\/title>\n<meta name=\"robots\" content=\"index, follow, max-snippet:-1, max-image-preview:large, max-video-preview:-1\" \/>\n<link rel=\"canonical\" href=\"https:\/\/www.rri.ro\/en\/news-and-current-affairs\/newsflash\/april-6-2020-id104255.html\" \/>\n<meta property=\"og:locale\" content=\"en_US\" \/>\n<meta property=\"og:type\" content=\"article\" \/>\n<meta property=\"og:title\" content=\"April 6, 2020 - Radio Romania International\" \/>\n<meta property=\"og:description\" content=\"A roundup of domestic and international news\" \/>\n<meta property=\"og:url\" content=\"https:\/\/www.rri.ro\/en\/news-and-current-affairs\/newsflash\/april-6-2020-id104255.html\" \/>\n<meta property=\"og:site_name\" content=\"Radio Romania International\" \/>\n<meta property=\"article:published_time\" content=\"2020-04-06T10:55:00+00:00\" \/>\n<meta property=\"article:modified_time\" content=\"2024-02-15T18:41:40+00:00\" \/>\n<meta property=\"og:image\" content=\"https:\/\/www.rri.ro\/wp-content\/uploads\/2023\/10\/stiri-engleza-ok.png\" \/>\n\t<meta property=\"og:image:width\" content=\"640\" \/>\n\t<meta property=\"og:image:height\" content=\"480\" \/>\n\t<meta property=\"og:image:type\" content=\"image\/png\" \/>\n<meta name=\"author\" content=\"Newsroom\" \/>\n<meta name=\"twitter:card\" content=\"summary_large_image\" \/>\n<meta name=\"twitter:label1\" content=\"Written by\" \/>\n\t<meta name=\"twitter:data1\" content=\"Newsroom\" \/>\n\t<meta name=\"twitter:label2\" content=\"Est. reading time\" \/>\n\t<meta name=\"twitter:data2\" content=\"3 minutes\" \/>\n<script type=\"application\/ld+json\" class=\"yoast-schema-graph\">{\"@context\":\"https:\\\/\\\/schema.org\",\"@graph\":[{\"@type\":\"Article\",\"@id\":\"https:\\\/\\\/www.rri.ro\\\/en\\\/news-and-current-affairs\\\/newsflash\\\/april-6-2020-id104255.html#article\",\"isPartOf\":{\"@id\":\"https:\\\/\\\/www.rri.ro\\\/en\\\/news-and-current-affairs\\\/newsflash\\\/april-6-2020-id104255.html\"},\"author\":{\"name\":\"Newsroom\",\"@id\":\"https:\\\/\\\/www.rri.ro\\\/#\\\/schema\\\/person\\\/4a479940371b9fdefd194f561e8a7f88\"},\"headline\":\"April 6, 2020\",\"datePublished\":\"2020-04-06T10:55:00+00:00\",\"dateModified\":\"2024-02-15T18:41:40+00:00\",\"mainEntityOfPage\":{\"@id\":\"https:\\\/\\\/www.rri.ro\\\/en\\\/news-and-current-affairs\\\/newsflash\\\/april-6-2020-id104255.html\"},\"wordCount\":622,\"image\":{\"@id\":\"https:\\\/\\\/www.rri.ro\\\/en\\\/news-and-current-affairs\\\/newsflash\\\/april-6-2020-id104255.html#primaryimage\"},\"thumbnailUrl\":\"https:\\\/\\\/www.rri.ro\\\/wp-content\\\/uploads\\\/2023\\\/10\\\/stiri-engleza-ok.png\",\"keywords\":[\"budget adjustment\",\"Covid-19\",\"Eurostat report\",\"financial solidarity in the EU\",\"Liberal Government\",\"local death toll\",\"President Klaus Iohannis\"],\"articleSection\":[\"Newsflash\"],\"inLanguage\":\"en-US\"},{\"@type\":\"WebPage\",\"@id\":\"https:\\\/\\\/www.rri.ro\\\/en\\\/news-and-current-affairs\\\/newsflash\\\/april-6-2020-id104255.html\",\"url\":\"https:\\\/\\\/www.rri.ro\\\/en\\\/news-and-current-affairs\\\/newsflash\\\/april-6-2020-id104255.html\",\"name\":\"April 6, 2020 - Radio Romania International\",\"isPartOf\":{\"@id\":\"https:\\\/\\\/www.rri.ro\\\/#website\"},\"primaryImageOfPage\":{\"@id\":\"https:\\\/\\\/www.rri.ro\\\/en\\\/news-and-current-affairs\\\/newsflash\\\/april-6-2020-id104255.html#primaryimage\"},\"image\":{\"@id\":\"https:\\\/\\\/www.rri.ro\\\/en\\\/news-and-current-affairs\\\/newsflash\\\/april-6-2020-id104255.html#primaryimage\"},\"thumbnailUrl\":\"https:\\\/\\\/www.rri.ro\\\/wp-content\\\/uploads\\\/2023\\\/10\\\/stiri-engleza-ok.png\",\"datePublished\":\"2020-04-06T10:55:00+00:00\",\"dateModified\":\"2024-02-15T18:41:40+00:00\",\"author\":{\"@id\":\"https:\\\/\\\/www.rri.ro\\\/#\\\/schema\\\/person\\\/4a479940371b9fdefd194f561e8a7f88\"},\"breadcrumb\":{\"@id\":\"https:\\\/\\\/www.rri.ro\\\/en\\\/news-and-current-affairs\\\/newsflash\\\/april-6-2020-id104255.html#breadcrumb\"},\"inLanguage\":\"en-US\",\"potentialAction\":[{\"@type\":\"ReadAction\",\"target\":[\"https:\\\/\\\/www.rri.ro\\\/en\\\/news-and-current-affairs\\\/newsflash\\\/april-6-2020-id104255.html\"]}]},{\"@type\":\"ImageObject\",\"inLanguage\":\"en-US\",\"@id\":\"https:\\\/\\\/www.rri.ro\\\/en\\\/news-and-current-affairs\\\/newsflash\\\/april-6-2020-id104255.html#primaryimage\",\"url\":\"https:\\\/\\\/www.rri.ro\\\/wp-content\\\/uploads\\\/2023\\\/10\\\/stiri-engleza-ok.png\",\"contentUrl\":\"https:\\\/\\\/www.rri.ro\\\/wp-content\\\/uploads\\\/2023\\\/10\\\/stiri-engleza-ok.png\",\"width\":640,\"height\":480},{\"@type\":\"BreadcrumbList\",\"@id\":\"https:\\\/\\\/www.rri.ro\\\/en\\\/news-and-current-affairs\\\/newsflash\\\/april-6-2020-id104255.html#breadcrumb\",\"itemListElement\":[{\"@type\":\"ListItem\",\"position\":1,\"name\":\"Homepage\",\"item\":\"https:\\\/\\\/www.rri.ro\\\/en\"},{\"@type\":\"ListItem\",\"position\":2,\"name\":\"News and Current Affairs\",\"item\":\"https:\\\/\\\/www.rri.ro\\\/en\\\/news-and-current-affairs\"},{\"@type\":\"ListItem\",\"position\":3,\"name\":\"Newsflash\",\"item\":\"https:\\\/\\\/www.rri.ro\\\/en\\\/news-and-current-affairs\\\/newsflash\"},{\"@type\":\"ListItem\",\"position\":4,\"name\":\"April 6, 2020\"}]},{\"@type\":\"WebSite\",\"@id\":\"https:\\\/\\\/www.rri.ro\\\/#website\",\"url\":\"https:\\\/\\\/www.rri.ro\\\/\",\"name\":\"Radio Romania International\",\"description\":\"Totul despre Rom\u00e2nia \u015fi rom\u00e2ni, \u00een 13 limbi\\\/dialecte!\",\"inLanguage\":\"en-US\"},{\"@type\":\"Person\",\"@id\":\"https:\\\/\\\/www.rri.ro\\\/#\\\/schema\\\/person\\\/4a479940371b9fdefd194f561e8a7f88\",\"name\":\"Newsroom\",\"url\":\"https:\\\/\\\/www.rri.ro\\\/en\\\/author\\\/newsroom\"}]}<\/script>\n<!-- \/ Yoast SEO plugin. -->","yoast_head_json":{"title":"April 6, 2020 - Radio Romania International","robots":{"index":"index","follow":"follow","max-snippet":"max-snippet:-1","max-image-preview":"max-image-preview:large","max-video-preview":"max-video-preview:-1"},"canonical":"https:\/\/www.rri.ro\/en\/news-and-current-affairs\/newsflash\/april-6-2020-id104255.html","og_locale":"en_US","og_type":"article","og_title":"April 6, 2020 - Radio Romania International","og_description":"A roundup of domestic and international news","og_url":"https:\/\/www.rri.ro\/en\/news-and-current-affairs\/newsflash\/april-6-2020-id104255.html","og_site_name":"Radio Romania International","article_published_time":"2020-04-06T10:55:00+00:00","article_modified_time":"2024-02-15T18:41:40+00:00","og_image":[{"width":640,"height":480,"url":"https:\/\/www.rri.ro\/wp-content\/uploads\/2023\/10\/stiri-engleza-ok.png","type":"image\/png"}],"author":"Newsroom","twitter_card":"summary_large_image","twitter_misc":{"Written by":"Newsroom","Est. reading time":"3 minutes"},"schema":{"@context":"https:\/\/schema.org","@graph":[{"@type":"Article","@id":"https:\/\/www.rri.ro\/en\/news-and-current-affairs\/newsflash\/april-6-2020-id104255.html#article","isPartOf":{"@id":"https:\/\/www.rri.ro\/en\/news-and-current-affairs\/newsflash\/april-6-2020-id104255.html"},"author":{"name":"Newsroom","@id":"https:\/\/www.rri.ro\/#\/schema\/person\/4a479940371b9fdefd194f561e8a7f88"},"headline":"April 6, 2020","datePublished":"2020-04-06T10:55:00+00:00","dateModified":"2024-02-15T18:41:40+00:00","mainEntityOfPage":{"@id":"https:\/\/www.rri.ro\/en\/news-and-current-affairs\/newsflash\/april-6-2020-id104255.html"},"wordCount":622,"image":{"@id":"https:\/\/www.rri.ro\/en\/news-and-current-affairs\/newsflash\/april-6-2020-id104255.html#primaryimage"},"thumbnailUrl":"https:\/\/www.rri.ro\/wp-content\/uploads\/2023\/10\/stiri-engleza-ok.png","keywords":["budget adjustment","Covid-19","Eurostat report","financial solidarity in the EU","Liberal Government","local death toll","President Klaus Iohannis"],"articleSection":["Newsflash"],"inLanguage":"en-US"},{"@type":"WebPage","@id":"https:\/\/www.rri.ro\/en\/news-and-current-affairs\/newsflash\/april-6-2020-id104255.html","url":"https:\/\/www.rri.ro\/en\/news-and-current-affairs\/newsflash\/april-6-2020-id104255.html","name":"April 6, 2020 - Radio Romania International","isPartOf":{"@id":"https:\/\/www.rri.ro\/#website"},"primaryImageOfPage":{"@id":"https:\/\/www.rri.ro\/en\/news-and-current-affairs\/newsflash\/april-6-2020-id104255.html#primaryimage"},"image":{"@id":"https:\/\/www.rri.ro\/en\/news-and-current-affairs\/newsflash\/april-6-2020-id104255.html#primaryimage"},"thumbnailUrl":"https:\/\/www.rri.ro\/wp-content\/uploads\/2023\/10\/stiri-engleza-ok.png","datePublished":"2020-04-06T10:55:00+00:00","dateModified":"2024-02-15T18:41:40+00:00","author":{"@id":"https:\/\/www.rri.ro\/#\/schema\/person\/4a479940371b9fdefd194f561e8a7f88"},"breadcrumb":{"@id":"https:\/\/www.rri.ro\/en\/news-and-current-affairs\/newsflash\/april-6-2020-id104255.html#breadcrumb"},"inLanguage":"en-US","potentialAction":[{"@type":"ReadAction","target":["https:\/\/www.rri.ro\/en\/news-and-current-affairs\/newsflash\/april-6-2020-id104255.html"]}]},{"@type":"ImageObject","inLanguage":"en-US","@id":"https:\/\/www.rri.ro\/en\/news-and-current-affairs\/newsflash\/april-6-2020-id104255.html#primaryimage","url":"https:\/\/www.rri.ro\/wp-content\/uploads\/2023\/10\/stiri-engleza-ok.png","contentUrl":"https:\/\/www.rri.ro\/wp-content\/uploads\/2023\/10\/stiri-engleza-ok.png","width":640,"height":480},{"@type":"BreadcrumbList","@id":"https:\/\/www.rri.ro\/en\/news-and-current-affairs\/newsflash\/april-6-2020-id104255.html#breadcrumb","itemListElement":[{"@type":"ListItem","position":1,"name":"Homepage","item":"https:\/\/www.rri.ro\/en"},{"@type":"ListItem","position":2,"name":"News and Current Affairs","item":"https:\/\/www.rri.ro\/en\/news-and-current-affairs"},{"@type":"ListItem","position":3,"name":"Newsflash","item":"https:\/\/www.rri.ro\/en\/news-and-current-affairs\/newsflash"},{"@type":"ListItem","position":4,"name":"April 6, 2020"}]},{"@type":"WebSite","@id":"https:\/\/www.rri.ro\/#website","url":"https:\/\/www.rri.ro\/","name":"Radio Romania International","description":"Totul despre Rom\u00e2nia \u015fi rom\u00e2ni, \u00een 13 limbi\/dialecte!","inLanguage":"en-US"},{"@type":"Person","@id":"https:\/\/www.rri.ro\/#\/schema\/person\/4a479940371b9fdefd194f561e8a7f88","name":"Newsroom","url":"https:\/\/www.rri.ro\/en\/author\/newsroom"}]}},"_links":{"self":[{"href":"https:\/\/www.rri.ro\/en\/wp-json\/wp\/v2\/posts\/104255","targetHints":{"allow":["GET"]}}],"collection":[{"href":"https:\/\/www.rri.ro\/en\/wp-json\/wp\/v2\/posts"}],"about":[{"href":"https:\/\/www.rri.ro\/en\/wp-json\/wp\/v2\/types\/post"}],"author":[{"embeddable":true,"href":"https:\/\/www.rri.ro\/en\/wp-json\/wp\/v2\/users\/113"}],"replies":[{"embeddable":true,"href":"https:\/\/www.rri.ro\/en\/wp-json\/wp\/v2\/comments?post=104255"}],"version-history":[{"count":0,"href":"https:\/\/www.rri.ro\/en\/wp-json\/wp\/v2\/posts\/104255\/revisions"}],"wp:featuredmedia":[{"embeddable":true,"href":"https:\/\/www.rri.ro\/en\/wp-json\/wp\/v2\/media\/75903"}],"wp:attachment":[{"href":"https:\/\/www.rri.ro\/en\/wp-json\/wp\/v2\/media?parent=104255"}],"wp:term":[{"taxonomy":"category","embeddable":true,"href":"https:\/\/www.rri.ro\/en\/wp-json\/wp\/v2\/categories?post=104255"},{"taxonomy":"post_tag","embeddable":true,"href":"https:\/\/www.rri.ro\/en\/wp-json\/wp\/v2\/tags?post=104255"},{"taxonomy":"author","embeddable":true,"href":"https:\/\/www.rri.ro\/en\/wp-json\/wp\/v2\/coauthors?post=104255"}],"curies":[{"name":"wp","href":"https:\/\/api.w.org\/{rel}","templated":true}]}}