{"id":104794,"date":"2020-12-17T13:55:00","date_gmt":"2020-12-17T11:55:00","guid":{"rendered":"http:\/\/devrri.freshlemon.ro\/news-and-current-affairs\/newsflash\/december-17-2020-104794.html"},"modified":"2024-02-15T20:48:44","modified_gmt":"2024-02-15T18:48:44","slug":"december-17-2020","status":"publish","type":"post","link":"https:\/\/www.rri.ro\/en\/news-and-current-affairs\/newsflash\/december-17-2020-id104794.html","title":{"rendered":"December 17, 2020"},"content":{"rendered":"<p><p><strong class=cms-bold>Covid-19 RO. <\/strong>The&#13;<br \/>\nPresident of Romania, Klaus Iohannis, is holding today a working meeting on the&#13;<br \/>\nmanagement of the COVID-19 pandemic. Attending the meeting are the interim&#13;<br \/>\nPrime Minister Nicolae Ciuc\u0103, the Minister of Health Nelu T\u0103taru, the Head of&#13;<br \/>\nthe Department for Emergency Situations, Raed Arafat, and the coordinator of&#13;<br \/>\nthe national vaccination campaign against COVID-19, Dr. Valeriu Gheorghi\u021b\u0103. The&#13;<br \/>\nlist of the approximately 900 fixed vaccination centers, plus mobile caravans,&#13;<br \/>\nin which the immunization against the SARS-CoV-2 virus will be made, is to be&#13;<br \/>\nfinalized today, and the distribution of the freezers necessary for storing the&#13;<br \/>\ndoses will start across the country. The first symbolic tranche of 10,000 doses&#13;<br \/>\nof vaccine will arrive in Romania between Christmas and New Year and will be used&#13;<br \/>\nin the infectious disease departments, Health Minister Nelu Tataru has stated,&#13;<br \/>\nadding that  the immunization of the&#13;<br \/>\ngeneral population will begin in the spring. In the first three months of the&#13;<br \/>\nvaccination campaign, priority will be given to medical staff,&#13;<br \/>\ninstitutionalized persons and those in the risk groups, but also those who&#13;<br \/>\nensure the functioning of society. Another 600,000 doses will arrive in Romania&#13;<br \/>\nin January, and the third tranche will be of almost one million doses. Almost&#13;<br \/>\n6,000 new cases of COVID-19 were reported on Wednesday in Romania. The total number&#13;<br \/>\nof infections has exceeded 570,000, and the number of those who have died has exceeded&#13;<br \/>\n13,860. In intensive care the number of patients remains high: 1,267.<\/p>\n<p><\/p>\n<p>&#13;<br \/>\n&#13;<br \/>\n&#13;<br \/>\n&#13;<br \/>\n&#13;<br \/>\n&#13;<\/p>\n<p><strong class=cms-bold>EU Budget.<\/strong> The&#13;<br \/>\nEuropean Parliament has approved the EU&#8217;s multiannual budget, valid from 1&#13;<br \/>\nJanuary for the next seven years and the recovery plan following the crisis triggered&#13;<br \/>\nby the COVID-19 pandemic. The vote in the EU legislature was made possible&#13;<br \/>\nafter last week&#8217;s agreement in Brussels, when European leaders managed to&#13;<br \/>\npersuade Hungary and Poland not to block this massive \u20ac 1.8 trillion funding&#13;<br \/>\nplan. Romania will receive 46.3 billion Euros. Adding to this amount will be&#13;<br \/>\nanother 30.5 from the pandemic recovery plan. <\/p>\n<p><\/p>\n<p>&#13;<br \/>\n&#13;<br \/>\n&#13;<br \/>\n&#13;<\/p>\n<p><strong class=cms-bold>Pandemic. <\/strong>The British Prime Minister Boris Johnson has&#13;<br \/>\nconfirmed that laws introduced to relax Christmas-related health regulations&#13;<br \/>\nremain unchanged, despite a sharp rise in SARS-CoV-2 infections. Restrictions&#13;<br \/>\nacross the UK will be relaxed between the 23rd  and 27th of December, so that&#13;<br \/>\nthree families can get together in a so-called Christmas bubble,&#13;<br \/>\nboth indoors and outdoors. The Netherlands has closed non-essential shops, gyms&#13;<br \/>\nand barbershops for five weeks, and home visits are restricted to two people&#13;<br \/>\nfrom outside the home. Germany has entered a tough lockdown, until January&#13;<br \/>\n10th, closing schools and non-essential businesses, but during Christmas there&#13;<br \/>\nwill be a slight relaxation of restrictions, and a home will be able to&#13;<br \/>\naccommodate up to four close family members. On the other hand, France is&#13;<br \/>\nopening up certain areas, which means the French can move freely to meet their&#13;<br \/>\nfamilies at Christmas. Pressured to speed up the process of evaluating vaccines&#13;<br \/>\nagainst COVID-19, the European Medicines Agency will take a decision on 21&#13;<br \/>\nDecember on the authorization of the Pfizer-BioNTech vaccine, eight days&#13;<br \/>\nearlier than planned. The first COVID-19 vaccine will be authorized for use in&#13;<br \/>\nthe EU within a week and will be distributed on the same day, the President of&#13;<br \/>\nthe European Commission, Ursula von der Leyen has announced. The&#13;<br \/>\nPfizer-BioNTech vaccine is already being administered in the United States, the&#13;<br \/>\nUnited Kingdom and Canada.<\/p>\n<p><\/p>\n<p>&#13;<br \/>\n&#13;<br \/>\n&#13;<br \/>\n&#13;<br \/>\n&#13;<br \/>\n&#13;<\/p>\n<p><strong class=cms-bold>Negotiations.<\/strong> In Romania,&#13;<br \/>\nnegotiations between the National Liberal Party, the Save Romania Union &#8211; PLUS&#13;<br \/>\nAlliance and the Democratic Union of Ethnic Hungarians on the formation of a&#13;<br \/>\nnew, center-right, governing coalition could be resumed today, as the three&#13;<br \/>\nparties could not reach an agreement in the past two days. The National Liberal&#13;<br \/>\nParty has two proposals for prime minister: the current finance minister Florin&#13;<br \/>\nCitu, and the former head of the Executive, the party president Ludovic Orban.&#13;<br \/>\nAccording to the Liberals, this decision might render negotiations more&#13;<br \/>\nflexible, but the Save Romania Union &#8211; PLUS Alliance has already rejected the&#13;<br \/>\nidea of Orban reentering the race for prime-minister. On the other hand, the&#13;<br \/>\nSocial Democratic Party wants professor Alexandru Rafila to head the new&#13;<br \/>\ngovernment. President Klaus Iohannis has urged the parties to reach a&#13;<br \/>\ncompromise and said he would appoint any person backed by a center-right&#13;<br \/>\ncoalition. <\/p>\n<p><\/p>\n<p>&#13;<br \/>\n&#13;<br \/>\n&#13;<br \/>\n&#13;<br \/>\n&#13;<br \/>\n&#13;<\/p>\n<p><strong class=cms-bold>Decision.<\/strong> The interim government in Bucharest, led by the&#13;<br \/>\nMinister of Defense, Nicolae Ciuc\u0103, wants to approve, in today&#8217;s meeting, a&#13;<br \/>\ndraft decision on the reorganization of the National Institute for Research and&#13;<br \/>\nDevelopment in Informatics. Thus, the Institute will be able to open, develop&#13;<br \/>\nand put into practice the latest technologies and discoveries in the field of&#13;<br \/>\ninformatics and cyber security. The agenda also includes a draft decision on&#13;<br \/>\nthe establishment, organization and operation of the Museum of the Horrors of&#13;<br \/>\nCommunism in Romania. At the same time, two other projects will be approved&#13;<br \/>\nregarding the payment of contributions to the Organization for Economic&#13;<br \/>\nCooperation and Development.The executive will also analyze a memorandum&#13;<br \/>\nregarding the negotiation of the financing contract between Romania and the&#13;<br \/>\nEuropean Investment Bank, worth 250 million Euros, for the support of the Ia\u015fi&#13;<br \/>\nRegional Emergency Hospital (northeast).<\/p>\n<p><\/p>\n<p>&#13;<br \/>\n&#13;<br \/>\n&#13;<br \/>\n&#13;<br \/>\n&#13;<br \/>\n&#13;<\/p>\n<p><strong class=cms-bold>Commemoration.<\/strong> It&#8217;s&#13;<br \/>\na day of mourning today in Timi\u015foara (western Romania), where, on December 17,&#13;<br \/>\n1989, the dictator Nicolae Ceau\u015fescu ordered the use of lethal ammunition&#13;<br \/>\nagainst people who challenged, in the street, the communist regime he led. The&#13;<br \/>\nprotests in Timisoara, where almost 100 people died and about 350 were injured,&#13;<br \/>\nwere the spark that led, a few days later, to the fall of the dictator,&#13;<br \/>\nfollowing the bloodiest Revolution in Southeast Europe. In memory of the heroes&#13;<br \/>\nof Timisoara, religious services, wreaths, a pilgrimage to the monuments&#13;<br \/>\nerected in the city in the hottest places of the Revolution, an exhibition and&#13;<br \/>\na special meeting of the Local Council were also scheduled for this year&#8217;s&#13;<br \/>\ncommemoration. <\/p>\n<p><\/p>\n<p><\/p>\n<p>&#13;<br \/>\n&#13;<br \/>\n&#13;<br \/>\n&#13;<\/p>\n<p><strong class=cms-bold>Attack.<\/strong> The Foreign&#13;<br \/>\nMinistry in Bucharest strongly condemns any act of violence and any form of&#13;<br \/>\nxenophobia, racism and discrimination, after two Romanians were assaulted in&#13;<br \/>\nFrance. Romanian diplomacy reiterates the importance of continuing the efforts&#13;<br \/>\nmade at the level of the European Union to combat xenophobia, discrimination of&#13;<br \/>\nany kind and hate speech. Three people, including two Romanians, were attacked&#13;<br \/>\nwith a knife on December 12 in Antony, France. One of the injured Romanians was&#13;<br \/>\ndischarged, and the other continues to receive medical care in hospital. French&#13;<br \/>\nauthorities are investigating the attacker for the crime of attempted murder,&#13;<br \/>\ncommitted on racial, ethnic or religious grounds. (M. Ignatescu)<\/p>\n<p>&#13;<br \/>\n&#13;<br \/>\n&#13;<br \/>\n&#13;<br \/>\n&#13;<br \/>\n&#13;<br \/><\/p>\n","protected":false},"excerpt":{"rendered":"<p>A roundup of domestic and international news<\/p>\n","protected":false},"author":113,"featured_media":75903,"comment_status":"closed","ping_status":"closed","sticky":false,"template":"","format":"standard","meta":{"_acf_changed":false,"footnotes":""},"categories":[22],"tags":[35926,35374,35925,35416,35924,29645,32402],"coauthors":[],"class_list":["post-104794","post","type-post","status-publish","format-standard","has-post-thumbnail","hentry","category-newsflash","tag-antony","tag-covid-19","tag-multiannual-budget","tag-pandemic","tag-pfizer-biontech","tag-timisoara","tag-vaccine"],"acf":[],"yoast_head":"<!-- This site is optimized with the Yoast SEO plugin v27.3 - https:\/\/yoast.com\/product\/yoast-seo-wordpress\/ -->\n<title>December 17, 2020 - Radio Romania International<\/title>\n<meta name=\"robots\" content=\"index, follow, max-snippet:-1, max-image-preview:large, max-video-preview:-1\" \/>\n<link rel=\"canonical\" href=\"https:\/\/www.rri.ro\/en\/news-and-current-affairs\/newsflash\/december-17-2020-id104794.html\" \/>\n<meta property=\"og:locale\" content=\"en_US\" \/>\n<meta property=\"og:type\" content=\"article\" \/>\n<meta property=\"og:title\" content=\"December 17, 2020 - Radio Romania International\" \/>\n<meta property=\"og:description\" content=\"A roundup of domestic and international news\" \/>\n<meta property=\"og:url\" content=\"https:\/\/www.rri.ro\/en\/news-and-current-affairs\/newsflash\/december-17-2020-id104794.html\" \/>\n<meta property=\"og:site_name\" content=\"Radio Romania International\" \/>\n<meta property=\"article:published_time\" content=\"2020-12-17T11:55:00+00:00\" \/>\n<meta property=\"article:modified_time\" content=\"2024-02-15T18:48:44+00:00\" \/>\n<meta property=\"og:image\" content=\"https:\/\/www.rri.ro\/wp-content\/uploads\/2023\/10\/stiri-engleza-ok.png\" \/>\n\t<meta property=\"og:image:width\" content=\"640\" \/>\n\t<meta property=\"og:image:height\" content=\"480\" \/>\n\t<meta property=\"og:image:type\" content=\"image\/png\" \/>\n<meta name=\"author\" content=\"Newsroom\" \/>\n<meta name=\"twitter:card\" content=\"summary_large_image\" \/>\n<meta name=\"twitter:label1\" content=\"Written by\" \/>\n\t<meta name=\"twitter:data1\" content=\"Newsroom\" \/>\n\t<meta name=\"twitter:label2\" content=\"Est. reading time\" \/>\n\t<meta name=\"twitter:data2\" content=\"5 minutes\" \/>\n<script type=\"application\/ld+json\" class=\"yoast-schema-graph\">{\"@context\":\"https:\\\/\\\/schema.org\",\"@graph\":[{\"@type\":\"Article\",\"@id\":\"https:\\\/\\\/www.rri.ro\\\/en\\\/news-and-current-affairs\\\/newsflash\\\/december-17-2020-id104794.html#article\",\"isPartOf\":{\"@id\":\"https:\\\/\\\/www.rri.ro\\\/en\\\/news-and-current-affairs\\\/newsflash\\\/december-17-2020-id104794.html\"},\"author\":{\"name\":\"Newsroom\",\"@id\":\"https:\\\/\\\/www.rri.ro\\\/#\\\/schema\\\/person\\\/4a479940371b9fdefd194f561e8a7f88\"},\"headline\":\"December 17, 2020\",\"datePublished\":\"2020-12-17T11:55:00+00:00\",\"dateModified\":\"2024-02-15T18:48:44+00:00\",\"mainEntityOfPage\":{\"@id\":\"https:\\\/\\\/www.rri.ro\\\/en\\\/news-and-current-affairs\\\/newsflash\\\/december-17-2020-id104794.html\"},\"wordCount\":1064,\"image\":{\"@id\":\"https:\\\/\\\/www.rri.ro\\\/en\\\/news-and-current-affairs\\\/newsflash\\\/december-17-2020-id104794.html#primaryimage\"},\"thumbnailUrl\":\"https:\\\/\\\/www.rri.ro\\\/wp-content\\\/uploads\\\/2023\\\/10\\\/stiri-engleza-ok.png\",\"keywords\":[\"Antony\",\"Covid-19\",\"multiannual budget\",\"pandemic\",\"Pfizer-BioNTech\",\"Timisoara\",\"Vaccine\"],\"articleSection\":[\"Newsflash\"],\"inLanguage\":\"en-US\"},{\"@type\":\"WebPage\",\"@id\":\"https:\\\/\\\/www.rri.ro\\\/en\\\/news-and-current-affairs\\\/newsflash\\\/december-17-2020-id104794.html\",\"url\":\"https:\\\/\\\/www.rri.ro\\\/en\\\/news-and-current-affairs\\\/newsflash\\\/december-17-2020-id104794.html\",\"name\":\"December 17, 2020 - Radio Romania International\",\"isPartOf\":{\"@id\":\"https:\\\/\\\/www.rri.ro\\\/#website\"},\"primaryImageOfPage\":{\"@id\":\"https:\\\/\\\/www.rri.ro\\\/en\\\/news-and-current-affairs\\\/newsflash\\\/december-17-2020-id104794.html#primaryimage\"},\"image\":{\"@id\":\"https:\\\/\\\/www.rri.ro\\\/en\\\/news-and-current-affairs\\\/newsflash\\\/december-17-2020-id104794.html#primaryimage\"},\"thumbnailUrl\":\"https:\\\/\\\/www.rri.ro\\\/wp-content\\\/uploads\\\/2023\\\/10\\\/stiri-engleza-ok.png\",\"datePublished\":\"2020-12-17T11:55:00+00:00\",\"dateModified\":\"2024-02-15T18:48:44+00:00\",\"author\":{\"@id\":\"https:\\\/\\\/www.rri.ro\\\/#\\\/schema\\\/person\\\/4a479940371b9fdefd194f561e8a7f88\"},\"breadcrumb\":{\"@id\":\"https:\\\/\\\/www.rri.ro\\\/en\\\/news-and-current-affairs\\\/newsflash\\\/december-17-2020-id104794.html#breadcrumb\"},\"inLanguage\":\"en-US\",\"potentialAction\":[{\"@type\":\"ReadAction\",\"target\":[\"https:\\\/\\\/www.rri.ro\\\/en\\\/news-and-current-affairs\\\/newsflash\\\/december-17-2020-id104794.html\"]}]},{\"@type\":\"ImageObject\",\"inLanguage\":\"en-US\",\"@id\":\"https:\\\/\\\/www.rri.ro\\\/en\\\/news-and-current-affairs\\\/newsflash\\\/december-17-2020-id104794.html#primaryimage\",\"url\":\"https:\\\/\\\/www.rri.ro\\\/wp-content\\\/uploads\\\/2023\\\/10\\\/stiri-engleza-ok.png\",\"contentUrl\":\"https:\\\/\\\/www.rri.ro\\\/wp-content\\\/uploads\\\/2023\\\/10\\\/stiri-engleza-ok.png\",\"width\":640,\"height\":480},{\"@type\":\"BreadcrumbList\",\"@id\":\"https:\\\/\\\/www.rri.ro\\\/en\\\/news-and-current-affairs\\\/newsflash\\\/december-17-2020-id104794.html#breadcrumb\",\"itemListElement\":[{\"@type\":\"ListItem\",\"position\":1,\"name\":\"Homepage\",\"item\":\"https:\\\/\\\/www.rri.ro\\\/en\"},{\"@type\":\"ListItem\",\"position\":2,\"name\":\"News and Current Affairs\",\"item\":\"https:\\\/\\\/www.rri.ro\\\/en\\\/news-and-current-affairs\"},{\"@type\":\"ListItem\",\"position\":3,\"name\":\"Newsflash\",\"item\":\"https:\\\/\\\/www.rri.ro\\\/en\\\/news-and-current-affairs\\\/newsflash\"},{\"@type\":\"ListItem\",\"position\":4,\"name\":\"December 17, 2020\"}]},{\"@type\":\"WebSite\",\"@id\":\"https:\\\/\\\/www.rri.ro\\\/#website\",\"url\":\"https:\\\/\\\/www.rri.ro\\\/\",\"name\":\"Radio Romania International\",\"description\":\"Totul despre Rom\u00e2nia \u015fi rom\u00e2ni, \u00een 13 limbi\\\/dialecte!\",\"inLanguage\":\"en-US\"},{\"@type\":\"Person\",\"@id\":\"https:\\\/\\\/www.rri.ro\\\/#\\\/schema\\\/person\\\/4a479940371b9fdefd194f561e8a7f88\",\"name\":\"Newsroom\",\"url\":\"https:\\\/\\\/www.rri.ro\\\/en\\\/author\\\/newsroom\"}]}<\/script>\n<!-- \/ Yoast SEO plugin. -->","yoast_head_json":{"title":"December 17, 2020 - Radio Romania International","robots":{"index":"index","follow":"follow","max-snippet":"max-snippet:-1","max-image-preview":"max-image-preview:large","max-video-preview":"max-video-preview:-1"},"canonical":"https:\/\/www.rri.ro\/en\/news-and-current-affairs\/newsflash\/december-17-2020-id104794.html","og_locale":"en_US","og_type":"article","og_title":"December 17, 2020 - Radio Romania International","og_description":"A roundup of domestic and international news","og_url":"https:\/\/www.rri.ro\/en\/news-and-current-affairs\/newsflash\/december-17-2020-id104794.html","og_site_name":"Radio Romania International","article_published_time":"2020-12-17T11:55:00+00:00","article_modified_time":"2024-02-15T18:48:44+00:00","og_image":[{"width":640,"height":480,"url":"https:\/\/www.rri.ro\/wp-content\/uploads\/2023\/10\/stiri-engleza-ok.png","type":"image\/png"}],"author":"Newsroom","twitter_card":"summary_large_image","twitter_misc":{"Written by":"Newsroom","Est. reading time":"5 minutes"},"schema":{"@context":"https:\/\/schema.org","@graph":[{"@type":"Article","@id":"https:\/\/www.rri.ro\/en\/news-and-current-affairs\/newsflash\/december-17-2020-id104794.html#article","isPartOf":{"@id":"https:\/\/www.rri.ro\/en\/news-and-current-affairs\/newsflash\/december-17-2020-id104794.html"},"author":{"name":"Newsroom","@id":"https:\/\/www.rri.ro\/#\/schema\/person\/4a479940371b9fdefd194f561e8a7f88"},"headline":"December 17, 2020","datePublished":"2020-12-17T11:55:00+00:00","dateModified":"2024-02-15T18:48:44+00:00","mainEntityOfPage":{"@id":"https:\/\/www.rri.ro\/en\/news-and-current-affairs\/newsflash\/december-17-2020-id104794.html"},"wordCount":1064,"image":{"@id":"https:\/\/www.rri.ro\/en\/news-and-current-affairs\/newsflash\/december-17-2020-id104794.html#primaryimage"},"thumbnailUrl":"https:\/\/www.rri.ro\/wp-content\/uploads\/2023\/10\/stiri-engleza-ok.png","keywords":["Antony","Covid-19","multiannual budget","pandemic","Pfizer-BioNTech","Timisoara","Vaccine"],"articleSection":["Newsflash"],"inLanguage":"en-US"},{"@type":"WebPage","@id":"https:\/\/www.rri.ro\/en\/news-and-current-affairs\/newsflash\/december-17-2020-id104794.html","url":"https:\/\/www.rri.ro\/en\/news-and-current-affairs\/newsflash\/december-17-2020-id104794.html","name":"December 17, 2020 - Radio Romania International","isPartOf":{"@id":"https:\/\/www.rri.ro\/#website"},"primaryImageOfPage":{"@id":"https:\/\/www.rri.ro\/en\/news-and-current-affairs\/newsflash\/december-17-2020-id104794.html#primaryimage"},"image":{"@id":"https:\/\/www.rri.ro\/en\/news-and-current-affairs\/newsflash\/december-17-2020-id104794.html#primaryimage"},"thumbnailUrl":"https:\/\/www.rri.ro\/wp-content\/uploads\/2023\/10\/stiri-engleza-ok.png","datePublished":"2020-12-17T11:55:00+00:00","dateModified":"2024-02-15T18:48:44+00:00","author":{"@id":"https:\/\/www.rri.ro\/#\/schema\/person\/4a479940371b9fdefd194f561e8a7f88"},"breadcrumb":{"@id":"https:\/\/www.rri.ro\/en\/news-and-current-affairs\/newsflash\/december-17-2020-id104794.html#breadcrumb"},"inLanguage":"en-US","potentialAction":[{"@type":"ReadAction","target":["https:\/\/www.rri.ro\/en\/news-and-current-affairs\/newsflash\/december-17-2020-id104794.html"]}]},{"@type":"ImageObject","inLanguage":"en-US","@id":"https:\/\/www.rri.ro\/en\/news-and-current-affairs\/newsflash\/december-17-2020-id104794.html#primaryimage","url":"https:\/\/www.rri.ro\/wp-content\/uploads\/2023\/10\/stiri-engleza-ok.png","contentUrl":"https:\/\/www.rri.ro\/wp-content\/uploads\/2023\/10\/stiri-engleza-ok.png","width":640,"height":480},{"@type":"BreadcrumbList","@id":"https:\/\/www.rri.ro\/en\/news-and-current-affairs\/newsflash\/december-17-2020-id104794.html#breadcrumb","itemListElement":[{"@type":"ListItem","position":1,"name":"Homepage","item":"https:\/\/www.rri.ro\/en"},{"@type":"ListItem","position":2,"name":"News and Current Affairs","item":"https:\/\/www.rri.ro\/en\/news-and-current-affairs"},{"@type":"ListItem","position":3,"name":"Newsflash","item":"https:\/\/www.rri.ro\/en\/news-and-current-affairs\/newsflash"},{"@type":"ListItem","position":4,"name":"December 17, 2020"}]},{"@type":"WebSite","@id":"https:\/\/www.rri.ro\/#website","url":"https:\/\/www.rri.ro\/","name":"Radio Romania International","description":"Totul despre Rom\u00e2nia \u015fi rom\u00e2ni, \u00een 13 limbi\/dialecte!","inLanguage":"en-US"},{"@type":"Person","@id":"https:\/\/www.rri.ro\/#\/schema\/person\/4a479940371b9fdefd194f561e8a7f88","name":"Newsroom","url":"https:\/\/www.rri.ro\/en\/author\/newsroom"}]}},"_links":{"self":[{"href":"https:\/\/www.rri.ro\/en\/wp-json\/wp\/v2\/posts\/104794","targetHints":{"allow":["GET"]}}],"collection":[{"href":"https:\/\/www.rri.ro\/en\/wp-json\/wp\/v2\/posts"}],"about":[{"href":"https:\/\/www.rri.ro\/en\/wp-json\/wp\/v2\/types\/post"}],"author":[{"embeddable":true,"href":"https:\/\/www.rri.ro\/en\/wp-json\/wp\/v2\/users\/113"}],"replies":[{"embeddable":true,"href":"https:\/\/www.rri.ro\/en\/wp-json\/wp\/v2\/comments?post=104794"}],"version-history":[{"count":0,"href":"https:\/\/www.rri.ro\/en\/wp-json\/wp\/v2\/posts\/104794\/revisions"}],"wp:featuredmedia":[{"embeddable":true,"href":"https:\/\/www.rri.ro\/en\/wp-json\/wp\/v2\/media\/75903"}],"wp:attachment":[{"href":"https:\/\/www.rri.ro\/en\/wp-json\/wp\/v2\/media?parent=104794"}],"wp:term":[{"taxonomy":"category","embeddable":true,"href":"https:\/\/www.rri.ro\/en\/wp-json\/wp\/v2\/categories?post=104794"},{"taxonomy":"post_tag","embeddable":true,"href":"https:\/\/www.rri.ro\/en\/wp-json\/wp\/v2\/tags?post=104794"},{"taxonomy":"author","embeddable":true,"href":"https:\/\/www.rri.ro\/en\/wp-json\/wp\/v2\/coauthors?post=104794"}],"curies":[{"name":"wp","href":"https:\/\/api.w.org\/{rel}","templated":true}]}}