{"id":104930,"date":"2021-02-22T13:55:00","date_gmt":"2021-02-22T11:55:00","guid":{"rendered":"http:\/\/devrri.freshlemon.ro\/news-and-current-affairs\/newsflash\/february-22-2021-104930.html"},"modified":"2024-02-15T20:50:35","modified_gmt":"2024-02-15T18:50:35","slug":"february-22-2021","status":"publish","type":"post","link":"https:\/\/www.rri.ro\/en\/news-and-current-affairs\/newsflash\/february-22-2021-id104930.html","title":{"rendered":"February 22, 2021"},"content":{"rendered":"<p>&#13;<br \/>\n&#13;<\/p>\n<p>VACCINE. A new tranche of 200,000 dozes of Pfizer Covid-19&#13;<br \/>\nvaccine has arrived in Romania today. According to the National Committee for&#13;<br \/>\nthe Coordination of Vaccination Activities, the total doses administered so&#13;<br \/>\nfar, to more than 800 thousand people, exceeds 1.3 million. The Minister of&#13;<br \/>\nEducation, Sorin C\u00eempeanu, has stated that approximately 60,000 people employed&#13;<br \/>\nin the education system want to be vaccinated against COVID-19 next week.&#13;<br \/>\nAccording to the minister, in a first phase, the teaching staff from primary,&#13;<br \/>\nsecondary, high school and university education benefit from priority vaccination&#13;<br \/>\nin mobile centers. He has stated that  more than 200,000 employees in the education&#13;<br \/>\nsystem have expressed their readiness for vaccination. 42,000 have already been&#13;<br \/>\nvaccinated. In another development, about 1,600 new cases of coronavirus have&#13;<br \/>\nbeen reported today. In total, since the beginning of the pandemic in Romania,&#13;<br \/>\nabout a year ago, over 780,000 cases of infection have been registered in this&#13;<br \/>\ncountry.<\/p>\n<p><\/p>\n<p>&#13;<br \/>\n&#13;<br \/>\n&#13;<br \/>\n&#13;<\/p>\n<p>BUDGET. The Romanian Liberal Prime Minister Florin C\u00ee\u0163u&#13;<br \/>\nhas announced that the draft state and social insurance budgets are to reach&#13;<br \/>\nParliament today, after being amended  by&#13;<br \/>\nthe Legislative Council. He has expressed hope that parliament will adopt the&#13;<br \/>\ndocument as soon as possible and said that, as far as he knows, the&#13;<br \/>\nrepresentatives of the PNL &#8211; USR PLUS UDMR coalition will not table amendments.&#13;<br \/>\nRegarding the amendments requested by the Social Democratic opposition, the&#13;<br \/>\nhead of the Government considers that they could take Romania out of the&#13;<br \/>\nEuropean Union. According to Florin C\u00ee\u0163u, the budgetary impact would stand at&#13;<br \/>\n6% and would lead the deficit to 13 percent of the Gross Domestic Product,&#13;<br \/>\nwhich is not possible. The projected deficit is 7.1% of the GDP. In another&#13;<br \/>\nmove, the first vice-president of the Social Democratic Party (PSD), Sorin&#13;<br \/>\nGrindeanu, has stated that the Social Democrats will submit a simple motion&#13;<br \/>\nagainst the Minister of Economy, Claudiu N\u0103sui, after the debate and approval&#13;<br \/>\nof the budget. He is accused of blocking a \u20ac 500 million funding program.<\/p>\n<p><\/p>\n<p>&#13;<br \/>\n&#13;<br \/>\n&#13;<br \/>\n&#13;<\/p>\n<p>EU. The Romanian Foreign Minister, Bogdan Aurescu, is&#13;<br \/>\nattending in Brussels a meeting with his counterparts from the member states of&#13;<br \/>\nthe European Union, on the relations with Moscow. According to the Romanian&#13;<br \/>\nForeign Ministry, he will stress that the EU-Russia relations are at a turning&#13;<br \/>\npoint, as well as the need for European unity, in order to maintain the Union&#8217;s&#13;<br \/>\ncredibility as a foreign policy actor. Following the expulsion of three&#13;<br \/>\nEuropean diplomats from Russia this month, just as EU foreign policy chief&#13;<br \/>\nJosep Borell was on a visit there, Minister Aurescu will call for new&#13;<br \/>\nrestrictive measures against Moscow and will emphasize the need for stronger&#13;<br \/>\npolitical engagement with ex-Soviet states from the Eastern Partnership, including&#13;<br \/>\nthe Republic of Moldova (mostly Romanian-speaking). Before the meeting, Aurescu&#13;<br \/>\nwill participate, together with European counterparts, in an informal meeting&#13;<br \/>\nwith representatives of the team of Russian opponent Alexei Navalny. On&#13;<br \/>\nSaturday, Navalny, listed as the Kremlin&#8217;s main political opponent, received&#13;<br \/>\ntwo sentences in a single day: two and a half years in prison, in a fraud case,&#13;<br \/>\nwhich he says was politically fabricated, and a 9,500 euro fine, on charges of&#13;<br \/>\ndefaming a supporter of President Vladimir Putin, a nonagenarian veteran of the&#13;<br \/>\nSoviet army in World War II.<\/p>\n<p><\/p>\n<p>&#13;<br \/>\n&#13;<br \/>\n&#13;<br \/>\n&#13;<\/p>\n<p>PROTESTS. Union protests continue in Romania this week.&#13;<br \/>\nSome of the miners stranded underground for several days in Lupeni (southwest)&#13;<br \/>\nannounce that they will go on hunger strike if they do not receive their&#13;<br \/>\nsalaries and other outstanding benefits. In this regard, a new round of&#13;<br \/>\nmeetings is taking place today at the Ministry of Energy and the Ministry of&#13;<br \/>\nLabor. The approximately 70 miners who are protesting underground in the Lupeni&#13;<br \/>\nmine, some of them on the fifth day, have received water and food from the Red&#13;<br \/>\nCross and other organizations, and their health is being monitored by mine&#13;<br \/>\nrescuers. The protesters are dissatisfied with the delay in wages for the&#13;<br \/>\ncurrent month and the fact that they have not received for almost 10 months&#13;<br \/>\nsome rights provided in the collective labor agreement, such as heating&#13;<br \/>\nallowance, transport money and meal vouchers. Also, dissatisfied with salaries&#13;<br \/>\nand the allocation of funds, the unions in the Penitentiary Police have&#13;<br \/>\nannounced  a rally in front of the&#13;<br \/>\nheadquarters of the Ministry of Justice today, followed by other protest&#13;<br \/>\nactions in the following days. <\/p>\n<p><\/p>\n<p>&#13;<br \/>\n&#13;<br \/>\n&#13;<br \/>\n&#13;<\/p>\n<p>INVESTIGATION. An&#13;<br \/>\ninvestigation is underway at the Marius Nasta Institute in Bucharest,&#13;<br \/>\nfollowing the incident on Sunday evening, when the air conditioning&#13;<br \/>\ninstallation of the mobile unit for treating patients with COVID-19 started&#13;<br \/>\nsmoking heavily. The intervention teams acted quickly and closed the unit, and&#13;<br \/>\nthe patients were moved to the hospital building. No one was injured. The&#13;<br \/>\nMinister of Health, Vlad Voiculescu, claims that it was a minor incident. The&#13;<br \/>\nevent followed another one, in January, also in Bucharest, when a fire broke&#13;<br \/>\nout at the Matei Bal\u015f National Institute of Infectious Diseases.&#13;<br \/>\nSeveral halls burned and the whole building was affected by smoke. A similar&#13;<br \/>\ntragedy took place in November, at the emergency hospital in Piatra Neam\u0163&#13;<br \/>\n(northeast). Both fires resulted in numerous casualties.<\/p>\n<p><\/p>\n<p>&#13;<br \/>\n&#13;<br \/>\n&#13;<br \/>\n&#13;<br \/>\n&#13;<br \/>\n&#13;<\/p>\n<p>ARMY. The main equipment of the first High Mobility&#13;<br \/>\nArtillery Rocket System (HIMARS), which will be part of the Romanian Army, will&#13;<br \/>\nbe transported to the headquarters of the 81st Missile Battalion Maior&#13;<br \/>\nGheorghe \u015eon\u0163u in Focsani (southeast). This is the first unit of the&#13;<br \/>\nRomanian Land Forces that will have this system. The first elements arrived, at&#13;<br \/>\nthe end of last week, in the Black Sea Port of Constanta. They will be&#13;<br \/>\ntransported on land under the coordination of US and Romanian specialized&#13;<br \/>\nstructures. Romania bought two years ago, from the American company Lockheed&#13;<br \/>\nMartin, three artillery systems based on HIMARS surface-to-ground rockets, at&#13;<br \/>\nthe price of about 1.5 billion dollars. <\/p>\n<p><\/p>\n<p>&#13;<br \/>\n&#13;<br \/>\n&#13;<br \/>\n&#13;<\/p>\n<p>TENNIS. Romanian tennis player Simona Halep went down to&#13;<br \/>\nthird place in the world ranking of professional tennis players (WTA),&#13;<br \/>\npublished today. The second position is now held by the Japanese Naomi Osaka,&#13;<br \/>\nwho won the title at the Australian Open on Saturday. We recall  that Halep stopped in the quarterfinals of the&#13;<br \/>\nfirst grand slam tournament of the year. The Australian Ashleigh Barty remains&#13;<br \/>\nthe WTA leader. Romania has 4 more representatives in the top 100: Patricia&#13;<br \/>\n\u0162ig, Sorana C\u00eerstea, Irina Begu and Ana Bogdan. (M.I)<\/p><\/p>\n","protected":false},"excerpt":{"rendered":"<p>A roundup of domestic and international news<\/p>\n","protected":false},"author":113,"featured_media":75903,"comment_status":"closed","ping_status":"closed","sticky":false,"template":"","format":"standard","meta":{"_acf_changed":false,"footnotes":""},"categories":[22],"tags":[28963,29547,35374,33160,35856,28900,32402],"coauthors":[],"class_list":["post-104930","post","type-post","status-publish","format-standard","has-post-thumbnail","hentry","category-newsflash","tag-bogdan-aurescu","tag-budget","tag-covid-19","tag-himars","tag-pfizer","tag-simona-halep","tag-vaccine"],"acf":[],"yoast_head":"<!-- This site is optimized with the Yoast SEO plugin v27.3 - https:\/\/yoast.com\/product\/yoast-seo-wordpress\/ -->\n<title>February 22, 2021 - Radio Romania International<\/title>\n<meta name=\"robots\" content=\"index, follow, max-snippet:-1, max-image-preview:large, max-video-preview:-1\" \/>\n<link rel=\"canonical\" href=\"https:\/\/www.rri.ro\/en\/news-and-current-affairs\/newsflash\/february-22-2021-id104930.html\" \/>\n<meta property=\"og:locale\" content=\"en_US\" \/>\n<meta property=\"og:type\" content=\"article\" \/>\n<meta property=\"og:title\" content=\"February 22, 2021 - Radio Romania International\" \/>\n<meta property=\"og:description\" content=\"A roundup of domestic and international news\" \/>\n<meta property=\"og:url\" content=\"https:\/\/www.rri.ro\/en\/news-and-current-affairs\/newsflash\/february-22-2021-id104930.html\" \/>\n<meta property=\"og:site_name\" content=\"Radio Romania International\" \/>\n<meta property=\"article:published_time\" content=\"2021-02-22T11:55:00+00:00\" \/>\n<meta property=\"article:modified_time\" content=\"2024-02-15T18:50:35+00:00\" \/>\n<meta property=\"og:image\" content=\"https:\/\/www.rri.ro\/wp-content\/uploads\/2023\/10\/stiri-engleza-ok.png\" \/>\n\t<meta property=\"og:image:width\" content=\"640\" \/>\n\t<meta property=\"og:image:height\" content=\"480\" \/>\n\t<meta property=\"og:image:type\" content=\"image\/png\" \/>\n<meta name=\"author\" content=\"Newsroom\" \/>\n<meta name=\"twitter:card\" content=\"summary_large_image\" \/>\n<meta name=\"twitter:label1\" content=\"Written by\" \/>\n\t<meta name=\"twitter:data1\" content=\"Newsroom\" \/>\n\t<meta name=\"twitter:label2\" content=\"Est. reading time\" \/>\n\t<meta name=\"twitter:data2\" content=\"5 minutes\" \/>\n<script type=\"application\/ld+json\" class=\"yoast-schema-graph\">{\"@context\":\"https:\\\/\\\/schema.org\",\"@graph\":[{\"@type\":\"Article\",\"@id\":\"https:\\\/\\\/www.rri.ro\\\/en\\\/news-and-current-affairs\\\/newsflash\\\/february-22-2021-id104930.html#article\",\"isPartOf\":{\"@id\":\"https:\\\/\\\/www.rri.ro\\\/en\\\/news-and-current-affairs\\\/newsflash\\\/february-22-2021-id104930.html\"},\"author\":{\"name\":\"Newsroom\",\"@id\":\"https:\\\/\\\/www.rri.ro\\\/#\\\/schema\\\/person\\\/4a479940371b9fdefd194f561e8a7f88\"},\"headline\":\"February 22, 2021\",\"datePublished\":\"2021-02-22T11:55:00+00:00\",\"dateModified\":\"2024-02-15T18:50:35+00:00\",\"mainEntityOfPage\":{\"@id\":\"https:\\\/\\\/www.rri.ro\\\/en\\\/news-and-current-affairs\\\/newsflash\\\/february-22-2021-id104930.html\"},\"wordCount\":1038,\"image\":{\"@id\":\"https:\\\/\\\/www.rri.ro\\\/en\\\/news-and-current-affairs\\\/newsflash\\\/february-22-2021-id104930.html#primaryimage\"},\"thumbnailUrl\":\"https:\\\/\\\/www.rri.ro\\\/wp-content\\\/uploads\\\/2023\\\/10\\\/stiri-engleza-ok.png\",\"keywords\":[\"Bogdan Aurescu\",\"budget\",\"Covid-19\",\"HIMARS\",\"Pfizer\",\"Simona Halep\",\"Vaccine\"],\"articleSection\":[\"Newsflash\"],\"inLanguage\":\"en-US\"},{\"@type\":\"WebPage\",\"@id\":\"https:\\\/\\\/www.rri.ro\\\/en\\\/news-and-current-affairs\\\/newsflash\\\/february-22-2021-id104930.html\",\"url\":\"https:\\\/\\\/www.rri.ro\\\/en\\\/news-and-current-affairs\\\/newsflash\\\/february-22-2021-id104930.html\",\"name\":\"February 22, 2021 - Radio Romania International\",\"isPartOf\":{\"@id\":\"https:\\\/\\\/www.rri.ro\\\/#website\"},\"primaryImageOfPage\":{\"@id\":\"https:\\\/\\\/www.rri.ro\\\/en\\\/news-and-current-affairs\\\/newsflash\\\/february-22-2021-id104930.html#primaryimage\"},\"image\":{\"@id\":\"https:\\\/\\\/www.rri.ro\\\/en\\\/news-and-current-affairs\\\/newsflash\\\/february-22-2021-id104930.html#primaryimage\"},\"thumbnailUrl\":\"https:\\\/\\\/www.rri.ro\\\/wp-content\\\/uploads\\\/2023\\\/10\\\/stiri-engleza-ok.png\",\"datePublished\":\"2021-02-22T11:55:00+00:00\",\"dateModified\":\"2024-02-15T18:50:35+00:00\",\"author\":{\"@id\":\"https:\\\/\\\/www.rri.ro\\\/#\\\/schema\\\/person\\\/4a479940371b9fdefd194f561e8a7f88\"},\"breadcrumb\":{\"@id\":\"https:\\\/\\\/www.rri.ro\\\/en\\\/news-and-current-affairs\\\/newsflash\\\/february-22-2021-id104930.html#breadcrumb\"},\"inLanguage\":\"en-US\",\"potentialAction\":[{\"@type\":\"ReadAction\",\"target\":[\"https:\\\/\\\/www.rri.ro\\\/en\\\/news-and-current-affairs\\\/newsflash\\\/february-22-2021-id104930.html\"]}]},{\"@type\":\"ImageObject\",\"inLanguage\":\"en-US\",\"@id\":\"https:\\\/\\\/www.rri.ro\\\/en\\\/news-and-current-affairs\\\/newsflash\\\/february-22-2021-id104930.html#primaryimage\",\"url\":\"https:\\\/\\\/www.rri.ro\\\/wp-content\\\/uploads\\\/2023\\\/10\\\/stiri-engleza-ok.png\",\"contentUrl\":\"https:\\\/\\\/www.rri.ro\\\/wp-content\\\/uploads\\\/2023\\\/10\\\/stiri-engleza-ok.png\",\"width\":640,\"height\":480},{\"@type\":\"BreadcrumbList\",\"@id\":\"https:\\\/\\\/www.rri.ro\\\/en\\\/news-and-current-affairs\\\/newsflash\\\/february-22-2021-id104930.html#breadcrumb\",\"itemListElement\":[{\"@type\":\"ListItem\",\"position\":1,\"name\":\"Homepage\",\"item\":\"https:\\\/\\\/www.rri.ro\\\/en\"},{\"@type\":\"ListItem\",\"position\":2,\"name\":\"News and Current Affairs\",\"item\":\"https:\\\/\\\/www.rri.ro\\\/en\\\/news-and-current-affairs\"},{\"@type\":\"ListItem\",\"position\":3,\"name\":\"Newsflash\",\"item\":\"https:\\\/\\\/www.rri.ro\\\/en\\\/news-and-current-affairs\\\/newsflash\"},{\"@type\":\"ListItem\",\"position\":4,\"name\":\"February 22, 2021\"}]},{\"@type\":\"WebSite\",\"@id\":\"https:\\\/\\\/www.rri.ro\\\/#website\",\"url\":\"https:\\\/\\\/www.rri.ro\\\/\",\"name\":\"Radio Romania International\",\"description\":\"Totul despre Rom\u00e2nia \u015fi rom\u00e2ni, \u00een 13 limbi\\\/dialecte!\",\"inLanguage\":\"en-US\"},{\"@type\":\"Person\",\"@id\":\"https:\\\/\\\/www.rri.ro\\\/#\\\/schema\\\/person\\\/4a479940371b9fdefd194f561e8a7f88\",\"name\":\"Newsroom\",\"url\":\"https:\\\/\\\/www.rri.ro\\\/en\\\/author\\\/newsroom\"}]}<\/script>\n<!-- \/ Yoast SEO plugin. -->","yoast_head_json":{"title":"February 22, 2021 - Radio Romania International","robots":{"index":"index","follow":"follow","max-snippet":"max-snippet:-1","max-image-preview":"max-image-preview:large","max-video-preview":"max-video-preview:-1"},"canonical":"https:\/\/www.rri.ro\/en\/news-and-current-affairs\/newsflash\/february-22-2021-id104930.html","og_locale":"en_US","og_type":"article","og_title":"February 22, 2021 - Radio Romania International","og_description":"A roundup of domestic and international news","og_url":"https:\/\/www.rri.ro\/en\/news-and-current-affairs\/newsflash\/february-22-2021-id104930.html","og_site_name":"Radio Romania International","article_published_time":"2021-02-22T11:55:00+00:00","article_modified_time":"2024-02-15T18:50:35+00:00","og_image":[{"width":640,"height":480,"url":"https:\/\/www.rri.ro\/wp-content\/uploads\/2023\/10\/stiri-engleza-ok.png","type":"image\/png"}],"author":"Newsroom","twitter_card":"summary_large_image","twitter_misc":{"Written by":"Newsroom","Est. reading time":"5 minutes"},"schema":{"@context":"https:\/\/schema.org","@graph":[{"@type":"Article","@id":"https:\/\/www.rri.ro\/en\/news-and-current-affairs\/newsflash\/february-22-2021-id104930.html#article","isPartOf":{"@id":"https:\/\/www.rri.ro\/en\/news-and-current-affairs\/newsflash\/february-22-2021-id104930.html"},"author":{"name":"Newsroom","@id":"https:\/\/www.rri.ro\/#\/schema\/person\/4a479940371b9fdefd194f561e8a7f88"},"headline":"February 22, 2021","datePublished":"2021-02-22T11:55:00+00:00","dateModified":"2024-02-15T18:50:35+00:00","mainEntityOfPage":{"@id":"https:\/\/www.rri.ro\/en\/news-and-current-affairs\/newsflash\/february-22-2021-id104930.html"},"wordCount":1038,"image":{"@id":"https:\/\/www.rri.ro\/en\/news-and-current-affairs\/newsflash\/february-22-2021-id104930.html#primaryimage"},"thumbnailUrl":"https:\/\/www.rri.ro\/wp-content\/uploads\/2023\/10\/stiri-engleza-ok.png","keywords":["Bogdan Aurescu","budget","Covid-19","HIMARS","Pfizer","Simona Halep","Vaccine"],"articleSection":["Newsflash"],"inLanguage":"en-US"},{"@type":"WebPage","@id":"https:\/\/www.rri.ro\/en\/news-and-current-affairs\/newsflash\/february-22-2021-id104930.html","url":"https:\/\/www.rri.ro\/en\/news-and-current-affairs\/newsflash\/february-22-2021-id104930.html","name":"February 22, 2021 - Radio Romania International","isPartOf":{"@id":"https:\/\/www.rri.ro\/#website"},"primaryImageOfPage":{"@id":"https:\/\/www.rri.ro\/en\/news-and-current-affairs\/newsflash\/february-22-2021-id104930.html#primaryimage"},"image":{"@id":"https:\/\/www.rri.ro\/en\/news-and-current-affairs\/newsflash\/february-22-2021-id104930.html#primaryimage"},"thumbnailUrl":"https:\/\/www.rri.ro\/wp-content\/uploads\/2023\/10\/stiri-engleza-ok.png","datePublished":"2021-02-22T11:55:00+00:00","dateModified":"2024-02-15T18:50:35+00:00","author":{"@id":"https:\/\/www.rri.ro\/#\/schema\/person\/4a479940371b9fdefd194f561e8a7f88"},"breadcrumb":{"@id":"https:\/\/www.rri.ro\/en\/news-and-current-affairs\/newsflash\/february-22-2021-id104930.html#breadcrumb"},"inLanguage":"en-US","potentialAction":[{"@type":"ReadAction","target":["https:\/\/www.rri.ro\/en\/news-and-current-affairs\/newsflash\/february-22-2021-id104930.html"]}]},{"@type":"ImageObject","inLanguage":"en-US","@id":"https:\/\/www.rri.ro\/en\/news-and-current-affairs\/newsflash\/february-22-2021-id104930.html#primaryimage","url":"https:\/\/www.rri.ro\/wp-content\/uploads\/2023\/10\/stiri-engleza-ok.png","contentUrl":"https:\/\/www.rri.ro\/wp-content\/uploads\/2023\/10\/stiri-engleza-ok.png","width":640,"height":480},{"@type":"BreadcrumbList","@id":"https:\/\/www.rri.ro\/en\/news-and-current-affairs\/newsflash\/february-22-2021-id104930.html#breadcrumb","itemListElement":[{"@type":"ListItem","position":1,"name":"Homepage","item":"https:\/\/www.rri.ro\/en"},{"@type":"ListItem","position":2,"name":"News and Current Affairs","item":"https:\/\/www.rri.ro\/en\/news-and-current-affairs"},{"@type":"ListItem","position":3,"name":"Newsflash","item":"https:\/\/www.rri.ro\/en\/news-and-current-affairs\/newsflash"},{"@type":"ListItem","position":4,"name":"February 22, 2021"}]},{"@type":"WebSite","@id":"https:\/\/www.rri.ro\/#website","url":"https:\/\/www.rri.ro\/","name":"Radio Romania International","description":"Totul despre Rom\u00e2nia \u015fi rom\u00e2ni, \u00een 13 limbi\/dialecte!","inLanguage":"en-US"},{"@type":"Person","@id":"https:\/\/www.rri.ro\/#\/schema\/person\/4a479940371b9fdefd194f561e8a7f88","name":"Newsroom","url":"https:\/\/www.rri.ro\/en\/author\/newsroom"}]}},"_links":{"self":[{"href":"https:\/\/www.rri.ro\/en\/wp-json\/wp\/v2\/posts\/104930","targetHints":{"allow":["GET"]}}],"collection":[{"href":"https:\/\/www.rri.ro\/en\/wp-json\/wp\/v2\/posts"}],"about":[{"href":"https:\/\/www.rri.ro\/en\/wp-json\/wp\/v2\/types\/post"}],"author":[{"embeddable":true,"href":"https:\/\/www.rri.ro\/en\/wp-json\/wp\/v2\/users\/113"}],"replies":[{"embeddable":true,"href":"https:\/\/www.rri.ro\/en\/wp-json\/wp\/v2\/comments?post=104930"}],"version-history":[{"count":0,"href":"https:\/\/www.rri.ro\/en\/wp-json\/wp\/v2\/posts\/104930\/revisions"}],"wp:featuredmedia":[{"embeddable":true,"href":"https:\/\/www.rri.ro\/en\/wp-json\/wp\/v2\/media\/75903"}],"wp:attachment":[{"href":"https:\/\/www.rri.ro\/en\/wp-json\/wp\/v2\/media?parent=104930"}],"wp:term":[{"taxonomy":"category","embeddable":true,"href":"https:\/\/www.rri.ro\/en\/wp-json\/wp\/v2\/categories?post=104930"},{"taxonomy":"post_tag","embeddable":true,"href":"https:\/\/www.rri.ro\/en\/wp-json\/wp\/v2\/tags?post=104930"},{"taxonomy":"author","embeddable":true,"href":"https:\/\/www.rri.ro\/en\/wp-json\/wp\/v2\/coauthors?post=104930"}],"curies":[{"name":"wp","href":"https:\/\/api.w.org\/{rel}","templated":true}]}}