{"id":105086,"date":"2021-05-14T13:55:00","date_gmt":"2021-05-14T10:55:00","guid":{"rendered":"http:\/\/devrri.freshlemon.ro\/news-and-current-affairs\/newsflash\/may-14-2021-105086.html"},"modified":"2024-02-15T20:52:43","modified_gmt":"2024-02-15T18:52:43","slug":"may-14-2021","status":"publish","type":"post","link":"https:\/\/www.rri.ro\/en\/news-and-current-affairs\/newsflash\/may-14-2021-id105086.html","title":{"rendered":"May 14, 2021"},"content":{"rendered":"<p><p>COVID-19 Roughly 3.8 million people have been&#13;<br \/>\nvaccinated in Romania and two thirds of them have got the booster dose. All the&#13;<br \/>\nRomanian territory is now in the so-called green zone as the epidemic has been&#13;<br \/>\ncontained in most of the regions. According to the Strategic Communication&#13;<br \/>\nGroup, the infection rate dropped to 1.30 per thousand in Bucharest and the&#13;<br \/>\nnumber of vaccinated people has exceeded one million. On Thursday the country&#13;<br \/>\nreceived 128 thousand doses of the Moderna vaccine, which are being distributed&#13;<br \/>\nacross the country whose citizens can now get a jab without having to register&#13;<br \/>\nbeforehand. Vaccine rollout is carried on in all the country&#8217;s centers,&#13;<br \/>\nincluding in its 10 drive-throughs. Another 950 new infection cases were&#13;<br \/>\nreported on Thursday and 75 patients have died in the past 24 hours. 830&#13;<br \/>\npatients are being treated in IC units.  <\/p>\n<p><\/p>\n<p>&#13;<br \/>\n&#13;<br \/>\n&#13;<br \/>\n&#13;<br \/>\n&#13;<br \/>\n&#13;<\/p>\n<p>PLAN In its National Recovery and Resilience plan&#13;<br \/>\n(PNRR) Romania has included a series of reforms in several key areas and its&#13;<br \/>\npledges have been well-received in Brussels, the country&#8217;s Prime Minister&#13;<br \/>\nFlorin Citu says. According to the head of the Bucharest executive, the plan is&#13;<br \/>\ncredible and doable and the cabinet members must work hard in the forthcoming&#13;<br \/>\nperiod to complete the projects that are to be funded. During the visit it has&#13;<br \/>\nrecently paid to Brussels, the Romanian Prime Minister has assured the EU officials&#13;<br \/>\nof Romania&#8217;s commitment to implementing the reforms comprised in the ruling&#13;<br \/>\nprogramme, in the fiscal-budgetary strategy, as well as in the convergence&#13;<br \/>\nprogramme. Romania has pledged to present its PNRR by the end of May, with a&#13;<br \/>\none month delay against the initial time scheduled by the European Union. Half&#13;<br \/>\nof the EU members have so far presented their national plans for funding. <\/p>\n<p><\/p>\n<p>&#13;<br \/>\n&#13;<br \/>\n&#13;<br \/>\n&#13;<br \/>\n&#13;<br \/>\n&#13;<\/p>\n<p>POLL 45% of the Romanians intend to change their&#13;<br \/>\njob after the pandemic, shows a recent poll conducted by an online recruiting&#13;<br \/>\nplatform. The main reason of the respondents is a higher pay. 11% want to go&#13;<br \/>\nthrough a professional retraining programme whereas 9% are ready to leave the&#13;<br \/>\ncountry. The categories standing most chances to find a job are IT experts and&#13;<br \/>\nqualified workers. <\/p>\n<p><\/p>\n<p>&#13;<br \/>\n&#13;<br \/>\n&#13;<br \/>\n&#13;<br \/>\n&#13;<br \/>\n&#13;<\/p>\n<p>TRAVEL Foreign Ministers from Central Europe have&#13;<br \/>\nrecently tackled in Bratislava the idea of free travel after the end of the&#13;<br \/>\ncoronavirus pandemic. The participants have agreed that during the holiday&#13;<br \/>\nseason, vaccinated people from Hungary, Slovakia, the Czech Republic, Austria&#13;<br \/>\nand Slovenia be allowed to travel freely to the other countries. Authorities in&#13;<br \/>\nthe USA have lifted indoor mask mandates for vaccinated citizens as 35% of the&#13;<br \/>\ncountry&#8217;s population has got either the two-jab, or the single-jab vaccine. 161.8&#13;<br \/>\nmillion infections have been reported the world over so far and 3.3 million&#13;<br \/>\npeople died, according to data released by worldmeters.info. Most of the&#13;<br \/>\nfatalities have been registered in the US, India and Brazil.  <\/p>\n<p><\/p>\n<p>&#13;<br \/>\n&#13;<br \/>\n&#13;<br \/>\n&#13;<br \/>\n&#13;<br \/>\n&#13;<\/p>\n<p>TALKS The Romanian&#13;<br \/>\ngovernment is to convene in Bucharest today for talks over the relaxation&#13;<br \/>\nmeasures to come into effect as of May 15th. The executive&#8217;s session is&#13;<br \/>\npreceded by a meeting of the National Committee for Emergency situations, which&#13;<br \/>\nis expected to come up with a series of relaxation measures, such as lifting&#13;<br \/>\noutdoor mask mandates with the exception of crowded places as well as the night&#13;<br \/>\ncurfew. Shops are expected to return to their pre-quarantine timetables. The next&#13;<br \/>\nrelaxation stage is expected to be implemented as of June 1st. <\/p>\n<p>&#13;<br \/>\n&#13;<br \/>\n&#13;<br \/>\n&#13;<\/p>\n<p>(bill)<\/p>\n<p>&#13;<br \/>\n&#13;<br \/><\/p>\n","protected":false},"excerpt":{"rendered":"<p>Click here for a roundup of domestic and international news<\/p>\n","protected":false},"author":113,"featured_media":75903,"comment_status":"closed","ping_status":"closed","sticky":false,"template":"","format":"standard","meta":{"_acf_changed":false,"footnotes":""},"categories":[22],"tags":[35389,35374,36191,35971,32402],"coauthors":[],"class_list":["post-105086","post","type-post","status-publish","format-standard","has-post-thumbnail","hentry","category-newsflash","tag-citu","tag-covid-19","tag-jab","tag-moderna","tag-vaccine"],"acf":[],"yoast_head":"<!-- This site is optimized with the Yoast SEO plugin v27.5 - https:\/\/yoast.com\/product\/yoast-seo-wordpress\/ -->\n<title>May 14, 2021 - Radio Romania International<\/title>\n<meta name=\"robots\" content=\"index, follow, max-snippet:-1, max-image-preview:large, max-video-preview:-1\" \/>\n<link rel=\"canonical\" href=\"https:\/\/www.rri.ro\/en\/news-and-current-affairs\/newsflash\/may-14-2021-id105086.html\" \/>\n<meta property=\"og:locale\" content=\"en_US\" \/>\n<meta property=\"og:type\" content=\"article\" \/>\n<meta property=\"og:title\" content=\"May 14, 2021 - Radio Romania International\" \/>\n<meta property=\"og:description\" content=\"Click here for a roundup of domestic and international news\" \/>\n<meta property=\"og:url\" content=\"https:\/\/www.rri.ro\/en\/news-and-current-affairs\/newsflash\/may-14-2021-id105086.html\" \/>\n<meta property=\"og:site_name\" content=\"Radio Romania International\" \/>\n<meta property=\"article:published_time\" content=\"2021-05-14T10:55:00+00:00\" \/>\n<meta property=\"article:modified_time\" content=\"2024-02-15T18:52:43+00:00\" \/>\n<meta property=\"og:image\" content=\"https:\/\/www.rri.ro\/wp-content\/uploads\/2023\/10\/stiri-engleza-ok.png\" \/>\n\t<meta property=\"og:image:width\" content=\"640\" \/>\n\t<meta property=\"og:image:height\" content=\"480\" \/>\n\t<meta property=\"og:image:type\" content=\"image\/png\" \/>\n<meta name=\"author\" content=\"Newsroom\" \/>\n<meta name=\"twitter:card\" content=\"summary_large_image\" \/>\n<meta name=\"twitter:label1\" content=\"Written by\" \/>\n\t<meta name=\"twitter:data1\" content=\"Newsroom\" \/>\n\t<meta name=\"twitter:label2\" content=\"Est. reading time\" \/>\n\t<meta name=\"twitter:data2\" content=\"3 minutes\" \/>\n<script type=\"application\/ld+json\" class=\"yoast-schema-graph\">{\"@context\":\"https:\\\/\\\/schema.org\",\"@graph\":[{\"@type\":\"Article\",\"@id\":\"https:\\\/\\\/www.rri.ro\\\/en\\\/news-and-current-affairs\\\/newsflash\\\/may-14-2021-id105086.html#article\",\"isPartOf\":{\"@id\":\"https:\\\/\\\/www.rri.ro\\\/en\\\/news-and-current-affairs\\\/newsflash\\\/may-14-2021-id105086.html\"},\"author\":{\"name\":\"Newsroom\",\"@id\":\"https:\\\/\\\/www.rri.ro\\\/#\\\/schema\\\/person\\\/4a479940371b9fdefd194f561e8a7f88\"},\"headline\":\"May 14, 2021\",\"datePublished\":\"2021-05-14T10:55:00+00:00\",\"dateModified\":\"2024-02-15T18:52:43+00:00\",\"mainEntityOfPage\":{\"@id\":\"https:\\\/\\\/www.rri.ro\\\/en\\\/news-and-current-affairs\\\/newsflash\\\/may-14-2021-id105086.html\"},\"wordCount\":555,\"image\":{\"@id\":\"https:\\\/\\\/www.rri.ro\\\/en\\\/news-and-current-affairs\\\/newsflash\\\/may-14-2021-id105086.html#primaryimage\"},\"thumbnailUrl\":\"https:\\\/\\\/www.rri.ro\\\/wp-content\\\/uploads\\\/2023\\\/10\\\/stiri-engleza-ok.png\",\"keywords\":[\"Citu\",\"Covid-19\",\"jab\",\"Moderna\",\"Vaccine\"],\"articleSection\":[\"Newsflash\"],\"inLanguage\":\"en-US\"},{\"@type\":\"WebPage\",\"@id\":\"https:\\\/\\\/www.rri.ro\\\/en\\\/news-and-current-affairs\\\/newsflash\\\/may-14-2021-id105086.html\",\"url\":\"https:\\\/\\\/www.rri.ro\\\/en\\\/news-and-current-affairs\\\/newsflash\\\/may-14-2021-id105086.html\",\"name\":\"May 14, 2021 - Radio Romania International\",\"isPartOf\":{\"@id\":\"https:\\\/\\\/www.rri.ro\\\/#website\"},\"primaryImageOfPage\":{\"@id\":\"https:\\\/\\\/www.rri.ro\\\/en\\\/news-and-current-affairs\\\/newsflash\\\/may-14-2021-id105086.html#primaryimage\"},\"image\":{\"@id\":\"https:\\\/\\\/www.rri.ro\\\/en\\\/news-and-current-affairs\\\/newsflash\\\/may-14-2021-id105086.html#primaryimage\"},\"thumbnailUrl\":\"https:\\\/\\\/www.rri.ro\\\/wp-content\\\/uploads\\\/2023\\\/10\\\/stiri-engleza-ok.png\",\"datePublished\":\"2021-05-14T10:55:00+00:00\",\"dateModified\":\"2024-02-15T18:52:43+00:00\",\"author\":{\"@id\":\"https:\\\/\\\/www.rri.ro\\\/#\\\/schema\\\/person\\\/4a479940371b9fdefd194f561e8a7f88\"},\"breadcrumb\":{\"@id\":\"https:\\\/\\\/www.rri.ro\\\/en\\\/news-and-current-affairs\\\/newsflash\\\/may-14-2021-id105086.html#breadcrumb\"},\"inLanguage\":\"en-US\",\"potentialAction\":[{\"@type\":\"ReadAction\",\"target\":[\"https:\\\/\\\/www.rri.ro\\\/en\\\/news-and-current-affairs\\\/newsflash\\\/may-14-2021-id105086.html\"]}]},{\"@type\":\"ImageObject\",\"inLanguage\":\"en-US\",\"@id\":\"https:\\\/\\\/www.rri.ro\\\/en\\\/news-and-current-affairs\\\/newsflash\\\/may-14-2021-id105086.html#primaryimage\",\"url\":\"https:\\\/\\\/www.rri.ro\\\/wp-content\\\/uploads\\\/2023\\\/10\\\/stiri-engleza-ok.png\",\"contentUrl\":\"https:\\\/\\\/www.rri.ro\\\/wp-content\\\/uploads\\\/2023\\\/10\\\/stiri-engleza-ok.png\",\"width\":640,\"height\":480},{\"@type\":\"BreadcrumbList\",\"@id\":\"https:\\\/\\\/www.rri.ro\\\/en\\\/news-and-current-affairs\\\/newsflash\\\/may-14-2021-id105086.html#breadcrumb\",\"itemListElement\":[{\"@type\":\"ListItem\",\"position\":1,\"name\":\"Homepage\",\"item\":\"https:\\\/\\\/www.rri.ro\\\/en\"},{\"@type\":\"ListItem\",\"position\":2,\"name\":\"News and Current Affairs\",\"item\":\"https:\\\/\\\/www.rri.ro\\\/en\\\/news-and-current-affairs\"},{\"@type\":\"ListItem\",\"position\":3,\"name\":\"Newsflash\",\"item\":\"https:\\\/\\\/www.rri.ro\\\/en\\\/news-and-current-affairs\\\/newsflash\"},{\"@type\":\"ListItem\",\"position\":4,\"name\":\"May 14, 2021\"}]},{\"@type\":\"WebSite\",\"@id\":\"https:\\\/\\\/www.rri.ro\\\/#website\",\"url\":\"https:\\\/\\\/www.rri.ro\\\/\",\"name\":\"Radio Romania International\",\"description\":\"Totul despre Rom\u00e2nia \u015fi rom\u00e2ni, \u00een 13 limbi\\\/dialecte!\",\"inLanguage\":\"en-US\"},{\"@type\":\"Person\",\"@id\":\"https:\\\/\\\/www.rri.ro\\\/#\\\/schema\\\/person\\\/4a479940371b9fdefd194f561e8a7f88\",\"name\":\"Newsroom\",\"url\":\"https:\\\/\\\/www.rri.ro\\\/en\\\/author\\\/newsroom\"}]}<\/script>\n<!-- \/ Yoast SEO plugin. -->","yoast_head_json":{"title":"May 14, 2021 - Radio Romania International","robots":{"index":"index","follow":"follow","max-snippet":"max-snippet:-1","max-image-preview":"max-image-preview:large","max-video-preview":"max-video-preview:-1"},"canonical":"https:\/\/www.rri.ro\/en\/news-and-current-affairs\/newsflash\/may-14-2021-id105086.html","og_locale":"en_US","og_type":"article","og_title":"May 14, 2021 - Radio Romania International","og_description":"Click here for a roundup of domestic and international news","og_url":"https:\/\/www.rri.ro\/en\/news-and-current-affairs\/newsflash\/may-14-2021-id105086.html","og_site_name":"Radio Romania International","article_published_time":"2021-05-14T10:55:00+00:00","article_modified_time":"2024-02-15T18:52:43+00:00","og_image":[{"width":640,"height":480,"url":"https:\/\/www.rri.ro\/wp-content\/uploads\/2023\/10\/stiri-engleza-ok.png","type":"image\/png"}],"author":"Newsroom","twitter_card":"summary_large_image","twitter_misc":{"Written by":"Newsroom","Est. reading time":"3 minutes"},"schema":{"@context":"https:\/\/schema.org","@graph":[{"@type":"Article","@id":"https:\/\/www.rri.ro\/en\/news-and-current-affairs\/newsflash\/may-14-2021-id105086.html#article","isPartOf":{"@id":"https:\/\/www.rri.ro\/en\/news-and-current-affairs\/newsflash\/may-14-2021-id105086.html"},"author":{"name":"Newsroom","@id":"https:\/\/www.rri.ro\/#\/schema\/person\/4a479940371b9fdefd194f561e8a7f88"},"headline":"May 14, 2021","datePublished":"2021-05-14T10:55:00+00:00","dateModified":"2024-02-15T18:52:43+00:00","mainEntityOfPage":{"@id":"https:\/\/www.rri.ro\/en\/news-and-current-affairs\/newsflash\/may-14-2021-id105086.html"},"wordCount":555,"image":{"@id":"https:\/\/www.rri.ro\/en\/news-and-current-affairs\/newsflash\/may-14-2021-id105086.html#primaryimage"},"thumbnailUrl":"https:\/\/www.rri.ro\/wp-content\/uploads\/2023\/10\/stiri-engleza-ok.png","keywords":["Citu","Covid-19","jab","Moderna","Vaccine"],"articleSection":["Newsflash"],"inLanguage":"en-US"},{"@type":"WebPage","@id":"https:\/\/www.rri.ro\/en\/news-and-current-affairs\/newsflash\/may-14-2021-id105086.html","url":"https:\/\/www.rri.ro\/en\/news-and-current-affairs\/newsflash\/may-14-2021-id105086.html","name":"May 14, 2021 - Radio Romania International","isPartOf":{"@id":"https:\/\/www.rri.ro\/#website"},"primaryImageOfPage":{"@id":"https:\/\/www.rri.ro\/en\/news-and-current-affairs\/newsflash\/may-14-2021-id105086.html#primaryimage"},"image":{"@id":"https:\/\/www.rri.ro\/en\/news-and-current-affairs\/newsflash\/may-14-2021-id105086.html#primaryimage"},"thumbnailUrl":"https:\/\/www.rri.ro\/wp-content\/uploads\/2023\/10\/stiri-engleza-ok.png","datePublished":"2021-05-14T10:55:00+00:00","dateModified":"2024-02-15T18:52:43+00:00","author":{"@id":"https:\/\/www.rri.ro\/#\/schema\/person\/4a479940371b9fdefd194f561e8a7f88"},"breadcrumb":{"@id":"https:\/\/www.rri.ro\/en\/news-and-current-affairs\/newsflash\/may-14-2021-id105086.html#breadcrumb"},"inLanguage":"en-US","potentialAction":[{"@type":"ReadAction","target":["https:\/\/www.rri.ro\/en\/news-and-current-affairs\/newsflash\/may-14-2021-id105086.html"]}]},{"@type":"ImageObject","inLanguage":"en-US","@id":"https:\/\/www.rri.ro\/en\/news-and-current-affairs\/newsflash\/may-14-2021-id105086.html#primaryimage","url":"https:\/\/www.rri.ro\/wp-content\/uploads\/2023\/10\/stiri-engleza-ok.png","contentUrl":"https:\/\/www.rri.ro\/wp-content\/uploads\/2023\/10\/stiri-engleza-ok.png","width":640,"height":480},{"@type":"BreadcrumbList","@id":"https:\/\/www.rri.ro\/en\/news-and-current-affairs\/newsflash\/may-14-2021-id105086.html#breadcrumb","itemListElement":[{"@type":"ListItem","position":1,"name":"Homepage","item":"https:\/\/www.rri.ro\/en"},{"@type":"ListItem","position":2,"name":"News and Current Affairs","item":"https:\/\/www.rri.ro\/en\/news-and-current-affairs"},{"@type":"ListItem","position":3,"name":"Newsflash","item":"https:\/\/www.rri.ro\/en\/news-and-current-affairs\/newsflash"},{"@type":"ListItem","position":4,"name":"May 14, 2021"}]},{"@type":"WebSite","@id":"https:\/\/www.rri.ro\/#website","url":"https:\/\/www.rri.ro\/","name":"Radio Romania International","description":"Totul despre Rom\u00e2nia \u015fi rom\u00e2ni, \u00een 13 limbi\/dialecte!","inLanguage":"en-US"},{"@type":"Person","@id":"https:\/\/www.rri.ro\/#\/schema\/person\/4a479940371b9fdefd194f561e8a7f88","name":"Newsroom","url":"https:\/\/www.rri.ro\/en\/author\/newsroom"}]}},"_links":{"self":[{"href":"https:\/\/www.rri.ro\/en\/wp-json\/wp\/v2\/posts\/105086","targetHints":{"allow":["GET"]}}],"collection":[{"href":"https:\/\/www.rri.ro\/en\/wp-json\/wp\/v2\/posts"}],"about":[{"href":"https:\/\/www.rri.ro\/en\/wp-json\/wp\/v2\/types\/post"}],"author":[{"embeddable":true,"href":"https:\/\/www.rri.ro\/en\/wp-json\/wp\/v2\/users\/113"}],"replies":[{"embeddable":true,"href":"https:\/\/www.rri.ro\/en\/wp-json\/wp\/v2\/comments?post=105086"}],"version-history":[{"count":0,"href":"https:\/\/www.rri.ro\/en\/wp-json\/wp\/v2\/posts\/105086\/revisions"}],"wp:featuredmedia":[{"embeddable":true,"href":"https:\/\/www.rri.ro\/en\/wp-json\/wp\/v2\/media\/75903"}],"wp:attachment":[{"href":"https:\/\/www.rri.ro\/en\/wp-json\/wp\/v2\/media?parent=105086"}],"wp:term":[{"taxonomy":"category","embeddable":true,"href":"https:\/\/www.rri.ro\/en\/wp-json\/wp\/v2\/categories?post=105086"},{"taxonomy":"post_tag","embeddable":true,"href":"https:\/\/www.rri.ro\/en\/wp-json\/wp\/v2\/tags?post=105086"},{"taxonomy":"author","embeddable":true,"href":"https:\/\/www.rri.ro\/en\/wp-json\/wp\/v2\/coauthors?post=105086"}],"curies":[{"name":"wp","href":"https:\/\/api.w.org\/{rel}","templated":true}]}}