{"id":105276,"date":"2021-08-03T19:45:00","date_gmt":"2021-08-03T16:45:00","guid":{"rendered":"http:\/\/devrri.freshlemon.ro\/news-and-current-affairs\/newsflash\/august-3-2021-update-105276.html"},"modified":"2024-02-15T20:54:49","modified_gmt":"2024-02-15T18:54:49","slug":"august-3-2021-update","status":"publish","type":"post","link":"https:\/\/www.rri.ro\/en\/news-and-current-affairs\/newsflash\/august-3-2021-update-id105276.html","title":{"rendered":"August 3, 2021 UPDATE"},"content":{"rendered":"<\/p>\n<p><strong style=font-size: 1em;>Budget.<\/strong><span style=font-size: 1em;> In Bucharest, the Liberal PM&#13;<br \/>\nFlorin C\u00ee\u0163u announced a first draft of the state budget adjustment&#13;<br \/>\nbill is ready and will be forwarded soon to the leaders of the right-of-centre&#13;<br \/>\nruling coalition. The prime minister also said he was still waiting for all&#13;<br \/>\nministers to report on the budget execution for the first half of the year, and&#13;<br \/>\ncalled for more responsibility in public spending in the next 6 months. In an&#13;<br \/>\ninternet post, C\u00ee\u0163u reminded his cabinet members that they must reach all the&#13;<br \/>\nbudget targets undertaken at the beginning of this year.<\/span><\/p>\n<p><\/p>\n<p>&#13;<br \/>\n&#13;<br \/>\n&#13;<br \/>\n&#13;<br \/>\n&#13;<br \/>\n&#13;<\/p>\n<p><strong>Attack.<\/strong> The&#13;<br \/>\nEuropean Union and NATO firmly condemned last Thursday&#8217;s drone attack off the&#13;<br \/>\ncoast of Oman on an oil tanker managed by an Israeli billionaire in which two&#13;<br \/>\ncrew members were killed, one Romanian and one British national. NATO warned&#13;<br \/>\nthat freedom of navigation is essential for allies and must be respected in&#13;<br \/>\nkeeping with international law. According to the Alliance, the UK, the US and&#13;<br \/>\nRomania reached the conclusion that Iran is most likely responsible for the&#13;<br \/>\nattack, and the allies are worried about Tehran&#8217;s destabilising actions in the&#13;<br \/>\nregion. Iran rejected the accusations and said it will not hesitate to defend&#13;<br \/>\nits security and national interests. Israel described the incident as a clear&#13;<br \/>\nviolation of international law. In Bucharest, the foreign ministry also&#13;<br \/>\ncondemned the attack and summoned the Iranian ambassador in Bucharest. A similar&#13;<br \/>\nmeasure was taken in London, where prime minister Boris Johnson said Iran must&#13;<br \/>\nface up to the consequences. The government in Tehran summoned the charg\u00e9 d&#8217;affaires of the British and Romanian embassies to protest against the&#13;<br \/>\naccusations against Iran.<\/p>\n<p><\/p>\n<\/p>\n<p><strong class=cms-bold>COVID-19. <\/strong>Tuesday saw 233 new Covid cases in Romania, the highest number in the last two months. Over 400 Covid patients are receiving hospital treatment, including 60 in intensive care. Five COVID-related deaths were also reported on Tuesday. The number of new coronavirus cases is growing across Europe, while in Romania containment measures are more relaxed than in other countries, state secretary Raed Arafat said. Despite this, he said, Romanians are still failing to observe the restrictions and many have given up wearing face masks on public transport. In spite of repeated warnings of an imminent new wave of infections, the vaccine rollout is also lagging behind in Romania, where 5 million people have received at least one dose, a target set for early June but which was only met a few days ago.<\/p>\n<p><\/p>\n<p><strong class=cms-bold>Vaccination.<\/strong> The European Union has reached a major goal of providing at least one dose of the Covid vaccine to 70% of the adults in the Union, but member states must step up vaccination rates in order to contain the faster-spreading variants, the European Commission chief warned on Tuesday. Ursula von der Leyen said that, apart from the first dose target being met, 57% of EU adults are now fully vaccinated against Covid. According to the European Centre for Disease Prevention and Control, 68% of the adults in the EU plus Iceland, Liechtenstein, Norway and Switzerland have received their first dose, whereas 53.7% of the approximately 400 million adults in the 31 countries are fully vaccinated.<\/p>\n<p><\/p>\n<p><span style=font-size: 1em;><b>Wildfires. <\/b>Efforts are being ramped up to put out the wildfires&#13;<br \/>\nraging in several Balkan countries. The fire is still blazing in many areas,&#13;<br \/>\nowing to strong winds and high temperatures. Greece is faced with its highest&#13;<br \/>\ntemperatures in the last 30 years, with highs of 40 to 45 degrees Celsius. The&#13;<br \/>\nGreek authorities took a series of measures to extinguish the wildfires and in&#13;<br \/>\nTurkey, the fire fighting services, which have been struggling to contain the&#13;<br \/>\nfire for almost a week, said there are still active fires. They received help from&#13;<br \/>\nfire fighters from Spain, Croatia and Russia. The heat wave has also affected&#13;<br \/>\nsouthern Bulgaria and Serbia, where hundreds of hectares of forest have caught&#13;<br \/>\nfire. The authorities are on alert, given that high temperatures are also&#13;<br \/>\nexpected in the next few days.<\/span><\/p>\n<p><\/p>\n<p><p><strong class=cms-bold>Recovery.<\/strong> The European Commission has made the&#13;<br \/>\nfirst payments under the European Recovery and Resilience Plan to Belgium,&#13;<br \/>\nLuxembourg and Portugal, worth in total almost 3 billion euros. These are the&#13;<br \/>\nfirst countries to receive 13% of the promised funds as part of a massive EU recovery&#13;<br \/>\nscheme worth 800 billion euros and aimed at overcoming the consequences of the&#13;<br \/>\nCovid-19 pandemic. The European Commission will this month make further&#13;<br \/>\npayments to other countries as soon as the latter finalise their national&#13;<br \/>\nplans. All states, with the exception of The Netherlands and Bulgaria have&#13;<br \/>\nsubmitted their plans. The Commission has so far given the green light to 16&#13;<br \/>\ncountries, namely Austria, Belgium, Denmark, France, Germany, Greece, Italy,&#13;<br \/>\nLatvia, Luxembourg, Portugal, Slovakia, Spain, Croatia, Cyprus, Lithuania and&#13;<br \/>\nSlovenia. The plans submitted by 7 states, including Romania, are still under&#13;<br \/>\nassessment. <\/p>\n<p><\/p>\n<p>&#13;<br \/>\n&#13;<br \/>\n&#13;<br \/>\n&#13;<\/p>\n<p><b>Unemployment. <\/b>The unemployment rate at the end&#13;<br \/>\nof June in Romania was 3% lower than in the previous month and equal to that in&#13;<br \/>\nJune last year, according to the national employment agency. Some 260,000&#13;<br \/>\nRomanians were out of job at the end of June, a third of them from urban areas&#13;<br \/>\nand the rest from the countryside. <\/p>\n<p><\/p>\n<p>&#13;<br \/>\n&#13;<br \/>\n&#13;<br \/>\n&#13;<\/p>\n<p><b>Olympics.<\/b> Bronze&#13;<br \/>\nmedallists at the Canoe Sprint European Championship in Poznan this year, the&#13;<br \/>\nRomanian rowers C\u0103t\u0103lin Chiril\u0103 and Victor Mihalachi on Tuesday finished in&#13;<br \/>\nfifth place in the final of the men&#8217;s canoe double 1,000 m at the Tokyo&#13;<br \/>\nOlympics. Victor Mihalachi has two world championship titles in this event,&#13;<br \/>\nwhich he won in 2010 and 2014. Also at the Tokyo Games, Romanian gymnast Larisa Iordache missed the beam final because&#13;<br \/>\nof an ankle injury. Romania so far won four medals in Tokyo, including one gold&#13;<br \/>\nand three silver. (CM)         <\/p>\n<p>&#13;<br \/>\n&#13;<br \/>\n&#13;<br \/>\n&#13;<br \/>\n&#13;<br \/>\n&#13;<br \/><\/p>\n","protected":false},"excerpt":{"rendered":"<p>A roundup of local and international news.<\/p>\n","protected":false},"author":113,"featured_media":105194,"comment_status":"closed","ping_status":"closed","sticky":false,"template":"","format":"standard","meta":{"_acf_changed":false,"footnotes":""},"categories":[22],"tags":[29547,35386,30557,32402,33774],"coauthors":[],"class_list":["post-105276","post","type-post","status-publish","format-standard","has-post-thumbnail","hentry","category-newsflash","tag-budget","tag-covid","tag-olympics","tag-vaccine","tag-wildfire"],"acf":[],"yoast_head":"<!-- This site is optimized with the Yoast SEO plugin v27.3 - https:\/\/yoast.com\/product\/yoast-seo-wordpress\/ -->\n<title>August 3, 2021 UPDATE - Radio Romania International<\/title>\n<meta name=\"robots\" content=\"index, follow, max-snippet:-1, max-image-preview:large, max-video-preview:-1\" \/>\n<link rel=\"canonical\" href=\"https:\/\/www.rri.ro\/en\/news-and-current-affairs\/newsflash\/august-3-2021-update-id105276.html\" \/>\n<meta property=\"og:locale\" content=\"en_US\" \/>\n<meta property=\"og:type\" content=\"article\" \/>\n<meta property=\"og:title\" content=\"August 3, 2021 UPDATE - Radio Romania International\" \/>\n<meta property=\"og:description\" content=\"A roundup of local and international news.\" \/>\n<meta property=\"og:url\" content=\"https:\/\/www.rri.ro\/en\/news-and-current-affairs\/newsflash\/august-3-2021-update-id105276.html\" \/>\n<meta property=\"og:site_name\" content=\"Radio Romania International\" \/>\n<meta property=\"article:published_time\" content=\"2021-08-03T16:45:00+00:00\" \/>\n<meta property=\"article:modified_time\" content=\"2024-02-15T18:54:49+00:00\" \/>\n<meta property=\"og:image\" content=\"https:\/\/www.rri.ro\/wp-content\/uploads\/2023\/10\/stiri-engleza-bleu.png\" \/>\n\t<meta property=\"og:image:width\" content=\"640\" \/>\n\t<meta property=\"og:image:height\" content=\"480\" \/>\n\t<meta property=\"og:image:type\" content=\"image\/png\" \/>\n<meta name=\"author\" content=\"Newsroom\" \/>\n<meta name=\"twitter:card\" content=\"summary_large_image\" \/>\n<meta name=\"twitter:label1\" content=\"Written by\" \/>\n\t<meta name=\"twitter:data1\" content=\"Newsroom\" \/>\n\t<meta name=\"twitter:label2\" content=\"Est. reading time\" \/>\n\t<meta name=\"twitter:data2\" content=\"5 minutes\" \/>\n<script type=\"application\/ld+json\" class=\"yoast-schema-graph\">{\"@context\":\"https:\\\/\\\/schema.org\",\"@graph\":[{\"@type\":\"Article\",\"@id\":\"https:\\\/\\\/www.rri.ro\\\/en\\\/news-and-current-affairs\\\/newsflash\\\/august-3-2021-update-id105276.html#article\",\"isPartOf\":{\"@id\":\"https:\\\/\\\/www.rri.ro\\\/en\\\/news-and-current-affairs\\\/newsflash\\\/august-3-2021-update-id105276.html\"},\"author\":{\"name\":\"Newsroom\",\"@id\":\"https:\\\/\\\/www.rri.ro\\\/#\\\/schema\\\/person\\\/4a479940371b9fdefd194f561e8a7f88\"},\"headline\":\"August 3, 2021 UPDATE\",\"datePublished\":\"2021-08-03T16:45:00+00:00\",\"dateModified\":\"2024-02-15T18:54:49+00:00\",\"mainEntityOfPage\":{\"@id\":\"https:\\\/\\\/www.rri.ro\\\/en\\\/news-and-current-affairs\\\/newsflash\\\/august-3-2021-update-id105276.html\"},\"wordCount\":931,\"image\":{\"@id\":\"https:\\\/\\\/www.rri.ro\\\/en\\\/news-and-current-affairs\\\/newsflash\\\/august-3-2021-update-id105276.html#primaryimage\"},\"thumbnailUrl\":\"https:\\\/\\\/www.rri.ro\\\/wp-content\\\/uploads\\\/2023\\\/10\\\/stiri-engleza-bleu.png\",\"keywords\":[\"budget\",\"COVID\",\"OLympics\",\"Vaccine\",\"wildfire\"],\"articleSection\":[\"Newsflash\"],\"inLanguage\":\"en-US\"},{\"@type\":\"WebPage\",\"@id\":\"https:\\\/\\\/www.rri.ro\\\/en\\\/news-and-current-affairs\\\/newsflash\\\/august-3-2021-update-id105276.html\",\"url\":\"https:\\\/\\\/www.rri.ro\\\/en\\\/news-and-current-affairs\\\/newsflash\\\/august-3-2021-update-id105276.html\",\"name\":\"August 3, 2021 UPDATE - Radio Romania International\",\"isPartOf\":{\"@id\":\"https:\\\/\\\/www.rri.ro\\\/#website\"},\"primaryImageOfPage\":{\"@id\":\"https:\\\/\\\/www.rri.ro\\\/en\\\/news-and-current-affairs\\\/newsflash\\\/august-3-2021-update-id105276.html#primaryimage\"},\"image\":{\"@id\":\"https:\\\/\\\/www.rri.ro\\\/en\\\/news-and-current-affairs\\\/newsflash\\\/august-3-2021-update-id105276.html#primaryimage\"},\"thumbnailUrl\":\"https:\\\/\\\/www.rri.ro\\\/wp-content\\\/uploads\\\/2023\\\/10\\\/stiri-engleza-bleu.png\",\"datePublished\":\"2021-08-03T16:45:00+00:00\",\"dateModified\":\"2024-02-15T18:54:49+00:00\",\"author\":{\"@id\":\"https:\\\/\\\/www.rri.ro\\\/#\\\/schema\\\/person\\\/4a479940371b9fdefd194f561e8a7f88\"},\"breadcrumb\":{\"@id\":\"https:\\\/\\\/www.rri.ro\\\/en\\\/news-and-current-affairs\\\/newsflash\\\/august-3-2021-update-id105276.html#breadcrumb\"},\"inLanguage\":\"en-US\",\"potentialAction\":[{\"@type\":\"ReadAction\",\"target\":[\"https:\\\/\\\/www.rri.ro\\\/en\\\/news-and-current-affairs\\\/newsflash\\\/august-3-2021-update-id105276.html\"]}]},{\"@type\":\"ImageObject\",\"inLanguage\":\"en-US\",\"@id\":\"https:\\\/\\\/www.rri.ro\\\/en\\\/news-and-current-affairs\\\/newsflash\\\/august-3-2021-update-id105276.html#primaryimage\",\"url\":\"https:\\\/\\\/www.rri.ro\\\/wp-content\\\/uploads\\\/2023\\\/10\\\/stiri-engleza-bleu.png\",\"contentUrl\":\"https:\\\/\\\/www.rri.ro\\\/wp-content\\\/uploads\\\/2023\\\/10\\\/stiri-engleza-bleu.png\",\"width\":640,\"height\":480,\"caption\":\"NEWSFLASH\"},{\"@type\":\"BreadcrumbList\",\"@id\":\"https:\\\/\\\/www.rri.ro\\\/en\\\/news-and-current-affairs\\\/newsflash\\\/august-3-2021-update-id105276.html#breadcrumb\",\"itemListElement\":[{\"@type\":\"ListItem\",\"position\":1,\"name\":\"Homepage\",\"item\":\"https:\\\/\\\/www.rri.ro\\\/en\"},{\"@type\":\"ListItem\",\"position\":2,\"name\":\"News and Current Affairs\",\"item\":\"https:\\\/\\\/www.rri.ro\\\/en\\\/news-and-current-affairs\"},{\"@type\":\"ListItem\",\"position\":3,\"name\":\"Newsflash\",\"item\":\"https:\\\/\\\/www.rri.ro\\\/en\\\/news-and-current-affairs\\\/newsflash\"},{\"@type\":\"ListItem\",\"position\":4,\"name\":\"August 3, 2021 UPDATE\"}]},{\"@type\":\"WebSite\",\"@id\":\"https:\\\/\\\/www.rri.ro\\\/#website\",\"url\":\"https:\\\/\\\/www.rri.ro\\\/\",\"name\":\"Radio Romania International\",\"description\":\"Totul despre Rom\u00e2nia \u015fi rom\u00e2ni, \u00een 13 limbi\\\/dialecte!\",\"inLanguage\":\"en-US\"},{\"@type\":\"Person\",\"@id\":\"https:\\\/\\\/www.rri.ro\\\/#\\\/schema\\\/person\\\/4a479940371b9fdefd194f561e8a7f88\",\"name\":\"Newsroom\",\"url\":\"https:\\\/\\\/www.rri.ro\\\/en\\\/author\\\/newsroom\"}]}<\/script>\n<!-- \/ Yoast SEO plugin. -->","yoast_head_json":{"title":"August 3, 2021 UPDATE - Radio Romania International","robots":{"index":"index","follow":"follow","max-snippet":"max-snippet:-1","max-image-preview":"max-image-preview:large","max-video-preview":"max-video-preview:-1"},"canonical":"https:\/\/www.rri.ro\/en\/news-and-current-affairs\/newsflash\/august-3-2021-update-id105276.html","og_locale":"en_US","og_type":"article","og_title":"August 3, 2021 UPDATE - Radio Romania International","og_description":"A roundup of local and international news.","og_url":"https:\/\/www.rri.ro\/en\/news-and-current-affairs\/newsflash\/august-3-2021-update-id105276.html","og_site_name":"Radio Romania International","article_published_time":"2021-08-03T16:45:00+00:00","article_modified_time":"2024-02-15T18:54:49+00:00","og_image":[{"width":640,"height":480,"url":"https:\/\/www.rri.ro\/wp-content\/uploads\/2023\/10\/stiri-engleza-bleu.png","type":"image\/png"}],"author":"Newsroom","twitter_card":"summary_large_image","twitter_misc":{"Written by":"Newsroom","Est. reading time":"5 minutes"},"schema":{"@context":"https:\/\/schema.org","@graph":[{"@type":"Article","@id":"https:\/\/www.rri.ro\/en\/news-and-current-affairs\/newsflash\/august-3-2021-update-id105276.html#article","isPartOf":{"@id":"https:\/\/www.rri.ro\/en\/news-and-current-affairs\/newsflash\/august-3-2021-update-id105276.html"},"author":{"name":"Newsroom","@id":"https:\/\/www.rri.ro\/#\/schema\/person\/4a479940371b9fdefd194f561e8a7f88"},"headline":"August 3, 2021 UPDATE","datePublished":"2021-08-03T16:45:00+00:00","dateModified":"2024-02-15T18:54:49+00:00","mainEntityOfPage":{"@id":"https:\/\/www.rri.ro\/en\/news-and-current-affairs\/newsflash\/august-3-2021-update-id105276.html"},"wordCount":931,"image":{"@id":"https:\/\/www.rri.ro\/en\/news-and-current-affairs\/newsflash\/august-3-2021-update-id105276.html#primaryimage"},"thumbnailUrl":"https:\/\/www.rri.ro\/wp-content\/uploads\/2023\/10\/stiri-engleza-bleu.png","keywords":["budget","COVID","OLympics","Vaccine","wildfire"],"articleSection":["Newsflash"],"inLanguage":"en-US"},{"@type":"WebPage","@id":"https:\/\/www.rri.ro\/en\/news-and-current-affairs\/newsflash\/august-3-2021-update-id105276.html","url":"https:\/\/www.rri.ro\/en\/news-and-current-affairs\/newsflash\/august-3-2021-update-id105276.html","name":"August 3, 2021 UPDATE - Radio Romania International","isPartOf":{"@id":"https:\/\/www.rri.ro\/#website"},"primaryImageOfPage":{"@id":"https:\/\/www.rri.ro\/en\/news-and-current-affairs\/newsflash\/august-3-2021-update-id105276.html#primaryimage"},"image":{"@id":"https:\/\/www.rri.ro\/en\/news-and-current-affairs\/newsflash\/august-3-2021-update-id105276.html#primaryimage"},"thumbnailUrl":"https:\/\/www.rri.ro\/wp-content\/uploads\/2023\/10\/stiri-engleza-bleu.png","datePublished":"2021-08-03T16:45:00+00:00","dateModified":"2024-02-15T18:54:49+00:00","author":{"@id":"https:\/\/www.rri.ro\/#\/schema\/person\/4a479940371b9fdefd194f561e8a7f88"},"breadcrumb":{"@id":"https:\/\/www.rri.ro\/en\/news-and-current-affairs\/newsflash\/august-3-2021-update-id105276.html#breadcrumb"},"inLanguage":"en-US","potentialAction":[{"@type":"ReadAction","target":["https:\/\/www.rri.ro\/en\/news-and-current-affairs\/newsflash\/august-3-2021-update-id105276.html"]}]},{"@type":"ImageObject","inLanguage":"en-US","@id":"https:\/\/www.rri.ro\/en\/news-and-current-affairs\/newsflash\/august-3-2021-update-id105276.html#primaryimage","url":"https:\/\/www.rri.ro\/wp-content\/uploads\/2023\/10\/stiri-engleza-bleu.png","contentUrl":"https:\/\/www.rri.ro\/wp-content\/uploads\/2023\/10\/stiri-engleza-bleu.png","width":640,"height":480,"caption":"NEWSFLASH"},{"@type":"BreadcrumbList","@id":"https:\/\/www.rri.ro\/en\/news-and-current-affairs\/newsflash\/august-3-2021-update-id105276.html#breadcrumb","itemListElement":[{"@type":"ListItem","position":1,"name":"Homepage","item":"https:\/\/www.rri.ro\/en"},{"@type":"ListItem","position":2,"name":"News and Current Affairs","item":"https:\/\/www.rri.ro\/en\/news-and-current-affairs"},{"@type":"ListItem","position":3,"name":"Newsflash","item":"https:\/\/www.rri.ro\/en\/news-and-current-affairs\/newsflash"},{"@type":"ListItem","position":4,"name":"August 3, 2021 UPDATE"}]},{"@type":"WebSite","@id":"https:\/\/www.rri.ro\/#website","url":"https:\/\/www.rri.ro\/","name":"Radio Romania International","description":"Totul despre Rom\u00e2nia \u015fi rom\u00e2ni, \u00een 13 limbi\/dialecte!","inLanguage":"en-US"},{"@type":"Person","@id":"https:\/\/www.rri.ro\/#\/schema\/person\/4a479940371b9fdefd194f561e8a7f88","name":"Newsroom","url":"https:\/\/www.rri.ro\/en\/author\/newsroom"}]}},"_links":{"self":[{"href":"https:\/\/www.rri.ro\/en\/wp-json\/wp\/v2\/posts\/105276","targetHints":{"allow":["GET"]}}],"collection":[{"href":"https:\/\/www.rri.ro\/en\/wp-json\/wp\/v2\/posts"}],"about":[{"href":"https:\/\/www.rri.ro\/en\/wp-json\/wp\/v2\/types\/post"}],"author":[{"embeddable":true,"href":"https:\/\/www.rri.ro\/en\/wp-json\/wp\/v2\/users\/113"}],"replies":[{"embeddable":true,"href":"https:\/\/www.rri.ro\/en\/wp-json\/wp\/v2\/comments?post=105276"}],"version-history":[{"count":0,"href":"https:\/\/www.rri.ro\/en\/wp-json\/wp\/v2\/posts\/105276\/revisions"}],"wp:featuredmedia":[{"embeddable":true,"href":"https:\/\/www.rri.ro\/en\/wp-json\/wp\/v2\/media\/105194"}],"wp:attachment":[{"href":"https:\/\/www.rri.ro\/en\/wp-json\/wp\/v2\/media?parent=105276"}],"wp:term":[{"taxonomy":"category","embeddable":true,"href":"https:\/\/www.rri.ro\/en\/wp-json\/wp\/v2\/categories?post=105276"},{"taxonomy":"post_tag","embeddable":true,"href":"https:\/\/www.rri.ro\/en\/wp-json\/wp\/v2\/tags?post=105276"},{"taxonomy":"author","embeddable":true,"href":"https:\/\/www.rri.ro\/en\/wp-json\/wp\/v2\/coauthors?post=105276"}],"curies":[{"name":"wp","href":"https:\/\/api.w.org\/{rel}","templated":true}]}}