{"id":1055336,"date":"2026-08-31T13:55:10","date_gmt":"2026-08-31T10:55:10","guid":{"rendered":"https:\/\/www.rri.ro\/?p=1055336"},"modified":"2026-08-31T13:55:48","modified_gmt":"2026-08-31T10:55:48","slug":"august-31-2026","status":"publish","type":"post","link":"https:\/\/www.rri.ro\/en\/news-and-current-affairs\/newsflash\/august-31-2026-id1055336.html","title":{"rendered":"August 31, 2026"},"content":{"rendered":"<p><strong>PNRR <\/strong>&#8211; Today marks the end of the National Recovery and Resilience Plan (PNRR), a national investment and reform mechanism funded by a special EU fund created to support Europe\u2019s recovery following the COVID-19 pandemic. Out of a budget of over 20 billion Euros allocated through this plan, Romania has actually managed to receive only about 13 billion Euros. The remainder depends on the European Commission\u2019s assessment of the reforms carried out by the authorities in Bucharest in the final stretch. Before the PNRR was finalized, there were over 15,000 projects funded by European money underway, and approximately 4,500 of them have not yet been accepted.<\/p>\n<p>&nbsp;<\/p>\n<p><strong>Romanian Language Day<\/strong> \u2013 Romanian Language Day is celebrated today in Romania, the Republic of Moldova, and Ukraine. In a message posted online, Romanian President Nicu\u015for Dan emphasized that protecting the rights of Romanians everywhere and promoting national culture remain essential goals for our country. He called the Romanian language \u201ca valuable bond,\u201d capable of anchoring us in history and opening the door to the future. Dan extended his congratulations to all those who speak, write, and keep the Romanian language alive, regardless of borders. Established in 2013 by the Romanian Parliament, the Romanian Language Day coincides with the national holiday in the Republic of Moldova and pays tribute to the national revival movement in the neighboring country, where the majority of the population is Romanian-speaking. On August 31, 1989, in the midst of Soviet rule, the Parliament in Chi\u0219in\u0103u, surrounded by a protest of some 750,000 people, or one-sixth of the republic\u2019s population at the time, decided to declare Romanian the official language and to switch to the Latin alphabet in place of the Cyrillic alphabet imposed by the occupiers following the 1940 annexation.<\/p>\n<p>&nbsp;<\/p>\n<p><strong>Rowing<\/strong> \u2013 At the World Rowing Championships in Amsterdam, held between August 24\u201330, Romanian athletes won three gold medals, two of them on Sunday, the final day of competition, in the women\u2019s and mixed 8+1 events. In a first for the country, Adriana Adam and Simona Radi\u015f concluded the World Championships in Amsterdam with three gold medals, following the ones they won in the mixed 8+1, women\u2019s 8+1, and women\u2019s pair on Friday. As a result, Romania ranked fourth in the medal count at the 2026 World Rowing Championships, with three gold medals, being overtaken by the Netherlands, Germany, and the United States.<\/p>\n<p>&nbsp;<\/p>\n<p><strong>Survey<\/strong> &#8211; Nearly three-quarters of Bucharest residents, 73%, believe that Romania is heading in the wrong direction, while only 18% believe it is heading in the right direction, shows an opinion poll conducted by CURS in Bucharest. Regarding the situation in Bucharest, 63% of those who participated in the survey said the city is heading in the wrong direction. Traffic and congestion are cited as the main problem that the City Hall should address as a priority. Second is the condition of streets and roads, followed by the parking problem. According to the poll, if local elections were held next Sunday, the PSD would receive 22% of the vote, followed by the PNL, trailing by one percentage point. The AUR is credited with 20%, and the USR with 18%. The poll was conducted by CURS between August 21 and 28, with a sample of over 1,000 respondents, and the maximum margin of error is +\/-3%.<\/p>\n<p>&nbsp;<\/p>\n<p><strong>Firefighters<\/strong> &#8211; The third contingent of Romanian firefighters has arrived in Greece to ensure the continuity of the monitoring and firefighting missions targeting wildfires and forest fires that have been underway for the past two weeks. According to the General Inspectorate for Emergency Situations, the firefighters will be stationed in Nea Makri, a town located in the Attica region, approximately 25 kilometers northeast of the Greek capital, Athens. Meanwhile, the Romanian firefighters on a mission in Serbia continued to work to contain a forest fire in the province of Vojvodina, in the northeast of the country. The Romanian firefighters\u2019 missions in these two countries are taking place under the European Union\u2019s Civil Protection Mechanism.<\/p>\n<p>&nbsp;<\/p>\n<p><strong>Diplomacy<\/strong> &#8211; The Romanian Foreign Ministry (MAE) is organizing the Annual Meeting of Romanian Diplomacy on August 31 and September 1. The proceedings will be led by Acting Foreign Minister Oana \u0162oiu and will take place at the Bucharest National Opera, the MAE announced. The event, traditionally held around Romanian Diplomacy Day, celebrated annually on September 1, will bring together the heads of Romania\u2019s diplomatic missions and consular offices abroad, representatives of the foreign diplomatic corps accredited in Bucharest, as well as members of the Foreign Ministry\u2019s leadership and senior Romanian officials. According to the Foreign Ministry, this year\u2019s event is dedicated to a more effective, pragmatic, and better-aligned diplomacy that serves Romania\u2019s interests, and the focus will be on how diplomatic and consular action can contribute more to strengthening the country\u2019s international profile, promoting Romania\u2019s security and economic interests, supporting Romanian citizens, and reinforcing the country\u2019s role in the European Union, in transatlantic relations, and in dialogue with global partners.<\/p>\n<p>&nbsp;<\/p>\n<p><strong>Jewish New Year<\/strong> &#8211; Authorities in Tulcea County, in southeastern Romania, are preparing for an increased flow of people crossing the border at the Isaccea checkpoint in Romania toward the town of Orlivka in the Odessa region of Ukraine around the time of the Jewish New Year, according to reports from the Bucharest press. According to the source, Prefect Eugen Terente stated that he has already held two meetings with Tulcea authorities responsible for public order and safety in order to prevent any incidents. Last year, during the pilgrimage, there were no problems in the county, but these meetings help us coordinate and streamline communication channels between state institutions and travelers will benefit because their transit through the border crossing will be made easier, the prefect said. The Jewish New Year will be observed in 2026 from September 11 to 13, and Ukraine is home to the tomb of a religious leader, where pilgrimages take place that draw thousands of believers. Since Ukraine\u2019s airspace is closed due to the Russian invasion, pilgrims from around the world are using airport infrastructure in Romania and the Republic of Moldova to reach the grave of Rabbi Nachman of Breslov. The Isaccea-Orlivka border crossing is preferred by many because it shortens the distance traveled by pilgrims arriving in Romania via the airports in Bucharest, Constan\u021ba, and Tulcea. (LS)<\/p>\n","protected":false},"excerpt":{"rendered":"<p>PNRR &#8211; Today marks the end of the National Recovery and Resilience Plan (PNRR), a national investment and reform mechanism funded by a special EU fund created to support Europe\u2019s recovery following the COVID-19 pandemic. Out of a budget of over 20 billion Euros allocated through this plan, Romania has actually managed to receive only [&hellip;]<\/p>\n","protected":false},"author":113,"featured_media":731782,"comment_status":"closed","ping_status":"closed","sticky":false,"template":"","format":"standard","meta":{"_acf_changed":false,"footnotes":""},"categories":[22],"tags":[34934,36165,29221,30416,29682],"coauthors":[116091],"class_list":["post-1055336","post","type-post","status-publish","format-standard","has-post-thumbnail","hentry","category-newsflash","tag-medals","tag-pnrr","tag-romanian-language-day","tag-rowing","tag-survey"],"acf":[],"yoast_head":"<!-- This site is optimized with the Yoast SEO plugin v28.2 - https:\/\/yoast.com\/product\/yoast-seo-wordpress\/ -->\n<title>August 31, 2026 - Radio Romania International<\/title>\n<meta name=\"robots\" content=\"index, follow, max-snippet:-1, max-image-preview:large, max-video-preview:-1\" \/>\n<link rel=\"canonical\" href=\"https:\/\/www.rri.ro\/en\/news-and-current-affairs\/newsflash\/august-31-2026-id1055336.html\" \/>\n<meta property=\"og:locale\" content=\"en_US\" \/>\n<meta property=\"og:type\" content=\"article\" \/>\n<meta property=\"og:title\" content=\"August 31, 2026 - Radio Romania International\" \/>\n<meta property=\"og:description\" content=\"PNRR &#8211; Today marks the end of the National Recovery and Resilience Plan (PNRR), a national investment and reform mechanism funded by a special EU fund created to support Europe\u2019s recovery following the COVID-19 pandemic. Out of a budget of over 20 billion Euros allocated through this plan, Romania has actually managed to receive only [&hellip;]\" \/>\n<meta property=\"og:url\" content=\"https:\/\/www.rri.ro\/en\/news-and-current-affairs\/newsflash\/august-31-2026-id1055336.html\" \/>\n<meta property=\"og:site_name\" content=\"Radio Romania International\" \/>\n<meta property=\"article:published_time\" content=\"2026-08-31T10:55:10+00:00\" \/>\n<meta property=\"article:modified_time\" content=\"2026-08-31T10:55:48+00:00\" \/>\n<meta property=\"og:image\" content=\"https:\/\/www.rri.ro\/wp-content\/uploads\/2024\/04\/Newsflash-stiri-bleu-960x540-1.jpg\" \/>\n\t<meta property=\"og:image:width\" content=\"960\" \/>\n\t<meta property=\"og:image:height\" content=\"540\" \/>\n\t<meta property=\"og:image:type\" content=\"image\/jpeg\" \/>\n<meta name=\"author\" content=\"Newsroom\" \/>\n<meta name=\"twitter:card\" content=\"summary_large_image\" \/>\n<meta name=\"twitter:label1\" content=\"Written by\" \/>\n\t<meta name=\"twitter:data1\" content=\"Newsroom\" \/>\n\t<meta name=\"twitter:label2\" content=\"Est. reading time\" \/>\n\t<meta name=\"twitter:data2\" content=\"5 minutes\" \/>\n<script type=\"application\/ld+json\" class=\"yoast-schema-graph\">{\"@context\":\"https:\\\/\\\/schema.org\",\"@graph\":[{\"@type\":\"Article\",\"@id\":\"https:\\\/\\\/www.rri.ro\\\/en\\\/news-and-current-affairs\\\/newsflash\\\/august-31-2026-id1055336.html#article\",\"isPartOf\":{\"@id\":\"https:\\\/\\\/www.rri.ro\\\/en\\\/news-and-current-affairs\\\/newsflash\\\/august-31-2026-id1055336.html\"},\"author\":{\"name\":\"Newsroom\",\"@id\":\"https:\\\/\\\/www.rri.ro\\\/#\\\/schema\\\/person\\\/4a479940371b9fdefd194f561e8a7f88\"},\"headline\":\"August 31, 2026\",\"datePublished\":\"2026-08-31T10:55:10+00:00\",\"dateModified\":\"2026-08-31T10:55:48+00:00\",\"mainEntityOfPage\":{\"@id\":\"https:\\\/\\\/www.rri.ro\\\/en\\\/news-and-current-affairs\\\/newsflash\\\/august-31-2026-id1055336.html\"},\"wordCount\":1042,\"image\":{\"@id\":\"https:\\\/\\\/www.rri.ro\\\/en\\\/news-and-current-affairs\\\/newsflash\\\/august-31-2026-id1055336.html#primaryimage\"},\"thumbnailUrl\":\"https:\\\/\\\/www.rri.ro\\\/wp-content\\\/uploads\\\/2024\\\/04\\\/Newsflash-stiri-bleu-960x540-1.jpg\",\"keywords\":[\"medals\",\"PNRR\",\"Romanian Language Day\",\"rowing\",\"survey\"],\"articleSection\":[\"Newsflash\"],\"inLanguage\":\"en-US\"},{\"@type\":\"WebPage\",\"@id\":\"https:\\\/\\\/www.rri.ro\\\/en\\\/news-and-current-affairs\\\/newsflash\\\/august-31-2026-id1055336.html\",\"url\":\"https:\\\/\\\/www.rri.ro\\\/en\\\/news-and-current-affairs\\\/newsflash\\\/august-31-2026-id1055336.html\",\"name\":\"August 31, 2026 - Radio Romania International\",\"isPartOf\":{\"@id\":\"https:\\\/\\\/www.rri.ro\\\/#website\"},\"primaryImageOfPage\":{\"@id\":\"https:\\\/\\\/www.rri.ro\\\/en\\\/news-and-current-affairs\\\/newsflash\\\/august-31-2026-id1055336.html#primaryimage\"},\"image\":{\"@id\":\"https:\\\/\\\/www.rri.ro\\\/en\\\/news-and-current-affairs\\\/newsflash\\\/august-31-2026-id1055336.html#primaryimage\"},\"thumbnailUrl\":\"https:\\\/\\\/www.rri.ro\\\/wp-content\\\/uploads\\\/2024\\\/04\\\/Newsflash-stiri-bleu-960x540-1.jpg\",\"datePublished\":\"2026-08-31T10:55:10+00:00\",\"dateModified\":\"2026-08-31T10:55:48+00:00\",\"author\":{\"@id\":\"https:\\\/\\\/www.rri.ro\\\/#\\\/schema\\\/person\\\/4a479940371b9fdefd194f561e8a7f88\"},\"breadcrumb\":{\"@id\":\"https:\\\/\\\/www.rri.ro\\\/en\\\/news-and-current-affairs\\\/newsflash\\\/august-31-2026-id1055336.html#breadcrumb\"},\"inLanguage\":\"en-US\",\"potentialAction\":[{\"@type\":\"ReadAction\",\"target\":[\"https:\\\/\\\/www.rri.ro\\\/en\\\/news-and-current-affairs\\\/newsflash\\\/august-31-2026-id1055336.html\"]}]},{\"@type\":\"ImageObject\",\"inLanguage\":\"en-US\",\"@id\":\"https:\\\/\\\/www.rri.ro\\\/en\\\/news-and-current-affairs\\\/newsflash\\\/august-31-2026-id1055336.html#primaryimage\",\"url\":\"https:\\\/\\\/www.rri.ro\\\/wp-content\\\/uploads\\\/2024\\\/04\\\/Newsflash-stiri-bleu-960x540-1.jpg\",\"contentUrl\":\"https:\\\/\\\/www.rri.ro\\\/wp-content\\\/uploads\\\/2024\\\/04\\\/Newsflash-stiri-bleu-960x540-1.jpg\",\"width\":960,\"height\":540,\"caption\":\"Newsflash\"},{\"@type\":\"BreadcrumbList\",\"@id\":\"https:\\\/\\\/www.rri.ro\\\/en\\\/news-and-current-affairs\\\/newsflash\\\/august-31-2026-id1055336.html#breadcrumb\",\"itemListElement\":[{\"@type\":\"ListItem\",\"position\":1,\"name\":\"Homepage\",\"item\":\"https:\\\/\\\/www.rri.ro\\\/en\"},{\"@type\":\"ListItem\",\"position\":2,\"name\":\"News and Current Affairs\",\"item\":\"https:\\\/\\\/www.rri.ro\\\/en\\\/news-and-current-affairs\"},{\"@type\":\"ListItem\",\"position\":3,\"name\":\"Newsflash\",\"item\":\"https:\\\/\\\/www.rri.ro\\\/en\\\/news-and-current-affairs\\\/newsflash\"},{\"@type\":\"ListItem\",\"position\":4,\"name\":\"August 31, 2026\"}]},{\"@type\":\"WebSite\",\"@id\":\"https:\\\/\\\/www.rri.ro\\\/#website\",\"url\":\"https:\\\/\\\/www.rri.ro\\\/\",\"name\":\"Radio Romania International\",\"description\":\"Totul despre Rom\u00e2nia \u015fi rom\u00e2ni, \u00een 13 limbi\\\/dialecte!\",\"inLanguage\":\"en-US\"},{\"@type\":\"Person\",\"@id\":\"https:\\\/\\\/www.rri.ro\\\/#\\\/schema\\\/person\\\/4a479940371b9fdefd194f561e8a7f88\",\"name\":\"Newsroom\",\"url\":\"https:\\\/\\\/www.rri.ro\\\/en\\\/author\\\/newsroom\"}]}<\/script>\n<!-- \/ Yoast SEO plugin. -->","yoast_head_json":{"title":"August 31, 2026 - Radio Romania International","robots":{"index":"index","follow":"follow","max-snippet":"max-snippet:-1","max-image-preview":"max-image-preview:large","max-video-preview":"max-video-preview:-1"},"canonical":"https:\/\/www.rri.ro\/en\/news-and-current-affairs\/newsflash\/august-31-2026-id1055336.html","og_locale":"en_US","og_type":"article","og_title":"August 31, 2026 - Radio Romania International","og_description":"PNRR &#8211; Today marks the end of the National Recovery and Resilience Plan (PNRR), a national investment and reform mechanism funded by a special EU fund created to support Europe\u2019s recovery following the COVID-19 pandemic. Out of a budget of over 20 billion Euros allocated through this plan, Romania has actually managed to receive only [&hellip;]","og_url":"https:\/\/www.rri.ro\/en\/news-and-current-affairs\/newsflash\/august-31-2026-id1055336.html","og_site_name":"Radio Romania International","article_published_time":"2026-08-31T10:55:10+00:00","article_modified_time":"2026-08-31T10:55:48+00:00","og_image":[{"width":960,"height":540,"url":"https:\/\/www.rri.ro\/wp-content\/uploads\/2024\/04\/Newsflash-stiri-bleu-960x540-1.jpg","type":"image\/jpeg"}],"author":"Newsroom","twitter_card":"summary_large_image","twitter_misc":{"Written by":"Newsroom","Est. reading time":"5 minutes"},"schema":{"@context":"https:\/\/schema.org","@graph":[{"@type":"Article","@id":"https:\/\/www.rri.ro\/en\/news-and-current-affairs\/newsflash\/august-31-2026-id1055336.html#article","isPartOf":{"@id":"https:\/\/www.rri.ro\/en\/news-and-current-affairs\/newsflash\/august-31-2026-id1055336.html"},"author":{"name":"Newsroom","@id":"https:\/\/www.rri.ro\/#\/schema\/person\/4a479940371b9fdefd194f561e8a7f88"},"headline":"August 31, 2026","datePublished":"2026-08-31T10:55:10+00:00","dateModified":"2026-08-31T10:55:48+00:00","mainEntityOfPage":{"@id":"https:\/\/www.rri.ro\/en\/news-and-current-affairs\/newsflash\/august-31-2026-id1055336.html"},"wordCount":1042,"image":{"@id":"https:\/\/www.rri.ro\/en\/news-and-current-affairs\/newsflash\/august-31-2026-id1055336.html#primaryimage"},"thumbnailUrl":"https:\/\/www.rri.ro\/wp-content\/uploads\/2024\/04\/Newsflash-stiri-bleu-960x540-1.jpg","keywords":["medals","PNRR","Romanian Language Day","rowing","survey"],"articleSection":["Newsflash"],"inLanguage":"en-US"},{"@type":"WebPage","@id":"https:\/\/www.rri.ro\/en\/news-and-current-affairs\/newsflash\/august-31-2026-id1055336.html","url":"https:\/\/www.rri.ro\/en\/news-and-current-affairs\/newsflash\/august-31-2026-id1055336.html","name":"August 31, 2026 - Radio Romania International","isPartOf":{"@id":"https:\/\/www.rri.ro\/#website"},"primaryImageOfPage":{"@id":"https:\/\/www.rri.ro\/en\/news-and-current-affairs\/newsflash\/august-31-2026-id1055336.html#primaryimage"},"image":{"@id":"https:\/\/www.rri.ro\/en\/news-and-current-affairs\/newsflash\/august-31-2026-id1055336.html#primaryimage"},"thumbnailUrl":"https:\/\/www.rri.ro\/wp-content\/uploads\/2024\/04\/Newsflash-stiri-bleu-960x540-1.jpg","datePublished":"2026-08-31T10:55:10+00:00","dateModified":"2026-08-31T10:55:48+00:00","author":{"@id":"https:\/\/www.rri.ro\/#\/schema\/person\/4a479940371b9fdefd194f561e8a7f88"},"breadcrumb":{"@id":"https:\/\/www.rri.ro\/en\/news-and-current-affairs\/newsflash\/august-31-2026-id1055336.html#breadcrumb"},"inLanguage":"en-US","potentialAction":[{"@type":"ReadAction","target":["https:\/\/www.rri.ro\/en\/news-and-current-affairs\/newsflash\/august-31-2026-id1055336.html"]}]},{"@type":"ImageObject","inLanguage":"en-US","@id":"https:\/\/www.rri.ro\/en\/news-and-current-affairs\/newsflash\/august-31-2026-id1055336.html#primaryimage","url":"https:\/\/www.rri.ro\/wp-content\/uploads\/2024\/04\/Newsflash-stiri-bleu-960x540-1.jpg","contentUrl":"https:\/\/www.rri.ro\/wp-content\/uploads\/2024\/04\/Newsflash-stiri-bleu-960x540-1.jpg","width":960,"height":540,"caption":"Newsflash"},{"@type":"BreadcrumbList","@id":"https:\/\/www.rri.ro\/en\/news-and-current-affairs\/newsflash\/august-31-2026-id1055336.html#breadcrumb","itemListElement":[{"@type":"ListItem","position":1,"name":"Homepage","item":"https:\/\/www.rri.ro\/en"},{"@type":"ListItem","position":2,"name":"News and Current Affairs","item":"https:\/\/www.rri.ro\/en\/news-and-current-affairs"},{"@type":"ListItem","position":3,"name":"Newsflash","item":"https:\/\/www.rri.ro\/en\/news-and-current-affairs\/newsflash"},{"@type":"ListItem","position":4,"name":"August 31, 2026"}]},{"@type":"WebSite","@id":"https:\/\/www.rri.ro\/#website","url":"https:\/\/www.rri.ro\/","name":"Radio Romania International","description":"Totul despre Rom\u00e2nia \u015fi rom\u00e2ni, \u00een 13 limbi\/dialecte!","inLanguage":"en-US"},{"@type":"Person","@id":"https:\/\/www.rri.ro\/#\/schema\/person\/4a479940371b9fdefd194f561e8a7f88","name":"Newsroom","url":"https:\/\/www.rri.ro\/en\/author\/newsroom"}]}},"_links":{"self":[{"href":"https:\/\/www.rri.ro\/en\/wp-json\/wp\/v2\/posts\/1055336","targetHints":{"allow":["GET"]}}],"collection":[{"href":"https:\/\/www.rri.ro\/en\/wp-json\/wp\/v2\/posts"}],"about":[{"href":"https:\/\/www.rri.ro\/en\/wp-json\/wp\/v2\/types\/post"}],"author":[{"embeddable":true,"href":"https:\/\/www.rri.ro\/en\/wp-json\/wp\/v2\/users\/113"}],"replies":[{"embeddable":true,"href":"https:\/\/www.rri.ro\/en\/wp-json\/wp\/v2\/comments?post=1055336"}],"version-history":[{"count":1,"href":"https:\/\/www.rri.ro\/en\/wp-json\/wp\/v2\/posts\/1055336\/revisions"}],"predecessor-version":[{"id":1055337,"href":"https:\/\/www.rri.ro\/en\/wp-json\/wp\/v2\/posts\/1055336\/revisions\/1055337"}],"wp:featuredmedia":[{"embeddable":true,"href":"https:\/\/www.rri.ro\/en\/wp-json\/wp\/v2\/media\/731782"}],"wp:attachment":[{"href":"https:\/\/www.rri.ro\/en\/wp-json\/wp\/v2\/media?parent=1055336"}],"wp:term":[{"taxonomy":"category","embeddable":true,"href":"https:\/\/www.rri.ro\/en\/wp-json\/wp\/v2\/categories?post=1055336"},{"taxonomy":"post_tag","embeddable":true,"href":"https:\/\/www.rri.ro\/en\/wp-json\/wp\/v2\/tags?post=1055336"},{"taxonomy":"author","embeddable":true,"href":"https:\/\/www.rri.ro\/en\/wp-json\/wp\/v2\/coauthors?post=1055336"}],"curies":[{"name":"wp","href":"https:\/\/api.w.org\/{rel}","templated":true}]}}