{"id":1055405,"date":"2026-08-31T19:45:54","date_gmt":"2026-08-31T16:45:54","guid":{"rendered":"https:\/\/www.rri.ro\/?p=1055405"},"modified":"2026-08-31T19:51:10","modified_gmt":"2026-08-31T16:51:10","slug":"august-31-2026-update","status":"publish","type":"post","link":"https:\/\/www.rri.ro\/en\/news-and-current-affairs\/newsflash\/august-31-2026-update-id1055405.html","title":{"rendered":"August 31, 2026 UPDATE"},"content":{"rendered":"<p><strong>Politics.<\/strong> Fresh talks to designate the country\u2019s next prime minister will take place on Tuesday between president Nicu\u0219or Dan and the parliamentary parties. The president believes that a majority for a stable government will be found this time. He has ruled out the idea of a technocratic government, saying the future cabinet will likely consist of ministers proposed by political parties. According to political sources, the next prime minister is expected to be an independent figure leading a government with a Social Democratic majority, also supported in Parliament by the Democratic Union of Ethnic Hungarians in Romania. The leader of the Social Democratic Party Sorin Grindeanu said on Monday that the Social Democrats would go to the talks with their own nominee for prime minister, adding that he himself is ready to take on that role. Romania has not had a government with full powers since May 5, when the minority cabinet led by Liberal leader Ilie Bolojan and consisting of the National Liberal Party, the Save Romania Union and the Democratic Union of Ethnic Hungarians in Romania was dismissed by Parliament through a vote of no-confidence.<\/p>\n<p>&nbsp;<\/p>\n<p><strong>Romanian Language Day.<\/strong>\u00a0Romanian Language Day was celebrated on Monday in Romania, the Republic of Moldova and Ukraine. In a message posted online, Romanian president Nicu\u015for Dan emphasised that protecting the rights of Romanians everywhere and promoting national culture remain essential goals for Romania. He called the Romanian language \u201ca valuable bond,\u201d capable of anchoring us in history and opening the door to the future. The president extended his congratulations to all those who speak, write, and keep the Romanian language alive, regardless of borders. Established in 2013 by the Romanian Parliament, the Romanian Language Day coincides with the national holiday in the Republic of Moldova and pays tribute to the national revival movement in this neighbouring country, where the majority of the population is Romanian-speaking. On August 31, 1989, in the midst of Soviet rule, the Parliament in Chi\u0219in\u0103u, picketed by some 750,000 people, which was about one-sixth of the republic\u2019s population at the time, decided to declare Romanian the official language and to switch to the Latin alphabet in place of the Cyrillic alphabet imposed by the occupiers following the 1940 annexation.<\/p>\n<p>&nbsp;<\/p>\n<p><strong>Budget deficit. <\/strong>Romania&#8217;s budget deficit dropped significantly in the first seven months of the year to some 9.1 billion euros. According to the finance ministry, this accounts for a 37% reduction compared to the same period last year. As a share of GDP, the deficit fell from 3.99% to 2.34%. This adjustment is attributed to an 11% rise in revenues, while budget expenditures were kept under control, going up by only 2.9%, without impacting investments. The government has implemented a series of measures starting August 1, 2025 aimed to achieve a sharp reduction in the budget deficit level, which had reached 9.3% of GDP in 2024, the highest level in the European Union.<\/p>\n<p>&nbsp;<\/p>\n<p><strong>Funding.<\/strong> The Romanian government met on Monday in an extraordinary session to adopt documents required for the conclusion of the National Recovery and Resilience Plan, a national investment and reform mechanism funded by a special EU fund established to support Europe&#8217;s recovery following the COVID-19 pandemic. The official deadline for accessing the funds expired on Monday. Projects that are still ongoing will have to be finalised using local authority budgets rather than non-repayable European funds. Out of the over 20 billion euros it was allocated, Romania has only managed to cash in about 13 billion. Whether it gets the rest, it depends on the European Commission&#8217;s assessment of the reforms implemented by the authorities in the last minute. Prior to the conclusion of the programme, over 15,000 projects funded by EU money were underway, and approximately 4,500 of these have not yet been formally finalised.<\/p>\n<p>&nbsp;<\/p>\n<p><strong>Diplomacy.<\/strong> Bucharest is playing host to the annual meeting of the Romanian diplomatic service. Ambassadors, consuls and high-ranking officials are participating in the event led by acting foreign minister Oana \u0162oiu. The cornerstones of Romania&#8217;s foreign policy, such as its membership of the European Union and NATO, the transatlantic partnership, and neighbourly relations, are vital to the country yet undergoing transformation, said the minister. She said one cannot talks about Romania&#8217;s foreign policy priorities without looking at security, particularly in the context of Russia&#8217;s war of aggression against Ukraine. Senate speaker Mircea Abrudean also said Romania today must be an active provider of security within NATO, especially along the Eastern Flank and in the Black Sea region. He added that the presence of US troops on national territory represents the most solid security guarantee Romania has ever had in its modern history. The meeting of the diplomatic service focuses on how diplomatic and consular efforts can further strengthen the country&#8217;s international profile, promote its security and economic interests and support Romanian citizens.<\/p>\n<p><strong>\u00a0<\/strong><\/p>\n<p><strong>Rowing.<\/strong> At the World Rowing Championships in Amsterdam, held between August 24\u201330, Romanian rowers won three gold medals, two of them on Sunday, on the final day of competition, in the women\u2019s eight and the mixed eight. In a first for Romania, Adriana Adam and Simona Radi\u015f finished the World Championships in Amsterdam with three gold medals, in the mixed eight, women\u2019s eight, and the women\u2019s pair on Friday. As a result, Romania ranked fourth in the medal ranking, with three gold medals, behind The Netherlands, Germany and the United States. (CM)<\/p>\n","protected":false},"excerpt":{"rendered":"<p>Politics. Fresh talks to designate the country\u2019s next prime minister will take place on Tuesday between president Nicu\u0219or Dan and the parliamentary parties. The president believes that a majority for a stable government will be found this time. He has ruled out the idea of a technocratic government, saying the future cabinet will likely consist [&hellip;]<\/p>\n","protected":false},"author":113,"featured_media":731769,"comment_status":"closed","ping_status":"closed","sticky":false,"template":"","format":"standard","meta":{"_acf_changed":false,"footnotes":""},"categories":[22],"tags":[],"coauthors":[116091],"class_list":["post-1055405","post","type-post","status-publish","format-standard","has-post-thumbnail","hentry","category-newsflash"],"acf":[],"yoast_head":"<!-- This site is optimized with the Yoast SEO plugin v28.2 - https:\/\/yoast.com\/product\/yoast-seo-wordpress\/ -->\n<title>August 31, 2026 UPDATE - Radio Romania International<\/title>\n<meta name=\"robots\" content=\"index, follow, max-snippet:-1, max-image-preview:large, max-video-preview:-1\" \/>\n<link rel=\"canonical\" href=\"https:\/\/www.rri.ro\/en\/news-and-current-affairs\/newsflash\/august-31-2026-update-id1055405.html\" \/>\n<meta property=\"og:locale\" content=\"en_US\" \/>\n<meta property=\"og:type\" content=\"article\" \/>\n<meta property=\"og:title\" content=\"August 31, 2026 UPDATE - Radio Romania International\" \/>\n<meta property=\"og:description\" content=\"Politics. Fresh talks to designate the country\u2019s next prime minister will take place on Tuesday between president Nicu\u0219or Dan and the parliamentary parties. The president believes that a majority for a stable government will be found this time. He has ruled out the idea of a technocratic government, saying the future cabinet will likely consist [&hellip;]\" \/>\n<meta property=\"og:url\" content=\"https:\/\/www.rri.ro\/en\/news-and-current-affairs\/newsflash\/august-31-2026-update-id1055405.html\" \/>\n<meta property=\"og:site_name\" content=\"Radio Romania International\" \/>\n<meta property=\"article:published_time\" content=\"2026-08-31T16:45:54+00:00\" \/>\n<meta property=\"article:modified_time\" content=\"2026-08-31T16:51:10+00:00\" \/>\n<meta property=\"og:image\" content=\"https:\/\/www.rri.ro\/wp-content\/uploads\/2024\/04\/Newsflash-stiri-alb-960x540-1.jpg\" \/>\n\t<meta property=\"og:image:width\" content=\"960\" \/>\n\t<meta property=\"og:image:height\" content=\"540\" \/>\n\t<meta property=\"og:image:type\" content=\"image\/jpeg\" \/>\n<meta name=\"author\" content=\"Newsroom\" \/>\n<meta name=\"twitter:card\" content=\"summary_large_image\" \/>\n<meta name=\"twitter:label1\" content=\"Written by\" \/>\n\t<meta name=\"twitter:data1\" content=\"Newsroom\" \/>\n\t<meta name=\"twitter:label2\" content=\"Est. reading time\" \/>\n\t<meta name=\"twitter:data2\" content=\"4 minutes\" \/>\n<script type=\"application\/ld+json\" class=\"yoast-schema-graph\">{\"@context\":\"https:\\\/\\\/schema.org\",\"@graph\":[{\"@type\":\"Article\",\"@id\":\"https:\\\/\\\/www.rri.ro\\\/en\\\/news-and-current-affairs\\\/newsflash\\\/august-31-2026-update-id1055405.html#article\",\"isPartOf\":{\"@id\":\"https:\\\/\\\/www.rri.ro\\\/en\\\/news-and-current-affairs\\\/newsflash\\\/august-31-2026-update-id1055405.html\"},\"author\":{\"name\":\"Newsroom\",\"@id\":\"https:\\\/\\\/www.rri.ro\\\/#\\\/schema\\\/person\\\/4a479940371b9fdefd194f561e8a7f88\"},\"headline\":\"August 31, 2026 UPDATE\",\"datePublished\":\"2026-08-31T16:45:54+00:00\",\"dateModified\":\"2026-08-31T16:51:10+00:00\",\"mainEntityOfPage\":{\"@id\":\"https:\\\/\\\/www.rri.ro\\\/en\\\/news-and-current-affairs\\\/newsflash\\\/august-31-2026-update-id1055405.html\"},\"wordCount\":894,\"image\":{\"@id\":\"https:\\\/\\\/www.rri.ro\\\/en\\\/news-and-current-affairs\\\/newsflash\\\/august-31-2026-update-id1055405.html#primaryimage\"},\"thumbnailUrl\":\"https:\\\/\\\/www.rri.ro\\\/wp-content\\\/uploads\\\/2024\\\/04\\\/Newsflash-stiri-alb-960x540-1.jpg\",\"articleSection\":[\"Newsflash\"],\"inLanguage\":\"en-US\"},{\"@type\":\"WebPage\",\"@id\":\"https:\\\/\\\/www.rri.ro\\\/en\\\/news-and-current-affairs\\\/newsflash\\\/august-31-2026-update-id1055405.html\",\"url\":\"https:\\\/\\\/www.rri.ro\\\/en\\\/news-and-current-affairs\\\/newsflash\\\/august-31-2026-update-id1055405.html\",\"name\":\"August 31, 2026 UPDATE - Radio Romania International\",\"isPartOf\":{\"@id\":\"https:\\\/\\\/www.rri.ro\\\/#website\"},\"primaryImageOfPage\":{\"@id\":\"https:\\\/\\\/www.rri.ro\\\/en\\\/news-and-current-affairs\\\/newsflash\\\/august-31-2026-update-id1055405.html#primaryimage\"},\"image\":{\"@id\":\"https:\\\/\\\/www.rri.ro\\\/en\\\/news-and-current-affairs\\\/newsflash\\\/august-31-2026-update-id1055405.html#primaryimage\"},\"thumbnailUrl\":\"https:\\\/\\\/www.rri.ro\\\/wp-content\\\/uploads\\\/2024\\\/04\\\/Newsflash-stiri-alb-960x540-1.jpg\",\"datePublished\":\"2026-08-31T16:45:54+00:00\",\"dateModified\":\"2026-08-31T16:51:10+00:00\",\"author\":{\"@id\":\"https:\\\/\\\/www.rri.ro\\\/#\\\/schema\\\/person\\\/4a479940371b9fdefd194f561e8a7f88\"},\"breadcrumb\":{\"@id\":\"https:\\\/\\\/www.rri.ro\\\/en\\\/news-and-current-affairs\\\/newsflash\\\/august-31-2026-update-id1055405.html#breadcrumb\"},\"inLanguage\":\"en-US\",\"potentialAction\":[{\"@type\":\"ReadAction\",\"target\":[\"https:\\\/\\\/www.rri.ro\\\/en\\\/news-and-current-affairs\\\/newsflash\\\/august-31-2026-update-id1055405.html\"]}]},{\"@type\":\"ImageObject\",\"inLanguage\":\"en-US\",\"@id\":\"https:\\\/\\\/www.rri.ro\\\/en\\\/news-and-current-affairs\\\/newsflash\\\/august-31-2026-update-id1055405.html#primaryimage\",\"url\":\"https:\\\/\\\/www.rri.ro\\\/wp-content\\\/uploads\\\/2024\\\/04\\\/Newsflash-stiri-alb-960x540-1.jpg\",\"contentUrl\":\"https:\\\/\\\/www.rri.ro\\\/wp-content\\\/uploads\\\/2024\\\/04\\\/Newsflash-stiri-alb-960x540-1.jpg\",\"width\":960,\"height\":540,\"caption\":\"Newsflash\"},{\"@type\":\"BreadcrumbList\",\"@id\":\"https:\\\/\\\/www.rri.ro\\\/en\\\/news-and-current-affairs\\\/newsflash\\\/august-31-2026-update-id1055405.html#breadcrumb\",\"itemListElement\":[{\"@type\":\"ListItem\",\"position\":1,\"name\":\"Homepage\",\"item\":\"https:\\\/\\\/www.rri.ro\\\/en\"},{\"@type\":\"ListItem\",\"position\":2,\"name\":\"News and Current Affairs\",\"item\":\"https:\\\/\\\/www.rri.ro\\\/en\\\/news-and-current-affairs\"},{\"@type\":\"ListItem\",\"position\":3,\"name\":\"Newsflash\",\"item\":\"https:\\\/\\\/www.rri.ro\\\/en\\\/news-and-current-affairs\\\/newsflash\"},{\"@type\":\"ListItem\",\"position\":4,\"name\":\"August 31, 2026 UPDATE\"}]},{\"@type\":\"WebSite\",\"@id\":\"https:\\\/\\\/www.rri.ro\\\/#website\",\"url\":\"https:\\\/\\\/www.rri.ro\\\/\",\"name\":\"Radio Romania International\",\"description\":\"Totul despre Rom\u00e2nia \u015fi rom\u00e2ni, \u00een 13 limbi\\\/dialecte!\",\"inLanguage\":\"en-US\"},{\"@type\":\"Person\",\"@id\":\"https:\\\/\\\/www.rri.ro\\\/#\\\/schema\\\/person\\\/4a479940371b9fdefd194f561e8a7f88\",\"name\":\"Newsroom\",\"url\":\"https:\\\/\\\/www.rri.ro\\\/en\\\/author\\\/newsroom\"}]}<\/script>\n<!-- \/ Yoast SEO plugin. -->","yoast_head_json":{"title":"August 31, 2026 UPDATE - Radio Romania International","robots":{"index":"index","follow":"follow","max-snippet":"max-snippet:-1","max-image-preview":"max-image-preview:large","max-video-preview":"max-video-preview:-1"},"canonical":"https:\/\/www.rri.ro\/en\/news-and-current-affairs\/newsflash\/august-31-2026-update-id1055405.html","og_locale":"en_US","og_type":"article","og_title":"August 31, 2026 UPDATE - Radio Romania International","og_description":"Politics. Fresh talks to designate the country\u2019s next prime minister will take place on Tuesday between president Nicu\u0219or Dan and the parliamentary parties. The president believes that a majority for a stable government will be found this time. He has ruled out the idea of a technocratic government, saying the future cabinet will likely consist [&hellip;]","og_url":"https:\/\/www.rri.ro\/en\/news-and-current-affairs\/newsflash\/august-31-2026-update-id1055405.html","og_site_name":"Radio Romania International","article_published_time":"2026-08-31T16:45:54+00:00","article_modified_time":"2026-08-31T16:51:10+00:00","og_image":[{"width":960,"height":540,"url":"https:\/\/www.rri.ro\/wp-content\/uploads\/2024\/04\/Newsflash-stiri-alb-960x540-1.jpg","type":"image\/jpeg"}],"author":"Newsroom","twitter_card":"summary_large_image","twitter_misc":{"Written by":"Newsroom","Est. reading time":"4 minutes"},"schema":{"@context":"https:\/\/schema.org","@graph":[{"@type":"Article","@id":"https:\/\/www.rri.ro\/en\/news-and-current-affairs\/newsflash\/august-31-2026-update-id1055405.html#article","isPartOf":{"@id":"https:\/\/www.rri.ro\/en\/news-and-current-affairs\/newsflash\/august-31-2026-update-id1055405.html"},"author":{"name":"Newsroom","@id":"https:\/\/www.rri.ro\/#\/schema\/person\/4a479940371b9fdefd194f561e8a7f88"},"headline":"August 31, 2026 UPDATE","datePublished":"2026-08-31T16:45:54+00:00","dateModified":"2026-08-31T16:51:10+00:00","mainEntityOfPage":{"@id":"https:\/\/www.rri.ro\/en\/news-and-current-affairs\/newsflash\/august-31-2026-update-id1055405.html"},"wordCount":894,"image":{"@id":"https:\/\/www.rri.ro\/en\/news-and-current-affairs\/newsflash\/august-31-2026-update-id1055405.html#primaryimage"},"thumbnailUrl":"https:\/\/www.rri.ro\/wp-content\/uploads\/2024\/04\/Newsflash-stiri-alb-960x540-1.jpg","articleSection":["Newsflash"],"inLanguage":"en-US"},{"@type":"WebPage","@id":"https:\/\/www.rri.ro\/en\/news-and-current-affairs\/newsflash\/august-31-2026-update-id1055405.html","url":"https:\/\/www.rri.ro\/en\/news-and-current-affairs\/newsflash\/august-31-2026-update-id1055405.html","name":"August 31, 2026 UPDATE - Radio Romania International","isPartOf":{"@id":"https:\/\/www.rri.ro\/#website"},"primaryImageOfPage":{"@id":"https:\/\/www.rri.ro\/en\/news-and-current-affairs\/newsflash\/august-31-2026-update-id1055405.html#primaryimage"},"image":{"@id":"https:\/\/www.rri.ro\/en\/news-and-current-affairs\/newsflash\/august-31-2026-update-id1055405.html#primaryimage"},"thumbnailUrl":"https:\/\/www.rri.ro\/wp-content\/uploads\/2024\/04\/Newsflash-stiri-alb-960x540-1.jpg","datePublished":"2026-08-31T16:45:54+00:00","dateModified":"2026-08-31T16:51:10+00:00","author":{"@id":"https:\/\/www.rri.ro\/#\/schema\/person\/4a479940371b9fdefd194f561e8a7f88"},"breadcrumb":{"@id":"https:\/\/www.rri.ro\/en\/news-and-current-affairs\/newsflash\/august-31-2026-update-id1055405.html#breadcrumb"},"inLanguage":"en-US","potentialAction":[{"@type":"ReadAction","target":["https:\/\/www.rri.ro\/en\/news-and-current-affairs\/newsflash\/august-31-2026-update-id1055405.html"]}]},{"@type":"ImageObject","inLanguage":"en-US","@id":"https:\/\/www.rri.ro\/en\/news-and-current-affairs\/newsflash\/august-31-2026-update-id1055405.html#primaryimage","url":"https:\/\/www.rri.ro\/wp-content\/uploads\/2024\/04\/Newsflash-stiri-alb-960x540-1.jpg","contentUrl":"https:\/\/www.rri.ro\/wp-content\/uploads\/2024\/04\/Newsflash-stiri-alb-960x540-1.jpg","width":960,"height":540,"caption":"Newsflash"},{"@type":"BreadcrumbList","@id":"https:\/\/www.rri.ro\/en\/news-and-current-affairs\/newsflash\/august-31-2026-update-id1055405.html#breadcrumb","itemListElement":[{"@type":"ListItem","position":1,"name":"Homepage","item":"https:\/\/www.rri.ro\/en"},{"@type":"ListItem","position":2,"name":"News and Current Affairs","item":"https:\/\/www.rri.ro\/en\/news-and-current-affairs"},{"@type":"ListItem","position":3,"name":"Newsflash","item":"https:\/\/www.rri.ro\/en\/news-and-current-affairs\/newsflash"},{"@type":"ListItem","position":4,"name":"August 31, 2026 UPDATE"}]},{"@type":"WebSite","@id":"https:\/\/www.rri.ro\/#website","url":"https:\/\/www.rri.ro\/","name":"Radio Romania International","description":"Totul despre Rom\u00e2nia \u015fi rom\u00e2ni, \u00een 13 limbi\/dialecte!","inLanguage":"en-US"},{"@type":"Person","@id":"https:\/\/www.rri.ro\/#\/schema\/person\/4a479940371b9fdefd194f561e8a7f88","name":"Newsroom","url":"https:\/\/www.rri.ro\/en\/author\/newsroom"}]}},"_links":{"self":[{"href":"https:\/\/www.rri.ro\/en\/wp-json\/wp\/v2\/posts\/1055405","targetHints":{"allow":["GET"]}}],"collection":[{"href":"https:\/\/www.rri.ro\/en\/wp-json\/wp\/v2\/posts"}],"about":[{"href":"https:\/\/www.rri.ro\/en\/wp-json\/wp\/v2\/types\/post"}],"author":[{"embeddable":true,"href":"https:\/\/www.rri.ro\/en\/wp-json\/wp\/v2\/users\/113"}],"replies":[{"embeddable":true,"href":"https:\/\/www.rri.ro\/en\/wp-json\/wp\/v2\/comments?post=1055405"}],"version-history":[{"count":3,"href":"https:\/\/www.rri.ro\/en\/wp-json\/wp\/v2\/posts\/1055405\/revisions"}],"predecessor-version":[{"id":1055419,"href":"https:\/\/www.rri.ro\/en\/wp-json\/wp\/v2\/posts\/1055405\/revisions\/1055419"}],"wp:featuredmedia":[{"embeddable":true,"href":"https:\/\/www.rri.ro\/en\/wp-json\/wp\/v2\/media\/731769"}],"wp:attachment":[{"href":"https:\/\/www.rri.ro\/en\/wp-json\/wp\/v2\/media?parent=1055405"}],"wp:term":[{"taxonomy":"category","embeddable":true,"href":"https:\/\/www.rri.ro\/en\/wp-json\/wp\/v2\/categories?post=1055405"},{"taxonomy":"post_tag","embeddable":true,"href":"https:\/\/www.rri.ro\/en\/wp-json\/wp\/v2\/tags?post=1055405"},{"taxonomy":"author","embeddable":true,"href":"https:\/\/www.rri.ro\/en\/wp-json\/wp\/v2\/coauthors?post=1055405"}],"curies":[{"name":"wp","href":"https:\/\/api.w.org\/{rel}","templated":true}]}}